{"id":85768,"date":"2014-10-17T10:53:26","date_gmt":"2014-10-17T09:53:26","guid":{"rendered":"http:\/\/www.visit-ulcinj.com\/blog\/?p=85768"},"modified":"2014-10-17T10:53:26","modified_gmt":"2014-10-17T09:53:26","slug":"gradanska-alijansa-informer-siri-mrznju","status":"publish","type":"post","link":"https:\/\/www.visit-ulcinj.com\/blog\/2014\/10\/17\/gradanska-alijansa-informer-siri-mrznju\/","title":{"rendered":"Gra\u0111anska alijansa: Informer \u0161iri mr\u017enju"},"content":{"rendered":"<p><a href=\"http:\/\/www.visit-ulcinj.com\/blog\/wp-content\/uploads\/2014\/10\/INFORMER.jpg\"><img loading=\"lazy\" class=\"alignleft wp-image-85766\" src=\"http:\/\/www.visit-ulcinj.com\/blog\/wp-content\/uploads\/2014\/10\/INFORMER.jpg\" alt=\"INFORMER\" width=\"508\" height=\"533\" srcset=\"https:\/\/www.visit-ulcinj.com\/blog\/wp-content\/uploads\/2014\/10\/INFORMER.jpg 695w, https:\/\/www.visit-ulcinj.com\/blog\/wp-content\/uploads\/2014\/10\/INFORMER-286x300.jpg 286w\" sizes=\"(max-width: 508px) 100vw, 508px\" \/><\/a>Gra\u0111anska alijansa najo\u0161trije je osudila, kako su kazali, govor mr\u017enje koji su prepoznali na naslovnoj strani dana\u0161njeg izdanja Informera CG.<\/p>\n<p>Kvalifikacija \u201e \u0160iptarska svinjarija&#8221;, ka\u017eu iz GA, u tom kontekstu predstavlja vrije\u0111anje jedne nacije, a naro\u010dito njenih pripadnika koji \u017eive u Crnoj Gori.<\/p>\n<p>\u201cNa ovaj na\u010din jedan medij neprimjerenim govorom umjesto da djeluje u slu\u017ebi pravilnog informisanja gra\u0111ana, zapravo potpiruje strasti koje su, zahvaljuju\u0107i ispadu ostra\u0161\u0107enih nacionalista, rasplamsale na cijelom Balkanu i poziva na mr\u017enju. Novine koje su prepoznate po senzacionalisti\u010dkom izvje\u0161tavanju ovaj put su oti\u0161le korak dalje i na neprimjeren na\u010din izvijestile o doga\u0111ajima u tri crnogorska grada, koji svakako zaslu\u017euju osudu od strane gra\u0111anski orjentisanog dru\u0161tvenog korpusa, ali je kori\u0161\u0107enje \u0161ovinisti\u010dkih izraza usmjerenih ka jednom narodu flagrantna zloupotreba slobode govora\u201d, naveo je koordinator GA, Milan Radovi\u0107.<\/p>\n<p>Neophodno je, dodao je, ispitati rad takvog medija koji umjesto da profesionalno i odgovorno informi\u0161e i smanjnuje tenzije, svoje medijske kanale usmjerava ka \u0161irenju mr\u017enje i produbljivanju etni\u010dkih distanci.<\/p>\n<p>\u201cPozivamo tu\u017eioca na hitnu istragu zbog naru\u0161avanja Ustava i Zakona Dr\u017eave Crne Gore. Ovim je prekr\u0161en Ustav Crne Gore \u010dlan 7. koji zabranjuje svako izazivanje ili podsticanje mr\u017enje ili netrpeljivosti po bilo kom osnovu. Tako\u0111e je prekr\u0161en i Zakon o medijima \u010dlan 23. koji ka\u017ee \u201e Zabranjeno je objavljivanje informacija i mi\u0161ljenja kojima se podstice diskriminacija, mr\u017enja ili nasilje protiv osoba ili grupe osoba zbog njihovog pripadanja ili nepripadanja nekoj rasi, vjeri, naciji, etnickoj grupi, polu ili seksualnoj opredijeljenosti. Po Ustavu- \u010dlan 50, stav 2 &#8211; sud moze sprije\u010diti \u0161irenje informacija koje propagiraju mr\u017enju, a po Zakonu o medijima -\u010dlan 11 dr\u017eavni tu\u017eilac mo\u017ee to da tra\u017ei od suda. Ovim putem pozivamo dr\u017eavnog tu\u017eioca da se izjasni da li \u0107e postupiti u skladu sa Zakonom\u201d, naveo je Radovi\u0107.<\/p>\n<p><strong>Izvor: RTCG<\/strong><\/p>\n","protected":false},"excerpt":{"rendered":"<p>Gra\u0111anska alijansa najo\u0161trije je osudila, kako su kazali, govor mr\u017enje koji su prepoznali na naslovnoj strani dana\u0161njeg izdanja Informera CG. Kvalifikacija \u201e \u0160iptarska svinjarija&#8221;, ka\u017eu iz GA, u tom kontekstu predstavlja vrije\u0111anje jedne nacije, a naro\u010dito njenih pripadnika koji \u017eive u Crnoj Gori. \u201cNa ovaj na\u010din jedan medij neprimjerenim govorom umjesto da djeluje u slu\u017ebi [&hellip;]<\/p>\n","protected":false},"author":1,"featured_media":0,"comment_status":"closed","ping_status":"closed","sticky":false,"template":"","format":"standard","meta":{"spay_email":"","jetpack_publicize_message":"","jetpack_is_tweetstorm":false,"jetpack_publicize_feature_enabled":true},"categories":[6950],"tags":[],"jetpack_publicize_connections":[],"yoast_head":"<!-- This site is optimized with the Yoast SEO plugin v19.1 - https:\/\/yoast.com\/wordpress\/plugins\/seo\/ -->\n<title>Gra\u0111anska alijansa: Informer \u0161iri mr\u017enju - Lajme nga Ulqini<\/title>\n<meta name=\"description\" content=\"Gra\u0111anska alijansa najo\u0161trije je osudila, kako su kazali, govor mr\u017enje koji su prepoznali na naslovnoj strani dana\u0161njeg izdanja Informera CG.\" \/>\n<meta name=\"robots\" content=\"index, follow, max-snippet:-1, max-image-preview:large, max-video-preview:-1\" \/>\n<link rel=\"canonical\" href=\"https:\/\/www.visit-ulcinj.com\/blog\/2014\/10\/17\/gradanska-alijansa-informer-siri-mrznju\/\" \/>\n<meta property=\"og:locale\" content=\"en_US\" \/>\n<meta property=\"og:type\" content=\"article\" \/>\n<meta property=\"og:title\" content=\"Gra\u0111anska alijansa: Informer \u0161iri mr\u017enju - Lajme nga Ulqini\" \/>\n<meta property=\"og:description\" content=\"Gra\u0111anska alijansa najo\u0161trije je osudila, kako su kazali, govor mr\u017enje koji su prepoznali na naslovnoj strani dana\u0161njeg izdanja Informera CG.\" \/>\n<meta property=\"og:url\" content=\"https:\/\/www.visit-ulcinj.com\/blog\/2014\/10\/17\/gradanska-alijansa-informer-siri-mrznju\/\" \/>\n<meta property=\"og:site_name\" content=\"Lajme nga Ulqini\" \/>\n<meta property=\"article:published_time\" content=\"2014-10-17T09:53:26+00:00\" \/>\n<meta property=\"og:image\" content=\"http:\/\/www.visit-ulcinj.com\/blog\/wp-content\/uploads\/2014\/10\/INFORMER.jpg\" \/>\n<meta name=\"twitter:label1\" content=\"Written by\" \/>\n\t<meta name=\"twitter:data1\" content=\"ulqini\" \/>\n\t<meta name=\"twitter:label2\" content=\"Est. reading time\" \/>\n\t<meta name=\"twitter:data2\" content=\"2 minutes\" \/>\n<script type=\"application\/ld+json\" class=\"yoast-schema-graph\">{\"@context\":\"https:\/\/schema.org\",\"@graph\":[{\"@type\":\"WebSite\",\"@id\":\"https:\/\/www.visit-ulcinj.com\/blog\/#website\",\"url\":\"https:\/\/www.visit-ulcinj.com\/blog\/\",\"name\":\"Lajme nga Ulqini\",\"description\":\"Lajme,Vijesti,Ulqini,Ulqin,Crna Gora,Mali i Zi\",\"potentialAction\":[{\"@type\":\"SearchAction\",\"target\":{\"@type\":\"EntryPoint\",\"urlTemplate\":\"https:\/\/www.visit-ulcinj.com\/blog\/?s={search_term_string}\"},\"query-input\":\"required name=search_term_string\"}],\"inLanguage\":\"en-US\"},{\"@type\":\"ImageObject\",\"inLanguage\":\"en-US\",\"@id\":\"https:\/\/www.visit-ulcinj.com\/blog\/2014\/10\/17\/gradanska-alijansa-informer-siri-mrznju\/#primaryimage\",\"url\":\"https:\/\/www.visit-ulcinj.com\/blog\/wp-content\/uploads\/2014\/10\/INFORMER.jpg\",\"contentUrl\":\"https:\/\/www.visit-ulcinj.com\/blog\/wp-content\/uploads\/2014\/10\/INFORMER.jpg\",\"width\":695,\"height\":729},{\"@type\":\"WebPage\",\"@id\":\"https:\/\/www.visit-ulcinj.com\/blog\/2014\/10\/17\/gradanska-alijansa-informer-siri-mrznju\/#webpage\",\"url\":\"https:\/\/www.visit-ulcinj.com\/blog\/2014\/10\/17\/gradanska-alijansa-informer-siri-mrznju\/\",\"name\":\"Gra\u0111anska alijansa: Informer \u0161iri mr\u017enju - Lajme nga Ulqini\",\"isPartOf\":{\"@id\":\"https:\/\/www.visit-ulcinj.com\/blog\/#website\"},\"primaryImageOfPage\":{\"@id\":\"https:\/\/www.visit-ulcinj.com\/blog\/2014\/10\/17\/gradanska-alijansa-informer-siri-mrznju\/#primaryimage\"},\"datePublished\":\"2014-10-17T09:53:26+00:00\",\"dateModified\":\"2014-10-17T09:53:26+00:00\",\"author\":{\"@id\":\"https:\/\/www.visit-ulcinj.com\/blog\/#\/schema\/person\/dcab619c614d3038751c63bc2aadc06d\"},\"description\":\"Gra\u0111anska alijansa najo\u0161trije je osudila, kako su kazali, govor mr\u017enje koji su prepoznali na naslovnoj strani dana\u0161njeg izdanja Informera CG.\",\"breadcrumb\":{\"@id\":\"https:\/\/www.visit-ulcinj.com\/blog\/2014\/10\/17\/gradanska-alijansa-informer-siri-mrznju\/#breadcrumb\"},\"inLanguage\":\"en-US\",\"potentialAction\":[{\"@type\":\"ReadAction\",\"target\":[\"https:\/\/www.visit-ulcinj.com\/blog\/2014\/10\/17\/gradanska-alijansa-informer-siri-mrznju\/\"]}]},{\"@type\":\"BreadcrumbList\",\"@id\":\"https:\/\/www.visit-ulcinj.com\/blog\/2014\/10\/17\/gradanska-alijansa-informer-siri-mrznju\/#breadcrumb\",\"itemListElement\":[{\"@type\":\"ListItem\",\"position\":1,\"name\":\"Gra\u0111anska alijansa: Informer \u0161iri mr\u017enju\"}]},{\"@type\":\"Person\",\"@id\":\"https:\/\/www.visit-ulcinj.com\/blog\/#\/schema\/person\/dcab619c614d3038751c63bc2aadc06d\",\"name\":\"ulqini\",\"sameAs\":[\"http:\/\/www.visit-ulcinj.com\"],\"url\":\"https:\/\/www.visit-ulcinj.com\/blog\/author\/admin\/\"}]}<\/script>\n<!-- \/ Yoast SEO plugin. -->","yoast_head_json":{"title":"Gra\u0111anska alijansa: Informer \u0161iri mr\u017enju - Lajme nga Ulqini","description":"Gra\u0111anska alijansa najo\u0161trije je osudila, kako su kazali, govor mr\u017enje koji su prepoznali na naslovnoj strani dana\u0161njeg izdanja Informera CG.","robots":{"index":"index","follow":"follow","max-snippet":"max-snippet:-1","max-image-preview":"max-image-preview:large","max-video-preview":"max-video-preview:-1"},"canonical":"https:\/\/www.visit-ulcinj.com\/blog\/2014\/10\/17\/gradanska-alijansa-informer-siri-mrznju\/","og_locale":"en_US","og_type":"article","og_title":"Gra\u0111anska alijansa: Informer \u0161iri mr\u017enju - Lajme nga Ulqini","og_description":"Gra\u0111anska alijansa najo\u0161trije je osudila, kako su kazali, govor mr\u017enje koji su prepoznali na naslovnoj strani dana\u0161njeg izdanja Informera CG.","og_url":"https:\/\/www.visit-ulcinj.com\/blog\/2014\/10\/17\/gradanska-alijansa-informer-siri-mrznju\/","og_site_name":"Lajme nga Ulqini","article_published_time":"2014-10-17T09:53:26+00:00","og_image":[{"url":"http:\/\/www.visit-ulcinj.com\/blog\/wp-content\/uploads\/2014\/10\/INFORMER.jpg"}],"twitter_misc":{"Written by":"ulqini","Est. reading time":"2 minutes"},"schema":{"@context":"https:\/\/schema.org","@graph":[{"@type":"WebSite","@id":"https:\/\/www.visit-ulcinj.com\/blog\/#website","url":"https:\/\/www.visit-ulcinj.com\/blog\/","name":"Lajme nga Ulqini","description":"Lajme,Vijesti,Ulqini,Ulqin,Crna Gora,Mali i Zi","potentialAction":[{"@type":"SearchAction","target":{"@type":"EntryPoint","urlTemplate":"https:\/\/www.visit-ulcinj.com\/blog\/?s={search_term_string}"},"query-input":"required name=search_term_string"}],"inLanguage":"en-US"},{"@type":"ImageObject","inLanguage":"en-US","@id":"https:\/\/www.visit-ulcinj.com\/blog\/2014\/10\/17\/gradanska-alijansa-informer-siri-mrznju\/#primaryimage","url":"https:\/\/www.visit-ulcinj.com\/blog\/wp-content\/uploads\/2014\/10\/INFORMER.jpg","contentUrl":"https:\/\/www.visit-ulcinj.com\/blog\/wp-content\/uploads\/2014\/10\/INFORMER.jpg","width":695,"height":729},{"@type":"WebPage","@id":"https:\/\/www.visit-ulcinj.com\/blog\/2014\/10\/17\/gradanska-alijansa-informer-siri-mrznju\/#webpage","url":"https:\/\/www.visit-ulcinj.com\/blog\/2014\/10\/17\/gradanska-alijansa-informer-siri-mrznju\/","name":"Gra\u0111anska alijansa: Informer \u0161iri mr\u017enju - Lajme nga Ulqini","isPartOf":{"@id":"https:\/\/www.visit-ulcinj.com\/blog\/#website"},"primaryImageOfPage":{"@id":"https:\/\/www.visit-ulcinj.com\/blog\/2014\/10\/17\/gradanska-alijansa-informer-siri-mrznju\/#primaryimage"},"datePublished":"2014-10-17T09:53:26+00:00","dateModified":"2014-10-17T09:53:26+00:00","author":{"@id":"https:\/\/www.visit-ulcinj.com\/blog\/#\/schema\/person\/dcab619c614d3038751c63bc2aadc06d"},"description":"Gra\u0111anska alijansa najo\u0161trije je osudila, kako su kazali, govor mr\u017enje koji su prepoznali na naslovnoj strani dana\u0161njeg izdanja Informera CG.","breadcrumb":{"@id":"https:\/\/www.visit-ulcinj.com\/blog\/2014\/10\/17\/gradanska-alijansa-informer-siri-mrznju\/#breadcrumb"},"inLanguage":"en-US","potentialAction":[{"@type":"ReadAction","target":["https:\/\/www.visit-ulcinj.com\/blog\/2014\/10\/17\/gradanska-alijansa-informer-siri-mrznju\/"]}]},{"@type":"BreadcrumbList","@id":"https:\/\/www.visit-ulcinj.com\/blog\/2014\/10\/17\/gradanska-alijansa-informer-siri-mrznju\/#breadcrumb","itemListElement":[{"@type":"ListItem","position":1,"name":"Gra\u0111anska alijansa: Informer \u0161iri mr\u017enju"}]},{"@type":"Person","@id":"https:\/\/www.visit-ulcinj.com\/blog\/#\/schema\/person\/dcab619c614d3038751c63bc2aadc06d","name":"ulqini","sameAs":["http:\/\/www.visit-ulcinj.com"],"url":"https:\/\/www.visit-ulcinj.com\/blog\/author\/admin\/"}]}},"jetpack_featured_media_url":"","jetpack_sharing_enabled":true,"jetpack_shortlink":"https:\/\/wp.me\/pe6lTn-mjm","_links":{"self":[{"href":"https:\/\/www.visit-ulcinj.com\/blog\/wp-json\/wp\/v2\/posts\/85768"}],"collection":[{"href":"https:\/\/www.visit-ulcinj.com\/blog\/wp-json\/wp\/v2\/posts"}],"about":[{"href":"https:\/\/www.visit-ulcinj.com\/blog\/wp-json\/wp\/v2\/types\/post"}],"author":[{"embeddable":true,"href":"https:\/\/www.visit-ulcinj.com\/blog\/wp-json\/wp\/v2\/users\/1"}],"replies":[{"embeddable":true,"href":"https:\/\/www.visit-ulcinj.com\/blog\/wp-json\/wp\/v2\/comments?post=85768"}],"version-history":[{"count":1,"href":"https:\/\/www.visit-ulcinj.com\/blog\/wp-json\/wp\/v2\/posts\/85768\/revisions"}],"predecessor-version":[{"id":85769,"href":"https:\/\/www.visit-ulcinj.com\/blog\/wp-json\/wp\/v2\/posts\/85768\/revisions\/85769"}],"wp:attachment":[{"href":"https:\/\/www.visit-ulcinj.com\/blog\/wp-json\/wp\/v2\/media?parent=85768"}],"wp:term":[{"taxonomy":"category","embeddable":true,"href":"https:\/\/www.visit-ulcinj.com\/blog\/wp-json\/wp\/v2\/categories?post=85768"},{"taxonomy":"post_tag","embeddable":true,"href":"https:\/\/www.visit-ulcinj.com\/blog\/wp-json\/wp\/v2\/tags?post=85768"}],"curies":[{"name":"wp","href":"https:\/\/api.w.org\/{rel}","templated":true}]}}