{"id":85773,"date":"2014-10-17T11:08:35","date_gmt":"2014-10-17T10:08:35","guid":{"rendered":"http:\/\/www.visit-ulcinj.com\/blog\/?p=85773"},"modified":"2014-10-17T12:33:51","modified_gmt":"2014-10-17T11:33:51","slug":"ojq-iniciativa-qytetare-te-ndalohet-mbeturina-emrin-informer","status":"publish","type":"post","link":"https:\/\/www.visit-ulcinj.com\/blog\/2014\/10\/17\/ojq-iniciativa-qytetare-te-ndalohet-mbeturina-emrin-informer\/","title":{"rendered":"OJQ \u201cIniciativa qytetare&#8221;: T\u00eb ndalohet mbeturina me emrin \u201cInformer\u201d"},"content":{"rendered":"<p><a href=\"http:\/\/www.visit-ulcinj.com\/blog\/wp-content\/uploads\/2014\/10\/INFORMER.jpg\"><img loading=\"lazy\" class=\"alignleft wp-image-85766\" src=\"http:\/\/www.visit-ulcinj.com\/blog\/wp-content\/uploads\/2014\/10\/INFORMER.jpg\" alt=\"INFORMER\" width=\"508\" height=\"533\" srcset=\"https:\/\/www.visit-ulcinj.com\/blog\/wp-content\/uploads\/2014\/10\/INFORMER.jpg 695w, https:\/\/www.visit-ulcinj.com\/blog\/wp-content\/uploads\/2014\/10\/INFORMER-286x300.jpg 286w\" sizes=\"(max-width: 508px) 100vw, 508px\" \/><\/a>Ballina e turpshme e tabloidit \u201cInformer\u201d ka shkaktuar reagime t\u00eb ashpra t\u00eb opinionit.<\/p>\n<p>K\u00ebt\u00eb intoleranc\u00eb etnike dhe retorik t\u00eb urrejtjes s\u00eb pari e d\u00ebnuan nga OJQ \u201cIniciativa qytetare\u201d duke ftuar prokurorin shtet\u00ebror t\u00eb reagoj\u00eb. \u201cKarakterizimi \u201c\u0160iptarska svinjarija\u201d paraqet ofendimin e nj\u00eb kombi, e sidomos t\u00eb p\u00ebrfaq\u00ebsuesve t\u00eb tij q\u00eb jetojn\u00eb n\u00eb Mal t\u00eb Zi\u201d, deklarohet nga AQ, raporton portali Ul.info.<\/p>\n<p>Kryeministri malazez Millo Gjukanoviq ka th\u00ebn\u00eb q\u00eb b\u00ebhet fjal\u00eb p\u00ebr provokim dhe sulm n\u00eb t\u00eb arriturat demokratike. \u201cShteti do t\u00eb mbroj\u00eb k\u00ebto vlera\u201d, shtoi ai.<\/p>\n<p>Kryetari i k\u00ebshillit nacional t\u00eb Shqiptar\u00ebve Genci Nimanbegu p\u00ebr \u201cDan\u201d tha se p\u00ebr shkak t\u00eb k\u00ebtij shkrimi racist me siguri do t\u00eb k\u00ebrkoj\u00eb nga prokuroria ti ndalohet puna k\u00ebsaj gazete ditore.<\/p>\n<p>Ul.info<\/p>\n","protected":false},"excerpt":{"rendered":"<p>Ballina e turpshme e tabloidit \u201cInformer\u201d ka shkaktuar reagime t\u00eb ashpra t\u00eb opinionit. K\u00ebt\u00eb intoleranc\u00eb etnike dhe retorik t\u00eb urrejtjes s\u00eb pari e d\u00ebnuan nga OJQ \u201cIniciativa qytetare\u201d duke ftuar prokurorin shtet\u00ebror t\u00eb reagoj\u00eb. \u201cKarakterizimi \u201c\u0160iptarska svinjarija\u201d paraqet ofendimin e nj\u00eb kombi, e sidomos t\u00eb p\u00ebrfaq\u00ebsuesve t\u00eb tij q\u00eb jetojn\u00eb n\u00eb Mal t\u00eb Zi\u201d, deklarohet [&hellip;]<\/p>\n","protected":false},"author":1,"featured_media":0,"comment_status":"closed","ping_status":"closed","sticky":false,"template":"","format":"standard","meta":{"spay_email":"","jetpack_publicize_message":"","jetpack_is_tweetstorm":false,"jetpack_publicize_feature_enabled":true},"categories":[1,12],"tags":[],"jetpack_publicize_connections":[],"yoast_head":"<!-- This site is optimized with the Yoast SEO plugin v19.1 - https:\/\/yoast.com\/wordpress\/plugins\/seo\/ -->\n<title>OJQ \u201cIniciativa qytetare&quot;: T\u00eb ndalohet mbeturina me emrin \u201cInformer\u201d - Lajme nga Ulqini<\/title>\n<meta name=\"description\" content=\"Ballina e turpshme e tabloidit \u201cInformer\u201d ka shkaktuar reagime t\u00eb ashpra t\u00eb opinionit. K\u00ebt\u00eb intoleranc\u00eb etnike dhe retorik t\u00eb urrejtjes s\u00eb pari e d\u00ebnuan\" \/>\n<meta name=\"robots\" content=\"index, follow, max-snippet:-1, max-image-preview:large, max-video-preview:-1\" \/>\n<link rel=\"canonical\" href=\"https:\/\/www.visit-ulcinj.com\/blog\/2014\/10\/17\/ojq-iniciativa-qytetare-te-ndalohet-mbeturina-emrin-informer\/\" \/>\n<meta property=\"og:locale\" content=\"en_US\" \/>\n<meta property=\"og:type\" content=\"article\" \/>\n<meta property=\"og:title\" content=\"OJQ \u201cIniciativa qytetare&quot;: T\u00eb ndalohet mbeturina me emrin \u201cInformer\u201d - Lajme nga Ulqini\" \/>\n<meta property=\"og:description\" content=\"Ballina e turpshme e tabloidit \u201cInformer\u201d ka shkaktuar reagime t\u00eb ashpra t\u00eb opinionit. K\u00ebt\u00eb intoleranc\u00eb etnike dhe retorik t\u00eb urrejtjes s\u00eb pari e d\u00ebnuan\" \/>\n<meta property=\"og:url\" content=\"https:\/\/www.visit-ulcinj.com\/blog\/2014\/10\/17\/ojq-iniciativa-qytetare-te-ndalohet-mbeturina-emrin-informer\/\" \/>\n<meta property=\"og:site_name\" content=\"Lajme nga Ulqini\" \/>\n<meta property=\"article:published_time\" content=\"2014-10-17T10:08:35+00:00\" \/>\n<meta property=\"article:modified_time\" content=\"2014-10-17T11:33:51+00:00\" \/>\n<meta property=\"og:image\" content=\"http:\/\/www.visit-ulcinj.com\/blog\/wp-content\/uploads\/2014\/10\/INFORMER.jpg\" \/>\n<meta name=\"twitter:label1\" content=\"Written by\" \/>\n\t<meta name=\"twitter:data1\" content=\"ulqini\" \/>\n\t<meta name=\"twitter:label2\" content=\"Est. reading time\" \/>\n\t<meta name=\"twitter:data2\" content=\"1 minute\" \/>\n<script type=\"application\/ld+json\" class=\"yoast-schema-graph\">{\"@context\":\"https:\/\/schema.org\",\"@graph\":[{\"@type\":\"WebSite\",\"@id\":\"https:\/\/www.visit-ulcinj.com\/blog\/#website\",\"url\":\"https:\/\/www.visit-ulcinj.com\/blog\/\",\"name\":\"Lajme nga Ulqini\",\"description\":\"Lajme,Vijesti,Ulqini,Ulqin,Crna Gora,Mali i Zi\",\"potentialAction\":[{\"@type\":\"SearchAction\",\"target\":{\"@type\":\"EntryPoint\",\"urlTemplate\":\"https:\/\/www.visit-ulcinj.com\/blog\/?s={search_term_string}\"},\"query-input\":\"required name=search_term_string\"}],\"inLanguage\":\"en-US\"},{\"@type\":\"ImageObject\",\"inLanguage\":\"en-US\",\"@id\":\"https:\/\/www.visit-ulcinj.com\/blog\/2014\/10\/17\/ojq-iniciativa-qytetare-te-ndalohet-mbeturina-emrin-informer\/#primaryimage\",\"url\":\"https:\/\/www.visit-ulcinj.com\/blog\/wp-content\/uploads\/2014\/10\/INFORMER.jpg\",\"contentUrl\":\"https:\/\/www.visit-ulcinj.com\/blog\/wp-content\/uploads\/2014\/10\/INFORMER.jpg\",\"width\":695,\"height\":729},{\"@type\":\"WebPage\",\"@id\":\"https:\/\/www.visit-ulcinj.com\/blog\/2014\/10\/17\/ojq-iniciativa-qytetare-te-ndalohet-mbeturina-emrin-informer\/#webpage\",\"url\":\"https:\/\/www.visit-ulcinj.com\/blog\/2014\/10\/17\/ojq-iniciativa-qytetare-te-ndalohet-mbeturina-emrin-informer\/\",\"name\":\"OJQ \u201cIniciativa qytetare\\\": T\u00eb ndalohet mbeturina me emrin \u201cInformer\u201d - Lajme nga Ulqini\",\"isPartOf\":{\"@id\":\"https:\/\/www.visit-ulcinj.com\/blog\/#website\"},\"primaryImageOfPage\":{\"@id\":\"https:\/\/www.visit-ulcinj.com\/blog\/2014\/10\/17\/ojq-iniciativa-qytetare-te-ndalohet-mbeturina-emrin-informer\/#primaryimage\"},\"datePublished\":\"2014-10-17T10:08:35+00:00\",\"dateModified\":\"2014-10-17T11:33:51+00:00\",\"author\":{\"@id\":\"https:\/\/www.visit-ulcinj.com\/blog\/#\/schema\/person\/dcab619c614d3038751c63bc2aadc06d\"},\"description\":\"Ballina e turpshme e tabloidit \u201cInformer\u201d ka shkaktuar reagime t\u00eb ashpra t\u00eb opinionit. K\u00ebt\u00eb intoleranc\u00eb etnike dhe retorik t\u00eb urrejtjes s\u00eb pari e d\u00ebnuan\",\"breadcrumb\":{\"@id\":\"https:\/\/www.visit-ulcinj.com\/blog\/2014\/10\/17\/ojq-iniciativa-qytetare-te-ndalohet-mbeturina-emrin-informer\/#breadcrumb\"},\"inLanguage\":\"en-US\",\"potentialAction\":[{\"@type\":\"ReadAction\",\"target\":[\"https:\/\/www.visit-ulcinj.com\/blog\/2014\/10\/17\/ojq-iniciativa-qytetare-te-ndalohet-mbeturina-emrin-informer\/\"]}]},{\"@type\":\"BreadcrumbList\",\"@id\":\"https:\/\/www.visit-ulcinj.com\/blog\/2014\/10\/17\/ojq-iniciativa-qytetare-te-ndalohet-mbeturina-emrin-informer\/#breadcrumb\",\"itemListElement\":[{\"@type\":\"ListItem\",\"position\":1,\"name\":\"OJQ \u201cIniciativa qytetare&#8221;: T\u00eb ndalohet mbeturina me emrin \u201cInformer\u201d\"}]},{\"@type\":\"Person\",\"@id\":\"https:\/\/www.visit-ulcinj.com\/blog\/#\/schema\/person\/dcab619c614d3038751c63bc2aadc06d\",\"name\":\"ulqini\",\"sameAs\":[\"http:\/\/www.visit-ulcinj.com\"],\"url\":\"https:\/\/www.visit-ulcinj.com\/blog\/author\/admin\/\"}]}<\/script>\n<!-- \/ Yoast SEO plugin. -->","yoast_head_json":{"title":"OJQ \u201cIniciativa qytetare\": T\u00eb ndalohet mbeturina me emrin \u201cInformer\u201d - Lajme nga Ulqini","description":"Ballina e turpshme e tabloidit \u201cInformer\u201d ka shkaktuar reagime t\u00eb ashpra t\u00eb opinionit. K\u00ebt\u00eb intoleranc\u00eb etnike dhe retorik t\u00eb urrejtjes s\u00eb pari e d\u00ebnuan","robots":{"index":"index","follow":"follow","max-snippet":"max-snippet:-1","max-image-preview":"max-image-preview:large","max-video-preview":"max-video-preview:-1"},"canonical":"https:\/\/www.visit-ulcinj.com\/blog\/2014\/10\/17\/ojq-iniciativa-qytetare-te-ndalohet-mbeturina-emrin-informer\/","og_locale":"en_US","og_type":"article","og_title":"OJQ \u201cIniciativa qytetare\": T\u00eb ndalohet mbeturina me emrin \u201cInformer\u201d - Lajme nga Ulqini","og_description":"Ballina e turpshme e tabloidit \u201cInformer\u201d ka shkaktuar reagime t\u00eb ashpra t\u00eb opinionit. K\u00ebt\u00eb intoleranc\u00eb etnike dhe retorik t\u00eb urrejtjes s\u00eb pari e d\u00ebnuan","og_url":"https:\/\/www.visit-ulcinj.com\/blog\/2014\/10\/17\/ojq-iniciativa-qytetare-te-ndalohet-mbeturina-emrin-informer\/","og_site_name":"Lajme nga Ulqini","article_published_time":"2014-10-17T10:08:35+00:00","article_modified_time":"2014-10-17T11:33:51+00:00","og_image":[{"url":"http:\/\/www.visit-ulcinj.com\/blog\/wp-content\/uploads\/2014\/10\/INFORMER.jpg"}],"twitter_misc":{"Written by":"ulqini","Est. reading time":"1 minute"},"schema":{"@context":"https:\/\/schema.org","@graph":[{"@type":"WebSite","@id":"https:\/\/www.visit-ulcinj.com\/blog\/#website","url":"https:\/\/www.visit-ulcinj.com\/blog\/","name":"Lajme nga Ulqini","description":"Lajme,Vijesti,Ulqini,Ulqin,Crna Gora,Mali i Zi","potentialAction":[{"@type":"SearchAction","target":{"@type":"EntryPoint","urlTemplate":"https:\/\/www.visit-ulcinj.com\/blog\/?s={search_term_string}"},"query-input":"required name=search_term_string"}],"inLanguage":"en-US"},{"@type":"ImageObject","inLanguage":"en-US","@id":"https:\/\/www.visit-ulcinj.com\/blog\/2014\/10\/17\/ojq-iniciativa-qytetare-te-ndalohet-mbeturina-emrin-informer\/#primaryimage","url":"https:\/\/www.visit-ulcinj.com\/blog\/wp-content\/uploads\/2014\/10\/INFORMER.jpg","contentUrl":"https:\/\/www.visit-ulcinj.com\/blog\/wp-content\/uploads\/2014\/10\/INFORMER.jpg","width":695,"height":729},{"@type":"WebPage","@id":"https:\/\/www.visit-ulcinj.com\/blog\/2014\/10\/17\/ojq-iniciativa-qytetare-te-ndalohet-mbeturina-emrin-informer\/#webpage","url":"https:\/\/www.visit-ulcinj.com\/blog\/2014\/10\/17\/ojq-iniciativa-qytetare-te-ndalohet-mbeturina-emrin-informer\/","name":"OJQ \u201cIniciativa qytetare\": T\u00eb ndalohet mbeturina me emrin \u201cInformer\u201d - Lajme nga Ulqini","isPartOf":{"@id":"https:\/\/www.visit-ulcinj.com\/blog\/#website"},"primaryImageOfPage":{"@id":"https:\/\/www.visit-ulcinj.com\/blog\/2014\/10\/17\/ojq-iniciativa-qytetare-te-ndalohet-mbeturina-emrin-informer\/#primaryimage"},"datePublished":"2014-10-17T10:08:35+00:00","dateModified":"2014-10-17T11:33:51+00:00","author":{"@id":"https:\/\/www.visit-ulcinj.com\/blog\/#\/schema\/person\/dcab619c614d3038751c63bc2aadc06d"},"description":"Ballina e turpshme e tabloidit \u201cInformer\u201d ka shkaktuar reagime t\u00eb ashpra t\u00eb opinionit. K\u00ebt\u00eb intoleranc\u00eb etnike dhe retorik t\u00eb urrejtjes s\u00eb pari e d\u00ebnuan","breadcrumb":{"@id":"https:\/\/www.visit-ulcinj.com\/blog\/2014\/10\/17\/ojq-iniciativa-qytetare-te-ndalohet-mbeturina-emrin-informer\/#breadcrumb"},"inLanguage":"en-US","potentialAction":[{"@type":"ReadAction","target":["https:\/\/www.visit-ulcinj.com\/blog\/2014\/10\/17\/ojq-iniciativa-qytetare-te-ndalohet-mbeturina-emrin-informer\/"]}]},{"@type":"BreadcrumbList","@id":"https:\/\/www.visit-ulcinj.com\/blog\/2014\/10\/17\/ojq-iniciativa-qytetare-te-ndalohet-mbeturina-emrin-informer\/#breadcrumb","itemListElement":[{"@type":"ListItem","position":1,"name":"OJQ \u201cIniciativa qytetare&#8221;: T\u00eb ndalohet mbeturina me emrin \u201cInformer\u201d"}]},{"@type":"Person","@id":"https:\/\/www.visit-ulcinj.com\/blog\/#\/schema\/person\/dcab619c614d3038751c63bc2aadc06d","name":"ulqini","sameAs":["http:\/\/www.visit-ulcinj.com"],"url":"https:\/\/www.visit-ulcinj.com\/blog\/author\/admin\/"}]}},"jetpack_featured_media_url":"","jetpack_sharing_enabled":true,"jetpack_shortlink":"https:\/\/wp.me\/pe6lTn-mjr","_links":{"self":[{"href":"https:\/\/www.visit-ulcinj.com\/blog\/wp-json\/wp\/v2\/posts\/85773"}],"collection":[{"href":"https:\/\/www.visit-ulcinj.com\/blog\/wp-json\/wp\/v2\/posts"}],"about":[{"href":"https:\/\/www.visit-ulcinj.com\/blog\/wp-json\/wp\/v2\/types\/post"}],"author":[{"embeddable":true,"href":"https:\/\/www.visit-ulcinj.com\/blog\/wp-json\/wp\/v2\/users\/1"}],"replies":[{"embeddable":true,"href":"https:\/\/www.visit-ulcinj.com\/blog\/wp-json\/wp\/v2\/comments?post=85773"}],"version-history":[{"count":1,"href":"https:\/\/www.visit-ulcinj.com\/blog\/wp-json\/wp\/v2\/posts\/85773\/revisions"}],"predecessor-version":[{"id":85774,"href":"https:\/\/www.visit-ulcinj.com\/blog\/wp-json\/wp\/v2\/posts\/85773\/revisions\/85774"}],"wp:attachment":[{"href":"https:\/\/www.visit-ulcinj.com\/blog\/wp-json\/wp\/v2\/media?parent=85773"}],"wp:term":[{"taxonomy":"category","embeddable":true,"href":"https:\/\/www.visit-ulcinj.com\/blog\/wp-json\/wp\/v2\/categories?post=85773"},{"taxonomy":"post_tag","embeddable":true,"href":"https:\/\/www.visit-ulcinj.com\/blog\/wp-json\/wp\/v2\/tags?post=85773"}],"curies":[{"name":"wp","href":"https:\/\/api.w.org\/{rel}","templated":true}]}}