{"id":85777,"date":"2014-10-17T11:24:54","date_gmt":"2014-10-17T10:24:54","guid":{"rendered":"http:\/\/www.visit-ulcinj.com\/blog\/?p=85777"},"modified":"2014-10-17T11:24:54","modified_gmt":"2014-10-17T10:24:54","slug":"nimanbegu-tekst-zakona-ne-odgovara-nazivu","status":"publish","type":"post","link":"https:\/\/www.visit-ulcinj.com\/blog\/2014\/10\/17\/nimanbegu-tekst-zakona-ne-odgovara-nazivu\/","title":{"rendered":"Nimanbegu: Tekst zakona ne odgovara nazivu"},"content":{"rendered":"<p><a href=\"http:\/\/www.visit-ulcinj.com\/blog\/wp-content\/uploads\/2014\/10\/Skupstina-CG.jpg\"><img loading=\"lazy\" class=\"alignleft wp-image-85778\" src=\"http:\/\/www.visit-ulcinj.com\/blog\/wp-content\/uploads\/2014\/10\/Skupstina-CG.jpg\" alt=\"Skupstina-CG\" width=\"508\" height=\"359\" srcset=\"https:\/\/www.visit-ulcinj.com\/blog\/wp-content\/uploads\/2014\/10\/Skupstina-CG.jpg 680w, https:\/\/www.visit-ulcinj.com\/blog\/wp-content\/uploads\/2014\/10\/Skupstina-CG-300x211.jpg 300w\" sizes=\"(max-width: 508px) 100vw, 508px\" \/><\/a>Predlog zakona o maslinarstvu, o kojem se danas raspravljalo u Skup\u0161tini, prema ocjeni ve\u0107ine u\u010desnika u raspravi ne odgovara dostavljenom tekstu, zbog \u010dega je, kako smatraju, neophodna njegova dorada.<\/p>\n<p>Poslanik Force, Genci Nimanbegu, kazao je da predlo\u017eeni tekst zakona upu\u0107uje na to da se radi o zakonu o maslinovom ulju, a ne o maslinarstvu, dok je Goran Tuponja iz Pozitivne Crne Gore naveo da je, zbog brojnih nedostataka, neophodna njegova dorada.<\/p>\n<p>\u201ePostoje\u0107e stanje u maslinarstvu tra\u017ei aktivno bavljenje, kako bi se \u0161to prije dostigli standardi EU, ali ne smijemo stavljati om\u010du oko vrata maslinarima\u201c, rekao je Nimanbegu.<\/p>\n<p>On smatra da je u Crnoj Gori neophodno oja\u010dati nove zasade masline, davati subvencije maslinarima i obezbijediti apsolutnu za\u0161titu zasada starijih od 100 godina, bez obzira da li je u interesu suprotno.<\/p>\n<p>Tuponja tvrdi da predlo\u017eeni zakon ima brojne nedostatke, s obzirom na to da ne sadr\u017ei oblast kojom bi se definisali uzgoj, berba i za\u0161tita maslina, zbog \u010dega je neophodna njegova dorada.<\/p>\n<p>\u201eZa\u0161to nepripremljeni ulazimo u primjenu ovog zakona, ako znamo da ni u narednih deset godina ne\u0107emo u\u0107i u EU. Predlo\u017eeni zakon je prilago\u0111en standardima EU, ali ne i gra\u0111anima\u201c, rekao je Tuponja.<\/p>\n<p>Poslanik Bo\u0161nja\u010dke stranke i potpredsjednik Skup\u0161tine, Suljo Mustafi\u0107, kazao je da se maslinarstvo u Crnoj Gori uglavnom zasniva na entuzijazmu pojedinaca, dok je pomo\u0107 dr\u017eave i op\u0161tina skoro simboli\u010dna u odnosu na druge poljoprivredne grane.<\/p>\n<p>\u201eUkoliko ovaj zakon po\u010dne da se primjenjuje bez prelaznog perioda, dove\u0161\u0107e se u pitanje opstanak brojnih maslinara u Crnoj Gori koji ne\u0107e mo\u0107i da ispune tra\u017eene uslove\u201c, rekao je Mustafi\u0107.<\/p>\n<p>On je podsjetio da u Cnoj Gori ima 400 stabala maslina, dok je godi\u0161nja proizvodnja 600 tona doma\u0107eg maslinovog ulja, a potro\u0161nja 1,1 hiljadu tona.<\/p>\n<p>\u201ePolovina maslinovog ulja se obezbje\u0111uje iz uvoza i pitanje je koliko je on kontrolisan\u201c, naveo je Mustafi\u0107 i dodao da je agrobud\u017eetom za ovu godinu za sektor maslinarstva opredijeljeno svega 100 hiljada eura, 30 puta manje nego u Hrvatskoj.<\/p>\n<p>On smatra da je sektoru maslinarstva neophodna strategija razvoja, ali i podsticaji proizvo\u0111a\u010dima, obezbje\u0111enje saobra\u0107ajne infrastrukture, kontrola uvoza i odlo\u017eena primjena novog zakona na minimum \u010detiri godine.<\/p>\n<p>Poslanik Socijalisti\u010dke narodne partije (SNP), Sne\u017eana Jonica, saop\u0161tila je da se predlo\u017eenim zakonom ure\u0111uje oblast prerade i stavljanja u promet maslinovog ulja, dok u njemu nema ni\u0161ta o uzgoju masline ili podsticajnim mjerama.<\/p>\n<p>\u201eNeophodno je bilo definisati stimulativne mjere i poreske olak\u0161ice, ali i predvidjeti razvoj putne infrastrukturu. Ovdje se ne spominje ni\u0161ta o podizanju novih zasada, ne \u0161titi se doma\u0107i sortiment, ali se donekle stimuli\u0161e uvoz\u201c, upozorila je Jonica.<\/p>\n<p>Ona je dodala da je potrebno obezbijediti kvalitetnu sirovinu, ukoliko se tr\u017ei\u0161tu \u017eeli ponuditi kvalitetan proizvod.<\/p>\n<p>\u201eZakonom nije definisano ni koje sorte se smiju saditi, a nijesu propisane ni kaznene mjere u slu\u010daju zloupotreba i uni\u0161tavanja zasada\u201c, kazala je Jonica.<\/p>\n<p>Poslanik Demokratskog fronta (DF), Strahinja Bulaji\u0107, smatra da bi najbolje bilo da predlo\u017eeni tekst zakona ostane na nivou predloga ili da se promijeni ime zakona.<\/p>\n<p>\u201eOvo je kao da ste nam predlo\u017eili zakon o kukuruzu, a radi se o tome kako se pravi ka\u010damak. Ovim zakonom se ne mo\u017ee posti\u0107i cilj \u2013 odr\u017eivi razvoj maslinarstva\u201c, rekao je Bulaji\u0107.<\/p>\n<p>Poslanik DPS-a, Predrag Sekuli\u0107, kazao je da bi trebalo razmi\u0161ljati o tome da \u0107e crnogorski maslinari izvoziti maslinovo ulje, ali da \u0107e to biti veoma te\u0161ko ukoliko ne ispune postavljene standarde EU.<\/p>\n<p>Ministar poljoprivrede i ruralnog razvoja, Petar Ivanovi\u0107, saop\u0161tio je da je osnovni razlog za dono\u0161enje novog zakona o maslinarstvu usagla\u0161avanje sa propisima EU i obezbje\u0111ivanje uslova za odr\u017eivi razvoj tog sektora.<\/p>\n<p>Predlo\u017eenim zakonom se, kako je kazao, izme\u0111u ostalog raguli\u0161e sivo tr\u017ei\u0161te, defini\u0161e abala\u017ea, \u0161tite masline i maslinjaci, zabranjuje njihova sje\u010da i uvode registri maslinara i proizvo\u0111a\u010da maslinovog ulja.<\/p>\n<p>\u201ePrilikom usagla\u0161avanja ovog zakona smo mislili na dobrobit maslinara, iako su predstavnici nekih njihovih udru\u017eenja tvrdili da se ovim zakonskim rje\u0161enjem favorizuju uvoznici\u201c, rekao je Ivanovi\u0107.<\/p>\n<p>On je, odgovaraju\u0107i na pitanja poslanika, saop\u0161tio da u Predlogu zakona ima vi\u0161e \u010dlanova koji se odnose na maslinartsvo nego na maslinovo ulje.<\/p>\n<p>\u201eMo\u017eemo i da ih prebrojimo\u201c, kazao je Ivanovi\u0107.<\/p>\n<p>On je dodao da pomo\u0107 dr\u017eave od 100 hiljada eura nije mala i da \u0107e podr\u0161ku dobijati samo oni koji \u017eele da investiraju u maslinjake i revitalizaciju maslinovog stabla.<\/p>\n<p>\u201eDa se poma\u017ee nerad, ne\u0107e mo\u0107i\u201c, poru\u010dio je Ivanovi\u0107.<\/p>\n<p>On je naveo da maslinari tra\u017ee prelazni period za primjenu zakona iako su prije \u010detiri godine obe\u0107ali da \u0107e se prilagoditi tra\u017eenim uslovima za tri.<\/p>\n<p>\u201eIli \u0107emo zaustaviti razvoj maslinarstva u Crnoj Gori ukoliko ne usvojimo ovaj zakon, ili \u0107emo obezbijediti uslove za njegov napredak. Ne mo\u017eemo od Crne Gore praviti rezervat u kojem va\u017ee pravila druga\u010dija od ostatka svijeta\u201c, saop\u0161tio je Ivanovi\u0107.<\/p>\n<p>On je kazao da se masline ne konzumiraju u stanju u kojem se nalaze na drvetu i da se one moraju obra\u0111ivati.<\/p>\n<p>\u201eAko vi mislite da je to tako, slobodno ih jedite s drveta\u201c, poru\u010dio je Ivanovi\u0107.<\/p>\n<p>Poslanik DF-a, Goran Danilovi\u0107, tra\u017eio je od potpredsjednika Skup\u0161tine, Branka Radulovi\u0107a, da objasni Ivanovi\u0107u da razgovara sa ozbiljnim ljudima.<\/p>\n<p>\u201eMi znamo da razlikujemo kru\u0161ke i jabuke. Nije maslina jedini proizvod koji ne mo\u017ee da se jede \u010dim se ubere. Takve su i banane. To bi ministar morao znati\u201c, kazao je Danilovi\u0107.<\/p>\n<p>&nbsp;<\/p>\n<p><strong>Izvor: Mina business\/ RTCG<\/strong><\/p>\n","protected":false},"excerpt":{"rendered":"<p>Predlog zakona o maslinarstvu, o kojem se danas raspravljalo u Skup\u0161tini, prema ocjeni ve\u0107ine u\u010desnika u raspravi ne odgovara dostavljenom tekstu, zbog \u010dega je, kako smatraju, neophodna njegova dorada. Poslanik Force, Genci Nimanbegu, kazao je da predlo\u017eeni tekst zakona upu\u0107uje na to da se radi o zakonu o maslinovom ulju, a ne o maslinarstvu, dok [&hellip;]<\/p>\n","protected":false},"author":1,"featured_media":0,"comment_status":"closed","ping_status":"closed","sticky":false,"template":"","format":"standard","meta":{"spay_email":"","jetpack_publicize_message":"","jetpack_is_tweetstorm":false,"jetpack_publicize_feature_enabled":true},"categories":[6950],"tags":[],"jetpack_publicize_connections":[],"yoast_head":"<!-- This site is optimized with the Yoast SEO plugin v19.1 - https:\/\/yoast.com\/wordpress\/plugins\/seo\/ -->\n<title>Nimanbegu: Tekst zakona ne odgovara nazivu - Lajme nga Ulqini<\/title>\n<meta name=\"description\" content=\"Predlog zakona o maslinarstvu, o kojem se danas raspravljalo u Skup\u0161tini, prema ocjeni ve\u0107ine u\u010desnika u raspravi ne odgovara dostavljenom tekstu, zbog\" \/>\n<meta name=\"robots\" content=\"index, follow, max-snippet:-1, max-image-preview:large, max-video-preview:-1\" \/>\n<link rel=\"canonical\" href=\"https:\/\/www.visit-ulcinj.com\/blog\/2014\/10\/17\/nimanbegu-tekst-zakona-ne-odgovara-nazivu\/\" \/>\n<meta property=\"og:locale\" content=\"en_US\" \/>\n<meta property=\"og:type\" content=\"article\" \/>\n<meta property=\"og:title\" content=\"Nimanbegu: Tekst zakona ne odgovara nazivu - Lajme nga Ulqini\" \/>\n<meta property=\"og:description\" content=\"Predlog zakona o maslinarstvu, o kojem se danas raspravljalo u Skup\u0161tini, prema ocjeni ve\u0107ine u\u010desnika u raspravi ne odgovara dostavljenom tekstu, zbog\" \/>\n<meta property=\"og:url\" content=\"https:\/\/www.visit-ulcinj.com\/blog\/2014\/10\/17\/nimanbegu-tekst-zakona-ne-odgovara-nazivu\/\" \/>\n<meta property=\"og:site_name\" content=\"Lajme nga Ulqini\" \/>\n<meta property=\"article:published_time\" content=\"2014-10-17T10:24:54+00:00\" \/>\n<meta property=\"og:image\" content=\"http:\/\/www.visit-ulcinj.com\/blog\/wp-content\/uploads\/2014\/10\/Skupstina-CG.jpg\" \/>\n<meta name=\"twitter:label1\" content=\"Written by\" \/>\n\t<meta name=\"twitter:data1\" content=\"ulqini\" \/>\n\t<meta name=\"twitter:label2\" content=\"Est. reading time\" \/>\n\t<meta name=\"twitter:data2\" content=\"5 minutes\" \/>\n<script type=\"application\/ld+json\" class=\"yoast-schema-graph\">{\"@context\":\"https:\/\/schema.org\",\"@graph\":[{\"@type\":\"WebSite\",\"@id\":\"https:\/\/www.visit-ulcinj.com\/blog\/#website\",\"url\":\"https:\/\/www.visit-ulcinj.com\/blog\/\",\"name\":\"Lajme nga Ulqini\",\"description\":\"Lajme,Vijesti,Ulqini,Ulqin,Crna Gora,Mali i Zi\",\"potentialAction\":[{\"@type\":\"SearchAction\",\"target\":{\"@type\":\"EntryPoint\",\"urlTemplate\":\"https:\/\/www.visit-ulcinj.com\/blog\/?s={search_term_string}\"},\"query-input\":\"required name=search_term_string\"}],\"inLanguage\":\"en-US\"},{\"@type\":\"ImageObject\",\"inLanguage\":\"en-US\",\"@id\":\"https:\/\/www.visit-ulcinj.com\/blog\/2014\/10\/17\/nimanbegu-tekst-zakona-ne-odgovara-nazivu\/#primaryimage\",\"url\":\"https:\/\/www.visit-ulcinj.com\/blog\/wp-content\/uploads\/2014\/10\/Skupstina-CG.jpg\",\"contentUrl\":\"https:\/\/www.visit-ulcinj.com\/blog\/wp-content\/uploads\/2014\/10\/Skupstina-CG.jpg\",\"width\":680,\"height\":480},{\"@type\":\"WebPage\",\"@id\":\"https:\/\/www.visit-ulcinj.com\/blog\/2014\/10\/17\/nimanbegu-tekst-zakona-ne-odgovara-nazivu\/#webpage\",\"url\":\"https:\/\/www.visit-ulcinj.com\/blog\/2014\/10\/17\/nimanbegu-tekst-zakona-ne-odgovara-nazivu\/\",\"name\":\"Nimanbegu: Tekst zakona ne odgovara nazivu - Lajme nga Ulqini\",\"isPartOf\":{\"@id\":\"https:\/\/www.visit-ulcinj.com\/blog\/#website\"},\"primaryImageOfPage\":{\"@id\":\"https:\/\/www.visit-ulcinj.com\/blog\/2014\/10\/17\/nimanbegu-tekst-zakona-ne-odgovara-nazivu\/#primaryimage\"},\"datePublished\":\"2014-10-17T10:24:54+00:00\",\"dateModified\":\"2014-10-17T10:24:54+00:00\",\"author\":{\"@id\":\"https:\/\/www.visit-ulcinj.com\/blog\/#\/schema\/person\/dcab619c614d3038751c63bc2aadc06d\"},\"description\":\"Predlog zakona o maslinarstvu, o kojem se danas raspravljalo u Skup\u0161tini, prema ocjeni ve\u0107ine u\u010desnika u raspravi ne odgovara dostavljenom tekstu, zbog\",\"breadcrumb\":{\"@id\":\"https:\/\/www.visit-ulcinj.com\/blog\/2014\/10\/17\/nimanbegu-tekst-zakona-ne-odgovara-nazivu\/#breadcrumb\"},\"inLanguage\":\"en-US\",\"potentialAction\":[{\"@type\":\"ReadAction\",\"target\":[\"https:\/\/www.visit-ulcinj.com\/blog\/2014\/10\/17\/nimanbegu-tekst-zakona-ne-odgovara-nazivu\/\"]}]},{\"@type\":\"BreadcrumbList\",\"@id\":\"https:\/\/www.visit-ulcinj.com\/blog\/2014\/10\/17\/nimanbegu-tekst-zakona-ne-odgovara-nazivu\/#breadcrumb\",\"itemListElement\":[{\"@type\":\"ListItem\",\"position\":1,\"name\":\"Nimanbegu: Tekst zakona ne odgovara nazivu\"}]},{\"@type\":\"Person\",\"@id\":\"https:\/\/www.visit-ulcinj.com\/blog\/#\/schema\/person\/dcab619c614d3038751c63bc2aadc06d\",\"name\":\"ulqini\",\"sameAs\":[\"http:\/\/www.visit-ulcinj.com\"],\"url\":\"https:\/\/www.visit-ulcinj.com\/blog\/author\/admin\/\"}]}<\/script>\n<!-- \/ Yoast SEO plugin. -->","yoast_head_json":{"title":"Nimanbegu: Tekst zakona ne odgovara nazivu - Lajme nga Ulqini","description":"Predlog zakona o maslinarstvu, o kojem se danas raspravljalo u Skup\u0161tini, prema ocjeni ve\u0107ine u\u010desnika u raspravi ne odgovara dostavljenom tekstu, zbog","robots":{"index":"index","follow":"follow","max-snippet":"max-snippet:-1","max-image-preview":"max-image-preview:large","max-video-preview":"max-video-preview:-1"},"canonical":"https:\/\/www.visit-ulcinj.com\/blog\/2014\/10\/17\/nimanbegu-tekst-zakona-ne-odgovara-nazivu\/","og_locale":"en_US","og_type":"article","og_title":"Nimanbegu: Tekst zakona ne odgovara nazivu - Lajme nga Ulqini","og_description":"Predlog zakona o maslinarstvu, o kojem se danas raspravljalo u Skup\u0161tini, prema ocjeni ve\u0107ine u\u010desnika u raspravi ne odgovara dostavljenom tekstu, zbog","og_url":"https:\/\/www.visit-ulcinj.com\/blog\/2014\/10\/17\/nimanbegu-tekst-zakona-ne-odgovara-nazivu\/","og_site_name":"Lajme nga Ulqini","article_published_time":"2014-10-17T10:24:54+00:00","og_image":[{"url":"http:\/\/www.visit-ulcinj.com\/blog\/wp-content\/uploads\/2014\/10\/Skupstina-CG.jpg"}],"twitter_misc":{"Written by":"ulqini","Est. reading time":"5 minutes"},"schema":{"@context":"https:\/\/schema.org","@graph":[{"@type":"WebSite","@id":"https:\/\/www.visit-ulcinj.com\/blog\/#website","url":"https:\/\/www.visit-ulcinj.com\/blog\/","name":"Lajme nga Ulqini","description":"Lajme,Vijesti,Ulqini,Ulqin,Crna Gora,Mali i Zi","potentialAction":[{"@type":"SearchAction","target":{"@type":"EntryPoint","urlTemplate":"https:\/\/www.visit-ulcinj.com\/blog\/?s={search_term_string}"},"query-input":"required name=search_term_string"}],"inLanguage":"en-US"},{"@type":"ImageObject","inLanguage":"en-US","@id":"https:\/\/www.visit-ulcinj.com\/blog\/2014\/10\/17\/nimanbegu-tekst-zakona-ne-odgovara-nazivu\/#primaryimage","url":"https:\/\/www.visit-ulcinj.com\/blog\/wp-content\/uploads\/2014\/10\/Skupstina-CG.jpg","contentUrl":"https:\/\/www.visit-ulcinj.com\/blog\/wp-content\/uploads\/2014\/10\/Skupstina-CG.jpg","width":680,"height":480},{"@type":"WebPage","@id":"https:\/\/www.visit-ulcinj.com\/blog\/2014\/10\/17\/nimanbegu-tekst-zakona-ne-odgovara-nazivu\/#webpage","url":"https:\/\/www.visit-ulcinj.com\/blog\/2014\/10\/17\/nimanbegu-tekst-zakona-ne-odgovara-nazivu\/","name":"Nimanbegu: Tekst zakona ne odgovara nazivu - Lajme nga Ulqini","isPartOf":{"@id":"https:\/\/www.visit-ulcinj.com\/blog\/#website"},"primaryImageOfPage":{"@id":"https:\/\/www.visit-ulcinj.com\/blog\/2014\/10\/17\/nimanbegu-tekst-zakona-ne-odgovara-nazivu\/#primaryimage"},"datePublished":"2014-10-17T10:24:54+00:00","dateModified":"2014-10-17T10:24:54+00:00","author":{"@id":"https:\/\/www.visit-ulcinj.com\/blog\/#\/schema\/person\/dcab619c614d3038751c63bc2aadc06d"},"description":"Predlog zakona o maslinarstvu, o kojem se danas raspravljalo u Skup\u0161tini, prema ocjeni ve\u0107ine u\u010desnika u raspravi ne odgovara dostavljenom tekstu, zbog","breadcrumb":{"@id":"https:\/\/www.visit-ulcinj.com\/blog\/2014\/10\/17\/nimanbegu-tekst-zakona-ne-odgovara-nazivu\/#breadcrumb"},"inLanguage":"en-US","potentialAction":[{"@type":"ReadAction","target":["https:\/\/www.visit-ulcinj.com\/blog\/2014\/10\/17\/nimanbegu-tekst-zakona-ne-odgovara-nazivu\/"]}]},{"@type":"BreadcrumbList","@id":"https:\/\/www.visit-ulcinj.com\/blog\/2014\/10\/17\/nimanbegu-tekst-zakona-ne-odgovara-nazivu\/#breadcrumb","itemListElement":[{"@type":"ListItem","position":1,"name":"Nimanbegu: Tekst zakona ne odgovara nazivu"}]},{"@type":"Person","@id":"https:\/\/www.visit-ulcinj.com\/blog\/#\/schema\/person\/dcab619c614d3038751c63bc2aadc06d","name":"ulqini","sameAs":["http:\/\/www.visit-ulcinj.com"],"url":"https:\/\/www.visit-ulcinj.com\/blog\/author\/admin\/"}]}},"jetpack_featured_media_url":"","jetpack_sharing_enabled":true,"jetpack_shortlink":"https:\/\/wp.me\/pe6lTn-mjv","_links":{"self":[{"href":"https:\/\/www.visit-ulcinj.com\/blog\/wp-json\/wp\/v2\/posts\/85777"}],"collection":[{"href":"https:\/\/www.visit-ulcinj.com\/blog\/wp-json\/wp\/v2\/posts"}],"about":[{"href":"https:\/\/www.visit-ulcinj.com\/blog\/wp-json\/wp\/v2\/types\/post"}],"author":[{"embeddable":true,"href":"https:\/\/www.visit-ulcinj.com\/blog\/wp-json\/wp\/v2\/users\/1"}],"replies":[{"embeddable":true,"href":"https:\/\/www.visit-ulcinj.com\/blog\/wp-json\/wp\/v2\/comments?post=85777"}],"version-history":[{"count":1,"href":"https:\/\/www.visit-ulcinj.com\/blog\/wp-json\/wp\/v2\/posts\/85777\/revisions"}],"predecessor-version":[{"id":85779,"href":"https:\/\/www.visit-ulcinj.com\/blog\/wp-json\/wp\/v2\/posts\/85777\/revisions\/85779"}],"wp:attachment":[{"href":"https:\/\/www.visit-ulcinj.com\/blog\/wp-json\/wp\/v2\/media?parent=85777"}],"wp:term":[{"taxonomy":"category","embeddable":true,"href":"https:\/\/www.visit-ulcinj.com\/blog\/wp-json\/wp\/v2\/categories?post=85777"},{"taxonomy":"post_tag","embeddable":true,"href":"https:\/\/www.visit-ulcinj.com\/blog\/wp-json\/wp\/v2\/tags?post=85777"}],"curies":[{"name":"wp","href":"https:\/\/api.w.org\/{rel}","templated":true}]}}