{"id":85780,"date":"2014-10-17T12:31:47","date_gmt":"2014-10-17T11:31:47","guid":{"rendered":"http:\/\/www.visit-ulcinj.com\/blog\/?p=85780"},"modified":"2014-10-19T09:00:10","modified_gmt":"2014-10-19T08:00:10","slug":"nika-une-ha-e-ti-ha-po-gomarin-kush-e-mba","status":"publish","type":"post","link":"https:\/\/www.visit-ulcinj.com\/blog\/2014\/10\/17\/nika-une-ha-e-ti-ha-po-gomarin-kush-e-mba\/","title":{"rendered":"Nika: \u201cUn\u00eb ha e ti  ha-  Po gomarin kush e mba&#8230;\u201d?!!!"},"content":{"rendered":"<p><strong><em><a href=\"http:\/\/www.visit-ulcinj.com\/blog\/wp-content\/uploads\/2014\/10\/GODISNJA-SKUPSTINA-TO-ULCINJ-1.jpg\"><img loading=\"lazy\" class=\"alignleft wp-image-85668\" src=\"http:\/\/www.visit-ulcinj.com\/blog\/wp-content\/uploads\/2014\/10\/GODISNJA-SKUPSTINA-TO-ULCINJ-1.jpg\" alt=\"GODISNJA SKUPSTINA TO ULCINJ-1\" width=\"508\" height=\"381\" srcset=\"https:\/\/www.visit-ulcinj.com\/blog\/wp-content\/uploads\/2014\/10\/GODISNJA-SKUPSTINA-TO-ULCINJ-1.jpg 960w, https:\/\/www.visit-ulcinj.com\/blog\/wp-content\/uploads\/2014\/10\/GODISNJA-SKUPSTINA-TO-ULCINJ-1-300x225.jpg 300w\" sizes=\"(max-width: 508px) 100vw, 508px\" \/><\/a>Shkruan: Muhamet Nika<\/em><\/strong><\/p>\n<p>M\u00ebsohet se n\u00ebn udh\u00ebheqjen e Kryetarit\u00a0 te Komun\u00ebs se Ulqinit\u00a0 Z. \u00a0Fatmir Gjeka , n\u00eb Ulqin, u mbajt \u00a0kuvendi vjetor i Organizat\u00ebs Turistike t\u00eb Ulqinit. Si\u00e7 u cek t\u00eb pranishmit\u00a0 mor\u00ebn ne shqyrtim\u00a0 raportin e pun\u00ebs\u00a0 se organizat\u00ebs turistike\u00a0 p\u00ebr vitin 2013 dhe\u00a0 Informat\u00ebn p\u00ebr rrjedh\u00ebn e sezonit p\u00ebr vitin 2014. Po ata zgjodh\u00ebn\u00a0 k\u00ebshillin ekzekutiv \u00a0\u00a0te organizat\u00ebs turistike q\u00eb num\u00ebron shtat\u00eb \u00a0 an\u00ebtar\u00eb\u00a0 dhe at\u00eb \u00a0mbik\u00ebqyr\u00ebs q\u00eb do t\u00eb ket\u00eb\u00a0 tre an\u00ebtar\u00eb.<\/p>\n<p>Kur pash fytyrat e qeshura t\u00eb kuvendar\u00ebve\u00a0\u00a0 turistik\u00eb t\u00eb cilat reflektonin entuziaz\u00ebm , me siguri mendova q\u00eb ato JAN\u00cb T\u00cb K\u00cbNAQUR ME BEREQETIN E K\u00cbSAJ SEZONE dhe n\u00eb nj\u00eb far\u00eb m\u00ebnyre jepnin p\u00eblqimin n\u00eb raportin e pun\u00ebs p\u00ebr vitin q\u00eb shkoi si dhe p\u00eblqimin p\u00ebr at\u00eb q\u00eb vjen.<\/p>\n<p><strong>N\u00eb k\u00ebt\u00eb rast, me siguri jo pa q\u00ebllim, me nj\u00eb shpejt\u00ebsi vet\u00ebtime , mu kujtua emisioni televiziv\u201d Robin Hud\u201d i emituar, m\u00eb 30.05.2014, ku u be nj\u00eb analiz\u00eb e zgjeruar se si qytetaret e Ulqinit \u00a0d o t\u00eb u duhet t\u00eb paguajn\u00eb 137.000\u20ac, gabimet e Organizat\u00ebs Turistike&#8230;?!!<\/strong><\/p>\n<p>Ndoshta edhe p\u00ebr k\u00ebt\u00eb nuk po e kuptoja arsyen e buz\u00ebqeshjes s\u00eb pushtetar\u00ebve&#8230;.!!! N\u00ebse k\u00ebta q\u00eb qeshen , nuk kan\u00eb d\u00ebgjuar p\u00ebr k\u00ebt\u00eb borxh edhe po ju fal\u00eb. Fjala \u00ebsht\u00eb p\u00ebr largimet nga puna t\u00eb te pun\u00ebsuarve n\u00eb m\u00ebnyr\u00eb t\u00eb paligjshme n\u00eb k\u00ebt\u00eb organizat\u00eb nga kryetari paraprak gjat\u00eb dit\u00ebve, kur u b\u00eb nd\u00ebrrimi i pushtetit ?!!!<\/p>\n<p><strong><em>DARDHA E KA BISHTIN MBRAPA<\/em><\/strong><\/p>\n<p>Edhe pse ky borxh nuk figuron n\u00eb regjistrin e borxheve q\u00eb duhet t\u00eb paguaj komuna, ekzekutimi i tij \u00ebsht\u00eb real dhe pritet shum\u00eb shpejt t\u00eb ekzekutohet. Ndoshta edhe zvarritja e ekzekutimit t\u00eb tij b\u00ebhet me q\u00ebllim, sepse n\u00eb te , ashtu si n\u00eb borxhet tjera, p\u00ebr \u00e7do dit\u00eb ecin kamatat e shum\u00ebfishta ditore n\u00eb llogari t\u00eb te ish pun\u00ebsuarve. K\u00ebshtu p\u00ebr shembull , kur t\u00eb kthehet nga Amerika ish drejtori i shkarkuar i organizat\u00ebs , me siguri me vler\u00ebn e shum\u00ebs s\u00eb borxhit , i bie q\u00eb me k\u00ebt\u00eb borxh, do t\u00eb mund t\u00eb blej\u00eb edhe nj\u00eb banes\u00eb &#8230;.?!!! Por a do t\u00eb thirret kush n\u00eb p\u00ebrgjegj\u00ebsi p\u00ebr k\u00ebt\u00eb nuk e dim\u00eb. K\u00ebtu n\u00eb Ulqin, si duket nuk vlen as ajo th\u00ebnia popullore se dardha e ka bishtin mbrapa. Ose k\u00ebta tan\u00ebt kan\u00eb m\u00ebsuar ta nisin e ta han\u00eb at\u00eb nga bishti?! Por me sa shohim Ne &#8211; k\u00ebt\u00eb teknik\u00eb ende nuk e zot\u00ebrojn\u00eb&#8230;?!!!<\/p>\n<p>Tjet\u00ebr, gjate\u00a0 diskutimeve\u00a0&#8211; si u raportua nga portali Lajme nga Ulqini ,organizata turistike\u00a0 kishte organizuar dhe mb\u00ebshtetur \u00a0nj\u00eb s\u00ebr\u00eb aktivitetesh kulturore \u00a0dhe se me seriozitet i ishte qasur\u00a0 prezantimit te ofert\u00ebs turistike ne panairet dhe burzat\u00a0 turistike. K\u00ebtu te \u201caktivitetet kulturore \u201c them t\u00eb drejt\u00ebn diqysh \u201c u dallashit\u00ebm \u201c pak sepse u hutuam dhe nuk kuptuam , q\u00eb p\u00ebrse kjo organizat\u00eb merret me organizimin e aktiviteteve kulturore, kur p\u00ebr tu marr\u00eb me kultur\u00eb kuvendi ka themeluar sht\u00ebpin\u00eb e kultur\u00ebs e cila i kushton buxhetit t\u00eb komun\u00ebs 300 mij\u00eb euro n\u00eb vit. Kurse po nga portalet , m\u00ebsuam se pun\u00ebtor\u00ebt e k\u00ebtij institucionit , kishin paralajm\u00ebruar grev\u00eb kolektive , p\u00ebr mos shlyerje t\u00eb detyrimeve n\u00eb rroga t\u00eb themeluesit.<\/p>\n<p><strong><em>BKA DHE GROSHA KRAVARIT <\/em><\/strong><\/p>\n<p>Si duket k\u00ebtu tek ne askush nuk b\u00ebn\u00eb pun\u00ebn e vet , por pun\u00ebn e tjetrit .Gjith\u00eb ashtu m\u00ebsohet q\u00eb p\u00ebr pun\u00eb t\u00eb do borxheve llogaria e kultur\u00ebs \u00ebsht\u00eb e bllokuar tash sa koh\u00eb nga hotel Albatrosi. Do t\u00eb kish qen\u00eb m\u00eb e arsyeshme q\u00eb kjo organizat\u00eb t\u00eb kish p\u00ebrkrahur ndonj\u00eb aktivitet kulturor t\u00eb kultur\u00ebs , n\u00eb se ka mjete t\u00eb tep\u00ebrta, duke shlyer mbase edhe borxhin e Albatrosit. Pastaj nuk arrit\u00ebm ta kuptojm\u00eb , n\u00eb se drejtori i sht\u00ebpis\u00eb s\u00eb kultur\u00ebs ishte apo \u00ebsht\u00eb me funksion nd\u00ebr ata dhjet\u00eb veta\u00a0\u00a0 q\u00eb drejtojn\u00eb organizat\u00ebn. Kujtoj opinionin se deri n\u00eb vitet 90 rreth 30 % e taks\u00ebs turistike i kalonin sht\u00ebpis\u00eb s\u00eb kultur\u00ebs me automatiz\u00ebm, p\u00ebr organizim t\u00eb aktiviteteve t\u00eb ndryshme kulturore t\u00eb sezonit turistik.<\/p>\n<p>Mbase kuvendar\u00ebt, n\u00eb k\u00ebt\u00eb m\u00ebnyr\u00eb, po i bie se shpenzojn\u00eb pa ligj parat\u00eb e kultur\u00ebs ?!!! Kurse k\u00ebtyre t\u00eb kultur\u00ebs u mbet\u00ebt t\u00eb punojn\u00eb n\u00eb m\u00ebnyr\u00eb \u201cvoluntere\u201d, nga se ligji i ri e njeh edhe k\u00ebt\u00eb mund\u00ebsi ose ta mbyllim fare&#8230; Por \u00e7ka \u00ebsht\u00eb m\u00eb kryesorja, pas gjith\u00eb k\u00ebsaj q\u00eb u tha, m\u00ebsuam se \u201cdyzeni\u201d do t\u00eb vazhdoj\u00eb edhe m\u00eb gjat\u00eb, n\u00eb kuad\u00ebr t\u00eb festivalit etnokulturor t\u00eb mbylljes s\u00eb sezonit p\u00ebr t\u00eb cilin harruam se as q\u00eb e kishim hapur fare&#8230;.?!! Edhe pse, ai i taljave-Gjuetis\u00eb, ve\u00e7 sa ka filluar&#8230;.?!! Por nejse, nj\u00eb arsye m\u00eb shum\u00eb edhe p\u00ebr nj\u00eb dyzen t\u00eb ri. \u00c7far\u00eb t\u2019i b\u00ebsh kemi q\u00eblluar \u201cmerakli..\u201d! Sot k\u00ebshtu, pasi h\u00ebngr\u00ebm edhe pasulin n\u00eb An\u00eb t\u00eb Malit me nj\u00eb l\u00ebng shege \u201cDit\u00ebn e Sheg\u00ebs\u201ddhe me k\u00ebto fytyra t\u00eb qeshura, nuk ka dyshim se \u201cahengu\u201d do t\u00eb vazhdoj\u00eb edhe net\u00ebve n\u010d vazhdim. \u00c7 \u00ebsht\u00eb e v\u00ebrteta, jo si ai \u201c i kryetarit simpatik p\u00ebr zhvillim strategjik \u201c, por me gjith\u00eb at\u00eb, BEKA na i ziu nja 1000 e. \u201cGrosh Kravarit\u201d&#8230;?!! Ve\u00e7 se inshalla nuk na del puna si asaj q\u00eb than\u00eb n\u010d fillim <strong>: \u201cUn\u00eb ha e ti ha po gamarin kush e ma(batut anamalase) \u201c?!!<\/strong><\/p>\n","protected":false},"excerpt":{"rendered":"<p>Shkruan: Muhamet Nika M\u00ebsohet se n\u00ebn udh\u00ebheqjen e Kryetarit\u00a0 te Komun\u00ebs se Ulqinit\u00a0 Z. \u00a0Fatmir Gjeka , n\u00eb Ulqin, u mbajt \u00a0kuvendi vjetor i Organizat\u00ebs Turistike t\u00eb Ulqinit. Si\u00e7 u cek t\u00eb pranishmit\u00a0 mor\u00ebn ne shqyrtim\u00a0 raportin e pun\u00ebs\u00a0 se organizat\u00ebs turistike\u00a0 p\u00ebr vitin 2013 dhe\u00a0 Informat\u00ebn p\u00ebr rrjedh\u00ebn e sezonit p\u00ebr vitin 2014. Po [&hellip;]<\/p>\n","protected":false},"author":1,"featured_media":0,"comment_status":"closed","ping_status":"closed","sticky":false,"template":"","format":"standard","meta":{"spay_email":"","jetpack_publicize_message":"","jetpack_is_tweetstorm":false,"jetpack_publicize_feature_enabled":true},"categories":[1,14249],"tags":[],"jetpack_publicize_connections":[],"yoast_head":"<!-- This site is optimized with the Yoast SEO plugin v19.1 - https:\/\/yoast.com\/wordpress\/plugins\/seo\/ -->\n<title>Nika: \u201cUn\u00eb ha e ti ha- Po gomarin kush e mba...\u201d?!!! - Lajme nga Ulqini<\/title>\n<meta name=\"description\" content=\"Shkruan: Muhamet Nika M\u00ebsohet se n\u00ebn udh\u00ebheqjen e Kryetarit\u00a0 te Komun\u00ebs se Ulqinit\u00a0 Z. \u00a0Fatmir Gjeka , n\u00eb Ulqin, u mbajt \u00a0kuvendi vjetor i Organizat\u00ebs\" \/>\n<meta name=\"robots\" content=\"index, follow, max-snippet:-1, max-image-preview:large, max-video-preview:-1\" \/>\n<link rel=\"canonical\" href=\"https:\/\/www.visit-ulcinj.com\/blog\/2014\/10\/17\/nika-une-ha-e-ti-ha-po-gomarin-kush-e-mba\/\" \/>\n<meta property=\"og:locale\" content=\"en_US\" \/>\n<meta property=\"og:type\" content=\"article\" \/>\n<meta property=\"og:title\" content=\"Nika: \u201cUn\u00eb ha e ti ha- Po gomarin kush e mba...\u201d?!!! - Lajme nga Ulqini\" \/>\n<meta property=\"og:description\" content=\"Shkruan: Muhamet Nika M\u00ebsohet se n\u00ebn udh\u00ebheqjen e Kryetarit\u00a0 te Komun\u00ebs se Ulqinit\u00a0 Z. \u00a0Fatmir Gjeka , n\u00eb Ulqin, u mbajt \u00a0kuvendi vjetor i Organizat\u00ebs\" \/>\n<meta property=\"og:url\" content=\"https:\/\/www.visit-ulcinj.com\/blog\/2014\/10\/17\/nika-une-ha-e-ti-ha-po-gomarin-kush-e-mba\/\" \/>\n<meta property=\"og:site_name\" content=\"Lajme nga Ulqini\" \/>\n<meta property=\"article:published_time\" content=\"2014-10-17T11:31:47+00:00\" \/>\n<meta property=\"article:modified_time\" content=\"2014-10-19T08:00:10+00:00\" \/>\n<meta property=\"og:image\" content=\"http:\/\/www.visit-ulcinj.com\/blog\/wp-content\/uploads\/2014\/10\/GODISNJA-SKUPSTINA-TO-ULCINJ-1.jpg\" \/>\n<meta name=\"twitter:label1\" content=\"Written by\" \/>\n\t<meta name=\"twitter:data1\" content=\"ulqini\" \/>\n\t<meta name=\"twitter:label2\" content=\"Est. reading time\" \/>\n\t<meta name=\"twitter:data2\" content=\"5 minutes\" \/>\n<script type=\"application\/ld+json\" class=\"yoast-schema-graph\">{\"@context\":\"https:\/\/schema.org\",\"@graph\":[{\"@type\":\"WebSite\",\"@id\":\"https:\/\/www.visit-ulcinj.com\/blog\/#website\",\"url\":\"https:\/\/www.visit-ulcinj.com\/blog\/\",\"name\":\"Lajme nga Ulqini\",\"description\":\"Lajme,Vijesti,Ulqini,Ulqin,Crna Gora,Mali i Zi\",\"potentialAction\":[{\"@type\":\"SearchAction\",\"target\":{\"@type\":\"EntryPoint\",\"urlTemplate\":\"https:\/\/www.visit-ulcinj.com\/blog\/?s={search_term_string}\"},\"query-input\":\"required name=search_term_string\"}],\"inLanguage\":\"en-US\"},{\"@type\":\"ImageObject\",\"inLanguage\":\"en-US\",\"@id\":\"https:\/\/www.visit-ulcinj.com\/blog\/2014\/10\/17\/nika-une-ha-e-ti-ha-po-gomarin-kush-e-mba\/#primaryimage\",\"url\":\"https:\/\/www.visit-ulcinj.com\/blog\/wp-content\/uploads\/2014\/10\/GODISNJA-SKUPSTINA-TO-ULCINJ-1.jpg\",\"contentUrl\":\"https:\/\/www.visit-ulcinj.com\/blog\/wp-content\/uploads\/2014\/10\/GODISNJA-SKUPSTINA-TO-ULCINJ-1.jpg\",\"width\":960,\"height\":720},{\"@type\":\"WebPage\",\"@id\":\"https:\/\/www.visit-ulcinj.com\/blog\/2014\/10\/17\/nika-une-ha-e-ti-ha-po-gomarin-kush-e-mba\/#webpage\",\"url\":\"https:\/\/www.visit-ulcinj.com\/blog\/2014\/10\/17\/nika-une-ha-e-ti-ha-po-gomarin-kush-e-mba\/\",\"name\":\"Nika: \u201cUn\u00eb ha e ti ha- Po gomarin kush e mba...\u201d?!!! - Lajme nga Ulqini\",\"isPartOf\":{\"@id\":\"https:\/\/www.visit-ulcinj.com\/blog\/#website\"},\"primaryImageOfPage\":{\"@id\":\"https:\/\/www.visit-ulcinj.com\/blog\/2014\/10\/17\/nika-une-ha-e-ti-ha-po-gomarin-kush-e-mba\/#primaryimage\"},\"datePublished\":\"2014-10-17T11:31:47+00:00\",\"dateModified\":\"2014-10-19T08:00:10+00:00\",\"author\":{\"@id\":\"https:\/\/www.visit-ulcinj.com\/blog\/#\/schema\/person\/dcab619c614d3038751c63bc2aadc06d\"},\"description\":\"Shkruan: Muhamet Nika M\u00ebsohet se n\u00ebn udh\u00ebheqjen e Kryetarit\u00a0 te Komun\u00ebs se Ulqinit\u00a0 Z. \u00a0Fatmir Gjeka , n\u00eb Ulqin, u mbajt \u00a0kuvendi vjetor i Organizat\u00ebs\",\"breadcrumb\":{\"@id\":\"https:\/\/www.visit-ulcinj.com\/blog\/2014\/10\/17\/nika-une-ha-e-ti-ha-po-gomarin-kush-e-mba\/#breadcrumb\"},\"inLanguage\":\"en-US\",\"potentialAction\":[{\"@type\":\"ReadAction\",\"target\":[\"https:\/\/www.visit-ulcinj.com\/blog\/2014\/10\/17\/nika-une-ha-e-ti-ha-po-gomarin-kush-e-mba\/\"]}]},{\"@type\":\"BreadcrumbList\",\"@id\":\"https:\/\/www.visit-ulcinj.com\/blog\/2014\/10\/17\/nika-une-ha-e-ti-ha-po-gomarin-kush-e-mba\/#breadcrumb\",\"itemListElement\":[{\"@type\":\"ListItem\",\"position\":1,\"name\":\"Nika: \u201cUn\u00eb ha e ti ha- Po gomarin kush e mba&#8230;\u201d?!!!\"}]},{\"@type\":\"Person\",\"@id\":\"https:\/\/www.visit-ulcinj.com\/blog\/#\/schema\/person\/dcab619c614d3038751c63bc2aadc06d\",\"name\":\"ulqini\",\"sameAs\":[\"http:\/\/www.visit-ulcinj.com\"],\"url\":\"https:\/\/www.visit-ulcinj.com\/blog\/author\/admin\/\"}]}<\/script>\n<!-- \/ Yoast SEO plugin. -->","yoast_head_json":{"title":"Nika: \u201cUn\u00eb ha e ti ha- Po gomarin kush e mba...\u201d?!!! - Lajme nga Ulqini","description":"Shkruan: Muhamet Nika M\u00ebsohet se n\u00ebn udh\u00ebheqjen e Kryetarit\u00a0 te Komun\u00ebs se Ulqinit\u00a0 Z. \u00a0Fatmir Gjeka , n\u00eb Ulqin, u mbajt \u00a0kuvendi vjetor i Organizat\u00ebs","robots":{"index":"index","follow":"follow","max-snippet":"max-snippet:-1","max-image-preview":"max-image-preview:large","max-video-preview":"max-video-preview:-1"},"canonical":"https:\/\/www.visit-ulcinj.com\/blog\/2014\/10\/17\/nika-une-ha-e-ti-ha-po-gomarin-kush-e-mba\/","og_locale":"en_US","og_type":"article","og_title":"Nika: \u201cUn\u00eb ha e ti ha- Po gomarin kush e mba...\u201d?!!! - Lajme nga Ulqini","og_description":"Shkruan: Muhamet Nika M\u00ebsohet se n\u00ebn udh\u00ebheqjen e Kryetarit\u00a0 te Komun\u00ebs se Ulqinit\u00a0 Z. \u00a0Fatmir Gjeka , n\u00eb Ulqin, u mbajt \u00a0kuvendi vjetor i Organizat\u00ebs","og_url":"https:\/\/www.visit-ulcinj.com\/blog\/2014\/10\/17\/nika-une-ha-e-ti-ha-po-gomarin-kush-e-mba\/","og_site_name":"Lajme nga Ulqini","article_published_time":"2014-10-17T11:31:47+00:00","article_modified_time":"2014-10-19T08:00:10+00:00","og_image":[{"url":"http:\/\/www.visit-ulcinj.com\/blog\/wp-content\/uploads\/2014\/10\/GODISNJA-SKUPSTINA-TO-ULCINJ-1.jpg"}],"twitter_misc":{"Written by":"ulqini","Est. reading time":"5 minutes"},"schema":{"@context":"https:\/\/schema.org","@graph":[{"@type":"WebSite","@id":"https:\/\/www.visit-ulcinj.com\/blog\/#website","url":"https:\/\/www.visit-ulcinj.com\/blog\/","name":"Lajme nga Ulqini","description":"Lajme,Vijesti,Ulqini,Ulqin,Crna Gora,Mali i Zi","potentialAction":[{"@type":"SearchAction","target":{"@type":"EntryPoint","urlTemplate":"https:\/\/www.visit-ulcinj.com\/blog\/?s={search_term_string}"},"query-input":"required name=search_term_string"}],"inLanguage":"en-US"},{"@type":"ImageObject","inLanguage":"en-US","@id":"https:\/\/www.visit-ulcinj.com\/blog\/2014\/10\/17\/nika-une-ha-e-ti-ha-po-gomarin-kush-e-mba\/#primaryimage","url":"https:\/\/www.visit-ulcinj.com\/blog\/wp-content\/uploads\/2014\/10\/GODISNJA-SKUPSTINA-TO-ULCINJ-1.jpg","contentUrl":"https:\/\/www.visit-ulcinj.com\/blog\/wp-content\/uploads\/2014\/10\/GODISNJA-SKUPSTINA-TO-ULCINJ-1.jpg","width":960,"height":720},{"@type":"WebPage","@id":"https:\/\/www.visit-ulcinj.com\/blog\/2014\/10\/17\/nika-une-ha-e-ti-ha-po-gomarin-kush-e-mba\/#webpage","url":"https:\/\/www.visit-ulcinj.com\/blog\/2014\/10\/17\/nika-une-ha-e-ti-ha-po-gomarin-kush-e-mba\/","name":"Nika: \u201cUn\u00eb ha e ti ha- Po gomarin kush e mba...\u201d?!!! - Lajme nga Ulqini","isPartOf":{"@id":"https:\/\/www.visit-ulcinj.com\/blog\/#website"},"primaryImageOfPage":{"@id":"https:\/\/www.visit-ulcinj.com\/blog\/2014\/10\/17\/nika-une-ha-e-ti-ha-po-gomarin-kush-e-mba\/#primaryimage"},"datePublished":"2014-10-17T11:31:47+00:00","dateModified":"2014-10-19T08:00:10+00:00","author":{"@id":"https:\/\/www.visit-ulcinj.com\/blog\/#\/schema\/person\/dcab619c614d3038751c63bc2aadc06d"},"description":"Shkruan: Muhamet Nika M\u00ebsohet se n\u00ebn udh\u00ebheqjen e Kryetarit\u00a0 te Komun\u00ebs se Ulqinit\u00a0 Z. \u00a0Fatmir Gjeka , n\u00eb Ulqin, u mbajt \u00a0kuvendi vjetor i Organizat\u00ebs","breadcrumb":{"@id":"https:\/\/www.visit-ulcinj.com\/blog\/2014\/10\/17\/nika-une-ha-e-ti-ha-po-gomarin-kush-e-mba\/#breadcrumb"},"inLanguage":"en-US","potentialAction":[{"@type":"ReadAction","target":["https:\/\/www.visit-ulcinj.com\/blog\/2014\/10\/17\/nika-une-ha-e-ti-ha-po-gomarin-kush-e-mba\/"]}]},{"@type":"BreadcrumbList","@id":"https:\/\/www.visit-ulcinj.com\/blog\/2014\/10\/17\/nika-une-ha-e-ti-ha-po-gomarin-kush-e-mba\/#breadcrumb","itemListElement":[{"@type":"ListItem","position":1,"name":"Nika: \u201cUn\u00eb ha e ti ha- Po gomarin kush e mba&#8230;\u201d?!!!"}]},{"@type":"Person","@id":"https:\/\/www.visit-ulcinj.com\/blog\/#\/schema\/person\/dcab619c614d3038751c63bc2aadc06d","name":"ulqini","sameAs":["http:\/\/www.visit-ulcinj.com"],"url":"https:\/\/www.visit-ulcinj.com\/blog\/author\/admin\/"}]}},"jetpack_featured_media_url":"","jetpack_sharing_enabled":true,"jetpack_shortlink":"https:\/\/wp.me\/pe6lTn-mjy","_links":{"self":[{"href":"https:\/\/www.visit-ulcinj.com\/blog\/wp-json\/wp\/v2\/posts\/85780"}],"collection":[{"href":"https:\/\/www.visit-ulcinj.com\/blog\/wp-json\/wp\/v2\/posts"}],"about":[{"href":"https:\/\/www.visit-ulcinj.com\/blog\/wp-json\/wp\/v2\/types\/post"}],"author":[{"embeddable":true,"href":"https:\/\/www.visit-ulcinj.com\/blog\/wp-json\/wp\/v2\/users\/1"}],"replies":[{"embeddable":true,"href":"https:\/\/www.visit-ulcinj.com\/blog\/wp-json\/wp\/v2\/comments?post=85780"}],"version-history":[{"count":1,"href":"https:\/\/www.visit-ulcinj.com\/blog\/wp-json\/wp\/v2\/posts\/85780\/revisions"}],"predecessor-version":[{"id":85781,"href":"https:\/\/www.visit-ulcinj.com\/blog\/wp-json\/wp\/v2\/posts\/85780\/revisions\/85781"}],"wp:attachment":[{"href":"https:\/\/www.visit-ulcinj.com\/blog\/wp-json\/wp\/v2\/media?parent=85780"}],"wp:term":[{"taxonomy":"category","embeddable":true,"href":"https:\/\/www.visit-ulcinj.com\/blog\/wp-json\/wp\/v2\/categories?post=85780"},{"taxonomy":"post_tag","embeddable":true,"href":"https:\/\/www.visit-ulcinj.com\/blog\/wp-json\/wp\/v2\/tags?post=85780"}],"curies":[{"name":"wp","href":"https:\/\/api.w.org\/{rel}","templated":true}]}}