{"id":85790,"date":"2014-10-18T17:29:25","date_gmt":"2014-10-18T16:29:25","guid":{"rendered":"http:\/\/www.visit-ulcinj.com\/blog\/?p=85790"},"modified":"2014-10-18T17:29:25","modified_gmt":"2014-10-18T16:29:25","slug":"dritan-abazovic-osudio-nacionalisticke-ispade-misija-je-da-stvaramo-mostove","status":"publish","type":"post","link":"https:\/\/www.visit-ulcinj.com\/blog\/2014\/10\/18\/dritan-abazovic-osudio-nacionalisticke-ispade-misija-je-da-stvaramo-mostove\/","title":{"rendered":"Dritan Abazovi\u0107 osudio nacionalisti\u010dke ispade: Misija je da stvaramo mostove"},"content":{"rendered":"<p><a href=\"http:\/\/www.visit-ulcinj.com\/blog\/wp-content\/uploads\/2014\/07\/Dritan-Abazovic-pozitivna.jpg\"><img loading=\"lazy\" class=\"alignleft wp-image-83780\" src=\"http:\/\/www.visit-ulcinj.com\/blog\/wp-content\/uploads\/2014\/07\/Dritan-Abazovic-pozitivna.jpg\" alt=\"Dritan-Abazovic-pozitivna\" width=\"508\" height=\"377\" srcset=\"https:\/\/www.visit-ulcinj.com\/blog\/wp-content\/uploads\/2014\/07\/Dritan-Abazovic-pozitivna.jpg 573w, https:\/\/www.visit-ulcinj.com\/blog\/wp-content\/uploads\/2014\/07\/Dritan-Abazovic-pozitivna-300x222.jpg 300w\" sizes=\"(max-width: 508px) 100vw, 508px\" \/><\/a>Poslanik u Skup\u0161tini Crne Gore Dritan Abazovi\u0107, osudio je govor mr\u017enje i nacionalisti\u010dke i eksteremisti\u010dke ispade, koji na bilo koji na\u010din podrijevaju nacionalnu mr\u017enju i netrpeljivost, navode\u0107i da to nije koncept evropske Crne Gore.<\/p>\n<div class=\"body-text\">\n<p>&#8220;Emancipatorska misija je da stvaramo mostove, da pribli\u017eavamo ljude. To je te\u017ei, ali jedini put koji mo\u017ee da donosi mir i stabilnost i koji mo\u017ee region da u\u010dini mnogo progresivnijim i boljim mjestom za \u017eivot&#8221;, kazao je Abazovi\u0107 agenciji MINA.<\/p>\n<p>On je, komentari\u0161u\u0107i doga\u0111aje u crnogorskim gradovima, nakon utakmice Srbija &#8211; Albanija, kazao da postoje \u010detiri glavna faktora zbog \u010dega se to de\u0161ava.<\/p>\n<p>Abazovi\u0107 smatra da je prvi razlog slab sistem gra\u0111anskog dru\u0161tva koji je izgradila Crna Gora, na kojem \u0107e, kako je kazao, dr\u017eava morati da poradi.<\/p>\n<p>&#8220;Hvalimo se da smo multikulturna, multinacionalna zajednica, gdje funkcioni\u0161e gra\u0111anska dr\u017eava, a vidimo da sportske utakmice ili neke druge stvari, koje nijesu direktno na na\u0161oj teritoriji, lako mogu da impliciraju suprotno. To zna\u010di da sistem nije izgra\u0111en do kraja odnosno da je on vi\u0161e demago\u0161ki&#8221;, kazao je on.<\/p>\n<p>Tre\u0107a stvar su, kako je dodao Abazovi\u0107, politi\u010dke elite koje koriste takve doga\u0111aje da bi sticali jeftine politi\u010dke poene, &#8220;misle\u0107i da prave sebi kratkoro\u010dnu politi\u010dku korist, a moraju biti svjesni da dugoro\u010dno prave \u0161tetu i sebi i \u010ditavom dru\u0161tvu&#8221;.<\/p>\n<p>&#8220;I \u010detvrto, lo\u0161a ekonomska situacija zbog koje su ljudi frustrirani navodi ih da budu podlo\u017eni manipulacijama i sva\u0111ama nacionalnog, vjerskog ili nekog drugog karaktera&#8221;, kazao je Abazovi\u0107.<\/p>\n<p>Kako je naveo, evropski put ne podrazumjeva nove sukobe, promjene granica i dalje \u0161irenje netrpeljivosti.<\/p>\n<p>&#8220;Naprotiv, na\u0161 evropski put podrazumjeva ve\u0107i stepen zajedni\u0161tva, gra\u0111anskog dru\u0161tva i stvaranje regiona u kojem krajnje granice ne\u0107e biti promijenjene, ali \u0107e ostati nevidljive&#8221;, poru\u010dio je Abazovi\u0107.<\/p>\n<p>On smatra da su poslednja de\u0161avanja ogroman korak unazad \u0161to se ti\u010de evropske perspektive Balkana.<\/p>\n<p>&#8220;Mo\u017eda je bolje da se sa time suo\u010dimo sada da bismo vi\u0161e radili u budu\u0107nosti, nego da smo na tren pomislili da smo takve stvari ostavili iza sebe i da nam se to vratilo kao bumerang&#8221;, kazao je Abazovi\u0107.<\/p>\n<p>Kako je ocijenio, anga\u017eman dr\u017eave mora\u0107e da bude mnogo ve\u0107i.<\/p>\n<p>&#8220;Ova dr\u017eava nije uspjela da postigne to gra\u0111ansko jedinstvo u odre\u0111enoj mjeri i ovo je veliki \u0161amar svima onima koji misle da su ovakve stvari zavr\u0161ene&#8221;, rekao je Abazovi\u0107.<\/p>\n<p><strong>Izvor: CDM<\/strong><\/p>\n<\/div>\n","protected":false},"excerpt":{"rendered":"<p>Poslanik u Skup\u0161tini Crne Gore Dritan Abazovi\u0107, osudio je govor mr\u017enje i nacionalisti\u010dke i eksteremisti\u010dke ispade, koji na bilo koji na\u010din podrijevaju nacionalnu mr\u017enju i netrpeljivost, navode\u0107i da to nije koncept evropske Crne Gore. &#8220;Emancipatorska misija je da stvaramo mostove, da pribli\u017eavamo ljude. To je te\u017ei, ali jedini put koji mo\u017ee da donosi mir i [&hellip;]<\/p>\n","protected":false},"author":1,"featured_media":0,"comment_status":"closed","ping_status":"closed","sticky":false,"template":"","format":"standard","meta":{"spay_email":"","jetpack_publicize_message":"","jetpack_is_tweetstorm":false,"jetpack_publicize_feature_enabled":true},"categories":[8337],"tags":[],"jetpack_publicize_connections":[],"yoast_head":"<!-- This site is optimized with the Yoast SEO plugin v19.1 - https:\/\/yoast.com\/wordpress\/plugins\/seo\/ -->\n<title>Dritan Abazovi\u0107 osudio nacionalisti\u010dke ispade: Misija je da stvaramo mostove - Lajme nga Ulqini<\/title>\n<meta name=\"description\" content=\"Poslanik u Skup\u0161tini Crne Gore Dritan Abazovi\u0107, osudio je govor mr\u017enje i nacionalisti\u010dke i eksteremisti\u010dke ispade, koji na bilo koji na\u010din podrijevaju\" \/>\n<meta name=\"robots\" content=\"index, follow, max-snippet:-1, max-image-preview:large, max-video-preview:-1\" \/>\n<link rel=\"canonical\" href=\"https:\/\/www.visit-ulcinj.com\/blog\/2014\/10\/18\/dritan-abazovic-osudio-nacionalisticke-ispade-misija-je-da-stvaramo-mostove\/\" \/>\n<meta property=\"og:locale\" content=\"en_US\" \/>\n<meta property=\"og:type\" content=\"article\" \/>\n<meta property=\"og:title\" content=\"Dritan Abazovi\u0107 osudio nacionalisti\u010dke ispade: Misija je da stvaramo mostove - Lajme nga Ulqini\" \/>\n<meta property=\"og:description\" content=\"Poslanik u Skup\u0161tini Crne Gore Dritan Abazovi\u0107, osudio je govor mr\u017enje i nacionalisti\u010dke i eksteremisti\u010dke ispade, koji na bilo koji na\u010din podrijevaju\" \/>\n<meta property=\"og:url\" content=\"https:\/\/www.visit-ulcinj.com\/blog\/2014\/10\/18\/dritan-abazovic-osudio-nacionalisticke-ispade-misija-je-da-stvaramo-mostove\/\" \/>\n<meta property=\"og:site_name\" content=\"Lajme nga Ulqini\" \/>\n<meta property=\"article:published_time\" content=\"2014-10-18T16:29:25+00:00\" \/>\n<meta property=\"og:image\" content=\"http:\/\/www.visit-ulcinj.com\/blog\/wp-content\/uploads\/2014\/07\/Dritan-Abazovic-pozitivna.jpg\" \/>\n<meta name=\"twitter:label1\" content=\"Written by\" \/>\n\t<meta name=\"twitter:data1\" content=\"ulqini\" \/>\n\t<meta name=\"twitter:label2\" content=\"Est. reading time\" \/>\n\t<meta name=\"twitter:data2\" content=\"2 minutes\" \/>\n<script type=\"application\/ld+json\" class=\"yoast-schema-graph\">{\"@context\":\"https:\/\/schema.org\",\"@graph\":[{\"@type\":\"WebSite\",\"@id\":\"https:\/\/www.visit-ulcinj.com\/blog\/#website\",\"url\":\"https:\/\/www.visit-ulcinj.com\/blog\/\",\"name\":\"Lajme nga Ulqini\",\"description\":\"Lajme,Vijesti,Ulqini,Ulqin,Crna Gora,Mali i Zi\",\"potentialAction\":[{\"@type\":\"SearchAction\",\"target\":{\"@type\":\"EntryPoint\",\"urlTemplate\":\"https:\/\/www.visit-ulcinj.com\/blog\/?s={search_term_string}\"},\"query-input\":\"required name=search_term_string\"}],\"inLanguage\":\"en-US\"},{\"@type\":\"ImageObject\",\"inLanguage\":\"en-US\",\"@id\":\"https:\/\/www.visit-ulcinj.com\/blog\/2014\/10\/18\/dritan-abazovic-osudio-nacionalisticke-ispade-misija-je-da-stvaramo-mostove\/#primaryimage\",\"url\":\"https:\/\/www.visit-ulcinj.com\/blog\/wp-content\/uploads\/2014\/07\/Dritan-Abazovic-pozitivna.jpg\",\"contentUrl\":\"https:\/\/www.visit-ulcinj.com\/blog\/wp-content\/uploads\/2014\/07\/Dritan-Abazovic-pozitivna.jpg\",\"width\":573,\"height\":425},{\"@type\":\"WebPage\",\"@id\":\"https:\/\/www.visit-ulcinj.com\/blog\/2014\/10\/18\/dritan-abazovic-osudio-nacionalisticke-ispade-misija-je-da-stvaramo-mostove\/#webpage\",\"url\":\"https:\/\/www.visit-ulcinj.com\/blog\/2014\/10\/18\/dritan-abazovic-osudio-nacionalisticke-ispade-misija-je-da-stvaramo-mostove\/\",\"name\":\"Dritan Abazovi\u0107 osudio nacionalisti\u010dke ispade: Misija je da stvaramo mostove - Lajme nga Ulqini\",\"isPartOf\":{\"@id\":\"https:\/\/www.visit-ulcinj.com\/blog\/#website\"},\"primaryImageOfPage\":{\"@id\":\"https:\/\/www.visit-ulcinj.com\/blog\/2014\/10\/18\/dritan-abazovic-osudio-nacionalisticke-ispade-misija-je-da-stvaramo-mostove\/#primaryimage\"},\"datePublished\":\"2014-10-18T16:29:25+00:00\",\"dateModified\":\"2014-10-18T16:29:25+00:00\",\"author\":{\"@id\":\"https:\/\/www.visit-ulcinj.com\/blog\/#\/schema\/person\/dcab619c614d3038751c63bc2aadc06d\"},\"description\":\"Poslanik u Skup\u0161tini Crne Gore Dritan Abazovi\u0107, osudio je govor mr\u017enje i nacionalisti\u010dke i eksteremisti\u010dke ispade, koji na bilo koji na\u010din podrijevaju\",\"breadcrumb\":{\"@id\":\"https:\/\/www.visit-ulcinj.com\/blog\/2014\/10\/18\/dritan-abazovic-osudio-nacionalisticke-ispade-misija-je-da-stvaramo-mostove\/#breadcrumb\"},\"inLanguage\":\"en-US\",\"potentialAction\":[{\"@type\":\"ReadAction\",\"target\":[\"https:\/\/www.visit-ulcinj.com\/blog\/2014\/10\/18\/dritan-abazovic-osudio-nacionalisticke-ispade-misija-je-da-stvaramo-mostove\/\"]}]},{\"@type\":\"BreadcrumbList\",\"@id\":\"https:\/\/www.visit-ulcinj.com\/blog\/2014\/10\/18\/dritan-abazovic-osudio-nacionalisticke-ispade-misija-je-da-stvaramo-mostove\/#breadcrumb\",\"itemListElement\":[{\"@type\":\"ListItem\",\"position\":1,\"name\":\"Dritan Abazovi\u0107 osudio nacionalisti\u010dke ispade: Misija je da stvaramo mostove\"}]},{\"@type\":\"Person\",\"@id\":\"https:\/\/www.visit-ulcinj.com\/blog\/#\/schema\/person\/dcab619c614d3038751c63bc2aadc06d\",\"name\":\"ulqini\",\"sameAs\":[\"http:\/\/www.visit-ulcinj.com\"],\"url\":\"https:\/\/www.visit-ulcinj.com\/blog\/author\/admin\/\"}]}<\/script>\n<!-- \/ Yoast SEO plugin. -->","yoast_head_json":{"title":"Dritan Abazovi\u0107 osudio nacionalisti\u010dke ispade: Misija je da stvaramo mostove - Lajme nga Ulqini","description":"Poslanik u Skup\u0161tini Crne Gore Dritan Abazovi\u0107, osudio je govor mr\u017enje i nacionalisti\u010dke i eksteremisti\u010dke ispade, koji na bilo koji na\u010din podrijevaju","robots":{"index":"index","follow":"follow","max-snippet":"max-snippet:-1","max-image-preview":"max-image-preview:large","max-video-preview":"max-video-preview:-1"},"canonical":"https:\/\/www.visit-ulcinj.com\/blog\/2014\/10\/18\/dritan-abazovic-osudio-nacionalisticke-ispade-misija-je-da-stvaramo-mostove\/","og_locale":"en_US","og_type":"article","og_title":"Dritan Abazovi\u0107 osudio nacionalisti\u010dke ispade: Misija je da stvaramo mostove - Lajme nga Ulqini","og_description":"Poslanik u Skup\u0161tini Crne Gore Dritan Abazovi\u0107, osudio je govor mr\u017enje i nacionalisti\u010dke i eksteremisti\u010dke ispade, koji na bilo koji na\u010din podrijevaju","og_url":"https:\/\/www.visit-ulcinj.com\/blog\/2014\/10\/18\/dritan-abazovic-osudio-nacionalisticke-ispade-misija-je-da-stvaramo-mostove\/","og_site_name":"Lajme nga Ulqini","article_published_time":"2014-10-18T16:29:25+00:00","og_image":[{"url":"http:\/\/www.visit-ulcinj.com\/blog\/wp-content\/uploads\/2014\/07\/Dritan-Abazovic-pozitivna.jpg"}],"twitter_misc":{"Written by":"ulqini","Est. reading time":"2 minutes"},"schema":{"@context":"https:\/\/schema.org","@graph":[{"@type":"WebSite","@id":"https:\/\/www.visit-ulcinj.com\/blog\/#website","url":"https:\/\/www.visit-ulcinj.com\/blog\/","name":"Lajme nga Ulqini","description":"Lajme,Vijesti,Ulqini,Ulqin,Crna Gora,Mali i Zi","potentialAction":[{"@type":"SearchAction","target":{"@type":"EntryPoint","urlTemplate":"https:\/\/www.visit-ulcinj.com\/blog\/?s={search_term_string}"},"query-input":"required name=search_term_string"}],"inLanguage":"en-US"},{"@type":"ImageObject","inLanguage":"en-US","@id":"https:\/\/www.visit-ulcinj.com\/blog\/2014\/10\/18\/dritan-abazovic-osudio-nacionalisticke-ispade-misija-je-da-stvaramo-mostove\/#primaryimage","url":"https:\/\/www.visit-ulcinj.com\/blog\/wp-content\/uploads\/2014\/07\/Dritan-Abazovic-pozitivna.jpg","contentUrl":"https:\/\/www.visit-ulcinj.com\/blog\/wp-content\/uploads\/2014\/07\/Dritan-Abazovic-pozitivna.jpg","width":573,"height":425},{"@type":"WebPage","@id":"https:\/\/www.visit-ulcinj.com\/blog\/2014\/10\/18\/dritan-abazovic-osudio-nacionalisticke-ispade-misija-je-da-stvaramo-mostove\/#webpage","url":"https:\/\/www.visit-ulcinj.com\/blog\/2014\/10\/18\/dritan-abazovic-osudio-nacionalisticke-ispade-misija-je-da-stvaramo-mostove\/","name":"Dritan Abazovi\u0107 osudio nacionalisti\u010dke ispade: Misija je da stvaramo mostove - Lajme nga Ulqini","isPartOf":{"@id":"https:\/\/www.visit-ulcinj.com\/blog\/#website"},"primaryImageOfPage":{"@id":"https:\/\/www.visit-ulcinj.com\/blog\/2014\/10\/18\/dritan-abazovic-osudio-nacionalisticke-ispade-misija-je-da-stvaramo-mostove\/#primaryimage"},"datePublished":"2014-10-18T16:29:25+00:00","dateModified":"2014-10-18T16:29:25+00:00","author":{"@id":"https:\/\/www.visit-ulcinj.com\/blog\/#\/schema\/person\/dcab619c614d3038751c63bc2aadc06d"},"description":"Poslanik u Skup\u0161tini Crne Gore Dritan Abazovi\u0107, osudio je govor mr\u017enje i nacionalisti\u010dke i eksteremisti\u010dke ispade, koji na bilo koji na\u010din podrijevaju","breadcrumb":{"@id":"https:\/\/www.visit-ulcinj.com\/blog\/2014\/10\/18\/dritan-abazovic-osudio-nacionalisticke-ispade-misija-je-da-stvaramo-mostove\/#breadcrumb"},"inLanguage":"en-US","potentialAction":[{"@type":"ReadAction","target":["https:\/\/www.visit-ulcinj.com\/blog\/2014\/10\/18\/dritan-abazovic-osudio-nacionalisticke-ispade-misija-je-da-stvaramo-mostove\/"]}]},{"@type":"BreadcrumbList","@id":"https:\/\/www.visit-ulcinj.com\/blog\/2014\/10\/18\/dritan-abazovic-osudio-nacionalisticke-ispade-misija-je-da-stvaramo-mostove\/#breadcrumb","itemListElement":[{"@type":"ListItem","position":1,"name":"Dritan Abazovi\u0107 osudio nacionalisti\u010dke ispade: Misija je da stvaramo mostove"}]},{"@type":"Person","@id":"https:\/\/www.visit-ulcinj.com\/blog\/#\/schema\/person\/dcab619c614d3038751c63bc2aadc06d","name":"ulqini","sameAs":["http:\/\/www.visit-ulcinj.com"],"url":"https:\/\/www.visit-ulcinj.com\/blog\/author\/admin\/"}]}},"jetpack_featured_media_url":"","jetpack_sharing_enabled":true,"jetpack_shortlink":"https:\/\/wp.me\/pe6lTn-mjI","_links":{"self":[{"href":"https:\/\/www.visit-ulcinj.com\/blog\/wp-json\/wp\/v2\/posts\/85790"}],"collection":[{"href":"https:\/\/www.visit-ulcinj.com\/blog\/wp-json\/wp\/v2\/posts"}],"about":[{"href":"https:\/\/www.visit-ulcinj.com\/blog\/wp-json\/wp\/v2\/types\/post"}],"author":[{"embeddable":true,"href":"https:\/\/www.visit-ulcinj.com\/blog\/wp-json\/wp\/v2\/users\/1"}],"replies":[{"embeddable":true,"href":"https:\/\/www.visit-ulcinj.com\/blog\/wp-json\/wp\/v2\/comments?post=85790"}],"version-history":[{"count":1,"href":"https:\/\/www.visit-ulcinj.com\/blog\/wp-json\/wp\/v2\/posts\/85790\/revisions"}],"predecessor-version":[{"id":85791,"href":"https:\/\/www.visit-ulcinj.com\/blog\/wp-json\/wp\/v2\/posts\/85790\/revisions\/85791"}],"wp:attachment":[{"href":"https:\/\/www.visit-ulcinj.com\/blog\/wp-json\/wp\/v2\/media?parent=85790"}],"wp:term":[{"taxonomy":"category","embeddable":true,"href":"https:\/\/www.visit-ulcinj.com\/blog\/wp-json\/wp\/v2\/categories?post=85790"},{"taxonomy":"post_tag","embeddable":true,"href":"https:\/\/www.visit-ulcinj.com\/blog\/wp-json\/wp\/v2\/tags?post=85790"}],"curies":[{"name":"wp","href":"https:\/\/api.w.org\/{rel}","templated":true}]}}