{"id":85792,"date":"2014-10-18T17:33:04","date_gmt":"2014-10-18T16:33:04","guid":{"rendered":"http:\/\/www.visit-ulcinj.com\/blog\/?p=85792"},"modified":"2014-10-18T17:34:42","modified_gmt":"2014-10-18T16:34:42","slug":"vladislav-bojovic-abazovic-da-osudi-ekstremizam-u-ulcinju","status":"publish","type":"post","link":"https:\/\/www.visit-ulcinj.com\/blog\/2014\/10\/18\/vladislav-bojovic-abazovic-da-osudi-ekstremizam-u-ulcinju\/","title":{"rendered":"Vladislav Bojovi\u0107: Abazovi\u0107 da osudi ekstremizam u Ulcinju"},"content":{"rendered":"<p><a href=\"http:\/\/www.visit-ulcinj.com\/blog\/wp-content\/uploads\/2014\/10\/Vladislav-Bojovic.jpg\"><img loading=\"lazy\" class=\"alignleft wp-image-85793\" src=\"http:\/\/www.visit-ulcinj.com\/blog\/wp-content\/uploads\/2014\/10\/Vladislav-Bojovic.jpg\" alt=\"Vladislav Bojovic\" width=\"508\" height=\"281\" srcset=\"https:\/\/www.visit-ulcinj.com\/blog\/wp-content\/uploads\/2014\/10\/Vladislav-Bojovic.jpg 607w, https:\/\/www.visit-ulcinj.com\/blog\/wp-content\/uploads\/2014\/10\/Vladislav-Bojovic-300x166.jpg 300w\" sizes=\"(max-width: 508px) 100vw, 508px\" \/><\/a>Poslanik Demokratskog frotna (DF) Vladislav Bojovi\u0107 kazao je danas da poslanik Dritan Abazovi\u0107 treba da osudi \u201epromovisanje ekstremizma u Ulcinju\u201c, \u010dime bi, kako ka\u017ee on, doprinio smirivanju tenzija i afirmaciji multietni\u010dkih vrijednosti ne samo u tom gradu, ve\u0107 u cijeloj Crnoj Gori.<\/p>\n<p>Podsje\u0107amo, navija\u010di fudbalske selekcije Albanije su nakon prekida me\u010da Srbija-Albanija u znak podr\u0161ke svojoj reprezentaciji slavili na ulicama Ulcinja i jo\u0161 nekoliko crnogorskih gradova.<\/p>\n<p>Bojovi\u0107 je optu\u017eio predsjednika Skup\u0161tine Ranka Krivokapi\u0107a da grubim kr\u0161enjem Poslovnika, potcjenjivanjem poslanika i privatizovanjem funkcije koju obavlja, opstruira svaki poku\u0161aj vo\u0111enja dijaloga u Skup\u0161tini na teme od izuzetnog zna\u010daja za crnogorsko dru\u0161tvo.<\/p>\n<p>\u201eTako je nakon brutalnog napada FORCE na DF, i njegove istaknute funkcionere, a povodom nacionalisti\u010dkih demonstracija u Ulcinju, Malesiji i Plavu, zaustavio svaku mogu\u0107nost vo\u0111enja rasprave u Parlamentu, upu\u0107uju\u0107i poslanike DF-a, kao daleko najja\u010deg opozicionog subjekta, da svoje stavove saop\u0161te na konferenciji za \u0161tampu. Ovakav stepen osionosti i politi\u010dke isklju\u010divosti Ranka Krivokapi\u0107a u zna\u010dajnoj mjeri degradira crnogorsku Skup\u0161tinu i obesmi\u0161ljava funkciju poslanika, kojem se oduzima pravo da saop\u0161ti stav. Zato o\u010dekujem da predsjednik Skup\u0161tine, dokle god obavlja tu funkciju, omogu\u0107i da u atmosferi parlamentarnog dijaloga raspravljamo o svim va\u017enim pitanjima, posebno ako se odnose na eventualne prijetnje bezbjednosne prirode\u201c, istakao je Bojovi\u0107.<\/p>\n<p>On je saop\u0161tio da o\u010dekuje da \u0107e se ubrzo odr\u017eati sjednica Odbora za bezbjednost na kojoj \u0107e se raspravljati o narastuju\u0107im ekstremizmima, koji, kako ka\u017ee on, ozbiljno prijete da ugroze gra\u0111anski koncept dr\u017eave Crne Gore. Toj sjednici, prema njegovim rije\u010dima, treba da prisustvuje Krivokapi\u0107, sa jasnim stavovima, koje ne\u0107e filovati apstraktnim floskulama, koje su u posljednje vrijeme njegov za\u0161titni znak.<\/p>\n<p>\u201e Odre\u0111enje Ranka Krivokapi\u0107a je zna\u010dajno, jer napad FORCE na DF nije trenutak politi\u010dke svakodnevice, ve\u0107 ima mnogo ozbiljnije i dalekose\u017enije konotacije. Ovo posebno nakon dodatnog poja\u0161njena Gencija Nimanbegua da se on ne ogra\u0111uje od saop\u0161tenja njegove stranke, ve\u0107 se izvinjava, i to samo Branku Radulovi\u0107u, \u0161to nije bio upoznat da \u0107e biti objavljeno\u201c, navodi se u saop\u0161tenju Bojovi\u0107a.<\/p>\n<p>Poslanik DF-a obja\u0161njava da je njemu zbog toga mnogo va\u017enije da Dritan Abazovi\u0107, kao poslanik koji promovi\u0161e gra\u0111anske vrijednosti, osudi FORCIN govor mr\u017enje usmjeren prema DF-u, jer zajedno sa FORCOM, odbor koji njega podr\u017eava, vr\u0161i vlast u Ulcinju.<br \/>\n\u201cAbazovi\u0107eva osuda de\u0161avanja u Ulcinju i promovisanja ekstremizama zna\u010dajno bi doprinijela smirivanju tenzija i afirmaciji multietni\u010dkih vrijednosti ne samo u tom gradu nego u \u010ditavoj Crnoj Gori. Uostalom, to je, vjerujem, obaveza svih nas, da branimo vrijednosti gra\u0111anskog dru\u0161tva\u00a0 i budemo nosioci tako plemenite ideje\u201c, zaklju\u010duje se u saop\u0161tenju Bojovi\u0107a.<\/p>\n<p><strong>Izvor: Analitika &#8211; Informativni Portal\u00a0<\/strong><\/p>\n","protected":false},"excerpt":{"rendered":"<p>Poslanik Demokratskog frotna (DF) Vladislav Bojovi\u0107 kazao je danas da poslanik Dritan Abazovi\u0107 treba da osudi \u201epromovisanje ekstremizma u Ulcinju\u201c, \u010dime bi, kako ka\u017ee on, doprinio smirivanju tenzija i afirmaciji multietni\u010dkih vrijednosti ne samo u tom gradu, ve\u0107 u cijeloj Crnoj Gori. Podsje\u0107amo, navija\u010di fudbalske selekcije Albanije su nakon prekida me\u010da Srbija-Albanija u znak podr\u0161ke [&hellip;]<\/p>\n","protected":false},"author":1,"featured_media":0,"comment_status":"closed","ping_status":"closed","sticky":false,"template":"","format":"standard","meta":{"spay_email":"","jetpack_publicize_message":"","jetpack_is_tweetstorm":false,"jetpack_publicize_feature_enabled":true},"categories":[6950],"tags":[],"jetpack_publicize_connections":[],"yoast_head":"<!-- This site is optimized with the Yoast SEO plugin v19.1 - https:\/\/yoast.com\/wordpress\/plugins\/seo\/ -->\n<title>Vladislav Bojovi\u0107: Abazovi\u0107 da osudi ekstremizam u Ulcinju - Lajme nga Ulqini<\/title>\n<meta name=\"description\" content=\"Poslanik Demokratskog frotna (DF) Vladislav Bojovi\u0107 kazao je danas da poslanik Dritan Abazovi\u0107 treba da osudi \u201epromovisanje ekstremizma u Ulcinju\u201c, \u010dime\" \/>\n<meta name=\"robots\" content=\"index, follow, max-snippet:-1, max-image-preview:large, max-video-preview:-1\" \/>\n<link rel=\"canonical\" href=\"https:\/\/www.visit-ulcinj.com\/blog\/2014\/10\/18\/vladislav-bojovic-abazovic-da-osudi-ekstremizam-u-ulcinju\/\" \/>\n<meta property=\"og:locale\" content=\"en_US\" \/>\n<meta property=\"og:type\" content=\"article\" \/>\n<meta property=\"og:title\" content=\"Vladislav Bojovi\u0107: Abazovi\u0107 da osudi ekstremizam u Ulcinju - Lajme nga Ulqini\" \/>\n<meta property=\"og:description\" content=\"Poslanik Demokratskog frotna (DF) Vladislav Bojovi\u0107 kazao je danas da poslanik Dritan Abazovi\u0107 treba da osudi \u201epromovisanje ekstremizma u Ulcinju\u201c, \u010dime\" \/>\n<meta property=\"og:url\" content=\"https:\/\/www.visit-ulcinj.com\/blog\/2014\/10\/18\/vladislav-bojovic-abazovic-da-osudi-ekstremizam-u-ulcinju\/\" \/>\n<meta property=\"og:site_name\" content=\"Lajme nga Ulqini\" \/>\n<meta property=\"article:published_time\" content=\"2014-10-18T16:33:04+00:00\" \/>\n<meta property=\"article:modified_time\" content=\"2014-10-18T16:34:42+00:00\" \/>\n<meta property=\"og:image\" content=\"http:\/\/www.visit-ulcinj.com\/blog\/wp-content\/uploads\/2014\/10\/Vladislav-Bojovic.jpg\" \/>\n<meta name=\"twitter:label1\" content=\"Written by\" \/>\n\t<meta name=\"twitter:data1\" content=\"ulqini\" \/>\n\t<meta name=\"twitter:label2\" content=\"Est. reading time\" \/>\n\t<meta name=\"twitter:data2\" content=\"2 minutes\" \/>\n<script type=\"application\/ld+json\" class=\"yoast-schema-graph\">{\"@context\":\"https:\/\/schema.org\",\"@graph\":[{\"@type\":\"WebSite\",\"@id\":\"https:\/\/www.visit-ulcinj.com\/blog\/#website\",\"url\":\"https:\/\/www.visit-ulcinj.com\/blog\/\",\"name\":\"Lajme nga Ulqini\",\"description\":\"Lajme,Vijesti,Ulqini,Ulqin,Crna Gora,Mali i Zi\",\"potentialAction\":[{\"@type\":\"SearchAction\",\"target\":{\"@type\":\"EntryPoint\",\"urlTemplate\":\"https:\/\/www.visit-ulcinj.com\/blog\/?s={search_term_string}\"},\"query-input\":\"required name=search_term_string\"}],\"inLanguage\":\"en-US\"},{\"@type\":\"ImageObject\",\"inLanguage\":\"en-US\",\"@id\":\"https:\/\/www.visit-ulcinj.com\/blog\/2014\/10\/18\/vladislav-bojovic-abazovic-da-osudi-ekstremizam-u-ulcinju\/#primaryimage\",\"url\":\"https:\/\/www.visit-ulcinj.com\/blog\/wp-content\/uploads\/2014\/10\/Vladislav-Bojovic.jpg\",\"contentUrl\":\"https:\/\/www.visit-ulcinj.com\/blog\/wp-content\/uploads\/2014\/10\/Vladislav-Bojovic.jpg\",\"width\":607,\"height\":336},{\"@type\":\"WebPage\",\"@id\":\"https:\/\/www.visit-ulcinj.com\/blog\/2014\/10\/18\/vladislav-bojovic-abazovic-da-osudi-ekstremizam-u-ulcinju\/#webpage\",\"url\":\"https:\/\/www.visit-ulcinj.com\/blog\/2014\/10\/18\/vladislav-bojovic-abazovic-da-osudi-ekstremizam-u-ulcinju\/\",\"name\":\"Vladislav Bojovi\u0107: Abazovi\u0107 da osudi ekstremizam u Ulcinju - Lajme nga Ulqini\",\"isPartOf\":{\"@id\":\"https:\/\/www.visit-ulcinj.com\/blog\/#website\"},\"primaryImageOfPage\":{\"@id\":\"https:\/\/www.visit-ulcinj.com\/blog\/2014\/10\/18\/vladislav-bojovic-abazovic-da-osudi-ekstremizam-u-ulcinju\/#primaryimage\"},\"datePublished\":\"2014-10-18T16:33:04+00:00\",\"dateModified\":\"2014-10-18T16:34:42+00:00\",\"author\":{\"@id\":\"https:\/\/www.visit-ulcinj.com\/blog\/#\/schema\/person\/dcab619c614d3038751c63bc2aadc06d\"},\"description\":\"Poslanik Demokratskog frotna (DF) Vladislav Bojovi\u0107 kazao je danas da poslanik Dritan Abazovi\u0107 treba da osudi \u201epromovisanje ekstremizma u Ulcinju\u201c, \u010dime\",\"breadcrumb\":{\"@id\":\"https:\/\/www.visit-ulcinj.com\/blog\/2014\/10\/18\/vladislav-bojovic-abazovic-da-osudi-ekstremizam-u-ulcinju\/#breadcrumb\"},\"inLanguage\":\"en-US\",\"potentialAction\":[{\"@type\":\"ReadAction\",\"target\":[\"https:\/\/www.visit-ulcinj.com\/blog\/2014\/10\/18\/vladislav-bojovic-abazovic-da-osudi-ekstremizam-u-ulcinju\/\"]}]},{\"@type\":\"BreadcrumbList\",\"@id\":\"https:\/\/www.visit-ulcinj.com\/blog\/2014\/10\/18\/vladislav-bojovic-abazovic-da-osudi-ekstremizam-u-ulcinju\/#breadcrumb\",\"itemListElement\":[{\"@type\":\"ListItem\",\"position\":1,\"name\":\"Vladislav Bojovi\u0107: Abazovi\u0107 da osudi ekstremizam u Ulcinju\"}]},{\"@type\":\"Person\",\"@id\":\"https:\/\/www.visit-ulcinj.com\/blog\/#\/schema\/person\/dcab619c614d3038751c63bc2aadc06d\",\"name\":\"ulqini\",\"sameAs\":[\"http:\/\/www.visit-ulcinj.com\"],\"url\":\"https:\/\/www.visit-ulcinj.com\/blog\/author\/admin\/\"}]}<\/script>\n<!-- \/ Yoast SEO plugin. -->","yoast_head_json":{"title":"Vladislav Bojovi\u0107: Abazovi\u0107 da osudi ekstremizam u Ulcinju - Lajme nga Ulqini","description":"Poslanik Demokratskog frotna (DF) Vladislav Bojovi\u0107 kazao je danas da poslanik Dritan Abazovi\u0107 treba da osudi \u201epromovisanje ekstremizma u Ulcinju\u201c, \u010dime","robots":{"index":"index","follow":"follow","max-snippet":"max-snippet:-1","max-image-preview":"max-image-preview:large","max-video-preview":"max-video-preview:-1"},"canonical":"https:\/\/www.visit-ulcinj.com\/blog\/2014\/10\/18\/vladislav-bojovic-abazovic-da-osudi-ekstremizam-u-ulcinju\/","og_locale":"en_US","og_type":"article","og_title":"Vladislav Bojovi\u0107: Abazovi\u0107 da osudi ekstremizam u Ulcinju - Lajme nga Ulqini","og_description":"Poslanik Demokratskog frotna (DF) Vladislav Bojovi\u0107 kazao je danas da poslanik Dritan Abazovi\u0107 treba da osudi \u201epromovisanje ekstremizma u Ulcinju\u201c, \u010dime","og_url":"https:\/\/www.visit-ulcinj.com\/blog\/2014\/10\/18\/vladislav-bojovic-abazovic-da-osudi-ekstremizam-u-ulcinju\/","og_site_name":"Lajme nga Ulqini","article_published_time":"2014-10-18T16:33:04+00:00","article_modified_time":"2014-10-18T16:34:42+00:00","og_image":[{"url":"http:\/\/www.visit-ulcinj.com\/blog\/wp-content\/uploads\/2014\/10\/Vladislav-Bojovic.jpg"}],"twitter_misc":{"Written by":"ulqini","Est. reading time":"2 minutes"},"schema":{"@context":"https:\/\/schema.org","@graph":[{"@type":"WebSite","@id":"https:\/\/www.visit-ulcinj.com\/blog\/#website","url":"https:\/\/www.visit-ulcinj.com\/blog\/","name":"Lajme nga Ulqini","description":"Lajme,Vijesti,Ulqini,Ulqin,Crna Gora,Mali i Zi","potentialAction":[{"@type":"SearchAction","target":{"@type":"EntryPoint","urlTemplate":"https:\/\/www.visit-ulcinj.com\/blog\/?s={search_term_string}"},"query-input":"required name=search_term_string"}],"inLanguage":"en-US"},{"@type":"ImageObject","inLanguage":"en-US","@id":"https:\/\/www.visit-ulcinj.com\/blog\/2014\/10\/18\/vladislav-bojovic-abazovic-da-osudi-ekstremizam-u-ulcinju\/#primaryimage","url":"https:\/\/www.visit-ulcinj.com\/blog\/wp-content\/uploads\/2014\/10\/Vladislav-Bojovic.jpg","contentUrl":"https:\/\/www.visit-ulcinj.com\/blog\/wp-content\/uploads\/2014\/10\/Vladislav-Bojovic.jpg","width":607,"height":336},{"@type":"WebPage","@id":"https:\/\/www.visit-ulcinj.com\/blog\/2014\/10\/18\/vladislav-bojovic-abazovic-da-osudi-ekstremizam-u-ulcinju\/#webpage","url":"https:\/\/www.visit-ulcinj.com\/blog\/2014\/10\/18\/vladislav-bojovic-abazovic-da-osudi-ekstremizam-u-ulcinju\/","name":"Vladislav Bojovi\u0107: Abazovi\u0107 da osudi ekstremizam u Ulcinju - Lajme nga Ulqini","isPartOf":{"@id":"https:\/\/www.visit-ulcinj.com\/blog\/#website"},"primaryImageOfPage":{"@id":"https:\/\/www.visit-ulcinj.com\/blog\/2014\/10\/18\/vladislav-bojovic-abazovic-da-osudi-ekstremizam-u-ulcinju\/#primaryimage"},"datePublished":"2014-10-18T16:33:04+00:00","dateModified":"2014-10-18T16:34:42+00:00","author":{"@id":"https:\/\/www.visit-ulcinj.com\/blog\/#\/schema\/person\/dcab619c614d3038751c63bc2aadc06d"},"description":"Poslanik Demokratskog frotna (DF) Vladislav Bojovi\u0107 kazao je danas da poslanik Dritan Abazovi\u0107 treba da osudi \u201epromovisanje ekstremizma u Ulcinju\u201c, \u010dime","breadcrumb":{"@id":"https:\/\/www.visit-ulcinj.com\/blog\/2014\/10\/18\/vladislav-bojovic-abazovic-da-osudi-ekstremizam-u-ulcinju\/#breadcrumb"},"inLanguage":"en-US","potentialAction":[{"@type":"ReadAction","target":["https:\/\/www.visit-ulcinj.com\/blog\/2014\/10\/18\/vladislav-bojovic-abazovic-da-osudi-ekstremizam-u-ulcinju\/"]}]},{"@type":"BreadcrumbList","@id":"https:\/\/www.visit-ulcinj.com\/blog\/2014\/10\/18\/vladislav-bojovic-abazovic-da-osudi-ekstremizam-u-ulcinju\/#breadcrumb","itemListElement":[{"@type":"ListItem","position":1,"name":"Vladislav Bojovi\u0107: Abazovi\u0107 da osudi ekstremizam u Ulcinju"}]},{"@type":"Person","@id":"https:\/\/www.visit-ulcinj.com\/blog\/#\/schema\/person\/dcab619c614d3038751c63bc2aadc06d","name":"ulqini","sameAs":["http:\/\/www.visit-ulcinj.com"],"url":"https:\/\/www.visit-ulcinj.com\/blog\/author\/admin\/"}]}},"jetpack_featured_media_url":"","jetpack_sharing_enabled":true,"jetpack_shortlink":"https:\/\/wp.me\/pe6lTn-mjK","_links":{"self":[{"href":"https:\/\/www.visit-ulcinj.com\/blog\/wp-json\/wp\/v2\/posts\/85792"}],"collection":[{"href":"https:\/\/www.visit-ulcinj.com\/blog\/wp-json\/wp\/v2\/posts"}],"about":[{"href":"https:\/\/www.visit-ulcinj.com\/blog\/wp-json\/wp\/v2\/types\/post"}],"author":[{"embeddable":true,"href":"https:\/\/www.visit-ulcinj.com\/blog\/wp-json\/wp\/v2\/users\/1"}],"replies":[{"embeddable":true,"href":"https:\/\/www.visit-ulcinj.com\/blog\/wp-json\/wp\/v2\/comments?post=85792"}],"version-history":[{"count":2,"href":"https:\/\/www.visit-ulcinj.com\/blog\/wp-json\/wp\/v2\/posts\/85792\/revisions"}],"predecessor-version":[{"id":85795,"href":"https:\/\/www.visit-ulcinj.com\/blog\/wp-json\/wp\/v2\/posts\/85792\/revisions\/85795"}],"wp:attachment":[{"href":"https:\/\/www.visit-ulcinj.com\/blog\/wp-json\/wp\/v2\/media?parent=85792"}],"wp:term":[{"taxonomy":"category","embeddable":true,"href":"https:\/\/www.visit-ulcinj.com\/blog\/wp-json\/wp\/v2\/categories?post=85792"},{"taxonomy":"post_tag","embeddable":true,"href":"https:\/\/www.visit-ulcinj.com\/blog\/wp-json\/wp\/v2\/tags?post=85792"}],"curies":[{"name":"wp","href":"https:\/\/api.w.org\/{rel}","templated":true}]}}