{"id":85800,"date":"2014-10-19T09:08:54","date_gmt":"2014-10-19T08:08:54","guid":{"rendered":"http:\/\/www.visit-ulcinj.com\/blog\/?p=85800"},"modified":"2014-10-19T18:23:57","modified_gmt":"2014-10-19T17:23:57","slug":"nebojsa-medojevic-ujedinjeni-oko-projekta-v-albanije","status":"publish","type":"post","link":"https:\/\/www.visit-ulcinj.com\/blog\/2014\/10\/19\/nebojsa-medojevic-ujedinjeni-oko-projekta-v-albanije\/","title":{"rendered":"Neboj\u0161a Medojevi\u0107: Ujedinjeni oko projekta V. Albanije"},"content":{"rendered":"<p><a href=\"http:\/\/www.visit-ulcinj.com\/blog\/wp-content\/uploads\/2014\/10\/Nebojsa-Medojevic-albanci.jpg\"><img loading=\"lazy\" class=\"alignleft wp-image-85801\" src=\"http:\/\/www.visit-ulcinj.com\/blog\/wp-content\/uploads\/2014\/10\/Nebojsa-Medojevic-albanci.jpg\" alt=\"Nebojsa Medojevic-albanci\" width=\"508\" height=\"342\" srcset=\"https:\/\/www.visit-ulcinj.com\/blog\/wp-content\/uploads\/2014\/10\/Nebojsa-Medojevic-albanci.jpg 714w, https:\/\/www.visit-ulcinj.com\/blog\/wp-content\/uploads\/2014\/10\/Nebojsa-Medojevic-albanci-300x201.jpg 300w\" sizes=\"(max-width: 508px) 100vw, 508px\" \/><\/a>Albanci su ujedinjeni oko velikodr\u017eavnog projekta Velike Albanije, napisao je, na svom Tviter nalogu, lider Pokreta za promjene i \u010dlan Predsjedni\u0161tva Demokratskog fronta Neboj\u0161a Medojevi\u0107, ocjenjuju\u0107i da rade na duge staze.<\/p>\n<p>&#8220;Albanci su ujedinjeni oko projekta Velike Albanije. Imaju ozbiljnu podr\u0161ku dijaspore, sjajne odnose sa SAD i napreduju ka EU. Rad na duge staze&#8221;, napisao je Medojevi\u0107.<\/p>\n<p>On je, istovremeno, kritikovao pona\u0161anje Albanaca u Crnoj Gori koji su slavili prekid fudbalske utakmice Srbija \u2013Albanija.<\/p>\n<p>&#8220;Mogao bih da shvatim Albance u Crnoj Gori da su slavili pobjedu reprezentacije u Beogradu, ali da slave provokacije, nacionalne uvrede i sukobe, ne mogu&#8221;, napisao je Medojevi\u0107.<\/p>\n<p>&nbsp;<\/p>\n<p><strong>Izvor: Portal Analitika<\/strong><\/p>\n<p>&nbsp;<\/p>\n<p><span class=\"rubnnaslov\"><strong>Dr\u017eava zata\u0161kava ispade albanskih ekstremista<\/strong> <\/span><\/p>\n<p>&nbsp;<\/p>\n<p><span class=\"tekstcijeli\">Pred\u00adsjed\u00adni\u00ad\u0161tva DF-a i li\u00adder PzP-a Ne\u00adboj\u00ad\u0161a Me\u00addo\u00adje\u00advi\u0107 sa\u00adop\u00ad\u0161tio je ju\u00ad\u010de da su mu iz\u00advo\u00adri iz ANB-a ka\u00adza\u00adli da su o sla\u00advlje\u00adnju in\u00adci\u00adde\u00adna\u00adta i pro\u00admo\u00adci\u00adji al\u00adban\u00adskog na\u00adci\u00ado\u00adna\u00adli\u00adzma u Ul\u00adci\u00adnju, Pla\u00advu i Tu\u00adzi\u00adma in\u00adfor\u00admi\u00adsa\u00adli vrh dr\u00ad\u017ea\u00adve, ko\u00adji sa\u00adda po\u00adku\u00ad\u0161a\u00adva to da za\u00adta\u00ad\u0161ka. Me\u00addo\u00adje\u00advi\u0107 je re\u00adkao da je ne\u00adshva\u00adtlji\u00advo za\u00ad\u0161to se al\u00adban\u00adski po\u00adli\u00adti\u00ad\u010da\u00adri u Cr\u00adnoj Go\u00adri jav\u00adno ne ogra\u00adde od skan\u00addi\u00adra\u00adnja u Ul\u00adci\u00adnju da \u201eUl\u00adcinj ni\u00adje Cr\u00adna Go\u00adra, Ul\u00adcinj je Al\u00adba\u00adni\u00adja\u201d.<br \/>\n&#8211; Albanci su ujedinjeni oko projekta \u201eVelike Albanije\u201d. Imaju ozbiljnu podr\u0161ku dijaspore, sjajne odnose sa SAD i napreduju ka EU. Rad na duge staze &#8211; naveo je Medojevi\u0107 na Tviteru.<br \/>\nIs\u00adti\u00ad\u010du\u00ad\u0107i da je pro\u00adtiv sva\u00adkog eks\u00adtre\u00admi\u00adzma, Me\u00addo\u00adje\u00advi\u0107 je re\u00adkao da je na iz\u00adli\u00adve al\u00adban\u00adskog na\u00adci\u00ado\u00adna\u00adli\u00adzma dr\u00ad\u017ea\u00adva re\u00ada\u00adgo\u00adva\u00adla mla\u00adko, po\u00adseb\u00adno \u0161to jo\u0161 ni\u00adje za\u00adka\u00adza\u00adna sjed\u00adni\u00adca skup\u00ad\u0161tin\u00adskog Od\u00adbo\u00adra za bez\u00adbjed\u00adnost i od\u00adbra\u00adnu po\u00advo\u00addom tih pi\u00adta\u00adnja.<br \/>\n\u2013 Na\u00adkon 25 go\u00addi\u00adna jav\u00adnog an\u00adga\u00ad\u017ema\u00adna pro\u00adtiv sva\u00adkog na\u00adci\u00ado\u00adnalz\u00adma, fa\u00ad\u0161i\u00adzma i eks\u00adtre\u00admi\u00adzma, sva\u00adko ko bar ma\u00adlo pra\u00adti mo\u00adje jav\u00adno dje\u00adlo\u00adva\u00adnje zna da ja ne po\u00addi\u00adla\u00adzim ni\u00adko\u00adme, a po\u00adseb\u00adno ne eks\u00adtre\u00admi\u00adsti\u00adma. Ka\u00adda ne\u00adko kli\u00ad\u010de u Be\u00adra\u00adna\u00adma \u201eOvo je Sr\u00adbi\u00adja\u201d, on\u00adda je to za\u00adbri\u00adnja\u00adva\u00adju\u00ad\u0107i srp\u00adski eskre\u00admi\u00adzam, a ka\u00adda 200 mo\u00adma\u00adka u Ul\u00adci\u00adnju kli\u00ad\u010du \u201eUl\u00adcinj ni\u00adje Cr\u00adna Go\u00adra, Ul\u00adcinj je Al\u00adba\u00adni\u00adja\u201d, on\u00adda je to nor\u00admal\u00adno sla\u00advlje uspje\u00adha fu\u00adbal\u00adske re\u00adpre\u00adzen\u00adta\u00adci\u00adje Al\u00adba\u00adni\u00adje. Ja sam pri\u00adni\u00adpi\u00adjel\u00adno 25 go\u00addi\u00adna pro\u00adtiv sva\u00adkog esk\u00adter\u00admi\u00adzma, a mno\u00adgi se na\u00admjer\u00adno ili spon\u00adta\u00adno pri\u00adklju\u00ad\u010du\u00adju an\u00adti\u00adsrp\u00adskoj hi\u00adste\u00adri\u00adji to\u00adle\u00adri\u00ad\u0161u\u00ad\u0107i dru\u00adge eks\u00adtre\u00admi\u00adzme. Za me\u00adne su i Be\u00adra\u00adne i Ul\u00adcinj \u2013 Cr\u00adna Go\u00adra, ali te\u00ad\u0161ko \u0107e\u00adte na\u00ad\u0107i al\u00adban\u00adskog po\u00adli\u00adti\u00ad\u010da\u00adra ko\u00adji \u0107e se jav\u00adno ogra\u00addi\u00adti od skan\u00addi\u00adra\u00adnja u Ul\u00adci\u00adnju da \u201eUl\u00adcinj ni\u00adje Cr\u00adna Go\u00adra, Ul\u00adcinj je Al\u00adba\u00adni\u00adja\u201d \u2013 po\u00adru\u00ad\u010dio je Me\u00addo\u00adje\u00advi\u0107.<br \/>\nOn je na svom fej\u00adsbuk pro\u00adfi\u00adlu na\u00adpi\u00adsao da se u Ul\u00adci\u00adnju, Tu\u00adzi\u00adma i Pla\u00advu ni\u00adje sla\u00advi\u00adla po\u00adbje\u00adda, ni\u00adti uspjeh, ni\u00adti bi\u00adlo \u0161ta do\u00adbro i po\u00adzi\u00adtiv\u00adno.<br \/>\n\u2013 Sla\u00advlje\u00adni su in\u00adci\u00addent, pro\u00advo\u00adak\u00adci\u00adja, su\u00adkob i mr\u00ad\u017enja. Ne\u00admam ni\u00ad\u0161ta pro\u00adtiv sla\u00advlja Al\u00adba\u00adna\u00adca ka\u00adda re\u00adpre\u00adzen\u00adta\u00adci\u00adja Al\u00adba\u00adni\u00adje ili Ko\u00adso\u00adva na\u00adpra\u00advi uspjeh; kao ni pro\u00adtiv Sr\u00adba ka\u00adda re\u00adpre\u00adzen\u00adta\u00adci\u00adja Sr\u00adbi\u00adje na\u00adpra\u00advi ne\u00adki pod\u00advig; ni pro\u00adtiv sla\u00advlja Bo\u00ad\u0161nja\u00adka ka\u00adda re\u00adpre\u00adzen\u00adta\u00adci\u00adja BiH ili Tur\u00adske ne\u00ad\u0161to osvo\u00adji. Pro\u00adtiv sam sla\u00advlje\u00adnja in\u00adci\u00adde\u00adna\u00adta, uvre\u00adda i pri\u00admi\u00adtiv\u00adnog \u0161o\u00advi\u00adni\u00adzma. Bio i ostao. Mo\u00adji iz\u00advo\u00adri iz ANB-a ka\u00ad\u017eu da su sve do\u00adku\u00admen\u00adto\u00adva\u00adli i oba\u00advi\u00adje\u00adsti\u00adli vrh dr\u00ad\u017ea\u00adve, ko\u00adji sa\u00adda po\u00adku\u00ad\u0161a\u00adva da to za\u00adta\u00ad\u0161ka. Is\u00adpred \u201eAj\u00adri\u0161 pa\u00adba\u201d u Ul\u00adci\u00adnju kli\u00adca\u00adli su na al\u00adban\u00adskom i na en\u00adgle\u00adskom \u201eUl\u00adcinj ni\u00adje Cr\u00adna Go\u00adra, Ul\u00adcinj je Al\u00adba\u00adni\u00adja\u201d \u2013 re\u00adkao je Me\u00addo\u00adje\u00advi\u0107.<br \/>\nOn je na\u00adgla\u00adsio da je taj lo\u00adkal u Ul\u00adci\u00adnju bio pod nad\u00adzo\u00adrom ANB-a zbog oku\u00adplja\u00adnja ve\u00adha\u00adbi\u00adja, ta\u00adko da je sve \u0161to se de\u00ad\u0161a\u00adva ve\u00ado\u00adma do\u00adbro po\u00adzna\u00adto na\u00ad\u0161im slu\u00ad\u017eba\u00adma bez\u00adbjed\u00adno\u00adsti i dr\u00ad\u017eav\u00adnom vr\u00adhu.<br \/>\n\u010cla\u00adno\u00advi Od\u00adbo\u00adra za bez\u00adbjed\u00adnost iz DF-a An\u00addri\u00adja Man\u00addi\u0107, Ne\u00adboj\u00ad\u0161a Me\u00addo\u00adje\u00advi\u0107 i Pre\u00addrag Bu\u00adla\u00adto\u00advi\u0107 za\u00adtra\u00ad\u017ei\u00adli su sjed\u00adni\u00adcu tog ti\u00adje\u00adla zbog, ka\u00adko su na\u00adve\u00adli, bez\u00adbjed\u00adno\u00adsne si\u00adtu\u00ada\u00adci\u00adje u Cr\u00adnoj Go\u00adri sa aspek\u00adta pri\u00adjet\u00adnji po ustav\u00adni po\u00adre\u00addak, mir i bez\u00adbjed\u00adnost gra\u00ad\u0111a\u00adna i te\u00adri\u00adto\u00adri\u00adjal\u00adni in\u00adte\u00adgri\u00adtet od eks\u00adtre\u00admi\u00adsti\u010d\u00adkih gru\u00adpa i or\u00adga\u00adni\u00adza\u00adci\u00adja.<br \/>\nIn\u00adci\u00adden\u00adti u Ul\u00adci\u00adnju, Pla\u00advu i Tu\u00adzi\u00adma do\u00adgo\u00addi\u00adli su se na\u00adkon pre\u00adki\u00adda fud\u00adbal\u00adske utak\u00admi\u00adce Sr\u00adbi\u00adja\u2013Al\u00adba\u00adni\u00adja, a do\u00adsad se naj\u00adve\u00ad\u0107i broj al\u00adban\u00adskih po\u00adli\u00adti\u00ad\u010da\u00adra iz Cr\u00adne Go\u00adre ni\u00adje ogra\u00addio od iz\u00adli\u00adva eks\u00adtre\u00admi\u00adzma nje\u00adgo\u00advih su\u00adna\u00adrod\u00adni\u00adka.<br \/>\n<strong>M.V.<\/strong><\/span><\/p>\n<p><strong> Vlast pre\u00ad\u0107ut\u00adku\u00adje pla\u00adno\u00adve za ko\u00adma\u00adda\u00adnje Cr\u00adne Go\u00adre<\/strong><\/p>\n<p>Ugled\u00adni isto\u00adri\u00ad\u010da\u00adri i po\u00adzna\u00adva\u00ado\u00adci po\u00adli\u00adti\u010d\u00adkih pri\u00adli\u00adka na ovom pro\u00adsto\u00adru odav\u00adno su uka\u00adzi\u00adva\u00adli na \u010di\u00adnje\u00adni\u00adcu da se pod fir\u00admom bor\u00adbe pro\u00adtiv ,,Ve\u00adli\u00adke Sr\u00adbi\u00adje\u201d stva\u00adra \u201eVe\u00adli\u00adka Al\u00adba\u00adni\u00adja\u201d, te da je to pro\u00adje\u00adkat ne\u00adkih mo\u0107\u00adnih me\u00ad\u0111u\u00adna\u00adrod\u00adnih fak\u00adto\u00adra, ka\u00adzao je funk\u00adci\u00ado\u00adner No\u00adve srp\u00adske de\u00admo\u00adkra\u00adti\u00adje Bu\u00addi\u00admir Alek\u00adsi\u0107. On je re\u00adkao da je na\u00adci\u00adsti\u010d\u00adko-fa\u00ad\u0161i\u00adsti\u010d\u00adka \u201eVe\u00adli\u00adka Al\u00adba\u00adni\u00adja\u201d, stvo\u00adre\u00adna 1941. go\u00addi\u00adne, po\u00adsta\u00adla uzor Al\u00adban\u00adci\u00adma iako je taj pro\u00adje\u00adkat pri\u00advid\u00adno po\u00adra\u00ad\u017een 1944. i 1945. go\u00addi\u00adne.<br \/>\n\u2013 Sve \u0161to se ra\u00addi\u00adlo po\u00adsli\u00adje to\u00adga iz Ti\u00adra\u00adne, u za\u00adjed\u00adni\u00adci sa al\u00adban\u00adskom ma\u00adnji\u00adnom u su\u00adsjed\u00adnim dr\u00ad\u017ea\u00adva\u00adma, ra\u00addi\u00adlo se u tom prav\u00adcu. Knji\u00ad\u017eev\u00adni kri\u00adti\u00ad\u010dar i isto\u00adri\u00ad\u010dar \u017di\u00advo\u00adrad Stoj\u00adko\u00advi\u0107 je se\u00adpa\u00adra\u00adti\u00adsti\u010d\u00adko-te\u00adro\u00adri\u00adsti\u010d\u00adki po\u00adkret al\u00adban\u00adske ma\u00adnji\u00adne u Sr\u00adbi\u00adji jo\u0161 po\u00ad\u010det\u00adkom osam\u00adde\u00adse\u00adtih go\u00addi\u00adna pro\u00ad\u0161log vi\u00adje\u00adka na\u00adzvao \u201etre\u00ad\u0107im bal\u00adkan\u00adskim ra\u00adtom za dru\u00adgu al\u00adban\u00adsku dr\u00ad\u017ea\u00advu\u201d \u2013 na\u00adveo je Alek\u00adsi\u0107.<br \/>\nOn je ob\u00adja\u00adsnio da je kon\u00adcept \u201eVe\u00adli\u00adke Al\u00adba\u00adni\u00adje\u201d cje\u00adlo\u00advi\u00adto raz\u00adra\u00ad\u0111en u do\u00adku\u00admen\u00adtu Aka\u00adde\u00admi\u00adje na\u00adu\u00adka Al\u00adba\u00adni\u00adje iz 1998. pod na\u00adzi\u00advom ,,Plat\u00adfor\u00adma za rje\u00ad\u0161e\u00adnje al\u00adban\u00adskog na\u00adci\u00ado\u00adnal\u00adnog pi\u00adta\u00adnja\u201d, a usvo\u00adji\u00adla ga je skup\u00ad\u0161ti\u00adna te aka\u00adde\u00admi\u00adje.<br \/>\n\u2013 U tom do\u00adku\u00admen\u00adtu se, po\u00adred osta\u00adlog, tra\u00ad\u017ei ,,za\u00adjed\u00adni\u010d\u00adko po\u00adsre\u00addo\u00adva\u00adnje al\u00adban\u00adskih de\u00admo\u00adkrat\u00adskih sna\u00adga i me\u00ad\u0111u\u00adna\u00adrod\u00adnih fak\u00adto\u00adra ra\u00addi po\u00admo\u00ad\u0107i Al\u00adban\u00adci\u00adma u Cr\u00adnoj Go\u00adri da ima\u00adju svo\u00adju auto\u00adnom\u00adnu po\u00adkra\u00adji\u00adnu\u201d. O sve\u00admu to\u00adme \u0107u\u00adte al\u00adban\u00adski po\u00adli\u00adti\u00ad\u010da\u00adri u Cr\u00adnoj Go\u00adri, a \u0107u\u00adti i vlast u ovoj ze\u00admlji, kao i svi pro\u00adta\u00adgo\u00adni\u00adsti cr\u00adno\u00adgor\u00adskog ide\u00ado\u00adlo\u00ad\u0161kog pro\u00adjek\u00adta, \u0161to je ve\u00ado\u00adma in\u00adte\u00adre\u00adsant\u00adno i kraj\u00adnje in\u00addi\u00adka\u00adtiv\u00adno. Vri\u00adje\u00adme ko\u00adje je pred na\u00adma vr\u00adlo br\u00adzo \u0107e po\u00adka\u00adza\u00adti ka\u00adko \u0107e se stva\u00adri od\u00advi\u00adja\u00adti u po\u00adgle\u00addu re\u00ada\u00adli\u00adza\u00adci\u00adje ovog kon\u00adcep\u00adta \u2013 uka\u00adzao je Alek\u00adsi\u0107.<\/p>\n<p><strong>Nu\u00adho\u00add\u017ei\u0107: Ustav\u00adni po\u00adre\u00addak i in\u00adte\u00adgri\u00adtet ni\u00adje\u00adsu ugro\u00ad\u017ee\u00adni<\/strong><\/p>\n<p>Pred\u00adsjed\u00adnik Od\u00adbo\u00adra za bez\u00adbjed\u00adnost Me\u00advlu\u00addin Nu\u00adho\u00add\u017ei\u0107 (DPS) ka\u00adzao je da bez\u00adbjed\u00adnost, ustav\u00adni po\u00adre\u00addak i te\u00adri\u00adto\u00adri\u00adjal\u00adni in\u00adte\u00adgri\u00adtet Cr\u00adne Go\u00adre ni\u00adje\u00adsu ugro\u00ad\u017ee\u00adni ni\u00adti to mo\u00adgu bi\u00adti, a za to su ga\u00adrant nad\u00adle\u00ad\u017ene dr\u00ad\u017eav\u00adne in\u00adsti\u00adtu\u00adci\u00adje. Nu\u00adho\u00add\u017ei\u0107 je po\u00adru\u00ad\u010dio da je do\u00adbio ini\u00adci\u00adja\u00adti\u00advu za odr\u00ad\u017ea\u00adva\u00adnje sjed\u00adni\u00adce od\u00adbo\u00adra o bez\u00adbjed\u00adno\u00adsnoj si\u00adtu\u00ada\u00adci\u00adji u Cr\u00adnoj Go\u00adri ko\u00adju su pre\u00adda\u00adli Man\u00addi\u0107, Me\u00addo\u00adje\u00advi\u0107 i Bu\u00adla\u00adto\u00advi\u0107.<br \/>\n\u2013 Ne vi\u00addim ni\u00adka\u00adkav raz\u00adlog za hit\u00adnost sa\u00adzi\u00adva\u00adnja sjed\u00adni\u00adce. Bez\u00adbjed\u00adnost, ustav\u00adni po\u00adre\u00addak i te\u00adri\u00adto\u00adri\u00adjal\u00adni in\u00adte\u00adgri\u00adtet Cr\u00adne Go\u00adre ni\u00adje\u00adsu ugro\u00ad\u017ee\u00adni ni\u00adti to mo\u00adgu bi\u00adti, ali sva\u00adki slu\u00ad\u010daj ko\u00adji mo\u00ad\u017ee bi\u00adti bez\u00adbjed\u00adno\u00adsno in\u00adte\u00adre\u00adsan\u00adtan bi\u00ad\u0107e pred\u00admet pa\u00ad\u017enje Od\u00adbo\u00adra za bez\u00adbjed\u00adnost i od\u00adbra\u00adnu \u2013 re\u00adkao je Nu\u00adho\u00add\u017ei\u0107 Mi\u00adni.<br \/>\nPre\u00adma na\u00advo\u00addi\u00adma Nu\u00adho\u00add\u017ei\u00ad\u0107a, bit\u00adno je ne pod\u00adgri\u00adja\u00adva\u00adti stra\u00adsti ve\u0107 ih smi\u00adri\u00adva\u00adti.<br \/>\n\u2013 To je za\u00adda\u00adtak svih, a po\u00adseb\u00adno od\u00adgo\u00advor\u00adnih po\u00adli\u00adti\u00ad\u010da\u00adra. Neo\u00adp\u00adhod\u00adno je do\u00ad\u0107i do isti\u00adne i \u010di\u00adnje\u00adni\u00adca o svim do\u00adga\u00ad\u0111a\u00adji\u00adma ka\u00adko se ne bi na\u00adru\u00ad\u0161io mul\u00adti\u00adet\u00adni\u010d\u00adki sklad, gra\u00ad\u0111an\u00adski kon\u00adcept dr\u00ad\u017ea\u00adve i ugro\u00adzi\u00adla nje\u00adna bez\u00adbjed\u00adnost \u2013 ka\u00adzao je Nu\u00adho\u00add\u017ei\u0107.<\/p>\n<p><strong>Izvor: DAN<\/strong><\/p>\n","protected":false},"excerpt":{"rendered":"<p>Albanci su ujedinjeni oko velikodr\u017eavnog projekta Velike Albanije, napisao je, na svom Tviter nalogu, lider Pokreta za promjene i \u010dlan Predsjedni\u0161tva Demokratskog fronta Neboj\u0161a Medojevi\u0107, ocjenjuju\u0107i da rade na duge staze. &#8220;Albanci su ujedinjeni oko projekta Velike Albanije. Imaju ozbiljnu podr\u0161ku dijaspore, sjajne odnose sa SAD i napreduju ka EU. Rad na duge staze&#8221;, napisao [&hellip;]<\/p>\n","protected":false},"author":1,"featured_media":0,"comment_status":"closed","ping_status":"closed","sticky":false,"template":"","format":"standard","meta":{"spay_email":"","jetpack_publicize_message":"","jetpack_is_tweetstorm":false,"jetpack_publicize_feature_enabled":true},"categories":[8337],"tags":[],"jetpack_publicize_connections":[],"yoast_head":"<!-- This site is optimized with the Yoast SEO plugin v19.1 - https:\/\/yoast.com\/wordpress\/plugins\/seo\/ -->\n<title>Neboj\u0161a Medojevi\u0107: Ujedinjeni oko projekta V. Albanije - Lajme nga Ulqini<\/title>\n<meta name=\"description\" content=\"Albanci su ujedinjeni oko velikodr\u017eavnog projekta Velike Albanije, napisao je, na svom Tviter nalogu, lider Pokreta za promjene i \u010dlan Predsjedni\u0161tva\" \/>\n<meta name=\"robots\" content=\"index, follow, max-snippet:-1, max-image-preview:large, max-video-preview:-1\" \/>\n<link rel=\"canonical\" href=\"https:\/\/www.visit-ulcinj.com\/blog\/2014\/10\/19\/nebojsa-medojevic-ujedinjeni-oko-projekta-v-albanije\/\" \/>\n<meta property=\"og:locale\" content=\"en_US\" \/>\n<meta property=\"og:type\" content=\"article\" \/>\n<meta property=\"og:title\" content=\"Neboj\u0161a Medojevi\u0107: Ujedinjeni oko projekta V. Albanije - Lajme nga Ulqini\" \/>\n<meta property=\"og:description\" content=\"Albanci su ujedinjeni oko velikodr\u017eavnog projekta Velike Albanije, napisao je, na svom Tviter nalogu, lider Pokreta za promjene i \u010dlan Predsjedni\u0161tva\" \/>\n<meta property=\"og:url\" content=\"https:\/\/www.visit-ulcinj.com\/blog\/2014\/10\/19\/nebojsa-medojevic-ujedinjeni-oko-projekta-v-albanije\/\" \/>\n<meta property=\"og:site_name\" content=\"Lajme nga Ulqini\" \/>\n<meta property=\"article:published_time\" content=\"2014-10-19T08:08:54+00:00\" \/>\n<meta property=\"article:modified_time\" content=\"2014-10-19T17:23:57+00:00\" \/>\n<meta property=\"og:image\" content=\"http:\/\/www.visit-ulcinj.com\/blog\/wp-content\/uploads\/2014\/10\/Nebojsa-Medojevic-albanci.jpg\" \/>\n<meta name=\"twitter:label1\" content=\"Written by\" \/>\n\t<meta name=\"twitter:data1\" content=\"ulqini\" \/>\n\t<meta name=\"twitter:label2\" content=\"Est. reading time\" \/>\n\t<meta name=\"twitter:data2\" content=\"10 minutes\" \/>\n<script type=\"application\/ld+json\" class=\"yoast-schema-graph\">{\"@context\":\"https:\/\/schema.org\",\"@graph\":[{\"@type\":\"WebSite\",\"@id\":\"https:\/\/www.visit-ulcinj.com\/blog\/#website\",\"url\":\"https:\/\/www.visit-ulcinj.com\/blog\/\",\"name\":\"Lajme nga Ulqini\",\"description\":\"Lajme,Vijesti,Ulqini,Ulqin,Crna Gora,Mali i Zi\",\"potentialAction\":[{\"@type\":\"SearchAction\",\"target\":{\"@type\":\"EntryPoint\",\"urlTemplate\":\"https:\/\/www.visit-ulcinj.com\/blog\/?s={search_term_string}\"},\"query-input\":\"required name=search_term_string\"}],\"inLanguage\":\"en-US\"},{\"@type\":\"ImageObject\",\"inLanguage\":\"en-US\",\"@id\":\"https:\/\/www.visit-ulcinj.com\/blog\/2014\/10\/19\/nebojsa-medojevic-ujedinjeni-oko-projekta-v-albanije\/#primaryimage\",\"url\":\"https:\/\/www.visit-ulcinj.com\/blog\/wp-content\/uploads\/2014\/10\/Nebojsa-Medojevic-albanci.jpg\",\"contentUrl\":\"https:\/\/www.visit-ulcinj.com\/blog\/wp-content\/uploads\/2014\/10\/Nebojsa-Medojevic-albanci.jpg\",\"width\":714,\"height\":480},{\"@type\":\"WebPage\",\"@id\":\"https:\/\/www.visit-ulcinj.com\/blog\/2014\/10\/19\/nebojsa-medojevic-ujedinjeni-oko-projekta-v-albanije\/#webpage\",\"url\":\"https:\/\/www.visit-ulcinj.com\/blog\/2014\/10\/19\/nebojsa-medojevic-ujedinjeni-oko-projekta-v-albanije\/\",\"name\":\"Neboj\u0161a Medojevi\u0107: Ujedinjeni oko projekta V. Albanije - Lajme nga Ulqini\",\"isPartOf\":{\"@id\":\"https:\/\/www.visit-ulcinj.com\/blog\/#website\"},\"primaryImageOfPage\":{\"@id\":\"https:\/\/www.visit-ulcinj.com\/blog\/2014\/10\/19\/nebojsa-medojevic-ujedinjeni-oko-projekta-v-albanije\/#primaryimage\"},\"datePublished\":\"2014-10-19T08:08:54+00:00\",\"dateModified\":\"2014-10-19T17:23:57+00:00\",\"author\":{\"@id\":\"https:\/\/www.visit-ulcinj.com\/blog\/#\/schema\/person\/dcab619c614d3038751c63bc2aadc06d\"},\"description\":\"Albanci su ujedinjeni oko velikodr\u017eavnog projekta Velike Albanije, napisao je, na svom Tviter nalogu, lider Pokreta za promjene i \u010dlan Predsjedni\u0161tva\",\"breadcrumb\":{\"@id\":\"https:\/\/www.visit-ulcinj.com\/blog\/2014\/10\/19\/nebojsa-medojevic-ujedinjeni-oko-projekta-v-albanije\/#breadcrumb\"},\"inLanguage\":\"en-US\",\"potentialAction\":[{\"@type\":\"ReadAction\",\"target\":[\"https:\/\/www.visit-ulcinj.com\/blog\/2014\/10\/19\/nebojsa-medojevic-ujedinjeni-oko-projekta-v-albanije\/\"]}]},{\"@type\":\"BreadcrumbList\",\"@id\":\"https:\/\/www.visit-ulcinj.com\/blog\/2014\/10\/19\/nebojsa-medojevic-ujedinjeni-oko-projekta-v-albanije\/#breadcrumb\",\"itemListElement\":[{\"@type\":\"ListItem\",\"position\":1,\"name\":\"Neboj\u0161a Medojevi\u0107: Ujedinjeni oko projekta V. Albanije\"}]},{\"@type\":\"Person\",\"@id\":\"https:\/\/www.visit-ulcinj.com\/blog\/#\/schema\/person\/dcab619c614d3038751c63bc2aadc06d\",\"name\":\"ulqini\",\"sameAs\":[\"http:\/\/www.visit-ulcinj.com\"],\"url\":\"https:\/\/www.visit-ulcinj.com\/blog\/author\/admin\/\"}]}<\/script>\n<!-- \/ Yoast SEO plugin. -->","yoast_head_json":{"title":"Neboj\u0161a Medojevi\u0107: Ujedinjeni oko projekta V. Albanije - Lajme nga Ulqini","description":"Albanci su ujedinjeni oko velikodr\u017eavnog projekta Velike Albanije, napisao je, na svom Tviter nalogu, lider Pokreta za promjene i \u010dlan Predsjedni\u0161tva","robots":{"index":"index","follow":"follow","max-snippet":"max-snippet:-1","max-image-preview":"max-image-preview:large","max-video-preview":"max-video-preview:-1"},"canonical":"https:\/\/www.visit-ulcinj.com\/blog\/2014\/10\/19\/nebojsa-medojevic-ujedinjeni-oko-projekta-v-albanije\/","og_locale":"en_US","og_type":"article","og_title":"Neboj\u0161a Medojevi\u0107: Ujedinjeni oko projekta V. Albanije - Lajme nga Ulqini","og_description":"Albanci su ujedinjeni oko velikodr\u017eavnog projekta Velike Albanije, napisao je, na svom Tviter nalogu, lider Pokreta za promjene i \u010dlan Predsjedni\u0161tva","og_url":"https:\/\/www.visit-ulcinj.com\/blog\/2014\/10\/19\/nebojsa-medojevic-ujedinjeni-oko-projekta-v-albanije\/","og_site_name":"Lajme nga Ulqini","article_published_time":"2014-10-19T08:08:54+00:00","article_modified_time":"2014-10-19T17:23:57+00:00","og_image":[{"url":"http:\/\/www.visit-ulcinj.com\/blog\/wp-content\/uploads\/2014\/10\/Nebojsa-Medojevic-albanci.jpg"}],"twitter_misc":{"Written by":"ulqini","Est. reading time":"10 minutes"},"schema":{"@context":"https:\/\/schema.org","@graph":[{"@type":"WebSite","@id":"https:\/\/www.visit-ulcinj.com\/blog\/#website","url":"https:\/\/www.visit-ulcinj.com\/blog\/","name":"Lajme nga Ulqini","description":"Lajme,Vijesti,Ulqini,Ulqin,Crna Gora,Mali i Zi","potentialAction":[{"@type":"SearchAction","target":{"@type":"EntryPoint","urlTemplate":"https:\/\/www.visit-ulcinj.com\/blog\/?s={search_term_string}"},"query-input":"required name=search_term_string"}],"inLanguage":"en-US"},{"@type":"ImageObject","inLanguage":"en-US","@id":"https:\/\/www.visit-ulcinj.com\/blog\/2014\/10\/19\/nebojsa-medojevic-ujedinjeni-oko-projekta-v-albanije\/#primaryimage","url":"https:\/\/www.visit-ulcinj.com\/blog\/wp-content\/uploads\/2014\/10\/Nebojsa-Medojevic-albanci.jpg","contentUrl":"https:\/\/www.visit-ulcinj.com\/blog\/wp-content\/uploads\/2014\/10\/Nebojsa-Medojevic-albanci.jpg","width":714,"height":480},{"@type":"WebPage","@id":"https:\/\/www.visit-ulcinj.com\/blog\/2014\/10\/19\/nebojsa-medojevic-ujedinjeni-oko-projekta-v-albanije\/#webpage","url":"https:\/\/www.visit-ulcinj.com\/blog\/2014\/10\/19\/nebojsa-medojevic-ujedinjeni-oko-projekta-v-albanije\/","name":"Neboj\u0161a Medojevi\u0107: Ujedinjeni oko projekta V. Albanije - Lajme nga Ulqini","isPartOf":{"@id":"https:\/\/www.visit-ulcinj.com\/blog\/#website"},"primaryImageOfPage":{"@id":"https:\/\/www.visit-ulcinj.com\/blog\/2014\/10\/19\/nebojsa-medojevic-ujedinjeni-oko-projekta-v-albanije\/#primaryimage"},"datePublished":"2014-10-19T08:08:54+00:00","dateModified":"2014-10-19T17:23:57+00:00","author":{"@id":"https:\/\/www.visit-ulcinj.com\/blog\/#\/schema\/person\/dcab619c614d3038751c63bc2aadc06d"},"description":"Albanci su ujedinjeni oko velikodr\u017eavnog projekta Velike Albanije, napisao je, na svom Tviter nalogu, lider Pokreta za promjene i \u010dlan Predsjedni\u0161tva","breadcrumb":{"@id":"https:\/\/www.visit-ulcinj.com\/blog\/2014\/10\/19\/nebojsa-medojevic-ujedinjeni-oko-projekta-v-albanije\/#breadcrumb"},"inLanguage":"en-US","potentialAction":[{"@type":"ReadAction","target":["https:\/\/www.visit-ulcinj.com\/blog\/2014\/10\/19\/nebojsa-medojevic-ujedinjeni-oko-projekta-v-albanije\/"]}]},{"@type":"BreadcrumbList","@id":"https:\/\/www.visit-ulcinj.com\/blog\/2014\/10\/19\/nebojsa-medojevic-ujedinjeni-oko-projekta-v-albanije\/#breadcrumb","itemListElement":[{"@type":"ListItem","position":1,"name":"Neboj\u0161a Medojevi\u0107: Ujedinjeni oko projekta V. Albanije"}]},{"@type":"Person","@id":"https:\/\/www.visit-ulcinj.com\/blog\/#\/schema\/person\/dcab619c614d3038751c63bc2aadc06d","name":"ulqini","sameAs":["http:\/\/www.visit-ulcinj.com"],"url":"https:\/\/www.visit-ulcinj.com\/blog\/author\/admin\/"}]}},"jetpack_featured_media_url":"","jetpack_sharing_enabled":true,"jetpack_shortlink":"https:\/\/wp.me\/pe6lTn-mjS","_links":{"self":[{"href":"https:\/\/www.visit-ulcinj.com\/blog\/wp-json\/wp\/v2\/posts\/85800"}],"collection":[{"href":"https:\/\/www.visit-ulcinj.com\/blog\/wp-json\/wp\/v2\/posts"}],"about":[{"href":"https:\/\/www.visit-ulcinj.com\/blog\/wp-json\/wp\/v2\/types\/post"}],"author":[{"embeddable":true,"href":"https:\/\/www.visit-ulcinj.com\/blog\/wp-json\/wp\/v2\/users\/1"}],"replies":[{"embeddable":true,"href":"https:\/\/www.visit-ulcinj.com\/blog\/wp-json\/wp\/v2\/comments?post=85800"}],"version-history":[{"count":3,"href":"https:\/\/www.visit-ulcinj.com\/blog\/wp-json\/wp\/v2\/posts\/85800\/revisions"}],"predecessor-version":[{"id":85809,"href":"https:\/\/www.visit-ulcinj.com\/blog\/wp-json\/wp\/v2\/posts\/85800\/revisions\/85809"}],"wp:attachment":[{"href":"https:\/\/www.visit-ulcinj.com\/blog\/wp-json\/wp\/v2\/media?parent=85800"}],"wp:term":[{"taxonomy":"category","embeddable":true,"href":"https:\/\/www.visit-ulcinj.com\/blog\/wp-json\/wp\/v2\/categories?post=85800"},{"taxonomy":"post_tag","embeddable":true,"href":"https:\/\/www.visit-ulcinj.com\/blog\/wp-json\/wp\/v2\/tags?post=85800"}],"curies":[{"name":"wp","href":"https:\/\/api.w.org\/{rel}","templated":true}]}}