{"id":85810,"date":"2014-10-19T18:29:56","date_gmt":"2014-10-19T17:29:56","guid":{"rendered":"http:\/\/www.visit-ulcinj.com\/blog\/?p=85810"},"modified":"2014-10-19T18:29:56","modified_gmt":"2014-10-19T17:29:56","slug":"12-novi-tender-za-solanu-ulcinj","status":"publish","type":"post","link":"https:\/\/www.visit-ulcinj.com\/blog\/2014\/10\/19\/12-novi-tender-za-solanu-ulcinj\/","title":{"rendered":"12 Novi tender za Solanu Ulcinj"},"content":{"rendered":"<p><a href=\"http:\/\/www.visit-ulcinj.com\/blog\/wp-content\/uploads\/2014\/03\/ULCINJSKA-SOLANA-1.jpg\"><img loading=\"lazy\" class=\"alignleft wp-image-80323\" src=\"http:\/\/www.visit-ulcinj.com\/blog\/wp-content\/uploads\/2014\/03\/ULCINJSKA-SOLANA-1.jpg\" alt=\"ULCINJSKA-SOLANA-1\" width=\"508\" height=\"341\" srcset=\"https:\/\/www.visit-ulcinj.com\/blog\/wp-content\/uploads\/2014\/03\/ULCINJSKA-SOLANA-1.jpg 975w, https:\/\/www.visit-ulcinj.com\/blog\/wp-content\/uploads\/2014\/03\/ULCINJSKA-SOLANA-1-300x201.jpg 300w\" sizes=\"(max-width: 508px) 100vw, 508px\" \/><\/a>Ste\u010dajna uprava ulcinjske Solane \u201eBajo Sekuli\u0107\u201c pozvala je zainteresovane da u narednih 30 dana dostave ponude o poslovno-tehni\u010dkoj saradnji za organizaciju poslovnog procesa ili uzimanju u zakup cjelokupnog tehni\u010dko-tehnolo\u0161kog kompleksa preduze\u0107a na du\u017ei period.<\/p>\n<p>Ste\u010dajna uprava pozvala je zainteresovane i da se prijave za otkup zaliha soli, rezervnih djelova i ambala\u017ee.<\/p>\n<p>Ste\u010dajna uprava Solane prethodno je odustala od prodaje imovine preduze\u0107a, nakon \u0161to je nedavno propao i 11. poku\u0161aj da se po cijeni od 179 miliona eura prodaju objekti, oprema i zemlji\u0161te od 15 miliona kvadrata.<\/p>\n<p>Umjesto prodaje, ste\u010dajna uprava je odlu\u010dila da raspi\u0161e novi tender o zakupu fabrike.<\/p>\n<p>Zainteresovani ponu\u0111a\u010di su, kako je navedeno u javnom pozivu, obavezni da organizuju proizvodnju i preradu soli na terenima i sa opremom Solane ili da obavljaju srodne djelatnosti kompatibilne prostornim, prirodnim i materijalnim potencijalima preduze\u0107a. Oni imaju obavezu i da organizuju odr\u017eavanje cejlokupne nepokretne i pokretne imovine koja je predmet poslovno-tehni\u010dke saradnje.<\/p>\n<p>Zainteresovani treba da obezbijede potrebna finansijska sredstva za organizovanje i nesmetano obavljanje poslovnog procesa i odr\u017eavanje imovine za vrijeme trajanja poslovno-tehni\u010dke saradnje ili zakupa.<\/p>\n<p>\u201cOni treba da otkupe sve zalihe sirove i upakovane soli, rezervnih djelova i ambala\u017ee, kao i da obezbijede stru\u010dni kadar za realizaciju poslovno-tehni\u010dke saradnje\u201d, navodi se u javnom pozivu.<\/p>\n<p>Potrebno je da zainteresovani ponu\u0111a\u010di imaju iskustvo u proizvodnji soli, njenoj preradi i trgovini, odnosno u srodnim djelatnostima, dostave dokaze o obezbje\u0111enju stru\u010dnog kadra i sredstava ili posebne bankarske garancije, naplative na prvi poziv i izdate kod bonitetne banke, potrebnih za pripremu i realizaciju planiranih aktivnosti i kvantitativno i kvalitativno odr\u017eavanje imovine.<\/p>\n<p>Ponude, koje se podgori\u010dkom Privrednom sudu mogu dostavljati narednih 30 dana, treba da sadr\u017ee naziv i adresu ponu\u0111a\u010da, kao i precizne uslove poslovno-tehni\u010dke saradnje ili zakupa.<\/p>\n<p>Ste\u010dajni upravnik \u0107e, nakon analize dostavljenih ponuda, donijeti odluku o nastavku pregovora sa izabranim ponu\u0111a\u010dem ili obustavljanju izbora. Prednost \u0107e, kako je obja\u0161njeno, imati ponu\u0111a\u010d sa ve\u0107im iskustvom i referencama u solarstvu, koji ponudi anga\u017eovanje vi\u0161e finansijskih sredstava u organizaciju i realizaciju poslovnog procesa sa validnim garancijama i koji ponudi Solani ve\u0107e u\u010de\u0161\u0107e u ostavrenom prihodu od poslovno-tehni\u010dke saradnje, odnosno ve\u0107u cijenu zakupa.<\/p>\n<p>Ste\u010dajna uprava je prethodni oglas za zakup tehni\u010dko-tehnolo\u0161kog kompleksa preduze\u0107a ili za poslovno-tehni\u010dku saradnju za organizovanje proizvodnje u periodu ovogodi\u0161nje i berbe soli u narednoj godini raspisla krajem maja, ali nije bilo zainteresovanih.<\/p>\n<p>Ste\u010dajna uprava Solane raspisala je i poziv za prodaju zaliha sirove soli, koja se nalazi lagerovana u krugu fabrike. Na prodaju je ponu\u0111eno oko 3,5 hiljada tona soli, po po\u010detnoj cijeni od 39 EUR za tonu, uve\u0107ano za porez na dodatu vrijednost (PDV).<\/p>\n<p>Ponude za kupovinu zaliha soli zainteresovani mogu dostavljati podgori\u010dkom Privrednom sudu do 11. novembra, kako bi ste\u010dajni upravnik u roku od osam dana izabrao najboljeg ponu\u0111a\u010da i sa njim zaklju\u010dio kupoprodajni ugovor.<\/p>\n<p>Ponu\u0111a\u010d je du\u017ean da ponudi kupoprodajnu cijenu po toni, bez uklju\u010denog PDV-a, a prednost \u0107e imati onaj koji ponudi vi\u0161e. Ukoliko se dogodi da dva ili vi\u0161e ponu\u0111a\u010da ponude istu cijenu, prednost \u0107e imati onaj koji kupuje ve\u0107u koli\u010dinu soli.<\/p>\n<p>Pravo u\u010de\u0161\u0107a imaju doma\u0107i i strani gra\u0111ani i preduze\u0107a koji uplate depozit od deset hiljada eura. Depozit \u0107e biti ura\u010dunat u kupoprodajnu cijenu izabranog kupca, dok \u0107e ostalim u\u010desnicima biti vra\u0107en.<\/p>\n<p>Solanu je od 2003. kontrolisao podgori\u010dki biznismen Veselin Barovi\u0107, koji je kupio kontrolni paket akcija za 800 hiljada eura. U kompaniju je 2005. godine, zbog duga od 13 hiljada eura, uveden programirani ste\u010daj, koji nije dao rezultate, pa je po\u010detkom 2011. godine uveden klasi\u010dni.<\/p>\n<p>Vlada je u novembru 2011. godine Solani oduzela koncesiju na kori\u0161\u0107enje morske vode.<\/p>\n<p><strong>Izvor: RTCG<\/strong><\/p>\n","protected":false},"excerpt":{"rendered":"<p>Ste\u010dajna uprava ulcinjske Solane \u201eBajo Sekuli\u0107\u201c pozvala je zainteresovane da u narednih 30 dana dostave ponude o poslovno-tehni\u010dkoj saradnji za organizaciju poslovnog procesa ili uzimanju u zakup cjelokupnog tehni\u010dko-tehnolo\u0161kog kompleksa preduze\u0107a na du\u017ei period. Ste\u010dajna uprava pozvala je zainteresovane i da se prijave za otkup zaliha soli, rezervnih djelova i ambala\u017ee. Ste\u010dajna uprava Solane prethodno [&hellip;]<\/p>\n","protected":false},"author":1,"featured_media":0,"comment_status":"closed","ping_status":"closed","sticky":false,"template":"","format":"standard","meta":{"spay_email":"","jetpack_publicize_message":"","jetpack_is_tweetstorm":false,"jetpack_publicize_feature_enabled":true},"categories":[8337],"tags":[],"jetpack_publicize_connections":[],"yoast_head":"<!-- This site is optimized with the Yoast SEO plugin v19.1 - https:\/\/yoast.com\/wordpress\/plugins\/seo\/ -->\n<title>12 Novi tender za Solanu Ulcinj - Lajme nga Ulqini<\/title>\n<meta name=\"description\" content=\"Ste\u010dajna uprava ulcinjske Solane \u201eBajo Sekuli\u0107\u201c pozvala je zainteresovane da u narednih 30 dana dostave ponude o poslovno-tehni\u010dkoj saradnji za\" \/>\n<meta name=\"robots\" content=\"index, follow, max-snippet:-1, max-image-preview:large, max-video-preview:-1\" \/>\n<link rel=\"canonical\" href=\"https:\/\/www.visit-ulcinj.com\/blog\/2014\/10\/19\/12-novi-tender-za-solanu-ulcinj\/\" \/>\n<meta property=\"og:locale\" content=\"en_US\" \/>\n<meta property=\"og:type\" content=\"article\" \/>\n<meta property=\"og:title\" content=\"12 Novi tender za Solanu Ulcinj - Lajme nga Ulqini\" \/>\n<meta property=\"og:description\" content=\"Ste\u010dajna uprava ulcinjske Solane \u201eBajo Sekuli\u0107\u201c pozvala je zainteresovane da u narednih 30 dana dostave ponude o poslovno-tehni\u010dkoj saradnji za\" \/>\n<meta property=\"og:url\" content=\"https:\/\/www.visit-ulcinj.com\/blog\/2014\/10\/19\/12-novi-tender-za-solanu-ulcinj\/\" \/>\n<meta property=\"og:site_name\" content=\"Lajme nga Ulqini\" \/>\n<meta property=\"article:published_time\" content=\"2014-10-19T17:29:56+00:00\" \/>\n<meta property=\"og:image\" content=\"http:\/\/www.visit-ulcinj.com\/blog\/wp-content\/uploads\/2014\/03\/ULCINJSKA-SOLANA-1.jpg\" \/>\n<meta name=\"twitter:label1\" content=\"Written by\" \/>\n\t<meta name=\"twitter:data1\" content=\"ulqini\" \/>\n\t<meta name=\"twitter:label2\" content=\"Est. reading time\" \/>\n\t<meta name=\"twitter:data2\" content=\"3 minutes\" \/>\n<script type=\"application\/ld+json\" class=\"yoast-schema-graph\">{\"@context\":\"https:\/\/schema.org\",\"@graph\":[{\"@type\":\"WebSite\",\"@id\":\"https:\/\/www.visit-ulcinj.com\/blog\/#website\",\"url\":\"https:\/\/www.visit-ulcinj.com\/blog\/\",\"name\":\"Lajme nga Ulqini\",\"description\":\"Lajme,Vijesti,Ulqini,Ulqin,Crna Gora,Mali i Zi\",\"potentialAction\":[{\"@type\":\"SearchAction\",\"target\":{\"@type\":\"EntryPoint\",\"urlTemplate\":\"https:\/\/www.visit-ulcinj.com\/blog\/?s={search_term_string}\"},\"query-input\":\"required name=search_term_string\"}],\"inLanguage\":\"en-US\"},{\"@type\":\"ImageObject\",\"inLanguage\":\"en-US\",\"@id\":\"https:\/\/www.visit-ulcinj.com\/blog\/2014\/10\/19\/12-novi-tender-za-solanu-ulcinj\/#primaryimage\",\"url\":\"https:\/\/www.visit-ulcinj.com\/blog\/wp-content\/uploads\/2014\/03\/ULCINJSKA-SOLANA-1.jpg\",\"contentUrl\":\"https:\/\/www.visit-ulcinj.com\/blog\/wp-content\/uploads\/2014\/03\/ULCINJSKA-SOLANA-1.jpg\",\"width\":975,\"height\":655},{\"@type\":\"WebPage\",\"@id\":\"https:\/\/www.visit-ulcinj.com\/blog\/2014\/10\/19\/12-novi-tender-za-solanu-ulcinj\/#webpage\",\"url\":\"https:\/\/www.visit-ulcinj.com\/blog\/2014\/10\/19\/12-novi-tender-za-solanu-ulcinj\/\",\"name\":\"12 Novi tender za Solanu Ulcinj - Lajme nga Ulqini\",\"isPartOf\":{\"@id\":\"https:\/\/www.visit-ulcinj.com\/blog\/#website\"},\"primaryImageOfPage\":{\"@id\":\"https:\/\/www.visit-ulcinj.com\/blog\/2014\/10\/19\/12-novi-tender-za-solanu-ulcinj\/#primaryimage\"},\"datePublished\":\"2014-10-19T17:29:56+00:00\",\"dateModified\":\"2014-10-19T17:29:56+00:00\",\"author\":{\"@id\":\"https:\/\/www.visit-ulcinj.com\/blog\/#\/schema\/person\/dcab619c614d3038751c63bc2aadc06d\"},\"description\":\"Ste\u010dajna uprava ulcinjske Solane \u201eBajo Sekuli\u0107\u201c pozvala je zainteresovane da u narednih 30 dana dostave ponude o poslovno-tehni\u010dkoj saradnji za\",\"breadcrumb\":{\"@id\":\"https:\/\/www.visit-ulcinj.com\/blog\/2014\/10\/19\/12-novi-tender-za-solanu-ulcinj\/#breadcrumb\"},\"inLanguage\":\"en-US\",\"potentialAction\":[{\"@type\":\"ReadAction\",\"target\":[\"https:\/\/www.visit-ulcinj.com\/blog\/2014\/10\/19\/12-novi-tender-za-solanu-ulcinj\/\"]}]},{\"@type\":\"BreadcrumbList\",\"@id\":\"https:\/\/www.visit-ulcinj.com\/blog\/2014\/10\/19\/12-novi-tender-za-solanu-ulcinj\/#breadcrumb\",\"itemListElement\":[{\"@type\":\"ListItem\",\"position\":1,\"name\":\"12 Novi tender za Solanu Ulcinj\"}]},{\"@type\":\"Person\",\"@id\":\"https:\/\/www.visit-ulcinj.com\/blog\/#\/schema\/person\/dcab619c614d3038751c63bc2aadc06d\",\"name\":\"ulqini\",\"sameAs\":[\"http:\/\/www.visit-ulcinj.com\"],\"url\":\"https:\/\/www.visit-ulcinj.com\/blog\/author\/admin\/\"}]}<\/script>\n<!-- \/ Yoast SEO plugin. -->","yoast_head_json":{"title":"12 Novi tender za Solanu Ulcinj - Lajme nga Ulqini","description":"Ste\u010dajna uprava ulcinjske Solane \u201eBajo Sekuli\u0107\u201c pozvala je zainteresovane da u narednih 30 dana dostave ponude o poslovno-tehni\u010dkoj saradnji za","robots":{"index":"index","follow":"follow","max-snippet":"max-snippet:-1","max-image-preview":"max-image-preview:large","max-video-preview":"max-video-preview:-1"},"canonical":"https:\/\/www.visit-ulcinj.com\/blog\/2014\/10\/19\/12-novi-tender-za-solanu-ulcinj\/","og_locale":"en_US","og_type":"article","og_title":"12 Novi tender za Solanu Ulcinj - Lajme nga Ulqini","og_description":"Ste\u010dajna uprava ulcinjske Solane \u201eBajo Sekuli\u0107\u201c pozvala je zainteresovane da u narednih 30 dana dostave ponude o poslovno-tehni\u010dkoj saradnji za","og_url":"https:\/\/www.visit-ulcinj.com\/blog\/2014\/10\/19\/12-novi-tender-za-solanu-ulcinj\/","og_site_name":"Lajme nga Ulqini","article_published_time":"2014-10-19T17:29:56+00:00","og_image":[{"url":"http:\/\/www.visit-ulcinj.com\/blog\/wp-content\/uploads\/2014\/03\/ULCINJSKA-SOLANA-1.jpg"}],"twitter_misc":{"Written by":"ulqini","Est. reading time":"3 minutes"},"schema":{"@context":"https:\/\/schema.org","@graph":[{"@type":"WebSite","@id":"https:\/\/www.visit-ulcinj.com\/blog\/#website","url":"https:\/\/www.visit-ulcinj.com\/blog\/","name":"Lajme nga Ulqini","description":"Lajme,Vijesti,Ulqini,Ulqin,Crna Gora,Mali i Zi","potentialAction":[{"@type":"SearchAction","target":{"@type":"EntryPoint","urlTemplate":"https:\/\/www.visit-ulcinj.com\/blog\/?s={search_term_string}"},"query-input":"required name=search_term_string"}],"inLanguage":"en-US"},{"@type":"ImageObject","inLanguage":"en-US","@id":"https:\/\/www.visit-ulcinj.com\/blog\/2014\/10\/19\/12-novi-tender-za-solanu-ulcinj\/#primaryimage","url":"https:\/\/www.visit-ulcinj.com\/blog\/wp-content\/uploads\/2014\/03\/ULCINJSKA-SOLANA-1.jpg","contentUrl":"https:\/\/www.visit-ulcinj.com\/blog\/wp-content\/uploads\/2014\/03\/ULCINJSKA-SOLANA-1.jpg","width":975,"height":655},{"@type":"WebPage","@id":"https:\/\/www.visit-ulcinj.com\/blog\/2014\/10\/19\/12-novi-tender-za-solanu-ulcinj\/#webpage","url":"https:\/\/www.visit-ulcinj.com\/blog\/2014\/10\/19\/12-novi-tender-za-solanu-ulcinj\/","name":"12 Novi tender za Solanu Ulcinj - Lajme nga Ulqini","isPartOf":{"@id":"https:\/\/www.visit-ulcinj.com\/blog\/#website"},"primaryImageOfPage":{"@id":"https:\/\/www.visit-ulcinj.com\/blog\/2014\/10\/19\/12-novi-tender-za-solanu-ulcinj\/#primaryimage"},"datePublished":"2014-10-19T17:29:56+00:00","dateModified":"2014-10-19T17:29:56+00:00","author":{"@id":"https:\/\/www.visit-ulcinj.com\/blog\/#\/schema\/person\/dcab619c614d3038751c63bc2aadc06d"},"description":"Ste\u010dajna uprava ulcinjske Solane \u201eBajo Sekuli\u0107\u201c pozvala je zainteresovane da u narednih 30 dana dostave ponude o poslovno-tehni\u010dkoj saradnji za","breadcrumb":{"@id":"https:\/\/www.visit-ulcinj.com\/blog\/2014\/10\/19\/12-novi-tender-za-solanu-ulcinj\/#breadcrumb"},"inLanguage":"en-US","potentialAction":[{"@type":"ReadAction","target":["https:\/\/www.visit-ulcinj.com\/blog\/2014\/10\/19\/12-novi-tender-za-solanu-ulcinj\/"]}]},{"@type":"BreadcrumbList","@id":"https:\/\/www.visit-ulcinj.com\/blog\/2014\/10\/19\/12-novi-tender-za-solanu-ulcinj\/#breadcrumb","itemListElement":[{"@type":"ListItem","position":1,"name":"12 Novi tender za Solanu Ulcinj"}]},{"@type":"Person","@id":"https:\/\/www.visit-ulcinj.com\/blog\/#\/schema\/person\/dcab619c614d3038751c63bc2aadc06d","name":"ulqini","sameAs":["http:\/\/www.visit-ulcinj.com"],"url":"https:\/\/www.visit-ulcinj.com\/blog\/author\/admin\/"}]}},"jetpack_featured_media_url":"","jetpack_sharing_enabled":true,"jetpack_shortlink":"https:\/\/wp.me\/pe6lTn-mk2","_links":{"self":[{"href":"https:\/\/www.visit-ulcinj.com\/blog\/wp-json\/wp\/v2\/posts\/85810"}],"collection":[{"href":"https:\/\/www.visit-ulcinj.com\/blog\/wp-json\/wp\/v2\/posts"}],"about":[{"href":"https:\/\/www.visit-ulcinj.com\/blog\/wp-json\/wp\/v2\/types\/post"}],"author":[{"embeddable":true,"href":"https:\/\/www.visit-ulcinj.com\/blog\/wp-json\/wp\/v2\/users\/1"}],"replies":[{"embeddable":true,"href":"https:\/\/www.visit-ulcinj.com\/blog\/wp-json\/wp\/v2\/comments?post=85810"}],"version-history":[{"count":1,"href":"https:\/\/www.visit-ulcinj.com\/blog\/wp-json\/wp\/v2\/posts\/85810\/revisions"}],"predecessor-version":[{"id":85811,"href":"https:\/\/www.visit-ulcinj.com\/blog\/wp-json\/wp\/v2\/posts\/85810\/revisions\/85811"}],"wp:attachment":[{"href":"https:\/\/www.visit-ulcinj.com\/blog\/wp-json\/wp\/v2\/media?parent=85810"}],"wp:term":[{"taxonomy":"category","embeddable":true,"href":"https:\/\/www.visit-ulcinj.com\/blog\/wp-json\/wp\/v2\/categories?post=85810"},{"taxonomy":"post_tag","embeddable":true,"href":"https:\/\/www.visit-ulcinj.com\/blog\/wp-json\/wp\/v2\/tags?post=85810"}],"curies":[{"name":"wp","href":"https:\/\/api.w.org\/{rel}","templated":true}]}}