{"id":85812,"date":"2014-10-20T07:29:16","date_gmt":"2014-10-20T06:29:16","guid":{"rendered":"http:\/\/www.visit-ulcinj.com\/blog\/?p=85812"},"modified":"2014-10-21T16:56:07","modified_gmt":"2014-10-21T15:56:07","slug":"sabri-salaj-presionet-nderkombetare-ceshtja-e-ulqinit-7","status":"publish","type":"post","link":"https:\/\/www.visit-ulcinj.com\/blog\/2014\/10\/20\/sabri-salaj-presionet-nderkombetare-ceshtja-e-ulqinit-7\/","title":{"rendered":"SABRI SALAJ: Presionet nd\u00ebrkomb\u00ebtare \u2013 \u00c7\u00cbSHTJA E ULQINIT (7)"},"content":{"rendered":"<p><a href=\"http:\/\/www.visit-ulcinj.com\/blog\/wp-content\/uploads\/2014\/09\/SABRI-SALAJ.jpg\"><img loading=\"lazy\" class=\"alignleft wp-image-84991\" src=\"http:\/\/www.visit-ulcinj.com\/blog\/wp-content\/uploads\/2014\/09\/SABRI-SALAJ.jpg\" alt=\"SABRI SALAJ\" width=\"508\" height=\"381\" srcset=\"https:\/\/www.visit-ulcinj.com\/blog\/wp-content\/uploads\/2014\/09\/SABRI-SALAJ.jpg 640w, https:\/\/www.visit-ulcinj.com\/blog\/wp-content\/uploads\/2014\/09\/SABRI-SALAJ-300x225.jpg 300w\" sizes=\"(max-width: 508px) 100vw, 508px\" \/><\/a>M\u00eb 20 shtator erdhi flota n\u00eb Ulqin, ku q\u00ebndroi dy muaj n\u00eb gatishm\u00ebri p\u00ebr t\u00eb nd\u00ebrhyr\u00eb n\u00eb zgjidhje t\u00eb \u00e7\u00ebshtjes s\u00eb Ulqinit, n\u00eb rast se Porta e Lart\u00eb nuk do ta zgjidhte. Presioni nd\u00ebrkomb\u00ebtar q\u00eb iu b\u00eb k\u00ebtij qyteti t\u00eb vog\u00ebl b\u00ebri jehon\u00eb t\u00eb madhe n\u00eb t\u00eb gjith\u00eb bot\u00ebn. Vendosm\u00ebria e shqiptar\u00ebve n\u00eb mbrojtje t\u00eb trojeve t\u00eb tyre tregonte se vendimet e fuqive t\u00eb m\u00ebdha nuk ishin b\u00ebr\u00eb n\u00eb p\u00ebrputhje m\u00eb t\u00eb drejt\u00ebn e popujve por mbi baz\u00ebn e interesave t\u00eb tyre.<\/p>\n<p>Afrimi i luftanijeve t\u00eb Fuqive t\u00eb M\u00ebdha apo t\u00eb \u201cdanameve t\u00eb kajlave\u201d, si\u00e7 i quanin shkodran\u00ebt, n\u00eb uj\u00ebrat bregdetare t\u00eb Shqip\u00ebris\u00eb nuk trembi njeri. \u201cJan\u00eb 20 cop\u00eb t\u00eb m\u00ebdha dhe vapor\u00eb t\u00eb vegj\u00ebl (jan\u00eb) shum\u00eb-i shkruante disa dit\u00eb m\u00eb von\u00eb nj\u00eb tregtar shkodran korrespodentit t\u00eb vet n\u00eb Prizren. Kan\u00eb banda nd\u00ebr daname t\u00eb 6 krajlat. Por na s\u2019e kena hi\u00e7 gajlen e tyre, se ato nuk munden me ecun n\u00ebp\u00ebr male ku rrim\u00eb na. Ulqini le t\u00eb vijn\u00eb ta djegin se s\u2019kemi gajle\u201d.<\/p>\n<p>Lidhja Shqiptare nuk ishte vet\u00ebm n\u00eb mbrojtje t\u00eb Ulqinit, ajo ishte mobilizuar n\u00eb mbrojte t\u00eb gjith\u00eb Shqip\u00ebris\u00eb. R\u00ebnia e Ulqinit, dhe shk\u00ebputja e tij nga trungu shqiptar jepte mund\u00ebsi, q\u00eb m\u00eb r\u00ebnien e pashmangshme t\u00eb Perandoris\u00eb q\u00eb ishte n\u00eb proces largimi nga Ballkani, shtetet fqinje t\u00eb cop\u00ebtonin pjes\u00eb t\u00eb tjera t\u00eb territorit shqiptar.<\/p>\n<p>Konsulli Depolo nga Tivari m\u00eb 26 shtator 1880 tregonte p\u00ebr gatishm\u00ebrin\u00eb e shqiptar\u00ebve n\u00eb mbrojtje t\u00eb Shqip\u00ebris\u00eb. Kjo del nga nj\u00eb fjalim q\u00eb mbajti ato dit\u00eb nj\u00ebri prej udh\u00ebheq\u00ebsve t\u00eb Lidhjes Shqiptare t\u00eb Shkodr\u00ebs, emrin e t\u00eb cilit konsulli Depolo nuk e thot\u00eb. \u201cMali i Zi, thot\u00eb ai, nuk synon t\u00eb marr\u00eb vet\u00ebm Tuzin e Ulqinin por synimi i saj \u00ebsht\u00eb drejt Shkodr\u00ebs, p\u00ebr tu zgjeruar n\u00eb ato vise ku valon l\u00ebvizja antiosmane. Prandaj- theksonte ai, &#8211; Shqip\u00ebria duhet t\u00eb para armatoset dhe t\u00eb q\u00ebndroj\u00eb m\u00eb sy hapur kund\u00ebr d\u00ebshirave t\u00eb Malit t\u00eb Zi\u201d.<\/p>\n<p>Tani q\u00eb \u00e7\u00ebshtja lindore \u00ebsht\u00eb n\u00eb zhvillim t\u00eb plot\u00eb, sundimi osman do t\u00eb marr\u00eb fund her\u00ebt ose von\u00eb n\u00eb Evrop\u00eb. Zot\u00ebrimet e saj n\u00eb k\u00ebto an\u00eb me siguri do t\u00eb cop\u00ebtohen. Kush do t\u00eb jet\u00eb ai q\u00eb do ta pushtoj\u00eb at\u00ebher\u00eb Shqip\u00ebrin\u00eb? Prandaj n\u00eb duhet t\u00eb p\u00ebrpiqemi t\u00eb b\u00ebhemi t\u00eb fort\u00eb, t\u00eb bashkuar dhe kompakt p\u00ebr t\u00eb fituar m\u00eb koh\u00eb pavar\u00ebsin\u00eb ton\u00eb&#8230;<\/p>\n<p>Vendosm\u00ebria e Lidhjes Shqiptare n\u00eb mbrojtje t\u00eb Ulqinit kishte l\u00ebn\u00eb nj\u00eb p\u00ebrshtypje t\u00eb thell\u00eb n\u00eb opinionin nd\u00ebrkomb\u00ebtar ku m\u00eb 1 tetor 1880 revista austro-hungareze \u201cMessager de Vienne\u201d, shkruante: Ky qytet i vog\u00ebl do t\u00eb b\u00ebhet pas pak teat\u00ebr ngjarjesh t\u00eb tilla, t\u00eb cilat historia moderne deri sot nuk ka mundur t\u2019i regjistroj\u00eb. \u201cN\u00eb rast se malazez\u00ebt sulmojn\u00eb shqiptar\u00ebt dhe munden prej tyre, at\u00ebher\u00eb komandantit t\u00eb flot\u00ebs nd\u00ebrkomb\u00ebtare, admiralit Sejmur nuk i mbetej gj\u00eb tjet\u00ebr ve\u00e7se t\u00eb bombardonte qytetin, vazhdonte m\u00eb tej gazeta\u201d.<\/p>\n<p>Porta e Lart\u00eb p\u00ebrpiqej q\u00eb \u00e7\u00ebshtjen shqiptare ta zvarrite sa m\u00eb shum\u00eb t\u00eb jet\u00eb e mundur m\u00eb q\u00ebllim q\u00eb t\u00eb krijonte p\u00ebr\u00e7arje nd\u00ebrmjet fuqive t\u00eb m\u00ebdha, duke p\u00ebrdorur faktorin shqiptare. Fuqit\u00eb e M\u00ebdha dyshonin n\u00eb luhatshm\u00ebrin\u00eb e Port\u00ebs, rezultat i s\u00eb cil\u00ebs ishte mos realizimi i vendimeve t\u00eb Kongresit t\u00eb Berlinit. Rusia n\u00ebp\u00ebrmjet satelit\u00ebve t\u00eb saj udh\u00ebhiqte nj\u00eb diplomaci sekrete m\u00eb q\u00ebllim dominimin n\u00eb Ballkan dhe Mesdhe. Si rezultat i k\u00ebsaj Rusia k\u00ebrkonte m\u00eb \u00e7do kusht q\u00eb Mali i Zi t\u00eb zgjerohej n\u00eb bregdet, t\u00eb cil\u00ebn e kishte parapar\u00eb edhe sipas Traktatit t\u00eb Sh\u00ebn Stefanit. Rusia udh\u00ebhiqte politik\u00ebn e Malit t\u00eb Zi dhe k\u00ebrkesat e tij drejtuar Fuqive t\u00eb M\u00ebdha.<\/p>\n<p>Konsulli fr\u00ebng v\u00eb n\u00eb pah vendosjen e nj\u00eb diplomati rus n\u00eb Cetinj\u00eb, me mision q\u00eb ta k\u00ebshilloj\u00eb Malin e Zi. Pastaj flet mbi korrespodenc\u00ebn e p\u00ebrditshme n\u00eb mes Cetinj\u00ebs dhe Petrogradit duke cituar: Princ Nikolla nuk b\u00ebn asgj\u00eb, absolutisht pa k\u00ebrkuar autorizimin e Sh\u00ebn Peterburgu. M\u00eb nj\u00eb fjal\u00eb, Princi mbret\u00ebron, Rusia qeveris\u00eb, pastaj u d\u00ebrgohen dekoratat e perandorit t\u00eb Rusis\u00eb, luft\u00ebtar\u00ebve t\u00eb dalluar malazez\u00eb (dok 30 marsit 1880) shihet qart\u00eb p\u00ebrzierja n\u00eb \u00e7\u00ebshtjet e brendshme shqiptare t\u00eb n\u00ebn konsullit rus, (dok.nr.38 i 12 prillit 1880).<\/p>\n<p>Para dhe gjat\u00eb Kongresit t\u00eb Berlinit, delegati i Malit t\u00eb Zi n\u00eb Kongres deklaronte se t\u00eb drejtat e Malit t\u00eb Zi duhet t\u00eb jen\u00eb m\u00eb t\u00eb zgjeruara. Ai theksonte posa\u00e7\u00ebrisht vij\u00ebn kufitare me Shqip\u00ebrin\u00eb dhe d\u00ebshmoi se pa tokat pjellore n\u00eb bregdet, Mali i Zi nuk do t\u00eb mund t\u00eb jetonte. Nd\u00ebrsa konti Petar Shuvalloviqi me urdh\u00ebr t\u00eb qeveris\u00eb tij ruse k\u00ebrkoi prej Kongresi q\u00eb Malit t\u00eb Zi t\u2019i jepej rajoni i k\u00ebrkuar deri n\u00eb Bun\u00eb dhe Shkod\u00ebr. Mali i Zi nuk ishte i k\u00ebnaqur me vendimet e Kongresit t\u00eb Berlinit. K\u00ebt\u00eb e shprehte edhe princ Nikolla kur theksonte: M\u00eb e r\u00ebnd\u00eb p\u00ebr mua \u00ebsht\u00eb q\u00eb jasht\u00eb kufijve mbeten lumi Buna, arterie e jet\u00ebs son\u00eb dhe Ulqini. Princi e urdh\u00ebroi Stanko Radoniqin q\u00eb p\u00ebrpara se t\u00eb p\u00ebrsh\u00ebndetej e t\u00eb largohej nga Berlini t\u00eb njoftonte \u00e7do an\u00ebtar t\u00eb Kongresit se Mali i Zi nuk \u00ebsht\u00eb shp\u00ebrblyer drejt dhe se kufijt\u00eb e rinj jan\u00eb caktuar n\u00eb m\u00ebnyr\u00eb t\u00eb padrejt\u00eb. Kjo tregonte se q\u00eb nga Kongresi i Berlinit, Mali i Zi kishte tendenca bregdetin dhe portet e tij, prapa se cilave q\u00ebndronte diplomacia ruse. Mosrealizimi i vendimeve t\u00eb Kongresit t\u00eb Berlinit, nga Porta e Lart\u00eb, si rezultat i s\u00eb cilave n\u00eb sken\u00ebn nd\u00ebrkomb\u00ebtare Fuqit\u00eb e M\u00ebdha nxor\u00ebn \u00e7\u00ebshtjen e Ulqinit, b\u00ebri q\u00eb diplomacia ruse t\u00eb shkonte drejt\u00eb q\u00ebllimit t\u00eb saj, p\u00ebr dominimin n\u00eb Ballkan dhe Mesdhe.<\/p>\n<p>Presioni i Rusis\u00eb n\u00eb drejtim t\u00eb fuqive t\u00eb m\u00ebdha p\u00ebr dor\u00ebzimin e Ulqinit, b\u00ebri q\u00eb t\u00eb merren t\u00eb gjitha masat dhe t\u00eb jepet ultimatum i fundit Port\u00ebs s\u00eb Lart\u00eb n\u00eb zbatimin e marr\u00ebveshjes. Autorizimi i Dervish Pash\u00ebs p\u00ebr zbatimin e marr\u00ebveshjes tregonte vendosm\u00ebrin\u00eb e Port\u00ebs s\u00eb Lart\u00eb n\u00eb realizimin p\u00ebrfundimtar t\u00eb marr\u00ebveshjes.<\/p>\n<p>Fuqit\u00eb e M\u00ebdha e k\u00ebrc\u00ebnuan Perandorin\u00eb Osmane se po t\u00eb mos e detyronte me forc\u00eb Lidhjen e Prizrenit q\u00eb kjo t\u2019ia dor\u00ebzonte Ulqinit Malit t\u00eb Zi, ato do t\u00eb nd\u00ebrhynin n\u00eb Ulqin me flot\u00ebn e tyre luftarake dhe n\u00eb t\u00eb nj\u00ebjt\u00ebn koh\u00eb do t\u00eb zbarkonin n\u00eb skel\u00ebn turke t\u00eb Izmirit.<\/p>\n<p>Komiteti i Lidhjes Shqiptare p\u00ebr Ulqinit u p\u00ebrgjigj duke shpallur se p\u00ebr t\u00eb mbrojtur trojet e tyre e atdheun e tyre shqiptar\u00ebt ishin t\u00eb vendosur p\u00ebr t\u00eb luftuar edhe kund\u00ebr Perandoris\u00eb Osmane ose Fuqive t\u00eb M\u00ebdha.<\/p>\n<p>Dervish Pasha n\u00eb fillim p\u00ebrdori aspektin diplomatike m\u00eb q\u00ebllim t\u00eb arritjes s\u00eb nj\u00eb marr\u00ebveshje m\u00eb shqiptar\u00ebt q\u00eb n\u00eb m\u00ebnyr\u00eb paq\u00ebsore t\u00eb b\u00ebhet dor\u00ebzimi i Ulqinit.<\/p>\n<p>M\u00eb 11 n\u00ebntor 1880 Dervish Pasha e thirri parin\u00eb e Lidhjes Shqiptare q\u00eb t\u00eb bisedonte me ta rreth dor\u00ebzimit t\u00eb Ulqinit n\u00eb m\u00ebnyr\u00eb paq\u00ebsore, sipas urdhrave t\u00eb Port\u00ebs s\u00eb Lart\u00eb dhe vendimeve t\u00eb Fuqive t\u00eb M\u00ebdha. P\u00ebrgjigja e paris\u00eb s\u00eb Lidhjes Shqiptare ishte: \u201cNe kemi vendosur t\u00eb luftojm\u00eb kund\u00ebr kujtdo qoft\u00eb q\u00eb d\u00ebshiron ta cop\u00ebtoj\u00eb qytetin ton\u00eb. \u00cbsht\u00eb e pamundur p\u00ebr ne t\u00eb jetojm\u00eb n\u00ebn qeverin\u00eb e nj\u00eb shteti p\u00ebr natyr\u00ebn e t\u00eb cilit nuk dim\u00eb asgj\u00eb e as nuk na p\u00eblqejn\u00eb zakonet e tij, t\u00eb nj\u00eb shteti m\u00eb t\u00eb cilin nuk kemi asgj\u00eb t\u00eb p\u00ebrbashk\u00ebt\u2026\u201d.<\/p>\n<p>N\u00eb t\u00eb gjitha an\u00ebt diskutohej p\u00ebr \u00e7\u00ebshtjen e Ulqinit, ku vullnetar\u00eb n\u00eb mbrojte t\u00eb tij vinin nga t\u00eb gjitha an\u00ebt e Shqip\u00ebris\u00eb duke rrit k\u00ebshtu intensitetin n\u00eb mbrojtje t\u00eb vatanit. Kjo b\u00ebri q\u00eb Dervish Pasha t\u00eb merrte t\u00eb gjitha masat p\u00ebr sulm t\u00eb p\u00ebrgjithsh\u00ebm, p\u00ebr t\u00eb pushtuar Ulqinin. Komiteti i Lidhjes Shqiptare p\u00ebr Ulqin m\u00eb 16 n\u00ebntor 1880 iu d\u00ebrgon protest\u00eb fuqive t\u00eb m\u00ebdha duke iu b\u00ebr\u00eb me dije vendosm\u00ebrin\u00eb e banor\u00ebve t\u00eb Ulqinit n\u00eb mbrojtje t\u00eb vatanit nga \u00e7do agresion. N\u00eb protest\u00eb thuhej: \u201cKur mor\u00ebm vesh q\u00eb qyteti yn\u00eb, Ulqini, duhet t\u2019i jepet Malit t\u00eb Zi pat\u00ebm nderin t\u2019ju njoftojm\u00eb n\u00eb koh\u00ebn e duhur se t\u00eb gjith\u00eb banor\u00ebt e qytetit ton\u00eb, pa dallim feje, kan\u00eb vendosur nj\u00ebz\u00ebri ta kund\u00ebrshtojn\u00eb k\u00ebt\u00eb vendim dhe t\u00eb mbrojn\u00eb vatrat e tyre m\u00eb arm\u00eb n\u00eb dor\u00eb\u201d.<\/p>\n<p>Veprimi i koordinuar nd\u00ebrmjet Fuqive t\u00eb M\u00ebdha dhe Port\u00ebs s\u00eb Lart\u00eb kund\u00ebr Lidhjes Shqiptare b\u00ebri q\u00eb Ulqini t\u00eb dor\u00ebzohej Malit t\u00eb Zi. Lidhja Shqiptare pas nj\u00eb beteje n\u00eb dy fronte dhe nj\u00eb veprimtarie t\u00eb dendur diplomatike b\u00ebri q\u00eb duke mbrojtur Ulqinin, \u00e7\u00ebshtja shqiptare t\u00eb nd\u00ebrkomb\u00ebtarizohej duke b\u00ebr\u00eb jehon\u00eb t\u00eb madhe n\u00eb t\u00eb gjith\u00eb aren\u00ebn nd\u00ebrkomb\u00ebtare. Po ashtu Lidhja Shqiptare pas dor\u00ebzimit t\u00eb Ulqinit, Malit t\u00eb Zi, shpalli qeverin\u00eb e p\u00ebrkohshme dhe pavar\u00ebsin\u00eb e Shqip\u00ebris\u00eb, duke zhvilluar nj\u00eb luft\u00eb t\u00eb p\u00ebrgjithshme m\u00eb Perandorin\u00eb Osmane. Kur ra Ulqini dhe iu dor\u00ebzua Malit t\u00eb Zi, u hoq nga rendi i dit\u00ebs i ashtuquajturi \u201cproblemi verior i shqiptar\u00ebve\u201d me Malin e Zi, por para Konferenc\u00ebs s\u00eb Ambasador\u00ebve n\u00eb Berlin shtrohej nj\u00eb problem tjet\u00ebr i madh, ai i Shqip\u00ebris\u00eb s\u00eb Jugut, i rregullimit t\u00eb kufijve me Greqin\u00eb.<\/p>\n","protected":false},"excerpt":{"rendered":"<p>M\u00eb 20 shtator erdhi flota n\u00eb Ulqin, ku q\u00ebndroi dy muaj n\u00eb gatishm\u00ebri p\u00ebr t\u00eb nd\u00ebrhyr\u00eb n\u00eb zgjidhje t\u00eb \u00e7\u00ebshtjes s\u00eb Ulqinit, n\u00eb rast se Porta e Lart\u00eb nuk do ta zgjidhte. Presioni nd\u00ebrkomb\u00ebtar q\u00eb iu b\u00eb k\u00ebtij qyteti t\u00eb vog\u00ebl b\u00ebri jehon\u00eb t\u00eb madhe n\u00eb t\u00eb gjith\u00eb bot\u00ebn. Vendosm\u00ebria e shqiptar\u00ebve n\u00eb mbrojtje t\u00eb [&hellip;]<\/p>\n","protected":false},"author":1,"featured_media":0,"comment_status":"closed","ping_status":"closed","sticky":false,"template":"","format":"standard","meta":{"spay_email":"","jetpack_publicize_message":"","jetpack_is_tweetstorm":false,"jetpack_publicize_feature_enabled":true},"categories":[1,14249],"tags":[],"jetpack_publicize_connections":[],"yoast_head":"<!-- This site is optimized with the Yoast SEO plugin v19.1 - https:\/\/yoast.com\/wordpress\/plugins\/seo\/ -->\n<title>SABRI SALAJ: Presionet nd\u00ebrkomb\u00ebtare \u2013 \u00c7\u00cbSHTJA E ULQINIT (7) - Lajme nga Ulqini<\/title>\n<meta name=\"description\" content=\"M\u00eb 20 shtator erdhi flota n\u00eb Ulqin, ku q\u00ebndroi dy muaj n\u00eb gatishm\u00ebri p\u00ebr t\u00eb nd\u00ebrhyr\u00eb n\u00eb zgjidhje t\u00eb \u00e7\u00ebshtjes s\u00eb Ulqinit, n\u00eb rast se Porta e Lart\u00eb nuk do\" \/>\n<meta name=\"robots\" content=\"index, follow, max-snippet:-1, max-image-preview:large, max-video-preview:-1\" \/>\n<link rel=\"canonical\" href=\"https:\/\/www.visit-ulcinj.com\/blog\/2014\/10\/20\/sabri-salaj-presionet-nderkombetare-ceshtja-e-ulqinit-7\/\" \/>\n<meta property=\"og:locale\" content=\"en_US\" \/>\n<meta property=\"og:type\" content=\"article\" \/>\n<meta property=\"og:title\" content=\"SABRI SALAJ: Presionet nd\u00ebrkomb\u00ebtare \u2013 \u00c7\u00cbSHTJA E ULQINIT (7) - Lajme nga Ulqini\" \/>\n<meta property=\"og:description\" content=\"M\u00eb 20 shtator erdhi flota n\u00eb Ulqin, ku q\u00ebndroi dy muaj n\u00eb gatishm\u00ebri p\u00ebr t\u00eb nd\u00ebrhyr\u00eb n\u00eb zgjidhje t\u00eb \u00e7\u00ebshtjes s\u00eb Ulqinit, n\u00eb rast se Porta e Lart\u00eb nuk do\" \/>\n<meta property=\"og:url\" content=\"https:\/\/www.visit-ulcinj.com\/blog\/2014\/10\/20\/sabri-salaj-presionet-nderkombetare-ceshtja-e-ulqinit-7\/\" \/>\n<meta property=\"og:site_name\" content=\"Lajme nga Ulqini\" \/>\n<meta property=\"article:published_time\" content=\"2014-10-20T06:29:16+00:00\" \/>\n<meta property=\"article:modified_time\" content=\"2014-10-21T15:56:07+00:00\" \/>\n<meta property=\"og:image\" content=\"http:\/\/www.visit-ulcinj.com\/blog\/wp-content\/uploads\/2014\/09\/SABRI-SALAJ.jpg\" \/>\n<meta name=\"twitter:label1\" content=\"Written by\" \/>\n\t<meta name=\"twitter:data1\" content=\"ulqini\" \/>\n\t<meta name=\"twitter:label2\" content=\"Est. reading time\" \/>\n\t<meta name=\"twitter:data2\" content=\"8 minutes\" \/>\n<script type=\"application\/ld+json\" class=\"yoast-schema-graph\">{\"@context\":\"https:\/\/schema.org\",\"@graph\":[{\"@type\":\"WebSite\",\"@id\":\"https:\/\/www.visit-ulcinj.com\/blog\/#website\",\"url\":\"https:\/\/www.visit-ulcinj.com\/blog\/\",\"name\":\"Lajme nga Ulqini\",\"description\":\"Lajme,Vijesti,Ulqini,Ulqin,Crna Gora,Mali i Zi\",\"potentialAction\":[{\"@type\":\"SearchAction\",\"target\":{\"@type\":\"EntryPoint\",\"urlTemplate\":\"https:\/\/www.visit-ulcinj.com\/blog\/?s={search_term_string}\"},\"query-input\":\"required name=search_term_string\"}],\"inLanguage\":\"en-US\"},{\"@type\":\"ImageObject\",\"inLanguage\":\"en-US\",\"@id\":\"https:\/\/www.visit-ulcinj.com\/blog\/2014\/10\/20\/sabri-salaj-presionet-nderkombetare-ceshtja-e-ulqinit-7\/#primaryimage\",\"url\":\"https:\/\/www.visit-ulcinj.com\/blog\/wp-content\/uploads\/2014\/09\/SABRI-SALAJ.jpg\",\"contentUrl\":\"https:\/\/www.visit-ulcinj.com\/blog\/wp-content\/uploads\/2014\/09\/SABRI-SALAJ.jpg\",\"width\":640,\"height\":480},{\"@type\":\"WebPage\",\"@id\":\"https:\/\/www.visit-ulcinj.com\/blog\/2014\/10\/20\/sabri-salaj-presionet-nderkombetare-ceshtja-e-ulqinit-7\/#webpage\",\"url\":\"https:\/\/www.visit-ulcinj.com\/blog\/2014\/10\/20\/sabri-salaj-presionet-nderkombetare-ceshtja-e-ulqinit-7\/\",\"name\":\"SABRI SALAJ: Presionet nd\u00ebrkomb\u00ebtare \u2013 \u00c7\u00cbSHTJA E ULQINIT (7) - Lajme nga Ulqini\",\"isPartOf\":{\"@id\":\"https:\/\/www.visit-ulcinj.com\/blog\/#website\"},\"primaryImageOfPage\":{\"@id\":\"https:\/\/www.visit-ulcinj.com\/blog\/2014\/10\/20\/sabri-salaj-presionet-nderkombetare-ceshtja-e-ulqinit-7\/#primaryimage\"},\"datePublished\":\"2014-10-20T06:29:16+00:00\",\"dateModified\":\"2014-10-21T15:56:07+00:00\",\"author\":{\"@id\":\"https:\/\/www.visit-ulcinj.com\/blog\/#\/schema\/person\/dcab619c614d3038751c63bc2aadc06d\"},\"description\":\"M\u00eb 20 shtator erdhi flota n\u00eb Ulqin, ku q\u00ebndroi dy muaj n\u00eb gatishm\u00ebri p\u00ebr t\u00eb nd\u00ebrhyr\u00eb n\u00eb zgjidhje t\u00eb \u00e7\u00ebshtjes s\u00eb Ulqinit, n\u00eb rast se Porta e Lart\u00eb nuk do\",\"breadcrumb\":{\"@id\":\"https:\/\/www.visit-ulcinj.com\/blog\/2014\/10\/20\/sabri-salaj-presionet-nderkombetare-ceshtja-e-ulqinit-7\/#breadcrumb\"},\"inLanguage\":\"en-US\",\"potentialAction\":[{\"@type\":\"ReadAction\",\"target\":[\"https:\/\/www.visit-ulcinj.com\/blog\/2014\/10\/20\/sabri-salaj-presionet-nderkombetare-ceshtja-e-ulqinit-7\/\"]}]},{\"@type\":\"BreadcrumbList\",\"@id\":\"https:\/\/www.visit-ulcinj.com\/blog\/2014\/10\/20\/sabri-salaj-presionet-nderkombetare-ceshtja-e-ulqinit-7\/#breadcrumb\",\"itemListElement\":[{\"@type\":\"ListItem\",\"position\":1,\"name\":\"SABRI SALAJ: Presionet nd\u00ebrkomb\u00ebtare \u2013 \u00c7\u00cbSHTJA E ULQINIT (7)\"}]},{\"@type\":\"Person\",\"@id\":\"https:\/\/www.visit-ulcinj.com\/blog\/#\/schema\/person\/dcab619c614d3038751c63bc2aadc06d\",\"name\":\"ulqini\",\"sameAs\":[\"http:\/\/www.visit-ulcinj.com\"],\"url\":\"https:\/\/www.visit-ulcinj.com\/blog\/author\/admin\/\"}]}<\/script>\n<!-- \/ Yoast SEO plugin. -->","yoast_head_json":{"title":"SABRI SALAJ: Presionet nd\u00ebrkomb\u00ebtare \u2013 \u00c7\u00cbSHTJA E ULQINIT (7) - Lajme nga Ulqini","description":"M\u00eb 20 shtator erdhi flota n\u00eb Ulqin, ku q\u00ebndroi dy muaj n\u00eb gatishm\u00ebri p\u00ebr t\u00eb nd\u00ebrhyr\u00eb n\u00eb zgjidhje t\u00eb \u00e7\u00ebshtjes s\u00eb Ulqinit, n\u00eb rast se Porta e Lart\u00eb nuk do","robots":{"index":"index","follow":"follow","max-snippet":"max-snippet:-1","max-image-preview":"max-image-preview:large","max-video-preview":"max-video-preview:-1"},"canonical":"https:\/\/www.visit-ulcinj.com\/blog\/2014\/10\/20\/sabri-salaj-presionet-nderkombetare-ceshtja-e-ulqinit-7\/","og_locale":"en_US","og_type":"article","og_title":"SABRI SALAJ: Presionet nd\u00ebrkomb\u00ebtare \u2013 \u00c7\u00cbSHTJA E ULQINIT (7) - Lajme nga Ulqini","og_description":"M\u00eb 20 shtator erdhi flota n\u00eb Ulqin, ku q\u00ebndroi dy muaj n\u00eb gatishm\u00ebri p\u00ebr t\u00eb nd\u00ebrhyr\u00eb n\u00eb zgjidhje t\u00eb \u00e7\u00ebshtjes s\u00eb Ulqinit, n\u00eb rast se Porta e Lart\u00eb nuk do","og_url":"https:\/\/www.visit-ulcinj.com\/blog\/2014\/10\/20\/sabri-salaj-presionet-nderkombetare-ceshtja-e-ulqinit-7\/","og_site_name":"Lajme nga Ulqini","article_published_time":"2014-10-20T06:29:16+00:00","article_modified_time":"2014-10-21T15:56:07+00:00","og_image":[{"url":"http:\/\/www.visit-ulcinj.com\/blog\/wp-content\/uploads\/2014\/09\/SABRI-SALAJ.jpg"}],"twitter_misc":{"Written by":"ulqini","Est. reading time":"8 minutes"},"schema":{"@context":"https:\/\/schema.org","@graph":[{"@type":"WebSite","@id":"https:\/\/www.visit-ulcinj.com\/blog\/#website","url":"https:\/\/www.visit-ulcinj.com\/blog\/","name":"Lajme nga Ulqini","description":"Lajme,Vijesti,Ulqini,Ulqin,Crna Gora,Mali i Zi","potentialAction":[{"@type":"SearchAction","target":{"@type":"EntryPoint","urlTemplate":"https:\/\/www.visit-ulcinj.com\/blog\/?s={search_term_string}"},"query-input":"required name=search_term_string"}],"inLanguage":"en-US"},{"@type":"ImageObject","inLanguage":"en-US","@id":"https:\/\/www.visit-ulcinj.com\/blog\/2014\/10\/20\/sabri-salaj-presionet-nderkombetare-ceshtja-e-ulqinit-7\/#primaryimage","url":"https:\/\/www.visit-ulcinj.com\/blog\/wp-content\/uploads\/2014\/09\/SABRI-SALAJ.jpg","contentUrl":"https:\/\/www.visit-ulcinj.com\/blog\/wp-content\/uploads\/2014\/09\/SABRI-SALAJ.jpg","width":640,"height":480},{"@type":"WebPage","@id":"https:\/\/www.visit-ulcinj.com\/blog\/2014\/10\/20\/sabri-salaj-presionet-nderkombetare-ceshtja-e-ulqinit-7\/#webpage","url":"https:\/\/www.visit-ulcinj.com\/blog\/2014\/10\/20\/sabri-salaj-presionet-nderkombetare-ceshtja-e-ulqinit-7\/","name":"SABRI SALAJ: Presionet nd\u00ebrkomb\u00ebtare \u2013 \u00c7\u00cbSHTJA E ULQINIT (7) - Lajme nga Ulqini","isPartOf":{"@id":"https:\/\/www.visit-ulcinj.com\/blog\/#website"},"primaryImageOfPage":{"@id":"https:\/\/www.visit-ulcinj.com\/blog\/2014\/10\/20\/sabri-salaj-presionet-nderkombetare-ceshtja-e-ulqinit-7\/#primaryimage"},"datePublished":"2014-10-20T06:29:16+00:00","dateModified":"2014-10-21T15:56:07+00:00","author":{"@id":"https:\/\/www.visit-ulcinj.com\/blog\/#\/schema\/person\/dcab619c614d3038751c63bc2aadc06d"},"description":"M\u00eb 20 shtator erdhi flota n\u00eb Ulqin, ku q\u00ebndroi dy muaj n\u00eb gatishm\u00ebri p\u00ebr t\u00eb nd\u00ebrhyr\u00eb n\u00eb zgjidhje t\u00eb \u00e7\u00ebshtjes s\u00eb Ulqinit, n\u00eb rast se Porta e Lart\u00eb nuk do","breadcrumb":{"@id":"https:\/\/www.visit-ulcinj.com\/blog\/2014\/10\/20\/sabri-salaj-presionet-nderkombetare-ceshtja-e-ulqinit-7\/#breadcrumb"},"inLanguage":"en-US","potentialAction":[{"@type":"ReadAction","target":["https:\/\/www.visit-ulcinj.com\/blog\/2014\/10\/20\/sabri-salaj-presionet-nderkombetare-ceshtja-e-ulqinit-7\/"]}]},{"@type":"BreadcrumbList","@id":"https:\/\/www.visit-ulcinj.com\/blog\/2014\/10\/20\/sabri-salaj-presionet-nderkombetare-ceshtja-e-ulqinit-7\/#breadcrumb","itemListElement":[{"@type":"ListItem","position":1,"name":"SABRI SALAJ: Presionet nd\u00ebrkomb\u00ebtare \u2013 \u00c7\u00cbSHTJA E ULQINIT (7)"}]},{"@type":"Person","@id":"https:\/\/www.visit-ulcinj.com\/blog\/#\/schema\/person\/dcab619c614d3038751c63bc2aadc06d","name":"ulqini","sameAs":["http:\/\/www.visit-ulcinj.com"],"url":"https:\/\/www.visit-ulcinj.com\/blog\/author\/admin\/"}]}},"jetpack_featured_media_url":"","jetpack_sharing_enabled":true,"jetpack_shortlink":"https:\/\/wp.me\/pe6lTn-mk4","_links":{"self":[{"href":"https:\/\/www.visit-ulcinj.com\/blog\/wp-json\/wp\/v2\/posts\/85812"}],"collection":[{"href":"https:\/\/www.visit-ulcinj.com\/blog\/wp-json\/wp\/v2\/posts"}],"about":[{"href":"https:\/\/www.visit-ulcinj.com\/blog\/wp-json\/wp\/v2\/types\/post"}],"author":[{"embeddable":true,"href":"https:\/\/www.visit-ulcinj.com\/blog\/wp-json\/wp\/v2\/users\/1"}],"replies":[{"embeddable":true,"href":"https:\/\/www.visit-ulcinj.com\/blog\/wp-json\/wp\/v2\/comments?post=85812"}],"version-history":[{"count":1,"href":"https:\/\/www.visit-ulcinj.com\/blog\/wp-json\/wp\/v2\/posts\/85812\/revisions"}],"predecessor-version":[{"id":85813,"href":"https:\/\/www.visit-ulcinj.com\/blog\/wp-json\/wp\/v2\/posts\/85812\/revisions\/85813"}],"wp:attachment":[{"href":"https:\/\/www.visit-ulcinj.com\/blog\/wp-json\/wp\/v2\/media?parent=85812"}],"wp:term":[{"taxonomy":"category","embeddable":true,"href":"https:\/\/www.visit-ulcinj.com\/blog\/wp-json\/wp\/v2\/categories?post=85812"},{"taxonomy":"post_tag","embeddable":true,"href":"https:\/\/www.visit-ulcinj.com\/blog\/wp-json\/wp\/v2\/tags?post=85812"}],"curies":[{"name":"wp","href":"https:\/\/api.w.org\/{rel}","templated":true}]}}