{"id":85852,"date":"2014-10-22T20:00:26","date_gmt":"2014-10-22T19:00:26","guid":{"rendered":"http:\/\/www.visit-ulcinj.com\/blog\/?p=85852"},"modified":"2014-10-22T20:00:26","modified_gmt":"2014-10-22T19:00:26","slug":"nikoille-ivanajpersonalitet-shquar-shtetit-dhe-pavaresise-shqiptare-ii","status":"publish","type":"post","link":"https:\/\/www.visit-ulcinj.com\/blog\/2014\/10\/22\/nikoille-ivanajpersonalitet-shquar-shtetit-dhe-pavaresise-shqiptare-ii\/","title":{"rendered":"Nikoill\u00eb Ivanaj,personalitet i shquar i shtetit dhe pavar\u00ebsis\u00eb shqiptare II"},"content":{"rendered":"<p><a href=\"http:\/\/www.visit-ulcinj.com\/blog\/wp-content\/uploads\/2013\/10\/Gjeke-Gjonaj-Ulqin.jpg\"><img loading=\"lazy\" class=\"alignleft wp-image-75393\" src=\"http:\/\/www.visit-ulcinj.com\/blog\/wp-content\/uploads\/2013\/10\/Gjeke-Gjonaj-Ulqin.jpg\" alt=\"Gjeke-Gjonaj-Ulqin\" width=\"508\" height=\"467\" srcset=\"https:\/\/www.visit-ulcinj.com\/blog\/wp-content\/uploads\/2013\/10\/Gjeke-Gjonaj-Ulqin.jpg 606w, https:\/\/www.visit-ulcinj.com\/blog\/wp-content\/uploads\/2013\/10\/Gjeke-Gjonaj-Ulqin-300x275.jpg 300w\" sizes=\"(max-width: 508px) 100vw, 508px\" \/><\/a><strong>Gjek\u00eb Gjonaj<\/strong><\/p>\n<p>&nbsp;<\/p>\n<p><strong>Ndikimi i presidentit amerikan Thomas Woodrov Wilson <\/strong><\/p>\n<p>&nbsp;<\/p>\n<p>I shqet\u00ebsuar p\u00ebr fatin e ardhsh\u00ebm t\u00eb Shqip\u00ebris\u00eb Ivanaj nga Parisi , m\u00eb 2 prill 1920 i drejtohet presidentit amerikan Thomas Woordov Wilson ( 1913-1921) me shkres\u00eb, si\u00e7 vijon :\u00a0\u00a0 ,, N\u00eb koh\u00ebn kur Konferenca e Paqes p\u00ebrfundon punimet e saj, un\u00eb apeloj n\u00eb presidentin e Shteteve t\u00eb Bashkuara t\u00eb Amerik\u00ebs n\u00eb t\u00eb mir\u00eb t\u00eb popullit shqiptar, p\u00ebrfaq\u00ebsues i t\u00eb cilit jam, duke e lutur , q\u00eb t\u00eb largoj\u00eb ( shmang)\u00a0\u00a0 nga shteti yn\u00eb t\u00eb gjitha q\u00ebllimet( projektet) , q\u00eb shkojn\u00eb n\u00eb d\u00ebm t\u00eb integritetit t\u00eb tij politk dhe shtet\u00ebror. Marr\u00ebveshjet e fshehta kund\u00ebrshtojn\u00eb pavar\u00ebsine ton\u00eb popullore t\u00eb cil\u00ebn Shqip\u00ebria e ka arritur nd\u00ebrkomb\u00ebtarisht n\u00eb vitin 1913. Madje edhe vet memorandumi nga data 9 dhjetor e asgj\u00ebson pavar\u00ebsin\u00eb e shqiptar\u00ebve, sepse e shk\u00ebput\u00eb territorin shqiptar duke ia dhene Italis\u00eb dhe Greqis\u00eb. As shqiptar\u00ebt nuk mund t\u2019ia l\u00ebshojn\u00eb shtetin e vet k\u00ebrkesave imperialiste t\u00eb Italis\u00eb dhe Greqis\u00eb dhe as nuk mund t\u00eb pranojn\u00eb q\u00eb n\u00eb Ballkan t\u00eb instalohet nj\u00eb fuqi e huaj. Ne e lusim\u00a0\u00a0 presidentin, t\u00eb veproj\u00eb ndaj Italis\u00eb, n\u00eb m\u00ebnyr\u00eb q\u00eb ajo, duke ndjekur shembullin e Jugosllavis\u00eb, t\u00eb pranoj\u00eb parimin e pavar\u00ebsis\u00eb s\u00eb plot\u00eb t\u00eb Shqip\u00ebris\u00eb, n\u00eb form\u00ebn politke dhe territoriale , ku edhe q\u00ebndron kushti i zhvilimit ton\u00eb t\u00eb qet\u00eb dhe i qet\u00ebsis\u00eb ne jug t\u00eb Europ\u00ebs\u201d .<\/p>\n<p>Me k\u00ebto argumente Nikoll\u00eb Ivanaj k\u00ebrkoi t\u00eb influenconte sadopak n\u00eb mendimin e presidentit amerikan Wilson, i cili n\u00eb at\u00eb koh\u00eb konsiderohej si prijsi m\u00eb i popullarizuar i bot\u00ebs.<\/p>\n<p>&nbsp;<\/p>\n<p><strong>\u00c7far\u00eb deklaruan\u00a0\u00a0 Nikoll\u00eb Ivanaj dhe Panteli Vangjeli?<\/strong><\/p>\n<p><strong>\u00a0<\/strong><\/p>\n<p>P\u00ebrfaq\u00ebsuesi i Seksionit malazez D.S. Gjukiq , m\u00eb 8 prill 1920\u00a0\u00a0 p\u00ebrmes nj\u00eb shkrese zyrtare njofton kryetarin e Delegacionit t\u00eb Serb\u00ebve, Kroat\u00ebve, Slloven\u00ebve, kryetarin e Delegacionit si edhe zot\u00ebri dr. Milenko Vesniq n\u00eb Paris me deklarimet\u00a0\u00a0 e krer\u00ebve shqiptar\u00eb Panteli Evangjelit dhe Nikoll\u00eb Ivanajt n\u00eb zyr\u00ebn e Seksionit malazez.<\/p>\n<p>\u201cDelegacionit t\u00eb k\u00ebtush\u00ebm shqiptar u kan\u00eb ardhur z\u00ebra p\u00ebr incidentin me delegatin ton\u00eb n\u00eb Shkod\u00ebr. Sipas versionit, i cili ka mb\u00ebrrijt\u00eb deri tek ato qarqe shqiptare, pushteti vendor shqiptar n\u00eb Shkod\u00ebr e ka lutur zot\u00ebri Nershiq,p\u00ebrfaq\u00ebsues i Qeveris\u00eb Mbret\u00ebrore t\u00eb l\u00ebshoj\u00eb qytetin, duke theksuar si \u201c arsye\u201d se \u201c Mbret\u00ebria Serbe Kroate , Sllovene t\u00eb jet\u00eb n\u00eb Shkod\u00ebr e p\u00ebrfaq\u00ebsuar me nj\u00eb p\u00ebrfaq\u00ebsues t\u00eb rregullt diplomatik\u201d. Me k\u00ebt\u00eb rast sot kan\u00eb ardhur n\u00eb mesdit\u00eb n\u00eb zyr\u00ebn e Seksionit malazez krer\u00ebt shqiptar Panteli Evangjeli dhe Nikoll\u00eb Ivanaj dhe deklaruan n\u00eb em\u00ebr t\u00eb delegacionit shqiptar:<\/p>\n<p>1.Se u vjen shum\u00eb\u00a0\u00a0 keq p\u00ebr k\u00ebt\u00eb rast i cili ka ndodhur n\u00eb Shkod\u00ebr.<\/p>\n<ol start=\"2\">\n<li>Se plot\u00ebsisht nuk solidarizohen me k\u00ebt\u00eb akt ( veprim).<\/li>\n<\/ol>\n<p>3.Se i kan\u00eb d\u00ebrguar Ahmej Beut, Minsitrit t\u00eb Pun\u00ebve t\u00eb Brendshme protest\u00ebn m\u00eb\u00a0\u00a0 t\u00eb ashp\u00ebr dhe kan\u00eb k\u00ebrkuar nga ai t\u2019i jap\u00eb satifaksionin e plot\u00eb Qeveris\u00eb Mbret\u00ebrore .<\/p>\n<p>4.Se ata dhe i gjith\u00eb populli shqiptar i mbesin besnik shtetit ton\u00eb, i cili i vetmi mund t\u00eb realizoj\u00eb pavar\u00ebsin\u00eb e Shqip\u00ebris\u00eb dhe p\u00ebrmes s\u00eb cil\u00ebs duhet t\u00eb orijentohet ardhm\u00ebria e popullit t\u00eb tyre\u201d, thuhet n\u00eb shkres\u00eb e cila mban firm\u00ebn e D.S. Gjukiq, p\u00ebrfaq\u00ebsues i Seksionit malazez. ( AJ, 336 \u2013 28 \u2013V \u2013 VII \/ 12- 6070 )<\/p>\n<p>&nbsp;<\/p>\n<p>&nbsp;<\/p>\n<p>&nbsp;<\/p>\n<p><strong>Ivanaj k\u00ebrkon nga Qeveria e Beogradit t\u00eb mos lejoj\u00eb hyrjen e Esad Pash\u00ebs n\u00eb Shqip\u00ebri<\/strong><\/p>\n<p>&nbsp;<\/p>\n<p>P\u00ebrfaq\u00ebsuesi i Seksionit malazez D.S.Gjukiq , m\u00eb 15 prill 1920\u00a0\u00a0 e njofton\u00a0\u00a0 kryetarin e Delegacionit t\u00eb Serb\u00ebve, Kroat\u00ebve, Slloven\u00ebve n\u00eb Paris me\u00a0\u00a0 diskutimet e zhvilluara n\u00eb mbledhjen e mbajtur nj\u00eb dit\u00eb m\u00eb par\u00eb t\u00eb delegat\u00ebve shqiptar\u00eb, n\u00eb t\u00eb cil\u00ebn ishte i pranish\u00ebm edhe Nikoll\u00eb Ivanaj. Zot\u00ebri Kryetar mbr\u00ebm\u00eb rreth or\u00ebs 7 ka ardhur n\u00eb zyr\u00ebn e Seksionit malazez z. Nikoll\u00eb Ivanaj dhe, sipas gjasave m\u00eb deklaroi:<\/p>\n<ol>\n<li>Se i gjith\u00eb delegacioni shqiptar \u00ebsht\u00eb shum\u00eb i hutuar me lajmet, t\u00eb cilat jan\u00eb publikuar koh\u00ebn e fundit n\u00eb shtypin iatlian mbi mospajtimet ( mosmarr\u00ebveshjet) n\u00eb delagcionin ton\u00eb me rastin e \u00e7\u00ebshtjes shqiptare.<\/li>\n<\/ol>\n<p>2.Se edhe vet opinioni jugosllav i ka pranuar k\u00ebto lajme dhe u ka dh\u00ebn\u00eb besueshmn\u00ebrin\u00eb ,si\u00e7 shihet n\u00eb artikujt e jokahersh\u00ebm.<\/p>\n<p>3.Se krahas k\u00ebsaj ka ardhur deri te manifesti n\u00eb Podgoric\u00eb, me t\u00eb cilin k\u00ebrkohet Shkodra p\u00ebr Mal t\u00eb Zi e deklarata t\u00eb tjera t\u00eb ngjashme\u00a0\u00a0 edhe nga qarqet m\u00eb t\u00eb larta.<\/p>\n<p>T\u00eb gjitha k\u00ebto dukuri kan\u00eb shkaktuar n\u00eb delegacionin shqiptar frik\u00eb se n\u00eb politk\u00ebn ton\u00eb t\u00eb jashtmne ka ardhur deri tek nj\u00eb kthes\u00eb , e cila shkon n\u00eb d\u00ebm t\u00eb popullit shqiptar. P\u00ebrve\u00e7 k\u00ebsaj delegacioni shqiptar \u00ebsht\u00eb njoftuar se Esad Pasha p\u00ebrgatitet t\u00eb kthehet n\u00eb Shqip\u00ebri menj\u00ebher\u00eb mbas p\u00ebrfundimit t\u00eb Konferenc\u00ebs n\u00eb San Remo. Kjo rrethan\u00eb shkakton tek t\u00eb gjnith\u00eb ata panik dhe gati indinjat\u00eb. Sipas mendimti t\u00eb tyre hyrja e Esad Pash\u00ebs n\u00eb Shqip\u00ebri do t\u00eb jet\u00eb barazi me grusht shtetin dhe shkat\u00ebrrimin e gjendjes e cila \u00ebsht\u00eb krijuar n\u00eb Kuvendin e Madh Popullor n\u00eb Lushnje. Paraqitja e Esad Pash\u00ebs n\u00eb Shqip\u00ebri do t\u00eb thot\u00eb rr\u00ebzim i Qeveris\u00eb Popullore, p\u00ebrmbysje\u00a0\u00a0 e shtetit dhe\u00a0\u00a0 ndarje\u00a0\u00a0 t\u00eb Shqip\u00ebrsi\u00eb. Qeveria e Beogradit e vetmja mund t\u00eb ndaloj\u00eb k\u00ebt\u00eb avantur fatale, sepse Esad Pasha vet\u00ebm p\u00ebrmes saj mund t\u00eb hyj\u00eb n\u00eb shtet. N\u00ebse v\u00ebrtet vjen deri te ajo q\u00eb Esad Pasha\u00a0\u00a0 gjendet nj\u00eb dit\u00eb n\u00eb trollin shqiptar, kjo do t\u00eb thot\u00eb se\u00a0\u00a0 Qeveria e Mbret\u00ebris\u00eb Serbe Kroate, Slloovene me vet\u00ebdije do \u201c t\u00eb mbys\u00eb\u201d shtetin shqiptar, mu at\u00ebher\u00eb dhe\u00a0\u00a0 kur ajo e t\u00ebra \u00ebsht\u00eb angazhuar q\u00eb t\u00eb heq\u00eb nga vetja zgjedh\u00ebn ( jarmin)\u00a0\u00a0 e okupimit italian dhe mandatit italian.\u00a0\u00a0 Qeveria Mbret\u00ebrore ndoshta nuk do t\u00eb veproj\u00eb n\u00eb at\u00eb m\u00ebnyr\u00eb q\u00eb popullin shqiptar ta largoj\u00eb nga vetja, duke e hedhur plot\u00ebsisht n\u00eb\u00a0\u00a0 vorbull\u00ebn e mahinacioneve italiane. Ky \u00ebsht\u00eb kryesisht kuptimi i diksutimit t\u00eb zhvilluar n\u00eb k\u00ebt\u00eb mbledhje\u201d, p\u00ebrfundon shkres\u00ebn e tij Gjukiq (AJ , 336-28- IV-VII \/12- 5829)<\/p>\n<p><strong>P\u00ebrfundim <\/strong><\/p>\n<p>Nuk po citojm\u00eb m\u00eb burime e fakte t\u00eb tjera. Ato jan\u00eb shum\u00eb dhe mund t\u00eb p\u00ebrmblidhen vet\u00ebm n\u00eb nj\u00eb monografi, minimalisht. Por edhe k\u00ebto dokumente t\u00eb cituara nga burime sllave q\u00eb pasqyrojn\u00eb angazhimin e Nikoll\u00eb Ivanajt n\u00eb harkun kohor prej vet\u00ebm dy muajsh n\u00eb koh\u00ebn kur kishte filluar punimet Konferenca e Paqes n\u00eb Paris, flasin bindsh\u00ebm p\u00ebr veprimtarin\u00eb e tij t\u00eb pasur patriotike n\u00eb sh\u00ebrbim t\u00eb zgjidhjes s\u00eb drejt\u00eb t\u00eb \u00e7\u00ebshtjes shqiptare. Ky vizionar dhe analist p\u00ebr t\u00eb ardhmen e Shqip\u00ebris\u00eb dhe marr\u00ebdh\u00ebniet nd\u00ebrkomb\u00ebtare me veprimtarin\u00eb e tij politike u b\u00eb em\u00ebr i njohur n\u00eb bot\u00ebn shqiptare, dhe jo vet\u00ebm. Si politikan Nikoll\u00eb Ivanaj ishte nd\u00ebr m\u00eb aktiv\u00ebt e brezit t\u00eb vet, nd\u00ebr m\u00eb t\u00eb vendosurit, m\u00eb luftaraku dhe nj\u00eb nga vizionar\u00ebt m\u00eb t\u00eb dalluar n\u00eb mbrojtje t\u00eb sovranitetit dhe ardhm\u00ebris\u00eb s\u00eb Shqip\u00ebris\u00eb. Ai ishte bashk\u00ebkoh\u00ebs dhe bashk\u00ebpun\u00ebtor me pothuaj t\u00eb gjith\u00eb burrat m\u00eb n\u00eb z\u00eb t\u00eb Shqip\u00ebris\u00eb, nga t\u00eb gjitha trevat, n\u00eb ngjarjet m\u00eb t\u00eb r\u00ebnd\u00ebsishme t\u00eb Shqip\u00ebris\u00eb, nj\u00eb nga figurat me autoritet t\u00eb padiskutuesh\u00ebm, mendimi i t\u00eb cilit kishte pesh\u00eb. Ivanaj ishte propagandues i t\u00eb drejtave dhe k\u00ebrkesave t\u00eb shqiptar\u00ebve p\u00ebr vet\u00ebqeverisje dhe pavar\u00ebsi n\u00eb Evrop\u00eb dhe Shtetet t\u00eb Bashkuara t\u00eb Amerik\u00ebs, orator me fuqi argumentuese,publicist , shkrimtar e folklorist.Th\u00ebn\u00eb shkurt personalitet me veprimtari t\u00eb gjithanshme.\u00a0\u00a0 P\u00ebr sintez\u00ebn e p\u00ebrpjekjeve atdhetare t\u00eb Nikoll\u00eb Ivanajt\u00a0\u00a0 na e dha Parashqevi Qirazi, kur shkruante: \u201c Veprat na veshin me pavdek\u00ebsi lavd\u00ebrimi ose \u00e7\u2019nderimi. Ato jan\u00eb t\u00eb vetmet tapi q\u00eb mund t\u00eb trash\u00ebgohen pas vdekjes\u201d.<\/p>\n<p>Kontributi i tij n\u00eb fush\u00ebn e politik\u00ebs i bazuar me gjuh\u00ebn e argumenteve,p\u00ebr lirin\u00eb e Shqip\u00ebris\u00eb dhe mbrojtjen e shtetit dhe pavar\u00ebsis\u00eb shqiptare, nderon brez pas brezi \u00e7do shqiptar n\u00eb p\u00ebrgjith\u00ebsi dhe \u00e7do trieshjan n\u00eb ve\u00e7anti.<\/p>\n","protected":false},"excerpt":{"rendered":"<p>Gjek\u00eb Gjonaj &nbsp; Ndikimi i presidentit amerikan Thomas Woodrov Wilson &nbsp; I shqet\u00ebsuar p\u00ebr fatin e ardhsh\u00ebm t\u00eb Shqip\u00ebris\u00eb Ivanaj nga Parisi , m\u00eb 2 prill 1920 i drejtohet presidentit amerikan Thomas Woordov Wilson ( 1913-1921) me shkres\u00eb, si\u00e7 vijon :\u00a0\u00a0 ,, N\u00eb koh\u00ebn kur Konferenca e Paqes p\u00ebrfundon punimet e saj, un\u00eb apeloj n\u00eb [&hellip;]<\/p>\n","protected":false},"author":1,"featured_media":0,"comment_status":"closed","ping_status":"closed","sticky":false,"template":"","format":"standard","meta":{"spay_email":"","jetpack_publicize_message":"","jetpack_is_tweetstorm":false,"jetpack_publicize_feature_enabled":true},"categories":[11],"tags":[],"jetpack_publicize_connections":[],"yoast_head":"<!-- This site is optimized with the Yoast SEO plugin v19.1 - https:\/\/yoast.com\/wordpress\/plugins\/seo\/ -->\n<title>Nikoill\u00eb Ivanaj,personalitet i shquar i shtetit dhe pavar\u00ebsis\u00eb shqiptare II - Lajme nga Ulqini<\/title>\n<meta name=\"description\" content=\"Gjek\u00eb Gjonaj &nbsp; Ndikimi i presidentit amerikan Thomas Woodrov Wilson &nbsp; I shqet\u00ebsuar p\u00ebr fatin e ardhsh\u00ebm t\u00eb Shqip\u00ebris\u00eb Ivanaj nga Parisi , m\u00eb 2\" \/>\n<meta name=\"robots\" content=\"index, follow, max-snippet:-1, max-image-preview:large, max-video-preview:-1\" \/>\n<link rel=\"canonical\" href=\"https:\/\/www.visit-ulcinj.com\/blog\/2014\/10\/22\/nikoille-ivanajpersonalitet-shquar-shtetit-dhe-pavaresise-shqiptare-ii\/\" \/>\n<meta property=\"og:locale\" content=\"en_US\" \/>\n<meta property=\"og:type\" content=\"article\" \/>\n<meta property=\"og:title\" content=\"Nikoill\u00eb Ivanaj,personalitet i shquar i shtetit dhe pavar\u00ebsis\u00eb shqiptare II - Lajme nga Ulqini\" \/>\n<meta property=\"og:description\" content=\"Gjek\u00eb Gjonaj &nbsp; Ndikimi i presidentit amerikan Thomas Woodrov Wilson &nbsp; I shqet\u00ebsuar p\u00ebr fatin e ardhsh\u00ebm t\u00eb Shqip\u00ebris\u00eb Ivanaj nga Parisi , m\u00eb 2\" \/>\n<meta property=\"og:url\" content=\"https:\/\/www.visit-ulcinj.com\/blog\/2014\/10\/22\/nikoille-ivanajpersonalitet-shquar-shtetit-dhe-pavaresise-shqiptare-ii\/\" \/>\n<meta property=\"og:site_name\" content=\"Lajme nga Ulqini\" \/>\n<meta property=\"article:published_time\" content=\"2014-10-22T19:00:26+00:00\" \/>\n<meta property=\"og:image\" content=\"http:\/\/www.visit-ulcinj.com\/blog\/wp-content\/uploads\/2013\/10\/Gjeke-Gjonaj-Ulqin.jpg\" \/>\n<meta name=\"twitter:label1\" content=\"Written by\" \/>\n\t<meta name=\"twitter:data1\" content=\"ulqini\" \/>\n\t<meta name=\"twitter:label2\" content=\"Est. reading time\" \/>\n\t<meta name=\"twitter:data2\" content=\"7 minutes\" \/>\n<script type=\"application\/ld+json\" class=\"yoast-schema-graph\">{\"@context\":\"https:\/\/schema.org\",\"@graph\":[{\"@type\":\"WebSite\",\"@id\":\"https:\/\/www.visit-ulcinj.com\/blog\/#website\",\"url\":\"https:\/\/www.visit-ulcinj.com\/blog\/\",\"name\":\"Lajme nga Ulqini\",\"description\":\"Lajme,Vijesti,Ulqini,Ulqin,Crna Gora,Mali i Zi\",\"potentialAction\":[{\"@type\":\"SearchAction\",\"target\":{\"@type\":\"EntryPoint\",\"urlTemplate\":\"https:\/\/www.visit-ulcinj.com\/blog\/?s={search_term_string}\"},\"query-input\":\"required name=search_term_string\"}],\"inLanguage\":\"en-US\"},{\"@type\":\"ImageObject\",\"inLanguage\":\"en-US\",\"@id\":\"https:\/\/www.visit-ulcinj.com\/blog\/2014\/10\/22\/nikoille-ivanajpersonalitet-shquar-shtetit-dhe-pavaresise-shqiptare-ii\/#primaryimage\",\"url\":\"https:\/\/www.visit-ulcinj.com\/blog\/wp-content\/uploads\/2013\/10\/Gjeke-Gjonaj-Ulqin.jpg\",\"contentUrl\":\"https:\/\/www.visit-ulcinj.com\/blog\/wp-content\/uploads\/2013\/10\/Gjeke-Gjonaj-Ulqin.jpg\",\"width\":606,\"height\":557},{\"@type\":\"WebPage\",\"@id\":\"https:\/\/www.visit-ulcinj.com\/blog\/2014\/10\/22\/nikoille-ivanajpersonalitet-shquar-shtetit-dhe-pavaresise-shqiptare-ii\/#webpage\",\"url\":\"https:\/\/www.visit-ulcinj.com\/blog\/2014\/10\/22\/nikoille-ivanajpersonalitet-shquar-shtetit-dhe-pavaresise-shqiptare-ii\/\",\"name\":\"Nikoill\u00eb Ivanaj,personalitet i shquar i shtetit dhe pavar\u00ebsis\u00eb shqiptare II - Lajme nga Ulqini\",\"isPartOf\":{\"@id\":\"https:\/\/www.visit-ulcinj.com\/blog\/#website\"},\"primaryImageOfPage\":{\"@id\":\"https:\/\/www.visit-ulcinj.com\/blog\/2014\/10\/22\/nikoille-ivanajpersonalitet-shquar-shtetit-dhe-pavaresise-shqiptare-ii\/#primaryimage\"},\"datePublished\":\"2014-10-22T19:00:26+00:00\",\"dateModified\":\"2014-10-22T19:00:26+00:00\",\"author\":{\"@id\":\"https:\/\/www.visit-ulcinj.com\/blog\/#\/schema\/person\/dcab619c614d3038751c63bc2aadc06d\"},\"description\":\"Gjek\u00eb Gjonaj &nbsp; Ndikimi i presidentit amerikan Thomas Woodrov Wilson &nbsp; I shqet\u00ebsuar p\u00ebr fatin e ardhsh\u00ebm t\u00eb Shqip\u00ebris\u00eb Ivanaj nga Parisi , m\u00eb 2\",\"breadcrumb\":{\"@id\":\"https:\/\/www.visit-ulcinj.com\/blog\/2014\/10\/22\/nikoille-ivanajpersonalitet-shquar-shtetit-dhe-pavaresise-shqiptare-ii\/#breadcrumb\"},\"inLanguage\":\"en-US\",\"potentialAction\":[{\"@type\":\"ReadAction\",\"target\":[\"https:\/\/www.visit-ulcinj.com\/blog\/2014\/10\/22\/nikoille-ivanajpersonalitet-shquar-shtetit-dhe-pavaresise-shqiptare-ii\/\"]}]},{\"@type\":\"BreadcrumbList\",\"@id\":\"https:\/\/www.visit-ulcinj.com\/blog\/2014\/10\/22\/nikoille-ivanajpersonalitet-shquar-shtetit-dhe-pavaresise-shqiptare-ii\/#breadcrumb\",\"itemListElement\":[{\"@type\":\"ListItem\",\"position\":1,\"name\":\"Nikoill\u00eb Ivanaj,personalitet i shquar i shtetit dhe pavar\u00ebsis\u00eb shqiptare II\"}]},{\"@type\":\"Person\",\"@id\":\"https:\/\/www.visit-ulcinj.com\/blog\/#\/schema\/person\/dcab619c614d3038751c63bc2aadc06d\",\"name\":\"ulqini\",\"sameAs\":[\"http:\/\/www.visit-ulcinj.com\"],\"url\":\"https:\/\/www.visit-ulcinj.com\/blog\/author\/admin\/\"}]}<\/script>\n<!-- \/ Yoast SEO plugin. -->","yoast_head_json":{"title":"Nikoill\u00eb Ivanaj,personalitet i shquar i shtetit dhe pavar\u00ebsis\u00eb shqiptare II - Lajme nga Ulqini","description":"Gjek\u00eb Gjonaj &nbsp; Ndikimi i presidentit amerikan Thomas Woodrov Wilson &nbsp; I shqet\u00ebsuar p\u00ebr fatin e ardhsh\u00ebm t\u00eb Shqip\u00ebris\u00eb Ivanaj nga Parisi , m\u00eb 2","robots":{"index":"index","follow":"follow","max-snippet":"max-snippet:-1","max-image-preview":"max-image-preview:large","max-video-preview":"max-video-preview:-1"},"canonical":"https:\/\/www.visit-ulcinj.com\/blog\/2014\/10\/22\/nikoille-ivanajpersonalitet-shquar-shtetit-dhe-pavaresise-shqiptare-ii\/","og_locale":"en_US","og_type":"article","og_title":"Nikoill\u00eb Ivanaj,personalitet i shquar i shtetit dhe pavar\u00ebsis\u00eb shqiptare II - Lajme nga Ulqini","og_description":"Gjek\u00eb Gjonaj &nbsp; Ndikimi i presidentit amerikan Thomas Woodrov Wilson &nbsp; I shqet\u00ebsuar p\u00ebr fatin e ardhsh\u00ebm t\u00eb Shqip\u00ebris\u00eb Ivanaj nga Parisi , m\u00eb 2","og_url":"https:\/\/www.visit-ulcinj.com\/blog\/2014\/10\/22\/nikoille-ivanajpersonalitet-shquar-shtetit-dhe-pavaresise-shqiptare-ii\/","og_site_name":"Lajme nga Ulqini","article_published_time":"2014-10-22T19:00:26+00:00","og_image":[{"url":"http:\/\/www.visit-ulcinj.com\/blog\/wp-content\/uploads\/2013\/10\/Gjeke-Gjonaj-Ulqin.jpg"}],"twitter_misc":{"Written by":"ulqini","Est. reading time":"7 minutes"},"schema":{"@context":"https:\/\/schema.org","@graph":[{"@type":"WebSite","@id":"https:\/\/www.visit-ulcinj.com\/blog\/#website","url":"https:\/\/www.visit-ulcinj.com\/blog\/","name":"Lajme nga Ulqini","description":"Lajme,Vijesti,Ulqini,Ulqin,Crna Gora,Mali i Zi","potentialAction":[{"@type":"SearchAction","target":{"@type":"EntryPoint","urlTemplate":"https:\/\/www.visit-ulcinj.com\/blog\/?s={search_term_string}"},"query-input":"required name=search_term_string"}],"inLanguage":"en-US"},{"@type":"ImageObject","inLanguage":"en-US","@id":"https:\/\/www.visit-ulcinj.com\/blog\/2014\/10\/22\/nikoille-ivanajpersonalitet-shquar-shtetit-dhe-pavaresise-shqiptare-ii\/#primaryimage","url":"https:\/\/www.visit-ulcinj.com\/blog\/wp-content\/uploads\/2013\/10\/Gjeke-Gjonaj-Ulqin.jpg","contentUrl":"https:\/\/www.visit-ulcinj.com\/blog\/wp-content\/uploads\/2013\/10\/Gjeke-Gjonaj-Ulqin.jpg","width":606,"height":557},{"@type":"WebPage","@id":"https:\/\/www.visit-ulcinj.com\/blog\/2014\/10\/22\/nikoille-ivanajpersonalitet-shquar-shtetit-dhe-pavaresise-shqiptare-ii\/#webpage","url":"https:\/\/www.visit-ulcinj.com\/blog\/2014\/10\/22\/nikoille-ivanajpersonalitet-shquar-shtetit-dhe-pavaresise-shqiptare-ii\/","name":"Nikoill\u00eb Ivanaj,personalitet i shquar i shtetit dhe pavar\u00ebsis\u00eb shqiptare II - Lajme nga Ulqini","isPartOf":{"@id":"https:\/\/www.visit-ulcinj.com\/blog\/#website"},"primaryImageOfPage":{"@id":"https:\/\/www.visit-ulcinj.com\/blog\/2014\/10\/22\/nikoille-ivanajpersonalitet-shquar-shtetit-dhe-pavaresise-shqiptare-ii\/#primaryimage"},"datePublished":"2014-10-22T19:00:26+00:00","dateModified":"2014-10-22T19:00:26+00:00","author":{"@id":"https:\/\/www.visit-ulcinj.com\/blog\/#\/schema\/person\/dcab619c614d3038751c63bc2aadc06d"},"description":"Gjek\u00eb Gjonaj &nbsp; Ndikimi i presidentit amerikan Thomas Woodrov Wilson &nbsp; I shqet\u00ebsuar p\u00ebr fatin e ardhsh\u00ebm t\u00eb Shqip\u00ebris\u00eb Ivanaj nga Parisi , m\u00eb 2","breadcrumb":{"@id":"https:\/\/www.visit-ulcinj.com\/blog\/2014\/10\/22\/nikoille-ivanajpersonalitet-shquar-shtetit-dhe-pavaresise-shqiptare-ii\/#breadcrumb"},"inLanguage":"en-US","potentialAction":[{"@type":"ReadAction","target":["https:\/\/www.visit-ulcinj.com\/blog\/2014\/10\/22\/nikoille-ivanajpersonalitet-shquar-shtetit-dhe-pavaresise-shqiptare-ii\/"]}]},{"@type":"BreadcrumbList","@id":"https:\/\/www.visit-ulcinj.com\/blog\/2014\/10\/22\/nikoille-ivanajpersonalitet-shquar-shtetit-dhe-pavaresise-shqiptare-ii\/#breadcrumb","itemListElement":[{"@type":"ListItem","position":1,"name":"Nikoill\u00eb Ivanaj,personalitet i shquar i shtetit dhe pavar\u00ebsis\u00eb shqiptare II"}]},{"@type":"Person","@id":"https:\/\/www.visit-ulcinj.com\/blog\/#\/schema\/person\/dcab619c614d3038751c63bc2aadc06d","name":"ulqini","sameAs":["http:\/\/www.visit-ulcinj.com"],"url":"https:\/\/www.visit-ulcinj.com\/blog\/author\/admin\/"}]}},"jetpack_featured_media_url":"","jetpack_sharing_enabled":true,"jetpack_shortlink":"https:\/\/wp.me\/pe6lTn-mkI","_links":{"self":[{"href":"https:\/\/www.visit-ulcinj.com\/blog\/wp-json\/wp\/v2\/posts\/85852"}],"collection":[{"href":"https:\/\/www.visit-ulcinj.com\/blog\/wp-json\/wp\/v2\/posts"}],"about":[{"href":"https:\/\/www.visit-ulcinj.com\/blog\/wp-json\/wp\/v2\/types\/post"}],"author":[{"embeddable":true,"href":"https:\/\/www.visit-ulcinj.com\/blog\/wp-json\/wp\/v2\/users\/1"}],"replies":[{"embeddable":true,"href":"https:\/\/www.visit-ulcinj.com\/blog\/wp-json\/wp\/v2\/comments?post=85852"}],"version-history":[{"count":1,"href":"https:\/\/www.visit-ulcinj.com\/blog\/wp-json\/wp\/v2\/posts\/85852\/revisions"}],"predecessor-version":[{"id":85853,"href":"https:\/\/www.visit-ulcinj.com\/blog\/wp-json\/wp\/v2\/posts\/85852\/revisions\/85853"}],"wp:attachment":[{"href":"https:\/\/www.visit-ulcinj.com\/blog\/wp-json\/wp\/v2\/media?parent=85852"}],"wp:term":[{"taxonomy":"category","embeddable":true,"href":"https:\/\/www.visit-ulcinj.com\/blog\/wp-json\/wp\/v2\/categories?post=85852"},{"taxonomy":"post_tag","embeddable":true,"href":"https:\/\/www.visit-ulcinj.com\/blog\/wp-json\/wp\/v2\/tags?post=85852"}],"curies":[{"name":"wp","href":"https:\/\/api.w.org\/{rel}","templated":true}]}}