{"id":85856,"date":"2014-10-23T08:10:49","date_gmt":"2014-10-23T07:10:49","guid":{"rendered":"http:\/\/www.visit-ulcinj.com\/blog\/?p=85856"},"modified":"2014-10-23T08:10:49","modified_gmt":"2014-10-23T07:10:49","slug":"abazovic-bojanic-traze-lekicu-da-im-posudi-poslanika","status":"publish","type":"post","link":"https:\/\/www.visit-ulcinj.com\/blog\/2014\/10\/23\/abazovic-bojanic-traze-lekicu-da-im-posudi-poslanika\/","title":{"rendered":"Abazovi\u0107 i Bojani\u0107 tra\u017ee Leki\u0107u da im posudi poslanika"},"content":{"rendered":"<p><a href=\"http:\/\/www.visit-ulcinj.com\/blog\/wp-content\/uploads\/2014\/10\/Abazovic-i-Bojanic.jpg\"><img loading=\"lazy\" class=\"alignleft wp-image-85857\" src=\"http:\/\/www.visit-ulcinj.com\/blog\/wp-content\/uploads\/2014\/10\/Abazovic-i-Bojanic.jpg\" alt=\"Abazovic i Bojanic\" width=\"508\" height=\"338\" srcset=\"https:\/\/www.visit-ulcinj.com\/blog\/wp-content\/uploads\/2014\/10\/Abazovic-i-Bojanic.jpg 900w, https:\/\/www.visit-ulcinj.com\/blog\/wp-content\/uploads\/2014\/10\/Abazovic-i-Bojanic-300x199.jpg 300w\" sizes=\"(max-width: 508px) 100vw, 508px\" \/><\/a>Biv\u0161i poslanici Pozitivne Crne Gore Mladen Bojani\u0107 i Dritan Abazovi\u0107 razgovarali su sa liderom Demokratskog fronta Miodragom Leki\u0107em o formiranju poslani\u010dkog kluba u kojem bi bio jedan od predstavnika Fronta, saznaju Vijesti.<\/p>\n<div class=\"body-text\">\n<p>Podr\u0161ku iz Fronta Bojani\u0107 i Abazovi\u0107 tra\u017eili su kako bi, nakon isklju\u010denja iz Pozitivne, mogli da formiraju poslani\u010dki klub, ali im Leki\u0107 nije mogao odmah garantovati podr\u0161ku.<\/p>\n<p>Prema izvorima iz DF-a i izvorima iz kruga biv\u0161ih poslanika Pozitivne, Leki\u0107 im je kazao da \u0107e o tome povesti konsultacije u Frontu i da \u0107e to pitanje razmotriti na najozbiljniji na\u010din.<\/p>\n<p>Bojani\u0107 je ranije izjavio da postoji mogu\u0107nost da sa Abazovi\u0107em i jo\u0161 jednim poslanikom iz opozicije formira poslani\u010dki klub, nakon \u010dega je biv\u0161i poslanik Pozitivne Zoran Miljani\u0107 poru\u010dio da na njega ne ra\u010dunaju. Miljani\u0107 je nakon isklju\u010denja iz Pozitivne pre\u0161ao kod Leki\u0107a.<\/p>\n<p>Sagovornici Vijesti tvrde da biv\u0161i poslanici Pozitivne na formiranju kluba insistiraju zbog tehni\u010dkih razloga, jer bi na taj na\u010din obezbijedili prostorije u parlamentu, sekretara kluba, predstavnika na Kolegijumu predsjednika Skup\u0161tine i mogu\u0107nost da postavljaju pitanja na premijerskom satu i skup\u0161tinskim diskusijama.<\/p>\n<p><strong>Izvor: CDM<\/strong><\/p>\n<\/div>\n","protected":false},"excerpt":{"rendered":"<p>Biv\u0161i poslanici Pozitivne Crne Gore Mladen Bojani\u0107 i Dritan Abazovi\u0107 razgovarali su sa liderom Demokratskog fronta Miodragom Leki\u0107em o formiranju poslani\u010dkog kluba u kojem bi bio jedan od predstavnika Fronta, saznaju Vijesti. Podr\u0161ku iz Fronta Bojani\u0107 i Abazovi\u0107 tra\u017eili su kako bi, nakon isklju\u010denja iz Pozitivne, mogli da formiraju poslani\u010dki klub, ali im Leki\u0107 nije [&hellip;]<\/p>\n","protected":false},"author":1,"featured_media":0,"comment_status":"closed","ping_status":"closed","sticky":false,"template":"","format":"standard","meta":{"spay_email":"","jetpack_publicize_message":"","jetpack_is_tweetstorm":false,"jetpack_publicize_feature_enabled":true},"categories":[8337],"tags":[],"jetpack_publicize_connections":[],"yoast_head":"<!-- This site is optimized with the Yoast SEO plugin v19.1 - https:\/\/yoast.com\/wordpress\/plugins\/seo\/ -->\n<title>Abazovi\u0107 i Bojani\u0107 tra\u017ee Leki\u0107u da im posudi poslanika - Lajme nga Ulqini<\/title>\n<meta name=\"description\" content=\"Biv\u0161i poslanici Pozitivne Crne Gore Mladen Bojani\u0107 i Dritan Abazovi\u0107 razgovarali su sa liderom Demokratskog fronta Miodragom Leki\u0107em o formiranju\" \/>\n<meta name=\"robots\" content=\"index, follow, max-snippet:-1, max-image-preview:large, max-video-preview:-1\" \/>\n<link rel=\"canonical\" href=\"https:\/\/www.visit-ulcinj.com\/blog\/2014\/10\/23\/abazovic-bojanic-traze-lekicu-da-im-posudi-poslanika\/\" \/>\n<meta property=\"og:locale\" content=\"en_US\" \/>\n<meta property=\"og:type\" content=\"article\" \/>\n<meta property=\"og:title\" content=\"Abazovi\u0107 i Bojani\u0107 tra\u017ee Leki\u0107u da im posudi poslanika - Lajme nga Ulqini\" \/>\n<meta property=\"og:description\" content=\"Biv\u0161i poslanici Pozitivne Crne Gore Mladen Bojani\u0107 i Dritan Abazovi\u0107 razgovarali su sa liderom Demokratskog fronta Miodragom Leki\u0107em o formiranju\" \/>\n<meta property=\"og:url\" content=\"https:\/\/www.visit-ulcinj.com\/blog\/2014\/10\/23\/abazovic-bojanic-traze-lekicu-da-im-posudi-poslanika\/\" \/>\n<meta property=\"og:site_name\" content=\"Lajme nga Ulqini\" \/>\n<meta property=\"article:published_time\" content=\"2014-10-23T07:10:49+00:00\" \/>\n<meta property=\"og:image\" content=\"http:\/\/www.visit-ulcinj.com\/blog\/wp-content\/uploads\/2014\/10\/Abazovic-i-Bojanic.jpg\" \/>\n<meta name=\"twitter:label1\" content=\"Written by\" \/>\n\t<meta name=\"twitter:data1\" content=\"ulqini\" \/>\n\t<meta name=\"twitter:label2\" content=\"Est. reading time\" \/>\n\t<meta name=\"twitter:data2\" content=\"1 minute\" \/>\n<script type=\"application\/ld+json\" class=\"yoast-schema-graph\">{\"@context\":\"https:\/\/schema.org\",\"@graph\":[{\"@type\":\"WebSite\",\"@id\":\"https:\/\/www.visit-ulcinj.com\/blog\/#website\",\"url\":\"https:\/\/www.visit-ulcinj.com\/blog\/\",\"name\":\"Lajme nga Ulqini\",\"description\":\"Lajme,Vijesti,Ulqini,Ulqin,Crna Gora,Mali i Zi\",\"potentialAction\":[{\"@type\":\"SearchAction\",\"target\":{\"@type\":\"EntryPoint\",\"urlTemplate\":\"https:\/\/www.visit-ulcinj.com\/blog\/?s={search_term_string}\"},\"query-input\":\"required name=search_term_string\"}],\"inLanguage\":\"en-US\"},{\"@type\":\"ImageObject\",\"inLanguage\":\"en-US\",\"@id\":\"https:\/\/www.visit-ulcinj.com\/blog\/2014\/10\/23\/abazovic-bojanic-traze-lekicu-da-im-posudi-poslanika\/#primaryimage\",\"url\":\"https:\/\/www.visit-ulcinj.com\/blog\/wp-content\/uploads\/2014\/10\/Abazovic-i-Bojanic.jpg\",\"contentUrl\":\"https:\/\/www.visit-ulcinj.com\/blog\/wp-content\/uploads\/2014\/10\/Abazovic-i-Bojanic.jpg\",\"width\":900,\"height\":598},{\"@type\":\"WebPage\",\"@id\":\"https:\/\/www.visit-ulcinj.com\/blog\/2014\/10\/23\/abazovic-bojanic-traze-lekicu-da-im-posudi-poslanika\/#webpage\",\"url\":\"https:\/\/www.visit-ulcinj.com\/blog\/2014\/10\/23\/abazovic-bojanic-traze-lekicu-da-im-posudi-poslanika\/\",\"name\":\"Abazovi\u0107 i Bojani\u0107 tra\u017ee Leki\u0107u da im posudi poslanika - Lajme nga Ulqini\",\"isPartOf\":{\"@id\":\"https:\/\/www.visit-ulcinj.com\/blog\/#website\"},\"primaryImageOfPage\":{\"@id\":\"https:\/\/www.visit-ulcinj.com\/blog\/2014\/10\/23\/abazovic-bojanic-traze-lekicu-da-im-posudi-poslanika\/#primaryimage\"},\"datePublished\":\"2014-10-23T07:10:49+00:00\",\"dateModified\":\"2014-10-23T07:10:49+00:00\",\"author\":{\"@id\":\"https:\/\/www.visit-ulcinj.com\/blog\/#\/schema\/person\/dcab619c614d3038751c63bc2aadc06d\"},\"description\":\"Biv\u0161i poslanici Pozitivne Crne Gore Mladen Bojani\u0107 i Dritan Abazovi\u0107 razgovarali su sa liderom Demokratskog fronta Miodragom Leki\u0107em o formiranju\",\"breadcrumb\":{\"@id\":\"https:\/\/www.visit-ulcinj.com\/blog\/2014\/10\/23\/abazovic-bojanic-traze-lekicu-da-im-posudi-poslanika\/#breadcrumb\"},\"inLanguage\":\"en-US\",\"potentialAction\":[{\"@type\":\"ReadAction\",\"target\":[\"https:\/\/www.visit-ulcinj.com\/blog\/2014\/10\/23\/abazovic-bojanic-traze-lekicu-da-im-posudi-poslanika\/\"]}]},{\"@type\":\"BreadcrumbList\",\"@id\":\"https:\/\/www.visit-ulcinj.com\/blog\/2014\/10\/23\/abazovic-bojanic-traze-lekicu-da-im-posudi-poslanika\/#breadcrumb\",\"itemListElement\":[{\"@type\":\"ListItem\",\"position\":1,\"name\":\"Abazovi\u0107 i Bojani\u0107 tra\u017ee Leki\u0107u da im posudi poslanika\"}]},{\"@type\":\"Person\",\"@id\":\"https:\/\/www.visit-ulcinj.com\/blog\/#\/schema\/person\/dcab619c614d3038751c63bc2aadc06d\",\"name\":\"ulqini\",\"sameAs\":[\"http:\/\/www.visit-ulcinj.com\"],\"url\":\"https:\/\/www.visit-ulcinj.com\/blog\/author\/admin\/\"}]}<\/script>\n<!-- \/ Yoast SEO plugin. -->","yoast_head_json":{"title":"Abazovi\u0107 i Bojani\u0107 tra\u017ee Leki\u0107u da im posudi poslanika - Lajme nga Ulqini","description":"Biv\u0161i poslanici Pozitivne Crne Gore Mladen Bojani\u0107 i Dritan Abazovi\u0107 razgovarali su sa liderom Demokratskog fronta Miodragom Leki\u0107em o formiranju","robots":{"index":"index","follow":"follow","max-snippet":"max-snippet:-1","max-image-preview":"max-image-preview:large","max-video-preview":"max-video-preview:-1"},"canonical":"https:\/\/www.visit-ulcinj.com\/blog\/2014\/10\/23\/abazovic-bojanic-traze-lekicu-da-im-posudi-poslanika\/","og_locale":"en_US","og_type":"article","og_title":"Abazovi\u0107 i Bojani\u0107 tra\u017ee Leki\u0107u da im posudi poslanika - Lajme nga Ulqini","og_description":"Biv\u0161i poslanici Pozitivne Crne Gore Mladen Bojani\u0107 i Dritan Abazovi\u0107 razgovarali su sa liderom Demokratskog fronta Miodragom Leki\u0107em o formiranju","og_url":"https:\/\/www.visit-ulcinj.com\/blog\/2014\/10\/23\/abazovic-bojanic-traze-lekicu-da-im-posudi-poslanika\/","og_site_name":"Lajme nga Ulqini","article_published_time":"2014-10-23T07:10:49+00:00","og_image":[{"url":"http:\/\/www.visit-ulcinj.com\/blog\/wp-content\/uploads\/2014\/10\/Abazovic-i-Bojanic.jpg"}],"twitter_misc":{"Written by":"ulqini","Est. reading time":"1 minute"},"schema":{"@context":"https:\/\/schema.org","@graph":[{"@type":"WebSite","@id":"https:\/\/www.visit-ulcinj.com\/blog\/#website","url":"https:\/\/www.visit-ulcinj.com\/blog\/","name":"Lajme nga Ulqini","description":"Lajme,Vijesti,Ulqini,Ulqin,Crna Gora,Mali i Zi","potentialAction":[{"@type":"SearchAction","target":{"@type":"EntryPoint","urlTemplate":"https:\/\/www.visit-ulcinj.com\/blog\/?s={search_term_string}"},"query-input":"required name=search_term_string"}],"inLanguage":"en-US"},{"@type":"ImageObject","inLanguage":"en-US","@id":"https:\/\/www.visit-ulcinj.com\/blog\/2014\/10\/23\/abazovic-bojanic-traze-lekicu-da-im-posudi-poslanika\/#primaryimage","url":"https:\/\/www.visit-ulcinj.com\/blog\/wp-content\/uploads\/2014\/10\/Abazovic-i-Bojanic.jpg","contentUrl":"https:\/\/www.visit-ulcinj.com\/blog\/wp-content\/uploads\/2014\/10\/Abazovic-i-Bojanic.jpg","width":900,"height":598},{"@type":"WebPage","@id":"https:\/\/www.visit-ulcinj.com\/blog\/2014\/10\/23\/abazovic-bojanic-traze-lekicu-da-im-posudi-poslanika\/#webpage","url":"https:\/\/www.visit-ulcinj.com\/blog\/2014\/10\/23\/abazovic-bojanic-traze-lekicu-da-im-posudi-poslanika\/","name":"Abazovi\u0107 i Bojani\u0107 tra\u017ee Leki\u0107u da im posudi poslanika - Lajme nga Ulqini","isPartOf":{"@id":"https:\/\/www.visit-ulcinj.com\/blog\/#website"},"primaryImageOfPage":{"@id":"https:\/\/www.visit-ulcinj.com\/blog\/2014\/10\/23\/abazovic-bojanic-traze-lekicu-da-im-posudi-poslanika\/#primaryimage"},"datePublished":"2014-10-23T07:10:49+00:00","dateModified":"2014-10-23T07:10:49+00:00","author":{"@id":"https:\/\/www.visit-ulcinj.com\/blog\/#\/schema\/person\/dcab619c614d3038751c63bc2aadc06d"},"description":"Biv\u0161i poslanici Pozitivne Crne Gore Mladen Bojani\u0107 i Dritan Abazovi\u0107 razgovarali su sa liderom Demokratskog fronta Miodragom Leki\u0107em o formiranju","breadcrumb":{"@id":"https:\/\/www.visit-ulcinj.com\/blog\/2014\/10\/23\/abazovic-bojanic-traze-lekicu-da-im-posudi-poslanika\/#breadcrumb"},"inLanguage":"en-US","potentialAction":[{"@type":"ReadAction","target":["https:\/\/www.visit-ulcinj.com\/blog\/2014\/10\/23\/abazovic-bojanic-traze-lekicu-da-im-posudi-poslanika\/"]}]},{"@type":"BreadcrumbList","@id":"https:\/\/www.visit-ulcinj.com\/blog\/2014\/10\/23\/abazovic-bojanic-traze-lekicu-da-im-posudi-poslanika\/#breadcrumb","itemListElement":[{"@type":"ListItem","position":1,"name":"Abazovi\u0107 i Bojani\u0107 tra\u017ee Leki\u0107u da im posudi poslanika"}]},{"@type":"Person","@id":"https:\/\/www.visit-ulcinj.com\/blog\/#\/schema\/person\/dcab619c614d3038751c63bc2aadc06d","name":"ulqini","sameAs":["http:\/\/www.visit-ulcinj.com"],"url":"https:\/\/www.visit-ulcinj.com\/blog\/author\/admin\/"}]}},"jetpack_featured_media_url":"","jetpack_sharing_enabled":true,"jetpack_shortlink":"https:\/\/wp.me\/pe6lTn-mkM","_links":{"self":[{"href":"https:\/\/www.visit-ulcinj.com\/blog\/wp-json\/wp\/v2\/posts\/85856"}],"collection":[{"href":"https:\/\/www.visit-ulcinj.com\/blog\/wp-json\/wp\/v2\/posts"}],"about":[{"href":"https:\/\/www.visit-ulcinj.com\/blog\/wp-json\/wp\/v2\/types\/post"}],"author":[{"embeddable":true,"href":"https:\/\/www.visit-ulcinj.com\/blog\/wp-json\/wp\/v2\/users\/1"}],"replies":[{"embeddable":true,"href":"https:\/\/www.visit-ulcinj.com\/blog\/wp-json\/wp\/v2\/comments?post=85856"}],"version-history":[{"count":1,"href":"https:\/\/www.visit-ulcinj.com\/blog\/wp-json\/wp\/v2\/posts\/85856\/revisions"}],"predecessor-version":[{"id":85858,"href":"https:\/\/www.visit-ulcinj.com\/blog\/wp-json\/wp\/v2\/posts\/85856\/revisions\/85858"}],"wp:attachment":[{"href":"https:\/\/www.visit-ulcinj.com\/blog\/wp-json\/wp\/v2\/media?parent=85856"}],"wp:term":[{"taxonomy":"category","embeddable":true,"href":"https:\/\/www.visit-ulcinj.com\/blog\/wp-json\/wp\/v2\/categories?post=85856"},{"taxonomy":"post_tag","embeddable":true,"href":"https:\/\/www.visit-ulcinj.com\/blog\/wp-json\/wp\/v2\/tags?post=85856"}],"curies":[{"name":"wp","href":"https:\/\/api.w.org\/{rel}","templated":true}]}}