{"id":85859,"date":"2014-10-23T10:22:32","date_gmt":"2014-10-23T09:22:32","guid":{"rendered":"http:\/\/www.visit-ulcinj.com\/blog\/?p=85859"},"modified":"2014-10-23T16:22:23","modified_gmt":"2014-10-23T15:22:23","slug":"abazovic-koco-danaj-povampirio-albanski-nacionalizam","status":"publish","type":"post","link":"https:\/\/www.visit-ulcinj.com\/blog\/2014\/10\/23\/abazovic-koco-danaj-povampirio-albanski-nacionalizam\/","title":{"rendered":"Abazovic: Ko\u010do Danaj povampirio albanski nacionalizam"},"content":{"rendered":"<p><span class=\"userContent\" data-ft=\"{&quot;tn&quot;:&quot;K&quot;}\"><strong>Poslanik Dritan Abazovi\u0107 u intervjuu za ,,DAN\u201c osudio inicijativu da Ulcinju bude pripojen Albaniji.<\/strong><\/span><\/p>\n<p><span class=\"userContent\" data-ft=\"{&quot;tn&quot;:&quot;K&quot;}\"><a href=\"http:\/\/www.visit-ulcinj.com\/blog\/wp-content\/uploads\/2014\/10\/abazovic-dritan.jpg\"><img loading=\"lazy\" class=\"alignleft wp-image-85860\" src=\"http:\/\/www.visit-ulcinj.com\/blog\/wp-content\/uploads\/2014\/10\/abazovic-dritan.jpg\" alt=\"abazovic-dritan\" width=\"508\" height=\"600\" \/><\/a><\/span><span class=\"tekstcijeli\"><span class=\"kapital\">U<\/span> svje\u00adtlu ne\u00adga\u00adtiv\u00adnih de\u00ad\u0161a\u00adva\u00adnja ko\u00adja su obi\u00adlje\u00ad\u017ei\u00adla pret\u00adhod\u00adnu ne\u00addje\u00adlju, lo\u00adgi\u010d\u00adno je da se na\u00adci\u00ado\u00adna\u00adli\u00adzam po\u00advam\u00adpi\u00adri i da se ne\u00adke te\u00adme ko\u00adje su bi\u00adle mar\u00adgi\u00adna\u00adli\u00adzo\u00adva\u00adne sa\u00adda po\u00adnov\u00adno ak\u00adtu\u00ade\u00adli\u00adzu\u00adju kroz de\u00ad\u017eur\u00adne ko\u00admen\u00adta\u00adto\u00adre, kazao je poslanik iz Ulcinja Dritan Abazovi\u0107, komentari\u0161u\u0107i inicijativu albanskog politi\u010dara Ko\u010da Danaja da ulcinjska op\u0161tina bude pripojena Albaniji. Abazovi\u0107 je rekao i da su u toku kon\u00adsul\u00adta\u00adci\u00adje sa svim \u010dla\u00adno\u00advi\u00adma ko\u00adji su na\u00adpu\u00adsti\u00adli Po\u00adzi\u00adtiv\u00adnu Cr\u00adnu Go\u00adru.<br \/>\n&#8211; A pr\u00advo pi\u00adta\u00adnje oko ko\u00adjeg se mo\u00adra\u00admo od\u00adre\u00addi\u00adti je\u00adste da li na\u00adsta\u00advlja\u00admo da\u00adlje svoj po\u00adli\u00adti\u010d\u00adki an\u00adga\u00ad\u017eman &#8211; re\u00adkao je po\u00adsla\u00adnik Dri\u00adtan Aba\u00adzo\u00advi\u0107.<br \/>\nOn je u in\u00adter\u00advjuu za \u201eDan\u201d ka\u00adzao da \u0107e se o mo\u00adgu\u0107\u00adno\u00adsti for\u00admi\u00adra\u00adnja par\u00adti\u00adje mo\u00ad\u0107i iz\u00adja\u00adsni\u00adti ka\u00adda se okon\u00ad\u010da\u00adju kon\u00adsul\u00adta\u00adci\u00adje.<br \/>\n\u2013 O\u010de\u00adku\u00adjem da u re\u00adla\u00adtiv\u00adno krat\u00adkom pe\u00adri\u00ado\u00addu do\u00adne\u00adse\u00admo tu od\u00adlu\u00adku i oba\u00advi\u00adje\u00adsti\u00admo jav\u00adnost o to\u00adme \u2013 oci\u00adje\u00adnio je Aba\u00adzo\u00advi\u0107.<br \/>\n\u25cfKo\u00ad\u010do Da\u00adnaj opet na\u00adja\u00advlju\u00adje ne\u00adke ini\u00adci\u00adja\u00adti\u00adve da se Ul\u00adcinj pri\u00adpo\u00adji<br \/>\nAl\u00adba\u00adni\u00adji. Ka\u00adko Vi to ko\u00admen\u00adta\u00adri\u00ad\u0161e\u00adte?<br \/>\n\u2013 U svje\u00adtlu ne\u00adga\u00adtiv\u00adnih de\u00ad\u0161a\u00adva\u00adnja ko\u00adja su obi\u00adlje\u00ad\u017ei\u00adla pret\u00adhod\u00adnu ne\u00addje\u00adlju, lo\u00adgi\u010d\u00adno je da se na\u00adci\u00ado\u00adna\u00adli\u00adzam po\u00advam\u00adpi\u00adri i da se ne\u00adke te\u00adme ko\u00adje su bi\u00adle mar\u00adgi\u00adna\u00adli\u00adzo\u00adva\u00adne sa\u00adda po\u00adnov\u00adno ak\u00adtu\u00ade\u00adli\u00adzu\u00adju kroz de\u00ad\u017eur\u00adne ko\u00admen\u00adta\u00adto\u00adre.<br \/>\nJe\u00addi\u00adna re\u00adle\u00advant\u00adna ide\u00adja i ini\u00adci\u00adja\u00adti\u00adva ko\u00adju tre\u00adba da sli\u00adje\u00adde ze\u00admlje za\u00adpad\u00adnog Bal\u00adka\u00adna je\u00adste uje\u00addi\u00adnje\u00adna ve\u00adli\u00adka Evro\u00adpa sa ne\u00advi\u00addlji\u00advim gra\u00adni\u00adci\u00adma i na\u00adro\u00addi\u00adma ko\u00adji \u0107e \u017ei\u00advje\u00adti u mi\u00adru i me\u00ad\u0111u\u00adsob\u00adnom po\u00ad\u0161to\u00adva\u00adnju.<br \/>\n\u25cfNa\u00adja\u00advi\u00adli ste mo\u00adgu\u0107\u00adnost da biv\u00ad\u0161i \u010dla\u00adno\u00advi Po\u00adzi\u00adtiv\u00adne Cr\u00adne Go\u00adre for\u00admi\u00adra\u00adju\u00a0po\u00adli\u00adti\u010d\u00adku stran\u00adku. Ka\u00adda \u0107e to bi\u00adti ozva\u00adni\u00ad\u010de\u00adno, i ka\u00adkve pro\u00adfi\u00adla\u00adci\u00adje \u0107e bi\u00adti ta par\u00adti\u00adja?<br \/>\n\u2013 Na to pi\u00adta\u00adnje \u0107u mo\u00ad\u0107i da od\u00adgo\u00advo\u00adrim tek ka\u00adda se za\u00advr\u00ad\u0161e kon\u00adsul\u00adta\u00adci\u00adje sa svim \u010dla\u00adno\u00advi\u00adma ko\u00adji su na\u00adpu\u00adsti\u00adli Po\u00adzi\u00adtiv\u00adnu Cr\u00adnu Go\u00adru (PCG). Pr\u00advo pi\u00adta\u00adnje oko ko\u00adjeg se mo\u00adra\u00admo od\u00adre\u00addi\u00adti je\u00adste da li na\u00adsta\u00advlja\u00admo da\u00adlje svoj po\u00adli\u00adti\u010d\u00adki an\u00adga\u00ad\u017eman.<br \/>\nAko je od\u00adgo\u00advor da, on\u00adda \u0107e\u00admo od\u00adlu\u00ad\u010di\u00adti u ko\u00adjoj for\u00admi \u0107e\u00admo to iz\u00adve\u00adsti. U sva\u00adkom slu\u00ad\u010da\u00adju, o\u010de\u00adku\u00adjem da u re\u00adla\u00adtiv\u00adno krat\u00adkom pe\u00adri\u00ado\u00addu do\u00adne\u00adse\u00admo tu od\u00adlu\u00adku i oba\u00advi\u00adje\u00adsti\u00admo jav\u00adnost o to\u00adme.<br \/>\n\u25cf Po\u00adzi\u00adva\u00adli ste na for\u00admi\u00adra\u00adnje je\u00addin\u00adstve\u00adnog opo\u00adzi\u00adci\u00ado\u00adnog blo\u00adka, na \u010di\u00adjem\u00a0bi \u010de\u00adlu bio Mi\u00ado\u00addrag Le\u00adki\u0107. Do\u00adkle se sti\u00adglo s tom ini\u00adci\u00adja\u00adti\u00advom, i ka\u00adkve su\u00a0re\u00adak\u00adci\u00adje na taj Va\u0161 pred\u00adlog?<br \/>\n\u2013 Re\u00adak\u00adci\u00adje su bi\u00adle iz\u00adnad mo\u00adjih o\u010de\u00adki\u00adva\u00adnja. Gra\u00ad\u0111a\u00adni su umor\u00adni od sva\u00ad\u0111a, cjep\u00adka\u00adnja i ucje\u00adnji\u00adva\u010d\u00adkih po\u00adli\u00adti\u00adka. Cilj ide\u00adje je da stvo\u00adri\u00admo ve\u00ad\u0107e je\u00addin\u00adstvo i sa\u00adrad\u00adnju, ma\u00adkar u ve\u00adzi sa pi\u00adta\u00adnji\u00adma oko ko\u00adjih po\u00adsto\u00adji sa\u00adgla\u00adsnost. Moj pred\u00adlog je bio ini\u00adci\u00adja\u00adlan, ni\u00adje bio kon\u00adkre\u00adtan. Kao \u0161to je po\u00adzna\u00adto, po\u00adzvao sam go\u00adspo\u00addi\u00adna Le\u00adki\u00ad\u0107a, kao \u010do\u00advje\u00adka sa ne\u00adsum\u00adnji\u00advo naj\u00adve\u00ad\u0107im auto\u00adri\u00adte\u00adtom u opo\u00adzi\u00adci\u00adji, da po\u00adkre\u00adne da\u00adlje ak\u00adtiv\u00adno\u00adsti.<br \/>\nNje\u00adgo\u00adve re\u00adak\u00adci\u00adje su bi\u00adle vr\u00adlo ko\u00adrekt\u00adne i oko to\u00adga smo raz\u00admi\u00adje\u00adni\u00adli mi\u00ad\u0161lje\u00adnja. Ipak, za ne\u00ad\u0161to opi\u00adplji\u00advi\u00adju pri\u00ad\u010du po\u00adtreb\u00adno je ma\u00adlo vi\u00ad\u0161e vre\u00adme\u00adna jer se ra\u00addi o kom\u00adplek\u00adsnom pro\u00adce\u00adsu i mno\u00ad\u0161tvu raz\u00adli\u00ad\u010di\u00adtih su\u00adbje\u00adka\u00adta. U sva\u00adkom slu\u00ad\u010da\u00adju, do\u00adbro je da je i ta\u00adkva ide\u00adja za\u00ad\u017ei\u00advje\u00adla, ma\u00adkar kao op\u00adci\u00adja.\u00a0M.V.<\/p>\n<p><strong>SDP zasmijava javnost<\/strong><\/p>\n<p>\u25cf Sma\u00adtra\u00adte li da \u0107e So\u00adci\u00adjal\u00adde\u00admo\u00adkrat\u00adska par\u00adti\u00adja Anek\u00adsom spo\u00adra\u00adzu\u00adma sa De\u00admo\u00adkrat\u00adskom par\u00adti\u00adjom so\u00adci\u00adja\u00adli\u00adsta o dr\u00ad\u017eav\u00adnoj\u00a0 ko\u00ada\u00adli\u00adci\u00adji uni\u00adje\u00adti ne\u00adke no\u00advi\u00adne u po\u00adli\u00adti\u010d\u00adki \u017ei\u00advot Cr\u00adne Go\u00adre?<br \/>\n\u2013 To su pra\u00adzne pri\u00ad\u010de ko\u00adje slu\u00ad\u017ee kao oprav\u00adda\u00adnje za ne\u00admo\u00adral\u00adne po\u00adstup\u00adke So\u00adci\u00adjal\u00adde\u00admo\u00adkrat\u00adske par\u00adti\u00adje. Na to ne tre\u00adba obra\u00ad\u0107a\u00adti po\u00adseb\u00adnu pa\u00ad\u017enju, to su glu\u00adpo\u00adsti. Da su htje\u00adli ne\u00ad\u0161to ura\u00addi\u00adti, ura\u00addi\u00adli bi to u pret\u00adhod\u00adnih 15 go\u00addi\u00adna ko\u00adal\u00adci\u00adje sa De\u00admo\u00adkrat\u00adskom par\u00adti\u00adjom so\u00adci\u00adja\u00adli\u00adsta. Sa\u00adda mi\u00adsle da gra\u00ad\u0111a\u00adni\u00adma pro\u00adda\u00adju pri\u00ad\u010du da \u0107e ne\u00adki aneks ne\u00adka\u00adkvog spo\u00adra\u00adzu\u00adma pro\u00admi\u00adje\u00adni\u00adti nji\u00adho\u00advu ko\u00adrum\u00adpi\u00adra\u00adnu po\u00adli\u00adti\u00adku.<br \/>\nDa ni\u00adje smi\u00adje\u00ad\u0161no, bi\u00adlo bi tu\u00ad\u017eno, a vri\u00adje\u00adme ko\u00adje je pred na\u00adma po\u00adka\u00adza\u00ad\u0107e da li sam bio u pra\u00advu.\u00a0 <\/span><\/p>\n<p><strong>Izvor: DAN<\/strong><\/p>\n<p>&nbsp;<\/p>\n","protected":false},"excerpt":{"rendered":"<p>Poslanik Dritan Abazovi\u0107 u intervjuu za ,,DAN\u201c osudio inicijativu da Ulcinju bude pripojen Albaniji. U svje\u00adtlu ne\u00adga\u00adtiv\u00adnih de\u00ad\u0161a\u00adva\u00adnja ko\u00adja su obi\u00adlje\u00ad\u017ei\u00adla pret\u00adhod\u00adnu ne\u00addje\u00adlju, lo\u00adgi\u010d\u00adno je da se na\u00adci\u00ado\u00adna\u00adli\u00adzam po\u00advam\u00adpi\u00adri i da se ne\u00adke te\u00adme ko\u00adje su bi\u00adle mar\u00adgi\u00adna\u00adli\u00adzo\u00adva\u00adne sa\u00adda po\u00adnov\u00adno ak\u00adtu\u00ade\u00adli\u00adzu\u00adju kroz de\u00ad\u017eur\u00adne ko\u00admen\u00adta\u00adto\u00adre, kazao je poslanik iz Ulcinja Dritan Abazovi\u0107, komentari\u0161u\u0107i inicijativu albanskog politi\u010dara [&hellip;]<\/p>\n","protected":false},"author":1,"featured_media":0,"comment_status":"closed","ping_status":"closed","sticky":false,"template":"","format":"standard","meta":{"spay_email":"","jetpack_publicize_message":"","jetpack_is_tweetstorm":false,"jetpack_publicize_feature_enabled":true},"categories":[8337],"tags":[],"jetpack_publicize_connections":[],"yoast_head":"<!-- This site is optimized with the Yoast SEO plugin v19.1 - https:\/\/yoast.com\/wordpress\/plugins\/seo\/ -->\n<title>Abazovic: Ko\u010do Danaj povampirio albanski nacionalizam - Lajme nga Ulqini<\/title>\n<meta name=\"description\" content=\"Poslanik Dritan Abazovi\u0107 u intervjuu za ,,DAN\u201c osudio inicijativu da Ulcinju bude pripojen Albaniji. U svje\u00adtlu ne\u00adga\u00adtiv\u00adnih de\u00ad\u0161a\u00adva\u00adnja ko\u00adja su\" \/>\n<meta name=\"robots\" content=\"index, follow, max-snippet:-1, max-image-preview:large, max-video-preview:-1\" \/>\n<link rel=\"canonical\" href=\"https:\/\/www.visit-ulcinj.com\/blog\/2014\/10\/23\/abazovic-koco-danaj-povampirio-albanski-nacionalizam\/\" \/>\n<meta property=\"og:locale\" content=\"en_US\" \/>\n<meta property=\"og:type\" content=\"article\" \/>\n<meta property=\"og:title\" content=\"Abazovic: Ko\u010do Danaj povampirio albanski nacionalizam - Lajme nga Ulqini\" \/>\n<meta property=\"og:description\" content=\"Poslanik Dritan Abazovi\u0107 u intervjuu za ,,DAN\u201c osudio inicijativu da Ulcinju bude pripojen Albaniji. U svje\u00adtlu ne\u00adga\u00adtiv\u00adnih de\u00ad\u0161a\u00adva\u00adnja ko\u00adja su\" \/>\n<meta property=\"og:url\" content=\"https:\/\/www.visit-ulcinj.com\/blog\/2014\/10\/23\/abazovic-koco-danaj-povampirio-albanski-nacionalizam\/\" \/>\n<meta property=\"og:site_name\" content=\"Lajme nga Ulqini\" \/>\n<meta property=\"article:published_time\" content=\"2014-10-23T09:22:32+00:00\" \/>\n<meta property=\"article:modified_time\" content=\"2014-10-23T15:22:23+00:00\" \/>\n<meta property=\"og:image\" content=\"http:\/\/www.visit-ulcinj.com\/blog\/wp-content\/uploads\/2014\/10\/abazovic-dritan.jpg\" \/>\n<meta name=\"twitter:label1\" content=\"Written by\" \/>\n\t<meta name=\"twitter:data1\" content=\"ulqini\" \/>\n\t<meta name=\"twitter:label2\" content=\"Est. reading time\" \/>\n\t<meta name=\"twitter:data2\" content=\"6 minutes\" \/>\n<script type=\"application\/ld+json\" class=\"yoast-schema-graph\">{\"@context\":\"https:\/\/schema.org\",\"@graph\":[{\"@type\":\"WebSite\",\"@id\":\"https:\/\/www.visit-ulcinj.com\/blog\/#website\",\"url\":\"https:\/\/www.visit-ulcinj.com\/blog\/\",\"name\":\"Lajme nga Ulqini\",\"description\":\"Lajme,Vijesti,Ulqini,Ulqin,Crna Gora,Mali i Zi\",\"potentialAction\":[{\"@type\":\"SearchAction\",\"target\":{\"@type\":\"EntryPoint\",\"urlTemplate\":\"https:\/\/www.visit-ulcinj.com\/blog\/?s={search_term_string}\"},\"query-input\":\"required name=search_term_string\"}],\"inLanguage\":\"en-US\"},{\"@type\":\"ImageObject\",\"inLanguage\":\"en-US\",\"@id\":\"https:\/\/www.visit-ulcinj.com\/blog\/2014\/10\/23\/abazovic-koco-danaj-povampirio-albanski-nacionalizam\/#primaryimage\",\"url\":\"https:\/\/www.visit-ulcinj.com\/blog\/wp-content\/uploads\/2014\/10\/abazovic-dritan.jpg\",\"contentUrl\":\"https:\/\/www.visit-ulcinj.com\/blog\/wp-content\/uploads\/2014\/10\/abazovic-dritan.jpg\",\"width\":480,\"height\":640},{\"@type\":\"WebPage\",\"@id\":\"https:\/\/www.visit-ulcinj.com\/blog\/2014\/10\/23\/abazovic-koco-danaj-povampirio-albanski-nacionalizam\/#webpage\",\"url\":\"https:\/\/www.visit-ulcinj.com\/blog\/2014\/10\/23\/abazovic-koco-danaj-povampirio-albanski-nacionalizam\/\",\"name\":\"Abazovic: Ko\u010do Danaj povampirio albanski nacionalizam - Lajme nga Ulqini\",\"isPartOf\":{\"@id\":\"https:\/\/www.visit-ulcinj.com\/blog\/#website\"},\"primaryImageOfPage\":{\"@id\":\"https:\/\/www.visit-ulcinj.com\/blog\/2014\/10\/23\/abazovic-koco-danaj-povampirio-albanski-nacionalizam\/#primaryimage\"},\"datePublished\":\"2014-10-23T09:22:32+00:00\",\"dateModified\":\"2014-10-23T15:22:23+00:00\",\"author\":{\"@id\":\"https:\/\/www.visit-ulcinj.com\/blog\/#\/schema\/person\/dcab619c614d3038751c63bc2aadc06d\"},\"description\":\"Poslanik Dritan Abazovi\u0107 u intervjuu za ,,DAN\u201c osudio inicijativu da Ulcinju bude pripojen Albaniji. U svje\u00adtlu ne\u00adga\u00adtiv\u00adnih de\u00ad\u0161a\u00adva\u00adnja ko\u00adja su\",\"breadcrumb\":{\"@id\":\"https:\/\/www.visit-ulcinj.com\/blog\/2014\/10\/23\/abazovic-koco-danaj-povampirio-albanski-nacionalizam\/#breadcrumb\"},\"inLanguage\":\"en-US\",\"potentialAction\":[{\"@type\":\"ReadAction\",\"target\":[\"https:\/\/www.visit-ulcinj.com\/blog\/2014\/10\/23\/abazovic-koco-danaj-povampirio-albanski-nacionalizam\/\"]}]},{\"@type\":\"BreadcrumbList\",\"@id\":\"https:\/\/www.visit-ulcinj.com\/blog\/2014\/10\/23\/abazovic-koco-danaj-povampirio-albanski-nacionalizam\/#breadcrumb\",\"itemListElement\":[{\"@type\":\"ListItem\",\"position\":1,\"name\":\"Abazovic: Ko\u010do Danaj povampirio albanski nacionalizam\"}]},{\"@type\":\"Person\",\"@id\":\"https:\/\/www.visit-ulcinj.com\/blog\/#\/schema\/person\/dcab619c614d3038751c63bc2aadc06d\",\"name\":\"ulqini\",\"sameAs\":[\"http:\/\/www.visit-ulcinj.com\"],\"url\":\"https:\/\/www.visit-ulcinj.com\/blog\/author\/admin\/\"}]}<\/script>\n<!-- \/ Yoast SEO plugin. -->","yoast_head_json":{"title":"Abazovic: Ko\u010do Danaj povampirio albanski nacionalizam - Lajme nga Ulqini","description":"Poslanik Dritan Abazovi\u0107 u intervjuu za ,,DAN\u201c osudio inicijativu da Ulcinju bude pripojen Albaniji. U svje\u00adtlu ne\u00adga\u00adtiv\u00adnih de\u00ad\u0161a\u00adva\u00adnja ko\u00adja su","robots":{"index":"index","follow":"follow","max-snippet":"max-snippet:-1","max-image-preview":"max-image-preview:large","max-video-preview":"max-video-preview:-1"},"canonical":"https:\/\/www.visit-ulcinj.com\/blog\/2014\/10\/23\/abazovic-koco-danaj-povampirio-albanski-nacionalizam\/","og_locale":"en_US","og_type":"article","og_title":"Abazovic: Ko\u010do Danaj povampirio albanski nacionalizam - Lajme nga Ulqini","og_description":"Poslanik Dritan Abazovi\u0107 u intervjuu za ,,DAN\u201c osudio inicijativu da Ulcinju bude pripojen Albaniji. U svje\u00adtlu ne\u00adga\u00adtiv\u00adnih de\u00ad\u0161a\u00adva\u00adnja ko\u00adja su","og_url":"https:\/\/www.visit-ulcinj.com\/blog\/2014\/10\/23\/abazovic-koco-danaj-povampirio-albanski-nacionalizam\/","og_site_name":"Lajme nga Ulqini","article_published_time":"2014-10-23T09:22:32+00:00","article_modified_time":"2014-10-23T15:22:23+00:00","og_image":[{"url":"http:\/\/www.visit-ulcinj.com\/blog\/wp-content\/uploads\/2014\/10\/abazovic-dritan.jpg"}],"twitter_misc":{"Written by":"ulqini","Est. reading time":"6 minutes"},"schema":{"@context":"https:\/\/schema.org","@graph":[{"@type":"WebSite","@id":"https:\/\/www.visit-ulcinj.com\/blog\/#website","url":"https:\/\/www.visit-ulcinj.com\/blog\/","name":"Lajme nga Ulqini","description":"Lajme,Vijesti,Ulqini,Ulqin,Crna Gora,Mali i Zi","potentialAction":[{"@type":"SearchAction","target":{"@type":"EntryPoint","urlTemplate":"https:\/\/www.visit-ulcinj.com\/blog\/?s={search_term_string}"},"query-input":"required name=search_term_string"}],"inLanguage":"en-US"},{"@type":"ImageObject","inLanguage":"en-US","@id":"https:\/\/www.visit-ulcinj.com\/blog\/2014\/10\/23\/abazovic-koco-danaj-povampirio-albanski-nacionalizam\/#primaryimage","url":"https:\/\/www.visit-ulcinj.com\/blog\/wp-content\/uploads\/2014\/10\/abazovic-dritan.jpg","contentUrl":"https:\/\/www.visit-ulcinj.com\/blog\/wp-content\/uploads\/2014\/10\/abazovic-dritan.jpg","width":480,"height":640},{"@type":"WebPage","@id":"https:\/\/www.visit-ulcinj.com\/blog\/2014\/10\/23\/abazovic-koco-danaj-povampirio-albanski-nacionalizam\/#webpage","url":"https:\/\/www.visit-ulcinj.com\/blog\/2014\/10\/23\/abazovic-koco-danaj-povampirio-albanski-nacionalizam\/","name":"Abazovic: Ko\u010do Danaj povampirio albanski nacionalizam - Lajme nga Ulqini","isPartOf":{"@id":"https:\/\/www.visit-ulcinj.com\/blog\/#website"},"primaryImageOfPage":{"@id":"https:\/\/www.visit-ulcinj.com\/blog\/2014\/10\/23\/abazovic-koco-danaj-povampirio-albanski-nacionalizam\/#primaryimage"},"datePublished":"2014-10-23T09:22:32+00:00","dateModified":"2014-10-23T15:22:23+00:00","author":{"@id":"https:\/\/www.visit-ulcinj.com\/blog\/#\/schema\/person\/dcab619c614d3038751c63bc2aadc06d"},"description":"Poslanik Dritan Abazovi\u0107 u intervjuu za ,,DAN\u201c osudio inicijativu da Ulcinju bude pripojen Albaniji. U svje\u00adtlu ne\u00adga\u00adtiv\u00adnih de\u00ad\u0161a\u00adva\u00adnja ko\u00adja su","breadcrumb":{"@id":"https:\/\/www.visit-ulcinj.com\/blog\/2014\/10\/23\/abazovic-koco-danaj-povampirio-albanski-nacionalizam\/#breadcrumb"},"inLanguage":"en-US","potentialAction":[{"@type":"ReadAction","target":["https:\/\/www.visit-ulcinj.com\/blog\/2014\/10\/23\/abazovic-koco-danaj-povampirio-albanski-nacionalizam\/"]}]},{"@type":"BreadcrumbList","@id":"https:\/\/www.visit-ulcinj.com\/blog\/2014\/10\/23\/abazovic-koco-danaj-povampirio-albanski-nacionalizam\/#breadcrumb","itemListElement":[{"@type":"ListItem","position":1,"name":"Abazovic: Ko\u010do Danaj povampirio albanski nacionalizam"}]},{"@type":"Person","@id":"https:\/\/www.visit-ulcinj.com\/blog\/#\/schema\/person\/dcab619c614d3038751c63bc2aadc06d","name":"ulqini","sameAs":["http:\/\/www.visit-ulcinj.com"],"url":"https:\/\/www.visit-ulcinj.com\/blog\/author\/admin\/"}]}},"jetpack_featured_media_url":"","jetpack_sharing_enabled":true,"jetpack_shortlink":"https:\/\/wp.me\/pe6lTn-mkP","_links":{"self":[{"href":"https:\/\/www.visit-ulcinj.com\/blog\/wp-json\/wp\/v2\/posts\/85859"}],"collection":[{"href":"https:\/\/www.visit-ulcinj.com\/blog\/wp-json\/wp\/v2\/posts"}],"about":[{"href":"https:\/\/www.visit-ulcinj.com\/blog\/wp-json\/wp\/v2\/types\/post"}],"author":[{"embeddable":true,"href":"https:\/\/www.visit-ulcinj.com\/blog\/wp-json\/wp\/v2\/users\/1"}],"replies":[{"embeddable":true,"href":"https:\/\/www.visit-ulcinj.com\/blog\/wp-json\/wp\/v2\/comments?post=85859"}],"version-history":[{"count":2,"href":"https:\/\/www.visit-ulcinj.com\/blog\/wp-json\/wp\/v2\/posts\/85859\/revisions"}],"predecessor-version":[{"id":85880,"href":"https:\/\/www.visit-ulcinj.com\/blog\/wp-json\/wp\/v2\/posts\/85859\/revisions\/85880"}],"wp:attachment":[{"href":"https:\/\/www.visit-ulcinj.com\/blog\/wp-json\/wp\/v2\/media?parent=85859"}],"wp:term":[{"taxonomy":"category","embeddable":true,"href":"https:\/\/www.visit-ulcinj.com\/blog\/wp-json\/wp\/v2\/categories?post=85859"},{"taxonomy":"post_tag","embeddable":true,"href":"https:\/\/www.visit-ulcinj.com\/blog\/wp-json\/wp\/v2\/tags?post=85859"}],"curies":[{"name":"wp","href":"https:\/\/api.w.org\/{rel}","templated":true}]}}