{"id":85862,"date":"2014-10-23T10:53:54","date_gmt":"2014-10-23T09:53:54","guid":{"rendered":"http:\/\/www.visit-ulcinj.com\/blog\/?p=85862"},"modified":"2014-10-23T13:52:13","modified_gmt":"2014-10-23T12:52:13","slug":"abazoviq-vendosur-per-formimin-e-partise-se-re","status":"publish","type":"post","link":"https:\/\/www.visit-ulcinj.com\/blog\/2014\/10\/23\/abazoviq-vendosur-per-formimin-e-partise-se-re\/","title":{"rendered":"Abazoviq i vendosur p\u00ebr formimin e partis\u00eb s\u00eb re"},"content":{"rendered":"<p><a href=\"http:\/\/www.visit-ulcinj.com\/blog\/wp-content\/uploads\/2014\/10\/dritan-abazoviq-.jpg\"><img loading=\"lazy\" class=\"alignleft wp-image-85863\" src=\"http:\/\/www.visit-ulcinj.com\/blog\/wp-content\/uploads\/2014\/10\/dritan-abazoviq-.jpg\" alt=\"dritan-abazoviq-\" width=\"508\" height=\"339\" srcset=\"https:\/\/www.visit-ulcinj.com\/blog\/wp-content\/uploads\/2014\/10\/dritan-abazoviq-.jpg 960w, https:\/\/www.visit-ulcinj.com\/blog\/wp-content\/uploads\/2014\/10\/dritan-abazoviq--300x200.jpg 300w\" sizes=\"(max-width: 508px) 100vw, 508px\" \/><\/a>Deputeti n\u00eb Kuvendin e Malit t\u00eb Zi mr Dritan Abazoviq deklaroi q\u00eb me nj\u00eb grup miqsh q\u00eb kan\u00eb l\u00ebshuar Malin e Zi Pozitiv, por edhe me disa persona t\u00eb njohur, ka filluar bisedimet p\u00ebr formimin e partis\u00eb s\u00eb re politike, raporton portali Ul.info.<\/p>\n<p>\u201cPres q\u00eb n\u00eb afat relativisht t\u00eb shkurt\u00eb t\u00eb sjellim k\u00ebt\u00eb vendimin dhe t\u00eb lajm\u00ebrojm\u00eb opinionin rreth k\u00ebsaj\u201d, tha ai p\u00ebr \u201cDan\u201d.<\/p>\n<p>Sipas fjal\u00ebve t\u00eb tija, n\u00eb drit\u00ebn e ngjarjeve negative t\u00eb cil\u00ebt sh\u00ebnuan jav\u00ebn e kaluar, \u00ebsht\u00eb e logjikshme q\u00eb nacionalizimit t\u00eb\u00a0\u00a0 dhe q\u00eb disa tema q\u00eb ishin t\u00eb margjinalizuara prap\u00eb t\u00eb aktualizohen n\u00ebp\u00ebrmjet komentuesve kujdestar.<\/p>\n<p>Ai shtoi q\u00eb e vetmja ide dhe iniciativ\u00eb relevante e cila duhet t\u00eb ndiqet nga vendet e regjionit \u00ebsht\u00eb Europa e madhe e bashkuar me kufij t\u00eb paduksh\u00ebm dhe popuj t\u00eb cil\u00ebt do t\u00eb jetojn\u00eb n\u00eb paqe dhe respekt t\u00eb nd\u00ebrsjell\u00ebt.<\/p>\n<p>Ul.info<\/p>\n","protected":false},"excerpt":{"rendered":"<p>Deputeti n\u00eb Kuvendin e Malit t\u00eb Zi mr Dritan Abazoviq deklaroi q\u00eb me nj\u00eb grup miqsh q\u00eb kan\u00eb l\u00ebshuar Malin e Zi Pozitiv, por edhe me disa persona t\u00eb njohur, ka filluar bisedimet p\u00ebr formimin e partis\u00eb s\u00eb re politike, raporton portali Ul.info. \u201cPres q\u00eb n\u00eb afat relativisht t\u00eb shkurt\u00eb t\u00eb sjellim k\u00ebt\u00eb vendimin dhe [&hellip;]<\/p>\n","protected":false},"author":1,"featured_media":0,"comment_status":"closed","ping_status":"closed","sticky":false,"template":"","format":"standard","meta":{"spay_email":"","jetpack_publicize_message":"","jetpack_is_tweetstorm":false,"jetpack_publicize_feature_enabled":true},"categories":[1,6],"tags":[],"jetpack_publicize_connections":[],"yoast_head":"<!-- This site is optimized with the Yoast SEO plugin v19.1 - https:\/\/yoast.com\/wordpress\/plugins\/seo\/ -->\n<title>Abazoviq i vendosur p\u00ebr formimin e partis\u00eb s\u00eb re - Lajme nga Ulqini<\/title>\n<meta name=\"description\" content=\"Deputeti n\u00eb Kuvendin e Malit t\u00eb Zi mr Dritan Abazoviq deklaroi q\u00eb me nj\u00eb grup miqsh q\u00eb kan\u00eb l\u00ebshuar Malin e Zi Pozitiv, por edhe me disa persona t\u00eb\" \/>\n<meta name=\"robots\" content=\"index, follow, max-snippet:-1, max-image-preview:large, max-video-preview:-1\" \/>\n<link rel=\"canonical\" href=\"https:\/\/www.visit-ulcinj.com\/blog\/2014\/10\/23\/abazoviq-vendosur-per-formimin-e-partise-se-re\/\" \/>\n<meta property=\"og:locale\" content=\"en_US\" \/>\n<meta property=\"og:type\" content=\"article\" \/>\n<meta property=\"og:title\" content=\"Abazoviq i vendosur p\u00ebr formimin e partis\u00eb s\u00eb re - Lajme nga Ulqini\" \/>\n<meta property=\"og:description\" content=\"Deputeti n\u00eb Kuvendin e Malit t\u00eb Zi mr Dritan Abazoviq deklaroi q\u00eb me nj\u00eb grup miqsh q\u00eb kan\u00eb l\u00ebshuar Malin e Zi Pozitiv, por edhe me disa persona t\u00eb\" \/>\n<meta property=\"og:url\" content=\"https:\/\/www.visit-ulcinj.com\/blog\/2014\/10\/23\/abazoviq-vendosur-per-formimin-e-partise-se-re\/\" \/>\n<meta property=\"og:site_name\" content=\"Lajme nga Ulqini\" \/>\n<meta property=\"article:published_time\" content=\"2014-10-23T09:53:54+00:00\" \/>\n<meta property=\"article:modified_time\" content=\"2014-10-23T12:52:13+00:00\" \/>\n<meta property=\"og:image\" content=\"http:\/\/www.visit-ulcinj.com\/blog\/wp-content\/uploads\/2014\/10\/dritan-abazoviq-.jpg\" \/>\n<meta name=\"twitter:label1\" content=\"Written by\" \/>\n\t<meta name=\"twitter:data1\" content=\"ulqini\" \/>\n\t<meta name=\"twitter:label2\" content=\"Est. reading time\" \/>\n\t<meta name=\"twitter:data2\" content=\"1 minute\" \/>\n<script type=\"application\/ld+json\" class=\"yoast-schema-graph\">{\"@context\":\"https:\/\/schema.org\",\"@graph\":[{\"@type\":\"WebSite\",\"@id\":\"https:\/\/www.visit-ulcinj.com\/blog\/#website\",\"url\":\"https:\/\/www.visit-ulcinj.com\/blog\/\",\"name\":\"Lajme nga Ulqini\",\"description\":\"Lajme,Vijesti,Ulqini,Ulqin,Crna Gora,Mali i Zi\",\"potentialAction\":[{\"@type\":\"SearchAction\",\"target\":{\"@type\":\"EntryPoint\",\"urlTemplate\":\"https:\/\/www.visit-ulcinj.com\/blog\/?s={search_term_string}\"},\"query-input\":\"required name=search_term_string\"}],\"inLanguage\":\"en-US\"},{\"@type\":\"ImageObject\",\"inLanguage\":\"en-US\",\"@id\":\"https:\/\/www.visit-ulcinj.com\/blog\/2014\/10\/23\/abazoviq-vendosur-per-formimin-e-partise-se-re\/#primaryimage\",\"url\":\"https:\/\/www.visit-ulcinj.com\/blog\/wp-content\/uploads\/2014\/10\/dritan-abazoviq-.jpg\",\"contentUrl\":\"https:\/\/www.visit-ulcinj.com\/blog\/wp-content\/uploads\/2014\/10\/dritan-abazoviq-.jpg\",\"width\":960,\"height\":641},{\"@type\":\"WebPage\",\"@id\":\"https:\/\/www.visit-ulcinj.com\/blog\/2014\/10\/23\/abazoviq-vendosur-per-formimin-e-partise-se-re\/#webpage\",\"url\":\"https:\/\/www.visit-ulcinj.com\/blog\/2014\/10\/23\/abazoviq-vendosur-per-formimin-e-partise-se-re\/\",\"name\":\"Abazoviq i vendosur p\u00ebr formimin e partis\u00eb s\u00eb re - Lajme nga Ulqini\",\"isPartOf\":{\"@id\":\"https:\/\/www.visit-ulcinj.com\/blog\/#website\"},\"primaryImageOfPage\":{\"@id\":\"https:\/\/www.visit-ulcinj.com\/blog\/2014\/10\/23\/abazoviq-vendosur-per-formimin-e-partise-se-re\/#primaryimage\"},\"datePublished\":\"2014-10-23T09:53:54+00:00\",\"dateModified\":\"2014-10-23T12:52:13+00:00\",\"author\":{\"@id\":\"https:\/\/www.visit-ulcinj.com\/blog\/#\/schema\/person\/dcab619c614d3038751c63bc2aadc06d\"},\"description\":\"Deputeti n\u00eb Kuvendin e Malit t\u00eb Zi mr Dritan Abazoviq deklaroi q\u00eb me nj\u00eb grup miqsh q\u00eb kan\u00eb l\u00ebshuar Malin e Zi Pozitiv, por edhe me disa persona t\u00eb\",\"breadcrumb\":{\"@id\":\"https:\/\/www.visit-ulcinj.com\/blog\/2014\/10\/23\/abazoviq-vendosur-per-formimin-e-partise-se-re\/#breadcrumb\"},\"inLanguage\":\"en-US\",\"potentialAction\":[{\"@type\":\"ReadAction\",\"target\":[\"https:\/\/www.visit-ulcinj.com\/blog\/2014\/10\/23\/abazoviq-vendosur-per-formimin-e-partise-se-re\/\"]}]},{\"@type\":\"BreadcrumbList\",\"@id\":\"https:\/\/www.visit-ulcinj.com\/blog\/2014\/10\/23\/abazoviq-vendosur-per-formimin-e-partise-se-re\/#breadcrumb\",\"itemListElement\":[{\"@type\":\"ListItem\",\"position\":1,\"name\":\"Abazoviq i vendosur p\u00ebr formimin e partis\u00eb s\u00eb re\"}]},{\"@type\":\"Person\",\"@id\":\"https:\/\/www.visit-ulcinj.com\/blog\/#\/schema\/person\/dcab619c614d3038751c63bc2aadc06d\",\"name\":\"ulqini\",\"sameAs\":[\"http:\/\/www.visit-ulcinj.com\"],\"url\":\"https:\/\/www.visit-ulcinj.com\/blog\/author\/admin\/\"}]}<\/script>\n<!-- \/ Yoast SEO plugin. -->","yoast_head_json":{"title":"Abazoviq i vendosur p\u00ebr formimin e partis\u00eb s\u00eb re - Lajme nga Ulqini","description":"Deputeti n\u00eb Kuvendin e Malit t\u00eb Zi mr Dritan Abazoviq deklaroi q\u00eb me nj\u00eb grup miqsh q\u00eb kan\u00eb l\u00ebshuar Malin e Zi Pozitiv, por edhe me disa persona t\u00eb","robots":{"index":"index","follow":"follow","max-snippet":"max-snippet:-1","max-image-preview":"max-image-preview:large","max-video-preview":"max-video-preview:-1"},"canonical":"https:\/\/www.visit-ulcinj.com\/blog\/2014\/10\/23\/abazoviq-vendosur-per-formimin-e-partise-se-re\/","og_locale":"en_US","og_type":"article","og_title":"Abazoviq i vendosur p\u00ebr formimin e partis\u00eb s\u00eb re - Lajme nga Ulqini","og_description":"Deputeti n\u00eb Kuvendin e Malit t\u00eb Zi mr Dritan Abazoviq deklaroi q\u00eb me nj\u00eb grup miqsh q\u00eb kan\u00eb l\u00ebshuar Malin e Zi Pozitiv, por edhe me disa persona t\u00eb","og_url":"https:\/\/www.visit-ulcinj.com\/blog\/2014\/10\/23\/abazoviq-vendosur-per-formimin-e-partise-se-re\/","og_site_name":"Lajme nga Ulqini","article_published_time":"2014-10-23T09:53:54+00:00","article_modified_time":"2014-10-23T12:52:13+00:00","og_image":[{"url":"http:\/\/www.visit-ulcinj.com\/blog\/wp-content\/uploads\/2014\/10\/dritan-abazoviq-.jpg"}],"twitter_misc":{"Written by":"ulqini","Est. reading time":"1 minute"},"schema":{"@context":"https:\/\/schema.org","@graph":[{"@type":"WebSite","@id":"https:\/\/www.visit-ulcinj.com\/blog\/#website","url":"https:\/\/www.visit-ulcinj.com\/blog\/","name":"Lajme nga Ulqini","description":"Lajme,Vijesti,Ulqini,Ulqin,Crna Gora,Mali i Zi","potentialAction":[{"@type":"SearchAction","target":{"@type":"EntryPoint","urlTemplate":"https:\/\/www.visit-ulcinj.com\/blog\/?s={search_term_string}"},"query-input":"required name=search_term_string"}],"inLanguage":"en-US"},{"@type":"ImageObject","inLanguage":"en-US","@id":"https:\/\/www.visit-ulcinj.com\/blog\/2014\/10\/23\/abazoviq-vendosur-per-formimin-e-partise-se-re\/#primaryimage","url":"https:\/\/www.visit-ulcinj.com\/blog\/wp-content\/uploads\/2014\/10\/dritan-abazoviq-.jpg","contentUrl":"https:\/\/www.visit-ulcinj.com\/blog\/wp-content\/uploads\/2014\/10\/dritan-abazoviq-.jpg","width":960,"height":641},{"@type":"WebPage","@id":"https:\/\/www.visit-ulcinj.com\/blog\/2014\/10\/23\/abazoviq-vendosur-per-formimin-e-partise-se-re\/#webpage","url":"https:\/\/www.visit-ulcinj.com\/blog\/2014\/10\/23\/abazoviq-vendosur-per-formimin-e-partise-se-re\/","name":"Abazoviq i vendosur p\u00ebr formimin e partis\u00eb s\u00eb re - Lajme nga Ulqini","isPartOf":{"@id":"https:\/\/www.visit-ulcinj.com\/blog\/#website"},"primaryImageOfPage":{"@id":"https:\/\/www.visit-ulcinj.com\/blog\/2014\/10\/23\/abazoviq-vendosur-per-formimin-e-partise-se-re\/#primaryimage"},"datePublished":"2014-10-23T09:53:54+00:00","dateModified":"2014-10-23T12:52:13+00:00","author":{"@id":"https:\/\/www.visit-ulcinj.com\/blog\/#\/schema\/person\/dcab619c614d3038751c63bc2aadc06d"},"description":"Deputeti n\u00eb Kuvendin e Malit t\u00eb Zi mr Dritan Abazoviq deklaroi q\u00eb me nj\u00eb grup miqsh q\u00eb kan\u00eb l\u00ebshuar Malin e Zi Pozitiv, por edhe me disa persona t\u00eb","breadcrumb":{"@id":"https:\/\/www.visit-ulcinj.com\/blog\/2014\/10\/23\/abazoviq-vendosur-per-formimin-e-partise-se-re\/#breadcrumb"},"inLanguage":"en-US","potentialAction":[{"@type":"ReadAction","target":["https:\/\/www.visit-ulcinj.com\/blog\/2014\/10\/23\/abazoviq-vendosur-per-formimin-e-partise-se-re\/"]}]},{"@type":"BreadcrumbList","@id":"https:\/\/www.visit-ulcinj.com\/blog\/2014\/10\/23\/abazoviq-vendosur-per-formimin-e-partise-se-re\/#breadcrumb","itemListElement":[{"@type":"ListItem","position":1,"name":"Abazoviq i vendosur p\u00ebr formimin e partis\u00eb s\u00eb re"}]},{"@type":"Person","@id":"https:\/\/www.visit-ulcinj.com\/blog\/#\/schema\/person\/dcab619c614d3038751c63bc2aadc06d","name":"ulqini","sameAs":["http:\/\/www.visit-ulcinj.com"],"url":"https:\/\/www.visit-ulcinj.com\/blog\/author\/admin\/"}]}},"jetpack_featured_media_url":"","jetpack_sharing_enabled":true,"jetpack_shortlink":"https:\/\/wp.me\/pe6lTn-mkS","_links":{"self":[{"href":"https:\/\/www.visit-ulcinj.com\/blog\/wp-json\/wp\/v2\/posts\/85862"}],"collection":[{"href":"https:\/\/www.visit-ulcinj.com\/blog\/wp-json\/wp\/v2\/posts"}],"about":[{"href":"https:\/\/www.visit-ulcinj.com\/blog\/wp-json\/wp\/v2\/types\/post"}],"author":[{"embeddable":true,"href":"https:\/\/www.visit-ulcinj.com\/blog\/wp-json\/wp\/v2\/users\/1"}],"replies":[{"embeddable":true,"href":"https:\/\/www.visit-ulcinj.com\/blog\/wp-json\/wp\/v2\/comments?post=85862"}],"version-history":[{"count":1,"href":"https:\/\/www.visit-ulcinj.com\/blog\/wp-json\/wp\/v2\/posts\/85862\/revisions"}],"predecessor-version":[{"id":85864,"href":"https:\/\/www.visit-ulcinj.com\/blog\/wp-json\/wp\/v2\/posts\/85862\/revisions\/85864"}],"wp:attachment":[{"href":"https:\/\/www.visit-ulcinj.com\/blog\/wp-json\/wp\/v2\/media?parent=85862"}],"wp:term":[{"taxonomy":"category","embeddable":true,"href":"https:\/\/www.visit-ulcinj.com\/blog\/wp-json\/wp\/v2\/categories?post=85862"},{"taxonomy":"post_tag","embeddable":true,"href":"https:\/\/www.visit-ulcinj.com\/blog\/wp-json\/wp\/v2\/tags?post=85862"}],"curies":[{"name":"wp","href":"https:\/\/api.w.org\/{rel}","templated":true}]}}