{"id":85874,"date":"2014-10-23T13:51:12","date_gmt":"2014-10-23T12:51:12","guid":{"rendered":"http:\/\/www.visit-ulcinj.com\/blog\/?p=85874"},"modified":"2014-10-24T17:07:10","modified_gmt":"2014-10-24T16:07:10","slug":"fillon-pastrimi-anes-se-djathte-te-grykes-se-bunes","status":"publish","type":"post","link":"https:\/\/www.visit-ulcinj.com\/blog\/2014\/10\/23\/fillon-pastrimi-anes-se-djathte-te-grykes-se-bunes\/","title":{"rendered":"Fillon pastrimi i an\u00ebs s\u00eb djatht\u00eb t\u00eb gryk\u00ebs s\u00eb Bun\u00ebs"},"content":{"rendered":"<p><strong><a href=\"http:\/\/www.visit-ulcinj.com\/blog\/wp-content\/uploads\/2014\/10\/Thellimin-e-Bunes-Ulqin.jpg\"><img loading=\"lazy\" class=\"alignleft wp-image-85835\" src=\"http:\/\/www.visit-ulcinj.com\/blog\/wp-content\/uploads\/2014\/10\/Thellimin-e-Bunes-Ulqin.jpg\" alt=\"Thellimin-e-Bunes-Ulqin\" width=\"508\" height=\"337\" srcset=\"https:\/\/www.visit-ulcinj.com\/blog\/wp-content\/uploads\/2014\/10\/Thellimin-e-Bunes-Ulqin.jpg 640w, https:\/\/www.visit-ulcinj.com\/blog\/wp-content\/uploads\/2014\/10\/Thellimin-e-Bunes-Ulqin-300x198.jpg 300w\" sizes=\"(max-width: 508px) 100vw, 508px\" \/><\/a>N\u00eb aksionin e madh, t\u00eb cilin e iniciuan komuna e Ulqinit dhe Drejtoria e Uj\u00ebrave t\u00eb Malit t\u00eb Zi, k\u00ebto dit\u00eb \u00ebsht\u00eb intensifikuar aksioni i pastrimit t\u00eb deg\u00ebs s\u00eb djatht\u00eb n\u00eb gryk\u00ebderdhjen e lumit Buna, shkruan \u201cVijesti\u201d.<\/strong><\/p>\n<div>\n<p>Si\u00e7 theksohet, me urgjenc\u00eb t\u00eb kryetarit t\u00eb komun\u00ebs s\u00eb Ulqinit, Fatmir Gjeka, Drejtoria ka angazhuar ekskavator\u00ebt e m\u00ebdhenj, t\u00eb cil\u00ebt marrin pjes\u00eb n\u00eb k\u00ebt\u00eb aksion urgjent mbasi q\u00eb ekzistonte rreziku q\u00eb kjo deg\u00eb t\u00eb mbyllet krejt\u00ebsisht.<\/p>\n<p>\u201cPas disa dit\u00ebve t\u00eb pun\u00ebs mund t\u00eb konstatojm\u00eb q\u00eb rrjedha e lumit n\u00eb k\u00ebt\u00eb vend \u00ebsht\u00eb shum\u00eb m\u00eb e mir\u00eb\u201d, tha kryetari i Kuvendit Komunal t\u00eb Ulqinit, Fuad Haxhibeti.<br \/>\nAi theksoi q\u00eb n\u00eb fillim t\u00eb vitit t\u00eb ardhsh\u00ebm do t\u00eb shpallet tenderi p\u00ebr mir\u00ebmbajtje disavje\u00e7are t\u00eb gryk\u00ebs dhe rrjedh\u00ebs s\u00eb Bun\u00ebs.<\/p>\n<p>Koha Net<\/p>\n<\/div>\n","protected":false},"excerpt":{"rendered":"<p>N\u00eb aksionin e madh, t\u00eb cilin e iniciuan komuna e Ulqinit dhe Drejtoria e Uj\u00ebrave t\u00eb Malit t\u00eb Zi, k\u00ebto dit\u00eb \u00ebsht\u00eb intensifikuar aksioni i pastrimit t\u00eb deg\u00ebs s\u00eb djatht\u00eb n\u00eb gryk\u00ebderdhjen e lumit Buna, shkruan \u201cVijesti\u201d. Si\u00e7 theksohet, me urgjenc\u00eb t\u00eb kryetarit t\u00eb komun\u00ebs s\u00eb Ulqinit, Fatmir Gjeka, Drejtoria ka angazhuar ekskavator\u00ebt e m\u00ebdhenj, [&hellip;]<\/p>\n","protected":false},"author":1,"featured_media":0,"comment_status":"closed","ping_status":"closed","sticky":false,"template":"","format":"standard","meta":{"spay_email":"","jetpack_publicize_message":"","jetpack_is_tweetstorm":false,"jetpack_publicize_feature_enabled":true},"categories":[1,12],"tags":[],"jetpack_publicize_connections":[],"yoast_head":"<!-- This site is optimized with the Yoast SEO plugin v19.1 - https:\/\/yoast.com\/wordpress\/plugins\/seo\/ -->\n<title>Fillon pastrimi i an\u00ebs s\u00eb djatht\u00eb t\u00eb gryk\u00ebs s\u00eb Bun\u00ebs - Lajme nga Ulqini<\/title>\n<meta name=\"description\" content=\"N\u00eb aksionin e madh, t\u00eb cilin e iniciuan komuna e Ulqinit dhe Drejtoria e Uj\u00ebrave t\u00eb Malit t\u00eb Zi, k\u00ebto dit\u00eb \u00ebsht\u00eb intensifikuar aksioni i pastrimit t\u00eb\" \/>\n<meta name=\"robots\" content=\"index, follow, max-snippet:-1, max-image-preview:large, max-video-preview:-1\" \/>\n<link rel=\"canonical\" href=\"https:\/\/www.visit-ulcinj.com\/blog\/2014\/10\/23\/fillon-pastrimi-anes-se-djathte-te-grykes-se-bunes\/\" \/>\n<meta property=\"og:locale\" content=\"en_US\" \/>\n<meta property=\"og:type\" content=\"article\" \/>\n<meta property=\"og:title\" content=\"Fillon pastrimi i an\u00ebs s\u00eb djatht\u00eb t\u00eb gryk\u00ebs s\u00eb Bun\u00ebs - Lajme nga Ulqini\" \/>\n<meta property=\"og:description\" content=\"N\u00eb aksionin e madh, t\u00eb cilin e iniciuan komuna e Ulqinit dhe Drejtoria e Uj\u00ebrave t\u00eb Malit t\u00eb Zi, k\u00ebto dit\u00eb \u00ebsht\u00eb intensifikuar aksioni i pastrimit t\u00eb\" \/>\n<meta property=\"og:url\" content=\"https:\/\/www.visit-ulcinj.com\/blog\/2014\/10\/23\/fillon-pastrimi-anes-se-djathte-te-grykes-se-bunes\/\" \/>\n<meta property=\"og:site_name\" content=\"Lajme nga Ulqini\" \/>\n<meta property=\"article:published_time\" content=\"2014-10-23T12:51:12+00:00\" \/>\n<meta property=\"article:modified_time\" content=\"2014-10-24T16:07:10+00:00\" \/>\n<meta property=\"og:image\" content=\"http:\/\/www.visit-ulcinj.com\/blog\/wp-content\/uploads\/2014\/10\/Thellimin-e-Bunes-Ulqin.jpg\" \/>\n<meta name=\"twitter:label1\" content=\"Written by\" \/>\n\t<meta name=\"twitter:data1\" content=\"ulqini\" \/>\n\t<meta name=\"twitter:label2\" content=\"Est. reading time\" \/>\n\t<meta name=\"twitter:data2\" content=\"1 minute\" \/>\n<script type=\"application\/ld+json\" class=\"yoast-schema-graph\">{\"@context\":\"https:\/\/schema.org\",\"@graph\":[{\"@type\":\"WebSite\",\"@id\":\"https:\/\/www.visit-ulcinj.com\/blog\/#website\",\"url\":\"https:\/\/www.visit-ulcinj.com\/blog\/\",\"name\":\"Lajme nga Ulqini\",\"description\":\"Lajme,Vijesti,Ulqini,Ulqin,Crna Gora,Mali i Zi\",\"potentialAction\":[{\"@type\":\"SearchAction\",\"target\":{\"@type\":\"EntryPoint\",\"urlTemplate\":\"https:\/\/www.visit-ulcinj.com\/blog\/?s={search_term_string}\"},\"query-input\":\"required name=search_term_string\"}],\"inLanguage\":\"en-US\"},{\"@type\":\"ImageObject\",\"inLanguage\":\"en-US\",\"@id\":\"https:\/\/www.visit-ulcinj.com\/blog\/2014\/10\/23\/fillon-pastrimi-anes-se-djathte-te-grykes-se-bunes\/#primaryimage\",\"url\":\"https:\/\/www.visit-ulcinj.com\/blog\/wp-content\/uploads\/2014\/10\/Thellimin-e-Bunes-Ulqin.jpg\",\"contentUrl\":\"https:\/\/www.visit-ulcinj.com\/blog\/wp-content\/uploads\/2014\/10\/Thellimin-e-Bunes-Ulqin.jpg\",\"width\":640,\"height\":424},{\"@type\":\"WebPage\",\"@id\":\"https:\/\/www.visit-ulcinj.com\/blog\/2014\/10\/23\/fillon-pastrimi-anes-se-djathte-te-grykes-se-bunes\/#webpage\",\"url\":\"https:\/\/www.visit-ulcinj.com\/blog\/2014\/10\/23\/fillon-pastrimi-anes-se-djathte-te-grykes-se-bunes\/\",\"name\":\"Fillon pastrimi i an\u00ebs s\u00eb djatht\u00eb t\u00eb gryk\u00ebs s\u00eb Bun\u00ebs - Lajme nga Ulqini\",\"isPartOf\":{\"@id\":\"https:\/\/www.visit-ulcinj.com\/blog\/#website\"},\"primaryImageOfPage\":{\"@id\":\"https:\/\/www.visit-ulcinj.com\/blog\/2014\/10\/23\/fillon-pastrimi-anes-se-djathte-te-grykes-se-bunes\/#primaryimage\"},\"datePublished\":\"2014-10-23T12:51:12+00:00\",\"dateModified\":\"2014-10-24T16:07:10+00:00\",\"author\":{\"@id\":\"https:\/\/www.visit-ulcinj.com\/blog\/#\/schema\/person\/dcab619c614d3038751c63bc2aadc06d\"},\"description\":\"N\u00eb aksionin e madh, t\u00eb cilin e iniciuan komuna e Ulqinit dhe Drejtoria e Uj\u00ebrave t\u00eb Malit t\u00eb Zi, k\u00ebto dit\u00eb \u00ebsht\u00eb intensifikuar aksioni i pastrimit t\u00eb\",\"breadcrumb\":{\"@id\":\"https:\/\/www.visit-ulcinj.com\/blog\/2014\/10\/23\/fillon-pastrimi-anes-se-djathte-te-grykes-se-bunes\/#breadcrumb\"},\"inLanguage\":\"en-US\",\"potentialAction\":[{\"@type\":\"ReadAction\",\"target\":[\"https:\/\/www.visit-ulcinj.com\/blog\/2014\/10\/23\/fillon-pastrimi-anes-se-djathte-te-grykes-se-bunes\/\"]}]},{\"@type\":\"BreadcrumbList\",\"@id\":\"https:\/\/www.visit-ulcinj.com\/blog\/2014\/10\/23\/fillon-pastrimi-anes-se-djathte-te-grykes-se-bunes\/#breadcrumb\",\"itemListElement\":[{\"@type\":\"ListItem\",\"position\":1,\"name\":\"Fillon pastrimi i an\u00ebs s\u00eb djatht\u00eb t\u00eb gryk\u00ebs s\u00eb Bun\u00ebs\"}]},{\"@type\":\"Person\",\"@id\":\"https:\/\/www.visit-ulcinj.com\/blog\/#\/schema\/person\/dcab619c614d3038751c63bc2aadc06d\",\"name\":\"ulqini\",\"sameAs\":[\"http:\/\/www.visit-ulcinj.com\"],\"url\":\"https:\/\/www.visit-ulcinj.com\/blog\/author\/admin\/\"}]}<\/script>\n<!-- \/ Yoast SEO plugin. -->","yoast_head_json":{"title":"Fillon pastrimi i an\u00ebs s\u00eb djatht\u00eb t\u00eb gryk\u00ebs s\u00eb Bun\u00ebs - Lajme nga Ulqini","description":"N\u00eb aksionin e madh, t\u00eb cilin e iniciuan komuna e Ulqinit dhe Drejtoria e Uj\u00ebrave t\u00eb Malit t\u00eb Zi, k\u00ebto dit\u00eb \u00ebsht\u00eb intensifikuar aksioni i pastrimit t\u00eb","robots":{"index":"index","follow":"follow","max-snippet":"max-snippet:-1","max-image-preview":"max-image-preview:large","max-video-preview":"max-video-preview:-1"},"canonical":"https:\/\/www.visit-ulcinj.com\/blog\/2014\/10\/23\/fillon-pastrimi-anes-se-djathte-te-grykes-se-bunes\/","og_locale":"en_US","og_type":"article","og_title":"Fillon pastrimi i an\u00ebs s\u00eb djatht\u00eb t\u00eb gryk\u00ebs s\u00eb Bun\u00ebs - Lajme nga Ulqini","og_description":"N\u00eb aksionin e madh, t\u00eb cilin e iniciuan komuna e Ulqinit dhe Drejtoria e Uj\u00ebrave t\u00eb Malit t\u00eb Zi, k\u00ebto dit\u00eb \u00ebsht\u00eb intensifikuar aksioni i pastrimit t\u00eb","og_url":"https:\/\/www.visit-ulcinj.com\/blog\/2014\/10\/23\/fillon-pastrimi-anes-se-djathte-te-grykes-se-bunes\/","og_site_name":"Lajme nga Ulqini","article_published_time":"2014-10-23T12:51:12+00:00","article_modified_time":"2014-10-24T16:07:10+00:00","og_image":[{"url":"http:\/\/www.visit-ulcinj.com\/blog\/wp-content\/uploads\/2014\/10\/Thellimin-e-Bunes-Ulqin.jpg"}],"twitter_misc":{"Written by":"ulqini","Est. reading time":"1 minute"},"schema":{"@context":"https:\/\/schema.org","@graph":[{"@type":"WebSite","@id":"https:\/\/www.visit-ulcinj.com\/blog\/#website","url":"https:\/\/www.visit-ulcinj.com\/blog\/","name":"Lajme nga Ulqini","description":"Lajme,Vijesti,Ulqini,Ulqin,Crna Gora,Mali i Zi","potentialAction":[{"@type":"SearchAction","target":{"@type":"EntryPoint","urlTemplate":"https:\/\/www.visit-ulcinj.com\/blog\/?s={search_term_string}"},"query-input":"required name=search_term_string"}],"inLanguage":"en-US"},{"@type":"ImageObject","inLanguage":"en-US","@id":"https:\/\/www.visit-ulcinj.com\/blog\/2014\/10\/23\/fillon-pastrimi-anes-se-djathte-te-grykes-se-bunes\/#primaryimage","url":"https:\/\/www.visit-ulcinj.com\/blog\/wp-content\/uploads\/2014\/10\/Thellimin-e-Bunes-Ulqin.jpg","contentUrl":"https:\/\/www.visit-ulcinj.com\/blog\/wp-content\/uploads\/2014\/10\/Thellimin-e-Bunes-Ulqin.jpg","width":640,"height":424},{"@type":"WebPage","@id":"https:\/\/www.visit-ulcinj.com\/blog\/2014\/10\/23\/fillon-pastrimi-anes-se-djathte-te-grykes-se-bunes\/#webpage","url":"https:\/\/www.visit-ulcinj.com\/blog\/2014\/10\/23\/fillon-pastrimi-anes-se-djathte-te-grykes-se-bunes\/","name":"Fillon pastrimi i an\u00ebs s\u00eb djatht\u00eb t\u00eb gryk\u00ebs s\u00eb Bun\u00ebs - Lajme nga Ulqini","isPartOf":{"@id":"https:\/\/www.visit-ulcinj.com\/blog\/#website"},"primaryImageOfPage":{"@id":"https:\/\/www.visit-ulcinj.com\/blog\/2014\/10\/23\/fillon-pastrimi-anes-se-djathte-te-grykes-se-bunes\/#primaryimage"},"datePublished":"2014-10-23T12:51:12+00:00","dateModified":"2014-10-24T16:07:10+00:00","author":{"@id":"https:\/\/www.visit-ulcinj.com\/blog\/#\/schema\/person\/dcab619c614d3038751c63bc2aadc06d"},"description":"N\u00eb aksionin e madh, t\u00eb cilin e iniciuan komuna e Ulqinit dhe Drejtoria e Uj\u00ebrave t\u00eb Malit t\u00eb Zi, k\u00ebto dit\u00eb \u00ebsht\u00eb intensifikuar aksioni i pastrimit t\u00eb","breadcrumb":{"@id":"https:\/\/www.visit-ulcinj.com\/blog\/2014\/10\/23\/fillon-pastrimi-anes-se-djathte-te-grykes-se-bunes\/#breadcrumb"},"inLanguage":"en-US","potentialAction":[{"@type":"ReadAction","target":["https:\/\/www.visit-ulcinj.com\/blog\/2014\/10\/23\/fillon-pastrimi-anes-se-djathte-te-grykes-se-bunes\/"]}]},{"@type":"BreadcrumbList","@id":"https:\/\/www.visit-ulcinj.com\/blog\/2014\/10\/23\/fillon-pastrimi-anes-se-djathte-te-grykes-se-bunes\/#breadcrumb","itemListElement":[{"@type":"ListItem","position":1,"name":"Fillon pastrimi i an\u00ebs s\u00eb djatht\u00eb t\u00eb gryk\u00ebs s\u00eb Bun\u00ebs"}]},{"@type":"Person","@id":"https:\/\/www.visit-ulcinj.com\/blog\/#\/schema\/person\/dcab619c614d3038751c63bc2aadc06d","name":"ulqini","sameAs":["http:\/\/www.visit-ulcinj.com"],"url":"https:\/\/www.visit-ulcinj.com\/blog\/author\/admin\/"}]}},"jetpack_featured_media_url":"","jetpack_sharing_enabled":true,"jetpack_shortlink":"https:\/\/wp.me\/pe6lTn-ml4","_links":{"self":[{"href":"https:\/\/www.visit-ulcinj.com\/blog\/wp-json\/wp\/v2\/posts\/85874"}],"collection":[{"href":"https:\/\/www.visit-ulcinj.com\/blog\/wp-json\/wp\/v2\/posts"}],"about":[{"href":"https:\/\/www.visit-ulcinj.com\/blog\/wp-json\/wp\/v2\/types\/post"}],"author":[{"embeddable":true,"href":"https:\/\/www.visit-ulcinj.com\/blog\/wp-json\/wp\/v2\/users\/1"}],"replies":[{"embeddable":true,"href":"https:\/\/www.visit-ulcinj.com\/blog\/wp-json\/wp\/v2\/comments?post=85874"}],"version-history":[{"count":1,"href":"https:\/\/www.visit-ulcinj.com\/blog\/wp-json\/wp\/v2\/posts\/85874\/revisions"}],"predecessor-version":[{"id":85875,"href":"https:\/\/www.visit-ulcinj.com\/blog\/wp-json\/wp\/v2\/posts\/85874\/revisions\/85875"}],"wp:attachment":[{"href":"https:\/\/www.visit-ulcinj.com\/blog\/wp-json\/wp\/v2\/media?parent=85874"}],"wp:term":[{"taxonomy":"category","embeddable":true,"href":"https:\/\/www.visit-ulcinj.com\/blog\/wp-json\/wp\/v2\/categories?post=85874"},{"taxonomy":"post_tag","embeddable":true,"href":"https:\/\/www.visit-ulcinj.com\/blog\/wp-json\/wp\/v2\/tags?post=85874"}],"curies":[{"name":"wp","href":"https:\/\/api.w.org\/{rel}","templated":true}]}}