{"id":85884,"date":"2014-10-24T17:04:30","date_gmt":"2014-10-24T16:04:30","guid":{"rendered":"http:\/\/www.visit-ulcinj.com\/blog\/?p=85884"},"modified":"2014-10-24T18:13:13","modified_gmt":"2014-10-24T17:13:13","slug":"nika-pushtetareve-lokale-nuk-u-shkohet-ne-shpi","status":"publish","type":"post","link":"https:\/\/www.visit-ulcinj.com\/blog\/2014\/10\/24\/nika-pushtetareve-lokale-nuk-u-shkohet-ne-shpi\/","title":{"rendered":"Nika: Pushtetar\u00ebve lokal\u00eb  nuk u shkohet n\u00eb shpi"},"content":{"rendered":"<p><strong><em><a href=\"http:\/\/www.visit-ulcinj.com\/blog\/wp-content\/uploads\/2014\/02\/Opstina-Ulcinj_Komuna-e-Ulqinit_presjednik.jpg\"><img loading=\"lazy\" class=\"alignleft wp-image-79110\" src=\"http:\/\/www.visit-ulcinj.com\/blog\/wp-content\/uploads\/2014\/02\/Opstina-Ulcinj_Komuna-e-Ulqinit_presjednik.jpg\" alt=\"Opstina-Ulcinj_Komuna-e-Ulqinit_presjednik\" width=\"508\" height=\"372\" srcset=\"https:\/\/www.visit-ulcinj.com\/blog\/wp-content\/uploads\/2014\/02\/Opstina-Ulcinj_Komuna-e-Ulqinit_presjednik.jpg 968w, https:\/\/www.visit-ulcinj.com\/blog\/wp-content\/uploads\/2014\/02\/Opstina-Ulcinj_Komuna-e-Ulqinit_presjednik-300x219.jpg 300w\" sizes=\"(max-width: 508px) 100vw, 508px\" \/><\/a>Shkruan : Muhamet Nika<\/em><\/strong><\/p>\n<p>A e dini se n\u00eb Komun\u00eb t\u00eb Ulqinit, nj\u00ebri\u00a0\u00a0 nga t\u00eb pun\u00ebsuarit mbushi plot 48 vjet pune e shtat\u00eb muaj dhe akoma i punohet. Ka mund\u00ebsi q\u00eb atij , ia kan\u00eb keqinterpretuar ligjin jurist\u00ebt, duke menduar se n\u00eb pension shkohet, mbase, m\u00eb 62vjet pune .Ose gjithashtu sekretar\u00ebt, kan\u00eb q\u00eblluar \u201c zem\u00ebrdhimsh\u00ebm\u201d e nuk mund t\u00eb zbatojn\u00eb norm\u00ebn ligjore p\u00ebr pension t\u00eb dhunsh\u00ebm- serb.(po sili zakona)&#8230;?!!!<\/p>\n<p>Numri i atyre q\u00eb i plot\u00ebsojn\u00eb kushtet p\u00ebr pension i kalon 20 vetat, por si\u00e7 thuhet , nuk u shkohet. Ani se thuhet q\u00eb n\u00eb komun\u00eb aktualisht jan\u00eb rreth 5muaj pa rroga. Dhe n\u00ebse \u00ebsht\u00eb k\u00ebshtu q\u00eb u ponohet, i kujtojm\u00eb se ligji iu njeh t\u00eb drejt\u00ebn q\u00eb t\u00eb punojn\u00eb n\u00eb m\u00ebnyr\u00eb vullnetare.<\/p>\n<p>Por kjo nuk \u00ebsht\u00eb \u00e7udia e vetme, n\u00eb mesin e tyre, pati edhe asosh, t\u00eb cil\u00ebt kishin mbushur 67 vjet 9muaj e 10 dit\u00eb, e ishin n\u00eb list\u00eb t\u00eb dispozicionit p\u00ebr pun\u00eb( t\u00eb pa sistemuar) , q\u00eb gjithashtu , iu mund\u00ebson ligji. Kujtojm\u00eb opinionin se me ligjet n\u00eb fuqi , shkohet n\u00eb pension, me 67 vjet pune dhe me 40 vjet stazh.<\/p>\n<p>Sikur pushteti lokal , t\u00eb \u00e7lirohej prej tyre, at\u00ebher\u00eb n\u00eb vit , do t\u00eb kurseheshin rreth 100mij\u00eb euro. Le t\u00eb shtojm\u00eb , q\u00eb ky \u00ebsht\u00eb regjistri i par\u00eb , t\u00eb cilin sekretariati p\u00ebr kuadro e hartoi p\u00ebr her\u00eb t\u00eb par\u00eb , n\u00eb k\u00ebrkes\u00eb t\u00eb kryetarit t\u00eb komun\u00ebs Fatmir Gjek\u00ebs. T\u00eb pakt\u00ebn tashti dihet se ku duhet prekur n\u00ebse mendohet n\u00eb nj\u00eb racionalizim. Sipas t\u00eb dh\u00ebnave tona, ky num\u00ebr shum\u00eb leht\u00eb do t\u00eb mund t\u00eb dyfishohej p\u00ebr pension, sikur komuna t\u00eb nxirrte nj\u00eb vendim p\u00ebr mbrojtjen sociale t\u00eb atyre , t\u00eb cil\u00ebt mund t\u00eb shpallen tepric\u00eb teknologjike<\/p>\n<p>P\u00ebr tu ikur , komplikimeve t\u00eb pa d\u00ebshiruara me t\u00eb till\u00ebt, po publikojm\u00eb , nj\u00eb faqe t\u00eb regjistrit t\u00eb p\u00ebrmendur, por duke iu ruajtur intimitetin e tyre p\u00ebr opinion.<\/p>\n","protected":false},"excerpt":{"rendered":"<p>Shkruan : Muhamet Nika A e dini se n\u00eb Komun\u00eb t\u00eb Ulqinit, nj\u00ebri\u00a0\u00a0 nga t\u00eb pun\u00ebsuarit mbushi plot 48 vjet pune e shtat\u00eb muaj dhe akoma i punohet. Ka mund\u00ebsi q\u00eb atij , ia kan\u00eb keqinterpretuar ligjin jurist\u00ebt, duke menduar se n\u00eb pension shkohet, mbase, m\u00eb 62vjet pune .Ose gjithashtu sekretar\u00ebt, kan\u00eb q\u00eblluar \u201c zem\u00ebrdhimsh\u00ebm\u201d [&hellip;]<\/p>\n","protected":false},"author":1,"featured_media":0,"comment_status":"closed","ping_status":"closed","sticky":false,"template":"","format":"standard","meta":{"spay_email":"","jetpack_publicize_message":"","jetpack_is_tweetstorm":false,"jetpack_publicize_feature_enabled":true},"categories":[5,1],"tags":[],"jetpack_publicize_connections":[],"yoast_head":"<!-- This site is optimized with the Yoast SEO plugin v19.1 - https:\/\/yoast.com\/wordpress\/plugins\/seo\/ -->\n<title>Nika: Pushtetar\u00ebve lokal\u00eb nuk u shkohet n\u00eb shpi - Lajme nga Ulqini<\/title>\n<meta name=\"description\" content=\"Shkruan : Muhamet Nika A e dini se n\u00eb Komun\u00eb t\u00eb Ulqinit, nj\u00ebri\u00a0\u00a0 nga t\u00eb pun\u00ebsuarit mbushi plot 48 vjet pune e shtat\u00eb muaj dhe akoma i punohet. Ka mund\u00ebsi\" \/>\n<meta name=\"robots\" content=\"index, follow, max-snippet:-1, max-image-preview:large, max-video-preview:-1\" \/>\n<link rel=\"canonical\" href=\"https:\/\/www.visit-ulcinj.com\/blog\/2014\/10\/24\/nika-pushtetareve-lokale-nuk-u-shkohet-ne-shpi\/\" \/>\n<meta property=\"og:locale\" content=\"en_US\" \/>\n<meta property=\"og:type\" content=\"article\" \/>\n<meta property=\"og:title\" content=\"Nika: Pushtetar\u00ebve lokal\u00eb nuk u shkohet n\u00eb shpi - Lajme nga Ulqini\" \/>\n<meta property=\"og:description\" content=\"Shkruan : Muhamet Nika A e dini se n\u00eb Komun\u00eb t\u00eb Ulqinit, nj\u00ebri\u00a0\u00a0 nga t\u00eb pun\u00ebsuarit mbushi plot 48 vjet pune e shtat\u00eb muaj dhe akoma i punohet. Ka mund\u00ebsi\" \/>\n<meta property=\"og:url\" content=\"https:\/\/www.visit-ulcinj.com\/blog\/2014\/10\/24\/nika-pushtetareve-lokale-nuk-u-shkohet-ne-shpi\/\" \/>\n<meta property=\"og:site_name\" content=\"Lajme nga Ulqini\" \/>\n<meta property=\"article:published_time\" content=\"2014-10-24T16:04:30+00:00\" \/>\n<meta property=\"article:modified_time\" content=\"2014-10-24T17:13:13+00:00\" \/>\n<meta property=\"og:image\" content=\"http:\/\/www.visit-ulcinj.com\/blog\/wp-content\/uploads\/2014\/02\/Opstina-Ulcinj_Komuna-e-Ulqinit_presjednik.jpg\" \/>\n<meta name=\"twitter:label1\" content=\"Written by\" \/>\n\t<meta name=\"twitter:data1\" content=\"ulqini\" \/>\n\t<meta name=\"twitter:label2\" content=\"Est. reading time\" \/>\n\t<meta name=\"twitter:data2\" content=\"2 minutes\" \/>\n<script type=\"application\/ld+json\" class=\"yoast-schema-graph\">{\"@context\":\"https:\/\/schema.org\",\"@graph\":[{\"@type\":\"WebSite\",\"@id\":\"https:\/\/www.visit-ulcinj.com\/blog\/#website\",\"url\":\"https:\/\/www.visit-ulcinj.com\/blog\/\",\"name\":\"Lajme nga Ulqini\",\"description\":\"Lajme,Vijesti,Ulqini,Ulqin,Crna Gora,Mali i Zi\",\"potentialAction\":[{\"@type\":\"SearchAction\",\"target\":{\"@type\":\"EntryPoint\",\"urlTemplate\":\"https:\/\/www.visit-ulcinj.com\/blog\/?s={search_term_string}\"},\"query-input\":\"required name=search_term_string\"}],\"inLanguage\":\"en-US\"},{\"@type\":\"ImageObject\",\"inLanguage\":\"en-US\",\"@id\":\"https:\/\/www.visit-ulcinj.com\/blog\/2014\/10\/24\/nika-pushtetareve-lokale-nuk-u-shkohet-ne-shpi\/#primaryimage\",\"url\":\"https:\/\/www.visit-ulcinj.com\/blog\/wp-content\/uploads\/2014\/02\/Opstina-Ulcinj_Komuna-e-Ulqinit_presjednik.jpg\",\"contentUrl\":\"https:\/\/www.visit-ulcinj.com\/blog\/wp-content\/uploads\/2014\/02\/Opstina-Ulcinj_Komuna-e-Ulqinit_presjednik.jpg\",\"width\":968,\"height\":708},{\"@type\":\"WebPage\",\"@id\":\"https:\/\/www.visit-ulcinj.com\/blog\/2014\/10\/24\/nika-pushtetareve-lokale-nuk-u-shkohet-ne-shpi\/#webpage\",\"url\":\"https:\/\/www.visit-ulcinj.com\/blog\/2014\/10\/24\/nika-pushtetareve-lokale-nuk-u-shkohet-ne-shpi\/\",\"name\":\"Nika: Pushtetar\u00ebve lokal\u00eb nuk u shkohet n\u00eb shpi - Lajme nga Ulqini\",\"isPartOf\":{\"@id\":\"https:\/\/www.visit-ulcinj.com\/blog\/#website\"},\"primaryImageOfPage\":{\"@id\":\"https:\/\/www.visit-ulcinj.com\/blog\/2014\/10\/24\/nika-pushtetareve-lokale-nuk-u-shkohet-ne-shpi\/#primaryimage\"},\"datePublished\":\"2014-10-24T16:04:30+00:00\",\"dateModified\":\"2014-10-24T17:13:13+00:00\",\"author\":{\"@id\":\"https:\/\/www.visit-ulcinj.com\/blog\/#\/schema\/person\/dcab619c614d3038751c63bc2aadc06d\"},\"description\":\"Shkruan : Muhamet Nika A e dini se n\u00eb Komun\u00eb t\u00eb Ulqinit, nj\u00ebri\u00a0\u00a0 nga t\u00eb pun\u00ebsuarit mbushi plot 48 vjet pune e shtat\u00eb muaj dhe akoma i punohet. Ka mund\u00ebsi\",\"breadcrumb\":{\"@id\":\"https:\/\/www.visit-ulcinj.com\/blog\/2014\/10\/24\/nika-pushtetareve-lokale-nuk-u-shkohet-ne-shpi\/#breadcrumb\"},\"inLanguage\":\"en-US\",\"potentialAction\":[{\"@type\":\"ReadAction\",\"target\":[\"https:\/\/www.visit-ulcinj.com\/blog\/2014\/10\/24\/nika-pushtetareve-lokale-nuk-u-shkohet-ne-shpi\/\"]}]},{\"@type\":\"BreadcrumbList\",\"@id\":\"https:\/\/www.visit-ulcinj.com\/blog\/2014\/10\/24\/nika-pushtetareve-lokale-nuk-u-shkohet-ne-shpi\/#breadcrumb\",\"itemListElement\":[{\"@type\":\"ListItem\",\"position\":1,\"name\":\"Nika: Pushtetar\u00ebve lokal\u00eb nuk u shkohet n\u00eb shpi\"}]},{\"@type\":\"Person\",\"@id\":\"https:\/\/www.visit-ulcinj.com\/blog\/#\/schema\/person\/dcab619c614d3038751c63bc2aadc06d\",\"name\":\"ulqini\",\"sameAs\":[\"http:\/\/www.visit-ulcinj.com\"],\"url\":\"https:\/\/www.visit-ulcinj.com\/blog\/author\/admin\/\"}]}<\/script>\n<!-- \/ Yoast SEO plugin. -->","yoast_head_json":{"title":"Nika: Pushtetar\u00ebve lokal\u00eb nuk u shkohet n\u00eb shpi - Lajme nga Ulqini","description":"Shkruan : Muhamet Nika A e dini se n\u00eb Komun\u00eb t\u00eb Ulqinit, nj\u00ebri\u00a0\u00a0 nga t\u00eb pun\u00ebsuarit mbushi plot 48 vjet pune e shtat\u00eb muaj dhe akoma i punohet. Ka mund\u00ebsi","robots":{"index":"index","follow":"follow","max-snippet":"max-snippet:-1","max-image-preview":"max-image-preview:large","max-video-preview":"max-video-preview:-1"},"canonical":"https:\/\/www.visit-ulcinj.com\/blog\/2014\/10\/24\/nika-pushtetareve-lokale-nuk-u-shkohet-ne-shpi\/","og_locale":"en_US","og_type":"article","og_title":"Nika: Pushtetar\u00ebve lokal\u00eb nuk u shkohet n\u00eb shpi - Lajme nga Ulqini","og_description":"Shkruan : Muhamet Nika A e dini se n\u00eb Komun\u00eb t\u00eb Ulqinit, nj\u00ebri\u00a0\u00a0 nga t\u00eb pun\u00ebsuarit mbushi plot 48 vjet pune e shtat\u00eb muaj dhe akoma i punohet. Ka mund\u00ebsi","og_url":"https:\/\/www.visit-ulcinj.com\/blog\/2014\/10\/24\/nika-pushtetareve-lokale-nuk-u-shkohet-ne-shpi\/","og_site_name":"Lajme nga Ulqini","article_published_time":"2014-10-24T16:04:30+00:00","article_modified_time":"2014-10-24T17:13:13+00:00","og_image":[{"url":"http:\/\/www.visit-ulcinj.com\/blog\/wp-content\/uploads\/2014\/02\/Opstina-Ulcinj_Komuna-e-Ulqinit_presjednik.jpg"}],"twitter_misc":{"Written by":"ulqini","Est. reading time":"2 minutes"},"schema":{"@context":"https:\/\/schema.org","@graph":[{"@type":"WebSite","@id":"https:\/\/www.visit-ulcinj.com\/blog\/#website","url":"https:\/\/www.visit-ulcinj.com\/blog\/","name":"Lajme nga Ulqini","description":"Lajme,Vijesti,Ulqini,Ulqin,Crna Gora,Mali i Zi","potentialAction":[{"@type":"SearchAction","target":{"@type":"EntryPoint","urlTemplate":"https:\/\/www.visit-ulcinj.com\/blog\/?s={search_term_string}"},"query-input":"required name=search_term_string"}],"inLanguage":"en-US"},{"@type":"ImageObject","inLanguage":"en-US","@id":"https:\/\/www.visit-ulcinj.com\/blog\/2014\/10\/24\/nika-pushtetareve-lokale-nuk-u-shkohet-ne-shpi\/#primaryimage","url":"https:\/\/www.visit-ulcinj.com\/blog\/wp-content\/uploads\/2014\/02\/Opstina-Ulcinj_Komuna-e-Ulqinit_presjednik.jpg","contentUrl":"https:\/\/www.visit-ulcinj.com\/blog\/wp-content\/uploads\/2014\/02\/Opstina-Ulcinj_Komuna-e-Ulqinit_presjednik.jpg","width":968,"height":708},{"@type":"WebPage","@id":"https:\/\/www.visit-ulcinj.com\/blog\/2014\/10\/24\/nika-pushtetareve-lokale-nuk-u-shkohet-ne-shpi\/#webpage","url":"https:\/\/www.visit-ulcinj.com\/blog\/2014\/10\/24\/nika-pushtetareve-lokale-nuk-u-shkohet-ne-shpi\/","name":"Nika: Pushtetar\u00ebve lokal\u00eb nuk u shkohet n\u00eb shpi - Lajme nga Ulqini","isPartOf":{"@id":"https:\/\/www.visit-ulcinj.com\/blog\/#website"},"primaryImageOfPage":{"@id":"https:\/\/www.visit-ulcinj.com\/blog\/2014\/10\/24\/nika-pushtetareve-lokale-nuk-u-shkohet-ne-shpi\/#primaryimage"},"datePublished":"2014-10-24T16:04:30+00:00","dateModified":"2014-10-24T17:13:13+00:00","author":{"@id":"https:\/\/www.visit-ulcinj.com\/blog\/#\/schema\/person\/dcab619c614d3038751c63bc2aadc06d"},"description":"Shkruan : Muhamet Nika A e dini se n\u00eb Komun\u00eb t\u00eb Ulqinit, nj\u00ebri\u00a0\u00a0 nga t\u00eb pun\u00ebsuarit mbushi plot 48 vjet pune e shtat\u00eb muaj dhe akoma i punohet. Ka mund\u00ebsi","breadcrumb":{"@id":"https:\/\/www.visit-ulcinj.com\/blog\/2014\/10\/24\/nika-pushtetareve-lokale-nuk-u-shkohet-ne-shpi\/#breadcrumb"},"inLanguage":"en-US","potentialAction":[{"@type":"ReadAction","target":["https:\/\/www.visit-ulcinj.com\/blog\/2014\/10\/24\/nika-pushtetareve-lokale-nuk-u-shkohet-ne-shpi\/"]}]},{"@type":"BreadcrumbList","@id":"https:\/\/www.visit-ulcinj.com\/blog\/2014\/10\/24\/nika-pushtetareve-lokale-nuk-u-shkohet-ne-shpi\/#breadcrumb","itemListElement":[{"@type":"ListItem","position":1,"name":"Nika: Pushtetar\u00ebve lokal\u00eb nuk u shkohet n\u00eb shpi"}]},{"@type":"Person","@id":"https:\/\/www.visit-ulcinj.com\/blog\/#\/schema\/person\/dcab619c614d3038751c63bc2aadc06d","name":"ulqini","sameAs":["http:\/\/www.visit-ulcinj.com"],"url":"https:\/\/www.visit-ulcinj.com\/blog\/author\/admin\/"}]}},"jetpack_featured_media_url":"","jetpack_sharing_enabled":true,"jetpack_shortlink":"https:\/\/wp.me\/pe6lTn-mle","_links":{"self":[{"href":"https:\/\/www.visit-ulcinj.com\/blog\/wp-json\/wp\/v2\/posts\/85884"}],"collection":[{"href":"https:\/\/www.visit-ulcinj.com\/blog\/wp-json\/wp\/v2\/posts"}],"about":[{"href":"https:\/\/www.visit-ulcinj.com\/blog\/wp-json\/wp\/v2\/types\/post"}],"author":[{"embeddable":true,"href":"https:\/\/www.visit-ulcinj.com\/blog\/wp-json\/wp\/v2\/users\/1"}],"replies":[{"embeddable":true,"href":"https:\/\/www.visit-ulcinj.com\/blog\/wp-json\/wp\/v2\/comments?post=85884"}],"version-history":[{"count":1,"href":"https:\/\/www.visit-ulcinj.com\/blog\/wp-json\/wp\/v2\/posts\/85884\/revisions"}],"predecessor-version":[{"id":85885,"href":"https:\/\/www.visit-ulcinj.com\/blog\/wp-json\/wp\/v2\/posts\/85884\/revisions\/85885"}],"wp:attachment":[{"href":"https:\/\/www.visit-ulcinj.com\/blog\/wp-json\/wp\/v2\/media?parent=85884"}],"wp:term":[{"taxonomy":"category","embeddable":true,"href":"https:\/\/www.visit-ulcinj.com\/blog\/wp-json\/wp\/v2\/categories?post=85884"},{"taxonomy":"post_tag","embeddable":true,"href":"https:\/\/www.visit-ulcinj.com\/blog\/wp-json\/wp\/v2\/tags?post=85884"}],"curies":[{"name":"wp","href":"https:\/\/api.w.org\/{rel}","templated":true}]}}