{"id":85892,"date":"2014-10-24T17:59:17","date_gmt":"2014-10-24T16:59:17","guid":{"rendered":"http:\/\/www.visit-ulcinj.com\/blog\/?p=85892"},"modified":"2014-10-24T17:59:17","modified_gmt":"2014-10-24T16:59:17","slug":"me%c2%addo%c2%adje%c2%advic-albanski-politicari-cute-o-velikoj-albaniji","status":"publish","type":"post","link":"https:\/\/www.visit-ulcinj.com\/blog\/2014\/10\/24\/me%c2%addo%c2%adje%c2%advic-albanski-politicari-cute-o-velikoj-albaniji\/","title":{"rendered":"Me\u00addo\u00adje\u00advi\u0107: Albanski politi\u010dari \u0107ute o \u201eVelikoj Albaniji\u201d"},"content":{"rendered":"<div id=\"attachment_4045\" style=\"width: 310px\" class=\"wp-caption alignleft\"><a href=\"http:\/\/www.visit-ulcinj.com\/blog\/wp-content\/uploads\/2008\/10\/nebojsa-medojevic.jpg\"><img aria-describedby=\"caption-attachment-4045\" loading=\"lazy\" class=\"wp-image-4045 size-medium\" src=\"http:\/\/www.visit-ulcinj.com\/blog\/wp-content\/uploads\/2008\/10\/nebojsa-medojevic-300x238.jpg\" alt=\"Konvencija u Ulcinju - Nebojsa Medojevic-Video klik\" width=\"300\" height=\"238\" srcset=\"https:\/\/www.visit-ulcinj.com\/blog\/wp-content\/uploads\/2008\/10\/nebojsa-medojevic-300x238.jpg 300w, https:\/\/www.visit-ulcinj.com\/blog\/wp-content\/uploads\/2008\/10\/nebojsa-medojevic.jpg 438w\" sizes=\"(max-width: 300px) 100vw, 300px\" \/><\/a><p id=\"caption-attachment-4045\" class=\"wp-caption-text\">Konvencija u Ulcinju &#8211; Nebojsa Medojevic-Video klik<\/p><\/div>\n<p><span class=\"tekstcijeli\"><span class=\"kapital\">P<\/span>red\u00adsjed\u00adnik Po\u00adkre\u00adta za pro\u00admje\u00adne i \u010dlan Pred\u00adsjed\u00adni\u00ad\u0161tva De\u00admo\u00adkrat\u00adskog fron\u00adta Ne\u00adboj\u00ad\u0161a Me\u00addo\u00adje\u00advi\u0107 na\u00adpi\u00adsao je na svom tvi\u00adter na\u00adlo\u00adgu da se ni\u00adje\u00addan al\u00adban\u00adski po\u00adli\u00adti\u00ad\u010dar u Cr\u00adnoj Go\u00adri ni\u00adje jav\u00adno iz\u00adja\u00adsnio pro\u00adtiv ve\u00adli\u00adko\u00addr\u00ad\u017eav\u00adnog pro\u00adjek\u00adta \u201eVe\u00adli\u00adke Al\u00adba\u00adni\u00adje\u201d. On je ka\u00adzao da je je\u00addi\u00adno De\u00admo\u00adkrat\u00adski front o\u0161tro re\u00ada\u00adgo\u00advao na in\u00adci\u00addent u Be\u00ado\u00adgra\u00addu, i op\u00adtu\u00ad\u017eio je osta\u00adle stran\u00adke da ne\u00ad\u0107e da se za\u00admje\u00adra\u00adju stra\u00adnim am\u00adba\u00adsa\u00adda\u00adma.<br \/>\n\u2013 Pro\u00adje\u00adkat \u201eVe\u00adli\u00adke Al\u00adba\u00adni\u00adje\u201d je ozbi\u00adljan na\u00adci\u00ado\u00adnal\u00adni pro\u00adje\u00adkat svih Al\u00adba\u00adna\u00adca. Ni\u00adje\u00addan al\u00adban\u00adski po\u00adli\u00adti\u00ad\u010dar u Cr\u00adnoj Go\u00adri jav\u00adno ni\u00adje pro\u00adtiv. Je\u00addi\u00adno je DF o\u0161tro osu\u00addio in\u00adci\u00addent u Be\u00ado\u00adgra\u00addu. Re\u00ada\u00adgo\u00adva\u00adli smo o\u0161tro sa\u00admo mi iz De\u00admo\u00adkrat\u00adskog fron\u00adta. DPS i osta\u00adtak opo\u00adzi\u00adci\u00adje \u0107u\u00adte kao za\u00adli\u00adve\u00adni. Da se ne za\u00admje\u00adre ne\u00adkoj am\u00adba\u00adsa\u00addi. Ni\u00adko ozbi\u00adljan ne sum\u00adnja da su iza in\u00adci\u00adden\u00adta al\u00adban\u00adska dr\u00ad\u017ea\u00adva i taj\u00adna slu\u00ad\u017eba. To su i mi\u00ad\u0161lje\u00adnja u Bri\u00adse\u00adlu \u2013 na\u00adveo je Me\u00addo\u00adje\u00advi\u0107.<br \/>\nNi\u00adje is\u00adklju\u00ad\u010dio mo\u00adgu\u0107\u00adnost da iza in\u00adci\u00adden\u00adta i sto\u00adje po\u00adje\u00addi\u00adni agen\u00adti srp\u00adskih slu\u00ad\u017ebi.<br \/>\n\u2013 Mo\u00ad\u017eda su ne\u00adki agen\u00adti srp\u00adskih slu\u00ad\u017ebi isto\u00advre\u00adme\u00adno i agen\u00adti stra\u00adnih slu\u00ad\u017ebi, pa su ma\u00adlo po\u00admo\u00adgli da se de\u00adse pro\u00adpu\u00adsti. Mo\u00adgu\u00ad\u0107e\u2013 na\u00adpi\u00adsao je Me\u00addo\u00adje\u00advi\u0107.<br \/>\nPo\u00adno\u00advo je op\u00adtu\u00ad\u017eio al\u00adban\u00adskog pre\u00admi\u00adje\u00adra Edi Ra\u00admu za in\u00adci\u00addent ka\u00adda je pre\u00adki\u00adnu\u00adta fud\u00adbal\u00adska utak\u00admi\u00adca Sr\u00adbi\u00adja \u2013 Al\u00adba\u00adni\u00adja.<br \/>\n\u2013 Edi Ra\u00adma or\u00adga\u00adni\u00adzu\u00adje ne\u00advi\u00ad\u0111e\u00adnu pro\u00advo\u00adka\u00adci\u00adju u Be\u00ado\u00adgra\u00addu sa za\u00adsta\u00advom \u201eVe\u00adli\u00adke Al\u00adba\u00adni\u00adje\u201d, a on\u00adda da\u00adni\u00adma da\u00adje iz\u00adja\u00adve o re\u00adgi\u00ado\u00adnal\u00adnoj sa\u00adrad\u00adnji. Li\u00adce\u00admjer\u00adno \u2013 za\u00adklju\u00ad\u010dio je Me\u00addo\u00adje\u00advi\u0107.<br \/>\n<strong>V.R. <\/strong><\/span><\/p>\n<p><strong>Izvor: DAN<\/strong><\/p>\n<!--YouTube Error: bad URL entered-->\n","protected":false},"excerpt":{"rendered":"<p>Pred\u00adsjed\u00adnik Po\u00adkre\u00adta za pro\u00admje\u00adne i \u010dlan Pred\u00adsjed\u00adni\u00ad\u0161tva De\u00admo\u00adkrat\u00adskog fron\u00adta Ne\u00adboj\u00ad\u0161a Me\u00addo\u00adje\u00advi\u0107 na\u00adpi\u00adsao je na svom tvi\u00adter na\u00adlo\u00adgu da se ni\u00adje\u00addan al\u00adban\u00adski po\u00adli\u00adti\u00ad\u010dar u Cr\u00adnoj Go\u00adri ni\u00adje jav\u00adno iz\u00adja\u00adsnio pro\u00adtiv ve\u00adli\u00adko\u00addr\u00ad\u017eav\u00adnog pro\u00adjek\u00adta \u201eVe\u00adli\u00adke Al\u00adba\u00adni\u00adje\u201d. On je ka\u00adzao da je je\u00addi\u00adno De\u00admo\u00adkrat\u00adski front o\u0161tro re\u00ada\u00adgo\u00advao na in\u00adci\u00addent u Be\u00ado\u00adgra\u00addu, i op\u00adtu\u00ad\u017eio je osta\u00adle stran\u00adke da ne\u00ad\u0107e da [&hellip;]<\/p>\n","protected":false},"author":1,"featured_media":0,"comment_status":"closed","ping_status":"closed","sticky":false,"template":"","format":"standard","meta":{"spay_email":"","jetpack_publicize_message":"","jetpack_is_tweetstorm":false,"jetpack_publicize_feature_enabled":true},"categories":[6950],"tags":[],"jetpack_publicize_connections":[],"yoast_head":"<!-- This site is optimized with the Yoast SEO plugin v19.1 - https:\/\/yoast.com\/wordpress\/plugins\/seo\/ -->\n<title>Me\u00addo\u00adje\u00advi\u0107: Albanski politi\u010dari \u0107ute o \u201eVelikoj Albaniji\u201d - Lajme nga Ulqini<\/title>\n<meta name=\"description\" content=\"Pred\u00adsjed\u00adnik Po\u00adkre\u00adta za pro\u00admje\u00adne i \u010dlan Pred\u00adsjed\u00adni\u00ad\u0161tva De\u00admo\u00adkrat\u00adskog fron\u00adta Ne\u00adboj\u00ad\u0161a Me\u00addo\u00adje\u00advi\u0107 na\u00adpi\u00adsao je na svom tvi\u00adter na\u00adlo\u00adgu da se\" \/>\n<meta name=\"robots\" content=\"index, follow, max-snippet:-1, max-image-preview:large, max-video-preview:-1\" \/>\n<link rel=\"canonical\" href=\"https:\/\/www.visit-ulcinj.com\/blog\/2014\/10\/24\/me\u00addo\u00adje\u00advic-albanski-politicari-cute-o-velikoj-albaniji\/\" \/>\n<meta property=\"og:locale\" content=\"en_US\" \/>\n<meta property=\"og:type\" content=\"article\" \/>\n<meta property=\"og:title\" content=\"Me\u00addo\u00adje\u00advi\u0107: Albanski politi\u010dari \u0107ute o \u201eVelikoj Albaniji\u201d - Lajme nga Ulqini\" \/>\n<meta property=\"og:description\" content=\"Pred\u00adsjed\u00adnik Po\u00adkre\u00adta za pro\u00admje\u00adne i \u010dlan Pred\u00adsjed\u00adni\u00ad\u0161tva De\u00admo\u00adkrat\u00adskog fron\u00adta Ne\u00adboj\u00ad\u0161a Me\u00addo\u00adje\u00advi\u0107 na\u00adpi\u00adsao je na svom tvi\u00adter na\u00adlo\u00adgu da se\" \/>\n<meta property=\"og:url\" content=\"https:\/\/www.visit-ulcinj.com\/blog\/2014\/10\/24\/me\u00addo\u00adje\u00advic-albanski-politicari-cute-o-velikoj-albaniji\/\" \/>\n<meta property=\"og:site_name\" content=\"Lajme nga Ulqini\" \/>\n<meta property=\"article:published_time\" content=\"2014-10-24T16:59:17+00:00\" \/>\n<meta property=\"og:image\" content=\"http:\/\/www.visit-ulcinj.com\/blog\/wp-content\/uploads\/2008\/10\/nebojsa-medojevic-300x238.jpg\" \/>\n<meta name=\"twitter:label1\" content=\"Written by\" \/>\n\t<meta name=\"twitter:data1\" content=\"ulqini\" \/>\n\t<meta name=\"twitter:label2\" content=\"Est. reading time\" \/>\n\t<meta name=\"twitter:data2\" content=\"2 minutes\" \/>\n<script type=\"application\/ld+json\" class=\"yoast-schema-graph\">{\"@context\":\"https:\/\/schema.org\",\"@graph\":[{\"@type\":\"WebSite\",\"@id\":\"https:\/\/www.visit-ulcinj.com\/blog\/#website\",\"url\":\"https:\/\/www.visit-ulcinj.com\/blog\/\",\"name\":\"Lajme nga Ulqini\",\"description\":\"Lajme,Vijesti,Ulqini,Ulqin,Crna Gora,Mali i Zi\",\"potentialAction\":[{\"@type\":\"SearchAction\",\"target\":{\"@type\":\"EntryPoint\",\"urlTemplate\":\"https:\/\/www.visit-ulcinj.com\/blog\/?s={search_term_string}\"},\"query-input\":\"required name=search_term_string\"}],\"inLanguage\":\"en-US\"},{\"@type\":\"ImageObject\",\"inLanguage\":\"en-US\",\"@id\":\"https:\/\/www.visit-ulcinj.com\/blog\/2014\/10\/24\/me%c2%addo%c2%adje%c2%advic-albanski-politicari-cute-o-velikoj-albaniji\/#primaryimage\",\"url\":\"http:\/\/www.visit-ulcinj.com\/blog\/wp-content\/uploads\/2008\/10\/nebojsa-medojevic-300x238.jpg\",\"contentUrl\":\"http:\/\/www.visit-ulcinj.com\/blog\/wp-content\/uploads\/2008\/10\/nebojsa-medojevic-300x238.jpg\"},{\"@type\":\"WebPage\",\"@id\":\"https:\/\/www.visit-ulcinj.com\/blog\/2014\/10\/24\/me%c2%addo%c2%adje%c2%advic-albanski-politicari-cute-o-velikoj-albaniji\/#webpage\",\"url\":\"https:\/\/www.visit-ulcinj.com\/blog\/2014\/10\/24\/me%c2%addo%c2%adje%c2%advic-albanski-politicari-cute-o-velikoj-albaniji\/\",\"name\":\"Me\u00addo\u00adje\u00advi\u0107: Albanski politi\u010dari \u0107ute o \u201eVelikoj Albaniji\u201d - Lajme nga Ulqini\",\"isPartOf\":{\"@id\":\"https:\/\/www.visit-ulcinj.com\/blog\/#website\"},\"primaryImageOfPage\":{\"@id\":\"https:\/\/www.visit-ulcinj.com\/blog\/2014\/10\/24\/me%c2%addo%c2%adje%c2%advic-albanski-politicari-cute-o-velikoj-albaniji\/#primaryimage\"},\"datePublished\":\"2014-10-24T16:59:17+00:00\",\"dateModified\":\"2014-10-24T16:59:17+00:00\",\"author\":{\"@id\":\"https:\/\/www.visit-ulcinj.com\/blog\/#\/schema\/person\/dcab619c614d3038751c63bc2aadc06d\"},\"description\":\"Pred\u00adsjed\u00adnik Po\u00adkre\u00adta za pro\u00admje\u00adne i \u010dlan Pred\u00adsjed\u00adni\u00ad\u0161tva De\u00admo\u00adkrat\u00adskog fron\u00adta Ne\u00adboj\u00ad\u0161a Me\u00addo\u00adje\u00advi\u0107 na\u00adpi\u00adsao je na svom tvi\u00adter na\u00adlo\u00adgu da se\",\"breadcrumb\":{\"@id\":\"https:\/\/www.visit-ulcinj.com\/blog\/2014\/10\/24\/me%c2%addo%c2%adje%c2%advic-albanski-politicari-cute-o-velikoj-albaniji\/#breadcrumb\"},\"inLanguage\":\"en-US\",\"potentialAction\":[{\"@type\":\"ReadAction\",\"target\":[\"https:\/\/www.visit-ulcinj.com\/blog\/2014\/10\/24\/me%c2%addo%c2%adje%c2%advic-albanski-politicari-cute-o-velikoj-albaniji\/\"]}]},{\"@type\":\"BreadcrumbList\",\"@id\":\"https:\/\/www.visit-ulcinj.com\/blog\/2014\/10\/24\/me%c2%addo%c2%adje%c2%advic-albanski-politicari-cute-o-velikoj-albaniji\/#breadcrumb\",\"itemListElement\":[{\"@type\":\"ListItem\",\"position\":1,\"name\":\"Me\u00addo\u00adje\u00advi\u0107: Albanski politi\u010dari \u0107ute o \u201eVelikoj Albaniji\u201d\"}]},{\"@type\":\"Person\",\"@id\":\"https:\/\/www.visit-ulcinj.com\/blog\/#\/schema\/person\/dcab619c614d3038751c63bc2aadc06d\",\"name\":\"ulqini\",\"sameAs\":[\"http:\/\/www.visit-ulcinj.com\"],\"url\":\"https:\/\/www.visit-ulcinj.com\/blog\/author\/admin\/\"}]}<\/script>\n<!-- \/ Yoast SEO plugin. -->","yoast_head_json":{"title":"Me\u00addo\u00adje\u00advi\u0107: Albanski politi\u010dari \u0107ute o \u201eVelikoj Albaniji\u201d - Lajme nga Ulqini","description":"Pred\u00adsjed\u00adnik Po\u00adkre\u00adta za pro\u00admje\u00adne i \u010dlan Pred\u00adsjed\u00adni\u00ad\u0161tva De\u00admo\u00adkrat\u00adskog fron\u00adta Ne\u00adboj\u00ad\u0161a Me\u00addo\u00adje\u00advi\u0107 na\u00adpi\u00adsao je na svom tvi\u00adter na\u00adlo\u00adgu da se","robots":{"index":"index","follow":"follow","max-snippet":"max-snippet:-1","max-image-preview":"max-image-preview:large","max-video-preview":"max-video-preview:-1"},"canonical":"https:\/\/www.visit-ulcinj.com\/blog\/2014\/10\/24\/me\u00addo\u00adje\u00advic-albanski-politicari-cute-o-velikoj-albaniji\/","og_locale":"en_US","og_type":"article","og_title":"Me\u00addo\u00adje\u00advi\u0107: Albanski politi\u010dari \u0107ute o \u201eVelikoj Albaniji\u201d - Lajme nga Ulqini","og_description":"Pred\u00adsjed\u00adnik Po\u00adkre\u00adta za pro\u00admje\u00adne i \u010dlan Pred\u00adsjed\u00adni\u00ad\u0161tva De\u00admo\u00adkrat\u00adskog fron\u00adta Ne\u00adboj\u00ad\u0161a Me\u00addo\u00adje\u00advi\u0107 na\u00adpi\u00adsao je na svom tvi\u00adter na\u00adlo\u00adgu da se","og_url":"https:\/\/www.visit-ulcinj.com\/blog\/2014\/10\/24\/me\u00addo\u00adje\u00advic-albanski-politicari-cute-o-velikoj-albaniji\/","og_site_name":"Lajme nga Ulqini","article_published_time":"2014-10-24T16:59:17+00:00","og_image":[{"url":"http:\/\/www.visit-ulcinj.com\/blog\/wp-content\/uploads\/2008\/10\/nebojsa-medojevic-300x238.jpg"}],"twitter_misc":{"Written by":"ulqini","Est. reading time":"2 minutes"},"schema":{"@context":"https:\/\/schema.org","@graph":[{"@type":"WebSite","@id":"https:\/\/www.visit-ulcinj.com\/blog\/#website","url":"https:\/\/www.visit-ulcinj.com\/blog\/","name":"Lajme nga Ulqini","description":"Lajme,Vijesti,Ulqini,Ulqin,Crna Gora,Mali i Zi","potentialAction":[{"@type":"SearchAction","target":{"@type":"EntryPoint","urlTemplate":"https:\/\/www.visit-ulcinj.com\/blog\/?s={search_term_string}"},"query-input":"required name=search_term_string"}],"inLanguage":"en-US"},{"@type":"ImageObject","inLanguage":"en-US","@id":"https:\/\/www.visit-ulcinj.com\/blog\/2014\/10\/24\/me%c2%addo%c2%adje%c2%advic-albanski-politicari-cute-o-velikoj-albaniji\/#primaryimage","url":"http:\/\/www.visit-ulcinj.com\/blog\/wp-content\/uploads\/2008\/10\/nebojsa-medojevic-300x238.jpg","contentUrl":"http:\/\/www.visit-ulcinj.com\/blog\/wp-content\/uploads\/2008\/10\/nebojsa-medojevic-300x238.jpg"},{"@type":"WebPage","@id":"https:\/\/www.visit-ulcinj.com\/blog\/2014\/10\/24\/me%c2%addo%c2%adje%c2%advic-albanski-politicari-cute-o-velikoj-albaniji\/#webpage","url":"https:\/\/www.visit-ulcinj.com\/blog\/2014\/10\/24\/me%c2%addo%c2%adje%c2%advic-albanski-politicari-cute-o-velikoj-albaniji\/","name":"Me\u00addo\u00adje\u00advi\u0107: Albanski politi\u010dari \u0107ute o \u201eVelikoj Albaniji\u201d - Lajme nga Ulqini","isPartOf":{"@id":"https:\/\/www.visit-ulcinj.com\/blog\/#website"},"primaryImageOfPage":{"@id":"https:\/\/www.visit-ulcinj.com\/blog\/2014\/10\/24\/me%c2%addo%c2%adje%c2%advic-albanski-politicari-cute-o-velikoj-albaniji\/#primaryimage"},"datePublished":"2014-10-24T16:59:17+00:00","dateModified":"2014-10-24T16:59:17+00:00","author":{"@id":"https:\/\/www.visit-ulcinj.com\/blog\/#\/schema\/person\/dcab619c614d3038751c63bc2aadc06d"},"description":"Pred\u00adsjed\u00adnik Po\u00adkre\u00adta za pro\u00admje\u00adne i \u010dlan Pred\u00adsjed\u00adni\u00ad\u0161tva De\u00admo\u00adkrat\u00adskog fron\u00adta Ne\u00adboj\u00ad\u0161a Me\u00addo\u00adje\u00advi\u0107 na\u00adpi\u00adsao je na svom tvi\u00adter na\u00adlo\u00adgu da se","breadcrumb":{"@id":"https:\/\/www.visit-ulcinj.com\/blog\/2014\/10\/24\/me%c2%addo%c2%adje%c2%advic-albanski-politicari-cute-o-velikoj-albaniji\/#breadcrumb"},"inLanguage":"en-US","potentialAction":[{"@type":"ReadAction","target":["https:\/\/www.visit-ulcinj.com\/blog\/2014\/10\/24\/me%c2%addo%c2%adje%c2%advic-albanski-politicari-cute-o-velikoj-albaniji\/"]}]},{"@type":"BreadcrumbList","@id":"https:\/\/www.visit-ulcinj.com\/blog\/2014\/10\/24\/me%c2%addo%c2%adje%c2%advic-albanski-politicari-cute-o-velikoj-albaniji\/#breadcrumb","itemListElement":[{"@type":"ListItem","position":1,"name":"Me\u00addo\u00adje\u00advi\u0107: Albanski politi\u010dari \u0107ute o \u201eVelikoj Albaniji\u201d"}]},{"@type":"Person","@id":"https:\/\/www.visit-ulcinj.com\/blog\/#\/schema\/person\/dcab619c614d3038751c63bc2aadc06d","name":"ulqini","sameAs":["http:\/\/www.visit-ulcinj.com"],"url":"https:\/\/www.visit-ulcinj.com\/blog\/author\/admin\/"}]}},"jetpack_featured_media_url":"","jetpack_sharing_enabled":true,"jetpack_shortlink":"https:\/\/wp.me\/pe6lTn-mlm","_links":{"self":[{"href":"https:\/\/www.visit-ulcinj.com\/blog\/wp-json\/wp\/v2\/posts\/85892"}],"collection":[{"href":"https:\/\/www.visit-ulcinj.com\/blog\/wp-json\/wp\/v2\/posts"}],"about":[{"href":"https:\/\/www.visit-ulcinj.com\/blog\/wp-json\/wp\/v2\/types\/post"}],"author":[{"embeddable":true,"href":"https:\/\/www.visit-ulcinj.com\/blog\/wp-json\/wp\/v2\/users\/1"}],"replies":[{"embeddable":true,"href":"https:\/\/www.visit-ulcinj.com\/blog\/wp-json\/wp\/v2\/comments?post=85892"}],"version-history":[{"count":1,"href":"https:\/\/www.visit-ulcinj.com\/blog\/wp-json\/wp\/v2\/posts\/85892\/revisions"}],"predecessor-version":[{"id":85894,"href":"https:\/\/www.visit-ulcinj.com\/blog\/wp-json\/wp\/v2\/posts\/85892\/revisions\/85894"}],"wp:attachment":[{"href":"https:\/\/www.visit-ulcinj.com\/blog\/wp-json\/wp\/v2\/media?parent=85892"}],"wp:term":[{"taxonomy":"category","embeddable":true,"href":"https:\/\/www.visit-ulcinj.com\/blog\/wp-json\/wp\/v2\/categories?post=85892"},{"taxonomy":"post_tag","embeddable":true,"href":"https:\/\/www.visit-ulcinj.com\/blog\/wp-json\/wp\/v2\/tags?post=85892"}],"curies":[{"name":"wp","href":"https:\/\/api.w.org\/{rel}","templated":true}]}}