{"id":859,"date":"2008-03-10T14:46:49","date_gmt":"2008-03-10T19:46:49","guid":{"rendered":"http:\/\/www.visit-ulcinj.com\/blog\/2008\/03\/10\/fuad-nimani-priti-te-marten-znj-klaudia-luciani-drejtoreshe-e-drejtoratit-per-bashkepunim-dhe-ceshtje-politike-te-keshillit-te-europes\/"},"modified":"2008-03-10T14:46:49","modified_gmt":"2008-03-10T19:46:49","slug":"fuad-nimani-priti-te-marten-znj-klaudia-luciani-drejtoreshe-e-drejtoratit-per-bashkepunim-dhe-ceshtje-politike-te-keshillit-te-europes","status":"publish","type":"post","link":"https:\/\/www.visit-ulcinj.com\/blog\/2008\/03\/10\/fuad-nimani-priti-te-marten-znj-klaudia-luciani-drejtoreshe-e-drejtoratit-per-bashkepunim-dhe-ceshtje-politike-te-keshillit-te-europes\/","title":{"rendered":"Fuad Nimani priti t\u00eb mart\u00ebn znj. Klaudia Lu\u00e7iani, drejtoresh\u00eb e drejtoratit p\u00ebr bashk\u00ebpunim dhe \u00e7\u00ebshtje politike t\u00eb k\u00ebshillit t\u00eb europ\u00ebs"},"content":{"rendered":"<p><a href=\"http:\/\/www.visit-ulcinj.com\/blog\/wp-content\/uploads\/2008\/03\/m_-radovic-klaudija-lucani.JPG\" rel=\"lightbox[pics-1205177745]\" title=\"M_ Radovic - Klaudija Luciani\"><img loading=\"lazy\" src=\"http:\/\/www.visit-ulcinj.com\/blog\/wp-content\/uploads\/2008\/03\/m_-radovic-klaudija-lucani.thumbnail.JPG\" alt=\"M_ Radovic - Klaudija Luciani\" align=\"left\" height=\"146\" width=\"200\" \/><\/a><strong>Me r\u00ebnd\u00ebsi krijimi i Fondit dhe k\u00ebshillave t\u00eb pakicave<\/strong><br \/>\nPodgoric\u00eb &#8211; Ministri p\u00ebr Mbrojtjen e t\u00eb Drejtave t\u00eb Njeriut dhe Pakicave, Fuad Nimani me bashk\u00ebpun\u00ebtor\u00ebt e tij priti t\u00eb mart\u00ebn nj\u00eb delegacion t\u00eb K\u00ebshillit t\u00eb Europ\u00ebs, n\u00eb krye me drejtoresh\u00ebn e Drejtoratit p\u00ebr Bashk\u00ebpunim dhe \u00c7\u00ebshtje Politike, Klaudia Lu\u00e7iani.<br \/>\nMinistri Nimani shprehu k\u00ebnaq\u00ebsi p\u00ebr vizit\u00ebn q\u00eb delegacioni n\u00eb fjal\u00eb realizoi n\u00eb Mal t\u00eb Zi. Ai i njoftoi mysafir\u00ebt me hapat e deritash\u00ebm t\u00eb nd\u00ebrmarr\u00eb nga Mali i Zi n\u00eb fush\u00ebn e mbrojtjes s\u00eb t\u00eb drejtave t\u00eb njeriut dhe pakicave.<br \/>\nMinistri Nimani n\u00ebnvizoi sidomos r\u00ebnd\u00ebsin\u00eb e instituteve t\u00eb reja q\u00eb afirmojn\u00eb politik\u00ebn e pakicave n\u00eb Mal t\u00eb Zi, si Fondi i Pakicave dhe K\u00ebshillat nacionale t\u00eb pakicave.<a href=\"http:\/\/www.visit-ulcinj.com\/blog\/wp-content\/uploads\/2008\/03\/fuad-nimani-2.jpg\" rel=\"lightbox[pics-1205177745]\" title=\"fuad nimani.02\"><img loading=\"lazy\" src=\"http:\/\/www.visit-ulcinj.com\/blog\/wp-content\/uploads\/2008\/03\/fuad-nimani-2.jpg\" alt=\"fuad nimani.02\" align=\"right\" height=\"184\" width=\"176\" \/><\/a><br \/>\nNga ana tjet\u00ebr, znj. Lu\u00e7iani e njoftoi ministrin Nimani me rekomandimet e pranuara t\u00eb K\u00ebshillit t\u00eb Europ\u00ebs dhe p\u00ebr dy raportet q\u00eb Ministria p\u00ebr Mbrojtjen e t\u00eb Drejtave t\u00eb Njeriut dhe Pakicave i d\u00ebrgoi K\u00ebshillit t\u00eb Europ\u00ebs, konkretisht Raportin p\u00ebr Konvent\u00ebn Korniz\u00eb dhe Raportin p\u00ebr zbatimin e Dokumentit p\u00ebr gjuh\u00ebt rajonale dhe t\u00eb pakicave.<br \/>\nAjo shprehu bindjen se Mali i Zi do t\u00eb propozoj\u00eb s\u00eb shpejti ekspert\u00ebt n\u00eb trupat punues t\u00eb K\u00ebshillit t\u00eb Europ\u00ebs n\u00eb m\u00ebnyr\u00eb q\u00eb raportet e p\u00ebrmendura t\u00eb shqyrtohen n\u00eb organet e KE-s\u00eb dhe t`i ofroj\u00eb ndihm\u00eb Ministris\u00eb n\u00eb hartimin e ligjeve kund\u00ebr diskriminimit.<br \/>\nDy pal\u00ebt shprehen k\u00ebnaq\u00ebsi p\u00ebr bashk\u00ebpunimin e deritash\u00ebm duke shpresuar se ai do t\u00eb vazhdoj\u00eb t\u00eb jet\u00eb i frytsh\u00ebm edhe n\u00eb t\u00eb ardhmen.<br \/>\n(Kohapress)<\/p>\n","protected":false},"excerpt":{"rendered":"<p><img loading=\"lazy\" src=\"http:\/\/www.visit-ulcinj.com\/blog\/wp-content\/uploads\/2008\/03\/m_-radovic-klaudija-lucani.thumbnail.JPG\" alt=\"M_ Radovic - Klaudija Luciani\" align=\"left\" height=\"140\" width=\"140\" \/><\/p>\n","protected":false},"author":1,"featured_media":0,"comment_status":"open","ping_status":"closed","sticky":false,"template":"","format":"standard","meta":{"spay_email":"","jetpack_publicize_message":"","jetpack_is_tweetstorm":false,"jetpack_publicize_feature_enabled":true},"categories":[6],"tags":[2150,106,2151],"jetpack_publicize_connections":[],"yoast_head":"<!-- This site is optimized with the Yoast SEO plugin v19.1 - https:\/\/yoast.com\/wordpress\/plugins\/seo\/ -->\n<title>Fuad Nimani priti t\u00eb mart\u00ebn znj. Klaudia Lu\u00e7iani, drejtoresh\u00eb e drejtoratit p\u00ebr bashk\u00ebpunim dhe \u00e7\u00ebshtje politike t\u00eb k\u00ebshillit t\u00eb europ\u00ebs - Lajme nga Ulqini<\/title>\n<meta name=\"robots\" content=\"index, follow, max-snippet:-1, max-image-preview:large, max-video-preview:-1\" \/>\n<link rel=\"canonical\" href=\"https:\/\/www.visit-ulcinj.com\/blog\/2008\/03\/10\/fuad-nimani-priti-te-marten-znj-klaudia-luciani-drejtoreshe-e-drejtoratit-per-bashkepunim-dhe-ceshtje-politike-te-keshillit-te-europes\/\" \/>\n<meta property=\"og:locale\" content=\"en_US\" \/>\n<meta property=\"og:type\" content=\"article\" \/>\n<meta property=\"og:title\" content=\"Fuad Nimani priti t\u00eb mart\u00ebn znj. Klaudia Lu\u00e7iani, drejtoresh\u00eb e drejtoratit p\u00ebr bashk\u00ebpunim dhe \u00e7\u00ebshtje politike t\u00eb k\u00ebshillit t\u00eb europ\u00ebs - Lajme nga Ulqini\" \/>\n<meta property=\"og:url\" content=\"https:\/\/www.visit-ulcinj.com\/blog\/2008\/03\/10\/fuad-nimani-priti-te-marten-znj-klaudia-luciani-drejtoreshe-e-drejtoratit-per-bashkepunim-dhe-ceshtje-politike-te-keshillit-te-europes\/\" \/>\n<meta property=\"og:site_name\" content=\"Lajme nga Ulqini\" \/>\n<meta property=\"article:published_time\" content=\"2008-03-10T19:46:49+00:00\" \/>\n<meta property=\"og:image\" content=\"http:\/\/www.visit-ulcinj.com\/blog\/wp-content\/uploads\/2008\/03\/m_-radovic-klaudija-lucani.thumbnail.JPG\" \/>\n<meta name=\"twitter:label1\" content=\"Written by\" \/>\n\t<meta name=\"twitter:data1\" content=\"ulqini\" \/>\n\t<meta name=\"twitter:label2\" content=\"Est. reading time\" \/>\n\t<meta name=\"twitter:data2\" content=\"1 minute\" \/>\n<script type=\"application\/ld+json\" class=\"yoast-schema-graph\">{\"@context\":\"https:\/\/schema.org\",\"@graph\":[{\"@type\":\"WebSite\",\"@id\":\"https:\/\/www.visit-ulcinj.com\/blog\/#website\",\"url\":\"https:\/\/www.visit-ulcinj.com\/blog\/\",\"name\":\"Lajme nga Ulqini\",\"description\":\"Lajme,Vijesti,Ulqini,Ulqin,Crna Gora,Mali i Zi\",\"potentialAction\":[{\"@type\":\"SearchAction\",\"target\":{\"@type\":\"EntryPoint\",\"urlTemplate\":\"https:\/\/www.visit-ulcinj.com\/blog\/?s={search_term_string}\"},\"query-input\":\"required name=search_term_string\"}],\"inLanguage\":\"en-US\"},{\"@type\":\"ImageObject\",\"inLanguage\":\"en-US\",\"@id\":\"https:\/\/www.visit-ulcinj.com\/blog\/2008\/03\/10\/fuad-nimani-priti-te-marten-znj-klaudia-luciani-drejtoreshe-e-drejtoratit-per-bashkepunim-dhe-ceshtje-politike-te-keshillit-te-europes\/#primaryimage\",\"url\":\"http:\/\/www.visit-ulcinj.com\/blog\/wp-content\/uploads\/2008\/03\/m_-radovic-klaudija-lucani.thumbnail.JPG\",\"contentUrl\":\"http:\/\/www.visit-ulcinj.com\/blog\/wp-content\/uploads\/2008\/03\/m_-radovic-klaudija-lucani.thumbnail.JPG\"},{\"@type\":\"WebPage\",\"@id\":\"https:\/\/www.visit-ulcinj.com\/blog\/2008\/03\/10\/fuad-nimani-priti-te-marten-znj-klaudia-luciani-drejtoreshe-e-drejtoratit-per-bashkepunim-dhe-ceshtje-politike-te-keshillit-te-europes\/#webpage\",\"url\":\"https:\/\/www.visit-ulcinj.com\/blog\/2008\/03\/10\/fuad-nimani-priti-te-marten-znj-klaudia-luciani-drejtoreshe-e-drejtoratit-per-bashkepunim-dhe-ceshtje-politike-te-keshillit-te-europes\/\",\"name\":\"Fuad Nimani priti t\u00eb mart\u00ebn znj. Klaudia Lu\u00e7iani, drejtoresh\u00eb e drejtoratit p\u00ebr bashk\u00ebpunim dhe \u00e7\u00ebshtje politike t\u00eb k\u00ebshillit t\u00eb europ\u00ebs - Lajme nga Ulqini\",\"isPartOf\":{\"@id\":\"https:\/\/www.visit-ulcinj.com\/blog\/#website\"},\"primaryImageOfPage\":{\"@id\":\"https:\/\/www.visit-ulcinj.com\/blog\/2008\/03\/10\/fuad-nimani-priti-te-marten-znj-klaudia-luciani-drejtoreshe-e-drejtoratit-per-bashkepunim-dhe-ceshtje-politike-te-keshillit-te-europes\/#primaryimage\"},\"datePublished\":\"2008-03-10T19:46:49+00:00\",\"dateModified\":\"2008-03-10T19:46:49+00:00\",\"author\":{\"@id\":\"https:\/\/www.visit-ulcinj.com\/blog\/#\/schema\/person\/dcab619c614d3038751c63bc2aadc06d\"},\"breadcrumb\":{\"@id\":\"https:\/\/www.visit-ulcinj.com\/blog\/2008\/03\/10\/fuad-nimani-priti-te-marten-znj-klaudia-luciani-drejtoreshe-e-drejtoratit-per-bashkepunim-dhe-ceshtje-politike-te-keshillit-te-europes\/#breadcrumb\"},\"inLanguage\":\"en-US\",\"potentialAction\":[{\"@type\":\"ReadAction\",\"target\":[\"https:\/\/www.visit-ulcinj.com\/blog\/2008\/03\/10\/fuad-nimani-priti-te-marten-znj-klaudia-luciani-drejtoreshe-e-drejtoratit-per-bashkepunim-dhe-ceshtje-politike-te-keshillit-te-europes\/\"]}]},{\"@type\":\"BreadcrumbList\",\"@id\":\"https:\/\/www.visit-ulcinj.com\/blog\/2008\/03\/10\/fuad-nimani-priti-te-marten-znj-klaudia-luciani-drejtoreshe-e-drejtoratit-per-bashkepunim-dhe-ceshtje-politike-te-keshillit-te-europes\/#breadcrumb\",\"itemListElement\":[{\"@type\":\"ListItem\",\"position\":1,\"name\":\"Fuad Nimani priti t\u00eb mart\u00ebn znj. Klaudia Lu\u00e7iani, drejtoresh\u00eb e drejtoratit p\u00ebr bashk\u00ebpunim dhe \u00e7\u00ebshtje politike t\u00eb k\u00ebshillit t\u00eb europ\u00ebs\"}]},{\"@type\":\"Person\",\"@id\":\"https:\/\/www.visit-ulcinj.com\/blog\/#\/schema\/person\/dcab619c614d3038751c63bc2aadc06d\",\"name\":\"ulqini\",\"sameAs\":[\"http:\/\/www.visit-ulcinj.com\"],\"url\":\"https:\/\/www.visit-ulcinj.com\/blog\/author\/admin\/\"}]}<\/script>\n<!-- \/ Yoast SEO plugin. -->","yoast_head_json":{"title":"Fuad Nimani priti t\u00eb mart\u00ebn znj. Klaudia Lu\u00e7iani, drejtoresh\u00eb e drejtoratit p\u00ebr bashk\u00ebpunim dhe \u00e7\u00ebshtje politike t\u00eb k\u00ebshillit t\u00eb europ\u00ebs - Lajme nga Ulqini","robots":{"index":"index","follow":"follow","max-snippet":"max-snippet:-1","max-image-preview":"max-image-preview:large","max-video-preview":"max-video-preview:-1"},"canonical":"https:\/\/www.visit-ulcinj.com\/blog\/2008\/03\/10\/fuad-nimani-priti-te-marten-znj-klaudia-luciani-drejtoreshe-e-drejtoratit-per-bashkepunim-dhe-ceshtje-politike-te-keshillit-te-europes\/","og_locale":"en_US","og_type":"article","og_title":"Fuad Nimani priti t\u00eb mart\u00ebn znj. Klaudia Lu\u00e7iani, drejtoresh\u00eb e drejtoratit p\u00ebr bashk\u00ebpunim dhe \u00e7\u00ebshtje politike t\u00eb k\u00ebshillit t\u00eb europ\u00ebs - Lajme nga Ulqini","og_url":"https:\/\/www.visit-ulcinj.com\/blog\/2008\/03\/10\/fuad-nimani-priti-te-marten-znj-klaudia-luciani-drejtoreshe-e-drejtoratit-per-bashkepunim-dhe-ceshtje-politike-te-keshillit-te-europes\/","og_site_name":"Lajme nga Ulqini","article_published_time":"2008-03-10T19:46:49+00:00","og_image":[{"url":"http:\/\/www.visit-ulcinj.com\/blog\/wp-content\/uploads\/2008\/03\/m_-radovic-klaudija-lucani.thumbnail.JPG"}],"twitter_misc":{"Written by":"ulqini","Est. reading time":"1 minute"},"schema":{"@context":"https:\/\/schema.org","@graph":[{"@type":"WebSite","@id":"https:\/\/www.visit-ulcinj.com\/blog\/#website","url":"https:\/\/www.visit-ulcinj.com\/blog\/","name":"Lajme nga Ulqini","description":"Lajme,Vijesti,Ulqini,Ulqin,Crna Gora,Mali i Zi","potentialAction":[{"@type":"SearchAction","target":{"@type":"EntryPoint","urlTemplate":"https:\/\/www.visit-ulcinj.com\/blog\/?s={search_term_string}"},"query-input":"required name=search_term_string"}],"inLanguage":"en-US"},{"@type":"ImageObject","inLanguage":"en-US","@id":"https:\/\/www.visit-ulcinj.com\/blog\/2008\/03\/10\/fuad-nimani-priti-te-marten-znj-klaudia-luciani-drejtoreshe-e-drejtoratit-per-bashkepunim-dhe-ceshtje-politike-te-keshillit-te-europes\/#primaryimage","url":"http:\/\/www.visit-ulcinj.com\/blog\/wp-content\/uploads\/2008\/03\/m_-radovic-klaudija-lucani.thumbnail.JPG","contentUrl":"http:\/\/www.visit-ulcinj.com\/blog\/wp-content\/uploads\/2008\/03\/m_-radovic-klaudija-lucani.thumbnail.JPG"},{"@type":"WebPage","@id":"https:\/\/www.visit-ulcinj.com\/blog\/2008\/03\/10\/fuad-nimani-priti-te-marten-znj-klaudia-luciani-drejtoreshe-e-drejtoratit-per-bashkepunim-dhe-ceshtje-politike-te-keshillit-te-europes\/#webpage","url":"https:\/\/www.visit-ulcinj.com\/blog\/2008\/03\/10\/fuad-nimani-priti-te-marten-znj-klaudia-luciani-drejtoreshe-e-drejtoratit-per-bashkepunim-dhe-ceshtje-politike-te-keshillit-te-europes\/","name":"Fuad Nimani priti t\u00eb mart\u00ebn znj. Klaudia Lu\u00e7iani, drejtoresh\u00eb e drejtoratit p\u00ebr bashk\u00ebpunim dhe \u00e7\u00ebshtje politike t\u00eb k\u00ebshillit t\u00eb europ\u00ebs - Lajme nga Ulqini","isPartOf":{"@id":"https:\/\/www.visit-ulcinj.com\/blog\/#website"},"primaryImageOfPage":{"@id":"https:\/\/www.visit-ulcinj.com\/blog\/2008\/03\/10\/fuad-nimani-priti-te-marten-znj-klaudia-luciani-drejtoreshe-e-drejtoratit-per-bashkepunim-dhe-ceshtje-politike-te-keshillit-te-europes\/#primaryimage"},"datePublished":"2008-03-10T19:46:49+00:00","dateModified":"2008-03-10T19:46:49+00:00","author":{"@id":"https:\/\/www.visit-ulcinj.com\/blog\/#\/schema\/person\/dcab619c614d3038751c63bc2aadc06d"},"breadcrumb":{"@id":"https:\/\/www.visit-ulcinj.com\/blog\/2008\/03\/10\/fuad-nimani-priti-te-marten-znj-klaudia-luciani-drejtoreshe-e-drejtoratit-per-bashkepunim-dhe-ceshtje-politike-te-keshillit-te-europes\/#breadcrumb"},"inLanguage":"en-US","potentialAction":[{"@type":"ReadAction","target":["https:\/\/www.visit-ulcinj.com\/blog\/2008\/03\/10\/fuad-nimani-priti-te-marten-znj-klaudia-luciani-drejtoreshe-e-drejtoratit-per-bashkepunim-dhe-ceshtje-politike-te-keshillit-te-europes\/"]}]},{"@type":"BreadcrumbList","@id":"https:\/\/www.visit-ulcinj.com\/blog\/2008\/03\/10\/fuad-nimani-priti-te-marten-znj-klaudia-luciani-drejtoreshe-e-drejtoratit-per-bashkepunim-dhe-ceshtje-politike-te-keshillit-te-europes\/#breadcrumb","itemListElement":[{"@type":"ListItem","position":1,"name":"Fuad Nimani priti t\u00eb mart\u00ebn znj. Klaudia Lu\u00e7iani, drejtoresh\u00eb e drejtoratit p\u00ebr bashk\u00ebpunim dhe \u00e7\u00ebshtje politike t\u00eb k\u00ebshillit t\u00eb europ\u00ebs"}]},{"@type":"Person","@id":"https:\/\/www.visit-ulcinj.com\/blog\/#\/schema\/person\/dcab619c614d3038751c63bc2aadc06d","name":"ulqini","sameAs":["http:\/\/www.visit-ulcinj.com"],"url":"https:\/\/www.visit-ulcinj.com\/blog\/author\/admin\/"}]}},"jetpack_featured_media_url":"","jetpack_sharing_enabled":true,"jetpack_shortlink":"https:\/\/wp.me\/pe6lTn-dR","_links":{"self":[{"href":"https:\/\/www.visit-ulcinj.com\/blog\/wp-json\/wp\/v2\/posts\/859"}],"collection":[{"href":"https:\/\/www.visit-ulcinj.com\/blog\/wp-json\/wp\/v2\/posts"}],"about":[{"href":"https:\/\/www.visit-ulcinj.com\/blog\/wp-json\/wp\/v2\/types\/post"}],"author":[{"embeddable":true,"href":"https:\/\/www.visit-ulcinj.com\/blog\/wp-json\/wp\/v2\/users\/1"}],"replies":[{"embeddable":true,"href":"https:\/\/www.visit-ulcinj.com\/blog\/wp-json\/wp\/v2\/comments?post=859"}],"version-history":[{"count":0,"href":"https:\/\/www.visit-ulcinj.com\/blog\/wp-json\/wp\/v2\/posts\/859\/revisions"}],"wp:attachment":[{"href":"https:\/\/www.visit-ulcinj.com\/blog\/wp-json\/wp\/v2\/media?parent=859"}],"wp:term":[{"taxonomy":"category","embeddable":true,"href":"https:\/\/www.visit-ulcinj.com\/blog\/wp-json\/wp\/v2\/categories?post=859"},{"taxonomy":"post_tag","embeddable":true,"href":"https:\/\/www.visit-ulcinj.com\/blog\/wp-json\/wp\/v2\/tags?post=859"}],"curies":[{"name":"wp","href":"https:\/\/api.w.org\/{rel}","templated":true}]}}