{"id":85905,"date":"2014-10-25T14:10:51","date_gmt":"2014-10-25T13:10:51","guid":{"rendered":"http:\/\/www.visit-ulcinj.com\/blog\/?p=85905"},"modified":"2014-10-25T14:10:51","modified_gmt":"2014-10-25T13:10:51","slug":"dritan-abazovic-formira-gradanski-pokret","status":"publish","type":"post","link":"https:\/\/www.visit-ulcinj.com\/blog\/2014\/10\/25\/dritan-abazovic-formira-gradanski-pokret\/","title":{"rendered":"Dritan Abazovi\u0107 formira gra\u0111anski pokret"},"content":{"rendered":"<p><a href=\"http:\/\/www.visit-ulcinj.com\/blog\/wp-content\/uploads\/2013\/01\/dritanabazoviq.jpg\"><img loading=\"lazy\" class=\"alignleft wp-image-68133\" src=\"http:\/\/www.visit-ulcinj.com\/blog\/wp-content\/uploads\/2013\/01\/dritanabazoviq.jpg\" alt=\"dritanabazoviq\" width=\"508\" height=\"423\" srcset=\"https:\/\/www.visit-ulcinj.com\/blog\/wp-content\/uploads\/2013\/01\/dritanabazoviq.jpg 744w, https:\/\/www.visit-ulcinj.com\/blog\/wp-content\/uploads\/2013\/01\/dritanabazoviq-300x249.jpg 300w\" sizes=\"(max-width: 508px) 100vw, 508px\" \/><\/a>Biv\u0161i funkcioner Pozitivne Dritan Abazovi\u0107 izjavio je da su po\u010deli \u0161iroke konsultacije o formiranju nove politi\u010dke organizacije, koja najvjerovatnije ne\u0107e funkcionisati kao stranka, ve\u0107 kao gra\u0111anski pokret.<\/p>\n<p>On je rekao da \u0107e nova politi\u010dka organizacija predstavljati alternativu koja nedostaje Crnoj Gori, jer \u0107e insistirati na promociji evropskih vrijednosti i standarda i sna\u017eno podr\u017eavati integracione procese Crne Gore, pi\u0161u Vijesti.<\/p>\n<p>\u201eBez \u017eelje da prejudiciram stvari, mislim da \u0107e, ukoliko se sve kockice slo\u017ee, biti pozitivnih iznena\u0111enja u javnosti. Ipak, korektnosti radi, za sada sve ostaje u domenu ideje, razrade modela i razmjene mi\u0161ljenja\u201c, objasnio je Abazovi\u0107.<\/p>\n<p>On je rekao da ve\u0107ina sagovornika smatra da nije dobro ponovo i\u0107i na stvaranje konvencionalne politi\u010dke stranke, jer je dru\u0161tvo previ\u0161e politizovano i partijski zarobljeno.<\/p>\n<p>\u201eAli to nije unaprijed eliminisana opcija. Ono \u0161to jeste na\u010delni model, ogleda se u poku\u0161aju da se organizujemo na na\u010din koji \u0107e ostavljati dovoljno prostora i svim drugim pojedincima ili subjektima da podr\u017ee na\u0161u ideju, ne ugro\u017eavaju\u0107i svoje ve\u0107 izgra\u0111ene identitete ili slobodna promi\u0161ljanja\u201c, kazao je Abazovi\u0107 i dodao da \u0107e se narednih nedjelja uobli\u010diti jasna gra\u0111anska alternativa aktuelnoj vladaju\u0107oj klasi.<br \/>\n<strong>Izvor: Portal Analitika<\/strong><\/p>\n","protected":false},"excerpt":{"rendered":"<p>Biv\u0161i funkcioner Pozitivne Dritan Abazovi\u0107 izjavio je da su po\u010deli \u0161iroke konsultacije o formiranju nove politi\u010dke organizacije, koja najvjerovatnije ne\u0107e funkcionisati kao stranka, ve\u0107 kao gra\u0111anski pokret. On je rekao da \u0107e nova politi\u010dka organizacija predstavljati alternativu koja nedostaje Crnoj Gori, jer \u0107e insistirati na promociji evropskih vrijednosti i standarda i sna\u017eno podr\u017eavati integracione procese [&hellip;]<\/p>\n","protected":false},"author":1,"featured_media":0,"comment_status":"closed","ping_status":"closed","sticky":false,"template":"","format":"standard","meta":{"spay_email":"","jetpack_publicize_message":"","jetpack_is_tweetstorm":false,"jetpack_publicize_feature_enabled":true},"categories":[8337],"tags":[],"jetpack_publicize_connections":[],"yoast_head":"<!-- This site is optimized with the Yoast SEO plugin v19.1 - https:\/\/yoast.com\/wordpress\/plugins\/seo\/ -->\n<title>Dritan Abazovi\u0107 formira gra\u0111anski pokret - Lajme nga Ulqini<\/title>\n<meta name=\"description\" content=\"Biv\u0161i funkcioner Pozitivne Dritan Abazovi\u0107 izjavio je da su po\u010deli \u0161iroke konsultacije o formiranju nove politi\u010dke organizacije, koja najvjerovatnije ne\u0107e\" \/>\n<meta name=\"robots\" content=\"index, follow, max-snippet:-1, max-image-preview:large, max-video-preview:-1\" \/>\n<link rel=\"canonical\" href=\"https:\/\/www.visit-ulcinj.com\/blog\/2014\/10\/25\/dritan-abazovic-formira-gradanski-pokret\/\" \/>\n<meta property=\"og:locale\" content=\"en_US\" \/>\n<meta property=\"og:type\" content=\"article\" \/>\n<meta property=\"og:title\" content=\"Dritan Abazovi\u0107 formira gra\u0111anski pokret - Lajme nga Ulqini\" \/>\n<meta property=\"og:description\" content=\"Biv\u0161i funkcioner Pozitivne Dritan Abazovi\u0107 izjavio je da su po\u010deli \u0161iroke konsultacije o formiranju nove politi\u010dke organizacije, koja najvjerovatnije ne\u0107e\" \/>\n<meta property=\"og:url\" content=\"https:\/\/www.visit-ulcinj.com\/blog\/2014\/10\/25\/dritan-abazovic-formira-gradanski-pokret\/\" \/>\n<meta property=\"og:site_name\" content=\"Lajme nga Ulqini\" \/>\n<meta property=\"article:published_time\" content=\"2014-10-25T13:10:51+00:00\" \/>\n<meta property=\"og:image\" content=\"http:\/\/www.visit-ulcinj.com\/blog\/wp-content\/uploads\/2013\/01\/dritanabazoviq.jpg\" \/>\n<meta name=\"twitter:label1\" content=\"Written by\" \/>\n\t<meta name=\"twitter:data1\" content=\"ulqini\" \/>\n\t<meta name=\"twitter:label2\" content=\"Est. reading time\" \/>\n\t<meta name=\"twitter:data2\" content=\"1 minute\" \/>\n<script type=\"application\/ld+json\" class=\"yoast-schema-graph\">{\"@context\":\"https:\/\/schema.org\",\"@graph\":[{\"@type\":\"WebSite\",\"@id\":\"https:\/\/www.visit-ulcinj.com\/blog\/#website\",\"url\":\"https:\/\/www.visit-ulcinj.com\/blog\/\",\"name\":\"Lajme nga Ulqini\",\"description\":\"Lajme,Vijesti,Ulqini,Ulqin,Crna Gora,Mali i Zi\",\"potentialAction\":[{\"@type\":\"SearchAction\",\"target\":{\"@type\":\"EntryPoint\",\"urlTemplate\":\"https:\/\/www.visit-ulcinj.com\/blog\/?s={search_term_string}\"},\"query-input\":\"required name=search_term_string\"}],\"inLanguage\":\"en-US\"},{\"@type\":\"ImageObject\",\"inLanguage\":\"en-US\",\"@id\":\"https:\/\/www.visit-ulcinj.com\/blog\/2014\/10\/25\/dritan-abazovic-formira-gradanski-pokret\/#primaryimage\",\"url\":\"https:\/\/www.visit-ulcinj.com\/blog\/wp-content\/uploads\/2013\/01\/dritanabazoviq.jpg\",\"contentUrl\":\"https:\/\/www.visit-ulcinj.com\/blog\/wp-content\/uploads\/2013\/01\/dritanabazoviq.jpg\",\"width\":744,\"height\":620},{\"@type\":\"WebPage\",\"@id\":\"https:\/\/www.visit-ulcinj.com\/blog\/2014\/10\/25\/dritan-abazovic-formira-gradanski-pokret\/#webpage\",\"url\":\"https:\/\/www.visit-ulcinj.com\/blog\/2014\/10\/25\/dritan-abazovic-formira-gradanski-pokret\/\",\"name\":\"Dritan Abazovi\u0107 formira gra\u0111anski pokret - Lajme nga Ulqini\",\"isPartOf\":{\"@id\":\"https:\/\/www.visit-ulcinj.com\/blog\/#website\"},\"primaryImageOfPage\":{\"@id\":\"https:\/\/www.visit-ulcinj.com\/blog\/2014\/10\/25\/dritan-abazovic-formira-gradanski-pokret\/#primaryimage\"},\"datePublished\":\"2014-10-25T13:10:51+00:00\",\"dateModified\":\"2014-10-25T13:10:51+00:00\",\"author\":{\"@id\":\"https:\/\/www.visit-ulcinj.com\/blog\/#\/schema\/person\/dcab619c614d3038751c63bc2aadc06d\"},\"description\":\"Biv\u0161i funkcioner Pozitivne Dritan Abazovi\u0107 izjavio je da su po\u010deli \u0161iroke konsultacije o formiranju nove politi\u010dke organizacije, koja najvjerovatnije ne\u0107e\",\"breadcrumb\":{\"@id\":\"https:\/\/www.visit-ulcinj.com\/blog\/2014\/10\/25\/dritan-abazovic-formira-gradanski-pokret\/#breadcrumb\"},\"inLanguage\":\"en-US\",\"potentialAction\":[{\"@type\":\"ReadAction\",\"target\":[\"https:\/\/www.visit-ulcinj.com\/blog\/2014\/10\/25\/dritan-abazovic-formira-gradanski-pokret\/\"]}]},{\"@type\":\"BreadcrumbList\",\"@id\":\"https:\/\/www.visit-ulcinj.com\/blog\/2014\/10\/25\/dritan-abazovic-formira-gradanski-pokret\/#breadcrumb\",\"itemListElement\":[{\"@type\":\"ListItem\",\"position\":1,\"name\":\"Dritan Abazovi\u0107 formira gra\u0111anski pokret\"}]},{\"@type\":\"Person\",\"@id\":\"https:\/\/www.visit-ulcinj.com\/blog\/#\/schema\/person\/dcab619c614d3038751c63bc2aadc06d\",\"name\":\"ulqini\",\"sameAs\":[\"http:\/\/www.visit-ulcinj.com\"],\"url\":\"https:\/\/www.visit-ulcinj.com\/blog\/author\/admin\/\"}]}<\/script>\n<!-- \/ Yoast SEO plugin. -->","yoast_head_json":{"title":"Dritan Abazovi\u0107 formira gra\u0111anski pokret - Lajme nga Ulqini","description":"Biv\u0161i funkcioner Pozitivne Dritan Abazovi\u0107 izjavio je da su po\u010deli \u0161iroke konsultacije o formiranju nove politi\u010dke organizacije, koja najvjerovatnije ne\u0107e","robots":{"index":"index","follow":"follow","max-snippet":"max-snippet:-1","max-image-preview":"max-image-preview:large","max-video-preview":"max-video-preview:-1"},"canonical":"https:\/\/www.visit-ulcinj.com\/blog\/2014\/10\/25\/dritan-abazovic-formira-gradanski-pokret\/","og_locale":"en_US","og_type":"article","og_title":"Dritan Abazovi\u0107 formira gra\u0111anski pokret - Lajme nga Ulqini","og_description":"Biv\u0161i funkcioner Pozitivne Dritan Abazovi\u0107 izjavio je da su po\u010deli \u0161iroke konsultacije o formiranju nove politi\u010dke organizacije, koja najvjerovatnije ne\u0107e","og_url":"https:\/\/www.visit-ulcinj.com\/blog\/2014\/10\/25\/dritan-abazovic-formira-gradanski-pokret\/","og_site_name":"Lajme nga Ulqini","article_published_time":"2014-10-25T13:10:51+00:00","og_image":[{"url":"http:\/\/www.visit-ulcinj.com\/blog\/wp-content\/uploads\/2013\/01\/dritanabazoviq.jpg"}],"twitter_misc":{"Written by":"ulqini","Est. reading time":"1 minute"},"schema":{"@context":"https:\/\/schema.org","@graph":[{"@type":"WebSite","@id":"https:\/\/www.visit-ulcinj.com\/blog\/#website","url":"https:\/\/www.visit-ulcinj.com\/blog\/","name":"Lajme nga Ulqini","description":"Lajme,Vijesti,Ulqini,Ulqin,Crna Gora,Mali i Zi","potentialAction":[{"@type":"SearchAction","target":{"@type":"EntryPoint","urlTemplate":"https:\/\/www.visit-ulcinj.com\/blog\/?s={search_term_string}"},"query-input":"required name=search_term_string"}],"inLanguage":"en-US"},{"@type":"ImageObject","inLanguage":"en-US","@id":"https:\/\/www.visit-ulcinj.com\/blog\/2014\/10\/25\/dritan-abazovic-formira-gradanski-pokret\/#primaryimage","url":"https:\/\/www.visit-ulcinj.com\/blog\/wp-content\/uploads\/2013\/01\/dritanabazoviq.jpg","contentUrl":"https:\/\/www.visit-ulcinj.com\/blog\/wp-content\/uploads\/2013\/01\/dritanabazoviq.jpg","width":744,"height":620},{"@type":"WebPage","@id":"https:\/\/www.visit-ulcinj.com\/blog\/2014\/10\/25\/dritan-abazovic-formira-gradanski-pokret\/#webpage","url":"https:\/\/www.visit-ulcinj.com\/blog\/2014\/10\/25\/dritan-abazovic-formira-gradanski-pokret\/","name":"Dritan Abazovi\u0107 formira gra\u0111anski pokret - Lajme nga Ulqini","isPartOf":{"@id":"https:\/\/www.visit-ulcinj.com\/blog\/#website"},"primaryImageOfPage":{"@id":"https:\/\/www.visit-ulcinj.com\/blog\/2014\/10\/25\/dritan-abazovic-formira-gradanski-pokret\/#primaryimage"},"datePublished":"2014-10-25T13:10:51+00:00","dateModified":"2014-10-25T13:10:51+00:00","author":{"@id":"https:\/\/www.visit-ulcinj.com\/blog\/#\/schema\/person\/dcab619c614d3038751c63bc2aadc06d"},"description":"Biv\u0161i funkcioner Pozitivne Dritan Abazovi\u0107 izjavio je da su po\u010deli \u0161iroke konsultacije o formiranju nove politi\u010dke organizacije, koja najvjerovatnije ne\u0107e","breadcrumb":{"@id":"https:\/\/www.visit-ulcinj.com\/blog\/2014\/10\/25\/dritan-abazovic-formira-gradanski-pokret\/#breadcrumb"},"inLanguage":"en-US","potentialAction":[{"@type":"ReadAction","target":["https:\/\/www.visit-ulcinj.com\/blog\/2014\/10\/25\/dritan-abazovic-formira-gradanski-pokret\/"]}]},{"@type":"BreadcrumbList","@id":"https:\/\/www.visit-ulcinj.com\/blog\/2014\/10\/25\/dritan-abazovic-formira-gradanski-pokret\/#breadcrumb","itemListElement":[{"@type":"ListItem","position":1,"name":"Dritan Abazovi\u0107 formira gra\u0111anski pokret"}]},{"@type":"Person","@id":"https:\/\/www.visit-ulcinj.com\/blog\/#\/schema\/person\/dcab619c614d3038751c63bc2aadc06d","name":"ulqini","sameAs":["http:\/\/www.visit-ulcinj.com"],"url":"https:\/\/www.visit-ulcinj.com\/blog\/author\/admin\/"}]}},"jetpack_featured_media_url":"","jetpack_sharing_enabled":true,"jetpack_shortlink":"https:\/\/wp.me\/pe6lTn-mlz","_links":{"self":[{"href":"https:\/\/www.visit-ulcinj.com\/blog\/wp-json\/wp\/v2\/posts\/85905"}],"collection":[{"href":"https:\/\/www.visit-ulcinj.com\/blog\/wp-json\/wp\/v2\/posts"}],"about":[{"href":"https:\/\/www.visit-ulcinj.com\/blog\/wp-json\/wp\/v2\/types\/post"}],"author":[{"embeddable":true,"href":"https:\/\/www.visit-ulcinj.com\/blog\/wp-json\/wp\/v2\/users\/1"}],"replies":[{"embeddable":true,"href":"https:\/\/www.visit-ulcinj.com\/blog\/wp-json\/wp\/v2\/comments?post=85905"}],"version-history":[{"count":1,"href":"https:\/\/www.visit-ulcinj.com\/blog\/wp-json\/wp\/v2\/posts\/85905\/revisions"}],"predecessor-version":[{"id":85906,"href":"https:\/\/www.visit-ulcinj.com\/blog\/wp-json\/wp\/v2\/posts\/85905\/revisions\/85906"}],"wp:attachment":[{"href":"https:\/\/www.visit-ulcinj.com\/blog\/wp-json\/wp\/v2\/media?parent=85905"}],"wp:term":[{"taxonomy":"category","embeddable":true,"href":"https:\/\/www.visit-ulcinj.com\/blog\/wp-json\/wp\/v2\/categories?post=85905"},{"taxonomy":"post_tag","embeddable":true,"href":"https:\/\/www.visit-ulcinj.com\/blog\/wp-json\/wp\/v2\/tags?post=85905"}],"curies":[{"name":"wp","href":"https:\/\/api.w.org\/{rel}","templated":true}]}}