{"id":85914,"date":"2014-10-27T19:08:39","date_gmt":"2014-10-27T18:08:39","guid":{"rendered":"http:\/\/www.visit-ulcinj.com\/blog\/?p=85914"},"modified":"2014-10-27T19:55:29","modified_gmt":"2014-10-27T18:55:29","slug":"pika-kufitare-sukubine-muriqan-e-vecante-per-shume-cka","status":"publish","type":"post","link":"https:\/\/www.visit-ulcinj.com\/blog\/2014\/10\/27\/pika-kufitare-sukubine-muriqan-e-vecante-per-shume-cka\/","title":{"rendered":"Pika kufitare Sukubin\u00eb \u2013 Muriqan e ve\u00e7ant\u00eb p\u00ebr shum\u00eb \u00e7ka.."},"content":{"rendered":"<p><strong><a href=\"http:\/\/www.visit-ulcinj.com\/blog\/wp-content\/uploads\/2014\/10\/Pika-kufitare-Sukubin\u00eb-\u2013-Muriqan-toalet-i-mbyllur.jpg\"><img loading=\"lazy\" class=\"alignleft wp-image-85915\" src=\"http:\/\/www.visit-ulcinj.com\/blog\/wp-content\/uploads\/2014\/10\/Pika-kufitare-Sukubin\u00eb-\u2013-Muriqan-toalet-i-mbyllur.jpg\" alt=\"Pika kufitare Sukubin\u00eb \u2013 Muriqan-toalet-i-mbyllur\" width=\"508\" height=\"381\" srcset=\"https:\/\/www.visit-ulcinj.com\/blog\/wp-content\/uploads\/2014\/10\/Pika-kufitare-Sukubin\u00eb-\u2013-Muriqan-toalet-i-mbyllur.jpg 960w, https:\/\/www.visit-ulcinj.com\/blog\/wp-content\/uploads\/2014\/10\/Pika-kufitare-Sukubin\u00eb-\u2013-Muriqan-toalet-i-mbyllur-300x225.jpg 300w\" sizes=\"(max-width: 508px) 100vw, 508px\" \/><\/a>I privuar t\u00eb kryesh sh\u00ebrbimin m\u00eb t\u00eb thjesht\u00eb&#8230;&#8230;<\/strong><\/p>\n<p>Edhe pse n\u00eb maj t\u00eb vitit 2002 kur u hap pika kufitare Sukubin\u00eb \u2013 Muriqan u planifikua t\u00eb plot\u00ebsonte k\u00ebrkesat p\u00ebr 500 mij\u00eb qytetar q\u00eb parashihej se do shfryt\u00ebzonin k\u00ebt\u00eb pik\u00ebkalim kufitar brenda nj\u00eb mot moti, ajo tashm\u00eb \u00e7do vit po thyen rekorde p\u00ebr nga frekuentimi ku sipas t\u00eb dh\u00ebnave zyrtare vet\u00ebm gjat\u00eb gushtit t\u00eb 2014 kaluan mbi 500 mij\u00eb persona n\u00ebp\u00ebrmjet k\u00ebsaj pike <span class=\"text_exposed_show\">kufitare.<br \/>\nQytetar\u00ebt t\u00eb shumt\u00eb d\u00ebgjojm\u00eb shpesh t\u00eb ankohen p\u00ebr rrall\u00ebt e gjata dhe pritjet me or\u00eb t\u00eb t\u00ebra p\u00ebr t\u00eb kaluar kufirin, pastaj p\u00ebr v\u00ebshtir\u00ebsit\u00eb n\u00eb komunikim me stafin e pik\u00ebs kufitare ankesa k\u00ebto t\u00eb d\u00ebgjuara edhe nga turist\u00ebt t\u00eb cil\u00ebt shkak i pritjeve n\u00eb k\u00ebt\u00eb pik\u00eb kufitare mendojn\u00eb edhe p\u00ebr ndrrim t\u00eb destinacionit t\u00eb tyre p\u00ebr pushime si\u00e7 deklaronin ato.<br \/>\nDit\u00eb m\u00eb par\u00eb isha d\u00ebshmitar okular i nj\u00eb ngjarje q\u00eb v\u00ebrtet m\u00eb preku dhe m\u00eb revoltoi n\u00eb brend\u00ebsi se p\u00ebrse ndodh kjo, ngjarje t\u00eb cil\u00ebn po e ndaj me ju t\u00eb nderuar miq.<br \/>\nN\u00eb nj\u00eb vetur\u00eb me targa t\u00eb huaja po udh\u00ebtonin disa persona, ndoshta familjar por kjo ka pak r\u00ebnd\u00ebsi, nga vetura doli nj\u00eb grua rreth t\u00eb dyzetave me nj\u00eb vajz\u00eb af\u00ebrsisht dhjet\u00eb vje\u00e7are e cila mbante stomakun dhe n\u00eb pamje t\u00eb par\u00eb dukej se di\u00e7ka e mundonte.<br \/>\nZonja dhe vajza shkuan n\u00eb drejtim t\u00eb n\u00ebpunsit t\u00eb pik\u00ebs kufitare dhe pas shum\u00eb p\u00ebrpjekjeve p\u00ebr tu kuptuar sepse flisnin n\u00eb gjuh\u00eb t\u00eb huaj u mor\u00ebn vesh si duket dhe zonja bashke me vajz\u00ebn kaluan n\u00eb an\u00ebn tjet\u00ebr n\u00eb drejtim t\u00eb nj\u00eb dere q\u00eb nuk hapej.<\/span><\/p>\n<p><span class=\"text_exposed_show\"><a href=\"http:\/\/www.visit-ulcinj.com\/blog\/wp-content\/uploads\/2014\/10\/Pika-kufitare-Sukubin\u00eb-\u2013-Muriqan-toalet-i-mbyllur-1.jpg\"><img loading=\"lazy\" class=\"alignleft wp-image-85916\" src=\"http:\/\/www.visit-ulcinj.com\/blog\/wp-content\/uploads\/2014\/10\/Pika-kufitare-Sukubin\u00eb-\u2013-Muriqan-toalet-i-mbyllur-1.jpg\" alt=\"Pika kufitare Sukubin\u00eb \u2013 Muriqan-toalet-i-mbyllur-1\" width=\"508\" height=\"381\" srcset=\"https:\/\/www.visit-ulcinj.com\/blog\/wp-content\/uploads\/2014\/10\/Pika-kufitare-Sukubin\u00eb-\u2013-Muriqan-toalet-i-mbyllur-1.jpg 960w, https:\/\/www.visit-ulcinj.com\/blog\/wp-content\/uploads\/2014\/10\/Pika-kufitare-Sukubin\u00eb-\u2013-Muriqan-toalet-i-mbyllur-1-300x225.jpg 300w\" sizes=\"(max-width: 508px) 100vw, 508px\" \/><\/a><br \/>\nVajza q\u00eb tashm\u00eb i vereheshin lot\u00ebt nga mundimi e shoq\u00ebruar nga zonja b\u00ebnin shenj\u00eb me duar nga n\u00ebpun\u00ebsi i pik\u00ebs kufitare duke treguar se dera nuk hapej por kot, p\u00ebrgjigje fituan vet\u00ebm nj\u00eb ngritje supeve n\u00eb shenj\u00eb q\u00eb nuk ka se si t\u2019ju dal\u00eb n\u00eb ndihm\u00eb.<br \/>\nDuke v\u00ebshtruar t\u00ebr\u00eb k\u00ebt\u00eb situat mu kujtuan fjal\u00ebt e nj\u00eb mysafiri q\u00eb me ishte ankuar gjat\u00eb ver\u00ebs dhe lutur q\u00eb ta b\u00ebja publike se toaletet n\u00eb pik\u00ebn kufitare jan\u00eb jasht\u00eb \u00e7do kriteriumi, \u00ebsht\u00eb e pa mundur p\u00ebr t\u00eb hyr\u00eb e jo m\u00eb ta p\u00ebrdor\u00ebsh p\u00ebr sh\u00ebrbim.<br \/>\nDikur k\u00ebto toalete nuk mir\u00ebmbaheshin, tashm\u00eb ato jan\u00eb mbyllur !!!!!!<br \/>\nKujtoj q\u00eb objekti n\u00eb t\u00ebr\u00ebsi u b\u00eb fal\u00eb mb\u00ebshtetjes s\u00eb Unionit Evropian, investim me vend pa dyshim por a duhet edhe ta mir\u00ebmbajn\u00eb nga unioni evropian ?!!<br \/>\nKush e meriton k\u00ebt\u00eb, qindra mij\u00ebra qytetar\u00eb q\u00eb shfryt\u00ebzojn\u00eb k\u00ebt\u00eb pik\u00eb kufitare!!!!<br \/>\nJo dit\u00eb e jav\u00eb, por me muaj toaletet jan\u00eb jasht\u00eb funksioni, si ka mund\u00ebsi q\u00eb inspeksioni sanitar nuk merr masa p\u00ebr nj\u00eb objekt q\u00eb e frekuentojn\u00eb m\u00eb shum\u00eb se nj\u00eb milion qytetar\u00eb gjate vitit ?!!!<br \/>\nMendoj q\u00eb ngjarja duhet t\u00eb ngacmoj\u00eb p\u00ebr t\u00eb reaguar jo vet\u00ebm inspeksionin sanitar, por edhe komun\u00ebn e Ulqinit dhe Organizat\u00ebn Turistike t\u00eb Ulqinit, sepse numri m\u00eb i madh i mysafirve gjat\u00eb sezonit veror frekuenton pik\u00ebrisht k\u00ebt\u00eb pik\u00eb kufitare.<br \/>\nDuke u munduar t\u2019 ju plot\u00ebsoj p\u00ebrjetimin tim po postoj edhe fotografit\u00eb e shkrepura n\u00eb vend ngjarje ku je i privuar t\u00eb kryesh edhe sh\u00ebrbimin m\u00eb t\u00eb thjesht, t\u00eb shkosh n\u00eb tualet.<\/span><\/p>\n<p id=\"js_0\" class=\"_5pbw\" data-ft=\"{&quot;tn&quot;:&quot;C&quot;}\"><span class=\"fcg\"><strong><span class=\"fwb\"><a id=\"js_s\" class=\"profileLink\" href=\"https:\/\/www.facebook.com\/ibroci\" data-ft=\"{&quot;tn&quot;:&quot;l&quot;}\" data-hovercard=\"\/ajax\/hovercard\/user.php?id=579132595\">G\u00ebzim Ibro\u00e7i<\/a><\/span> Facebook<\/strong><br \/>\n<\/span><\/p>\n","protected":false},"excerpt":{"rendered":"<p>I privuar t\u00eb kryesh sh\u00ebrbimin m\u00eb t\u00eb thjesht\u00eb&#8230;&#8230; Edhe pse n\u00eb maj t\u00eb vitit 2002 kur u hap pika kufitare Sukubin\u00eb \u2013 Muriqan u planifikua t\u00eb plot\u00ebsonte k\u00ebrkesat p\u00ebr 500 mij\u00eb qytetar q\u00eb parashihej se do shfryt\u00ebzonin k\u00ebt\u00eb pik\u00ebkalim kufitar brenda nj\u00eb mot moti, ajo tashm\u00eb \u00e7do vit po thyen rekorde p\u00ebr nga frekuentimi ku [&hellip;]<\/p>\n","protected":false},"author":1,"featured_media":0,"comment_status":"closed","ping_status":"closed","sticky":false,"template":"","format":"standard","meta":{"spay_email":"","jetpack_publicize_message":"","jetpack_is_tweetstorm":false,"jetpack_publicize_feature_enabled":true},"categories":[1,11],"tags":[],"jetpack_publicize_connections":[],"yoast_head":"<!-- This site is optimized with the Yoast SEO plugin v19.1 - https:\/\/yoast.com\/wordpress\/plugins\/seo\/ -->\n<title>Pika kufitare Sukubin\u00eb \u2013 Muriqan e ve\u00e7ant\u00eb p\u00ebr shum\u00eb \u00e7ka.. - Lajme nga Ulqini<\/title>\n<meta name=\"description\" content=\"I privuar t\u00eb kryesh sh\u00ebrbimin m\u00eb t\u00eb thjesht\u00eb...... Edhe pse n\u00eb maj t\u00eb vitit 2002 kur u hap pika kufitare Sukubin\u00eb \u2013 Muriqan u planifikua t\u00eb plot\u00ebsonte\" \/>\n<meta name=\"robots\" content=\"index, follow, max-snippet:-1, max-image-preview:large, max-video-preview:-1\" \/>\n<link rel=\"canonical\" href=\"https:\/\/www.visit-ulcinj.com\/blog\/2014\/10\/27\/pika-kufitare-sukubine-muriqan-e-vecante-per-shume-cka\/\" \/>\n<meta property=\"og:locale\" content=\"en_US\" \/>\n<meta property=\"og:type\" content=\"article\" \/>\n<meta property=\"og:title\" content=\"Pika kufitare Sukubin\u00eb \u2013 Muriqan e ve\u00e7ant\u00eb p\u00ebr shum\u00eb \u00e7ka.. - Lajme nga Ulqini\" \/>\n<meta property=\"og:description\" content=\"I privuar t\u00eb kryesh sh\u00ebrbimin m\u00eb t\u00eb thjesht\u00eb...... Edhe pse n\u00eb maj t\u00eb vitit 2002 kur u hap pika kufitare Sukubin\u00eb \u2013 Muriqan u planifikua t\u00eb plot\u00ebsonte\" \/>\n<meta property=\"og:url\" content=\"https:\/\/www.visit-ulcinj.com\/blog\/2014\/10\/27\/pika-kufitare-sukubine-muriqan-e-vecante-per-shume-cka\/\" \/>\n<meta property=\"og:site_name\" content=\"Lajme nga Ulqini\" \/>\n<meta property=\"article:published_time\" content=\"2014-10-27T18:08:39+00:00\" \/>\n<meta property=\"article:modified_time\" content=\"2014-10-27T18:55:29+00:00\" \/>\n<meta name=\"twitter:label1\" content=\"Written by\" \/>\n\t<meta name=\"twitter:data1\" content=\"ulqini\" \/>\n\t<meta name=\"twitter:label2\" content=\"Est. reading time\" \/>\n\t<meta name=\"twitter:data2\" content=\"3 minutes\" \/>\n<script type=\"application\/ld+json\" class=\"yoast-schema-graph\">{\"@context\":\"https:\/\/schema.org\",\"@graph\":[{\"@type\":\"WebSite\",\"@id\":\"https:\/\/www.visit-ulcinj.com\/blog\/#website\",\"url\":\"https:\/\/www.visit-ulcinj.com\/blog\/\",\"name\":\"Lajme nga Ulqini\",\"description\":\"Lajme,Vijesti,Ulqini,Ulqin,Crna Gora,Mali i Zi\",\"potentialAction\":[{\"@type\":\"SearchAction\",\"target\":{\"@type\":\"EntryPoint\",\"urlTemplate\":\"https:\/\/www.visit-ulcinj.com\/blog\/?s={search_term_string}\"},\"query-input\":\"required name=search_term_string\"}],\"inLanguage\":\"en-US\"},{\"@type\":\"WebPage\",\"@id\":\"https:\/\/www.visit-ulcinj.com\/blog\/2014\/10\/27\/pika-kufitare-sukubine-muriqan-e-vecante-per-shume-cka\/#webpage\",\"url\":\"https:\/\/www.visit-ulcinj.com\/blog\/2014\/10\/27\/pika-kufitare-sukubine-muriqan-e-vecante-per-shume-cka\/\",\"name\":\"Pika kufitare Sukubin\u00eb \u2013 Muriqan e ve\u00e7ant\u00eb p\u00ebr shum\u00eb \u00e7ka.. - Lajme nga Ulqini\",\"isPartOf\":{\"@id\":\"https:\/\/www.visit-ulcinj.com\/blog\/#website\"},\"datePublished\":\"2014-10-27T18:08:39+00:00\",\"dateModified\":\"2014-10-27T18:55:29+00:00\",\"author\":{\"@id\":\"https:\/\/www.visit-ulcinj.com\/blog\/#\/schema\/person\/dcab619c614d3038751c63bc2aadc06d\"},\"description\":\"I privuar t\u00eb kryesh sh\u00ebrbimin m\u00eb t\u00eb thjesht\u00eb...... Edhe pse n\u00eb maj t\u00eb vitit 2002 kur u hap pika kufitare Sukubin\u00eb \u2013 Muriqan u planifikua t\u00eb plot\u00ebsonte\",\"breadcrumb\":{\"@id\":\"https:\/\/www.visit-ulcinj.com\/blog\/2014\/10\/27\/pika-kufitare-sukubine-muriqan-e-vecante-per-shume-cka\/#breadcrumb\"},\"inLanguage\":\"en-US\",\"potentialAction\":[{\"@type\":\"ReadAction\",\"target\":[\"https:\/\/www.visit-ulcinj.com\/blog\/2014\/10\/27\/pika-kufitare-sukubine-muriqan-e-vecante-per-shume-cka\/\"]}]},{\"@type\":\"BreadcrumbList\",\"@id\":\"https:\/\/www.visit-ulcinj.com\/blog\/2014\/10\/27\/pika-kufitare-sukubine-muriqan-e-vecante-per-shume-cka\/#breadcrumb\",\"itemListElement\":[{\"@type\":\"ListItem\",\"position\":1,\"name\":\"Pika kufitare Sukubin\u00eb \u2013 Muriqan e ve\u00e7ant\u00eb p\u00ebr shum\u00eb \u00e7ka..\"}]},{\"@type\":\"Person\",\"@id\":\"https:\/\/www.visit-ulcinj.com\/blog\/#\/schema\/person\/dcab619c614d3038751c63bc2aadc06d\",\"name\":\"ulqini\",\"sameAs\":[\"http:\/\/www.visit-ulcinj.com\"],\"url\":\"https:\/\/www.visit-ulcinj.com\/blog\/author\/admin\/\"}]}<\/script>\n<!-- \/ Yoast SEO plugin. -->","yoast_head_json":{"title":"Pika kufitare Sukubin\u00eb \u2013 Muriqan e ve\u00e7ant\u00eb p\u00ebr shum\u00eb \u00e7ka.. - Lajme nga Ulqini","description":"I privuar t\u00eb kryesh sh\u00ebrbimin m\u00eb t\u00eb thjesht\u00eb...... Edhe pse n\u00eb maj t\u00eb vitit 2002 kur u hap pika kufitare Sukubin\u00eb \u2013 Muriqan u planifikua t\u00eb plot\u00ebsonte","robots":{"index":"index","follow":"follow","max-snippet":"max-snippet:-1","max-image-preview":"max-image-preview:large","max-video-preview":"max-video-preview:-1"},"canonical":"https:\/\/www.visit-ulcinj.com\/blog\/2014\/10\/27\/pika-kufitare-sukubine-muriqan-e-vecante-per-shume-cka\/","og_locale":"en_US","og_type":"article","og_title":"Pika kufitare Sukubin\u00eb \u2013 Muriqan e ve\u00e7ant\u00eb p\u00ebr shum\u00eb \u00e7ka.. - Lajme nga Ulqini","og_description":"I privuar t\u00eb kryesh sh\u00ebrbimin m\u00eb t\u00eb thjesht\u00eb...... Edhe pse n\u00eb maj t\u00eb vitit 2002 kur u hap pika kufitare Sukubin\u00eb \u2013 Muriqan u planifikua t\u00eb plot\u00ebsonte","og_url":"https:\/\/www.visit-ulcinj.com\/blog\/2014\/10\/27\/pika-kufitare-sukubine-muriqan-e-vecante-per-shume-cka\/","og_site_name":"Lajme nga Ulqini","article_published_time":"2014-10-27T18:08:39+00:00","article_modified_time":"2014-10-27T18:55:29+00:00","twitter_misc":{"Written by":"ulqini","Est. reading time":"3 minutes"},"schema":{"@context":"https:\/\/schema.org","@graph":[{"@type":"WebSite","@id":"https:\/\/www.visit-ulcinj.com\/blog\/#website","url":"https:\/\/www.visit-ulcinj.com\/blog\/","name":"Lajme nga Ulqini","description":"Lajme,Vijesti,Ulqini,Ulqin,Crna Gora,Mali i Zi","potentialAction":[{"@type":"SearchAction","target":{"@type":"EntryPoint","urlTemplate":"https:\/\/www.visit-ulcinj.com\/blog\/?s={search_term_string}"},"query-input":"required name=search_term_string"}],"inLanguage":"en-US"},{"@type":"WebPage","@id":"https:\/\/www.visit-ulcinj.com\/blog\/2014\/10\/27\/pika-kufitare-sukubine-muriqan-e-vecante-per-shume-cka\/#webpage","url":"https:\/\/www.visit-ulcinj.com\/blog\/2014\/10\/27\/pika-kufitare-sukubine-muriqan-e-vecante-per-shume-cka\/","name":"Pika kufitare Sukubin\u00eb \u2013 Muriqan e ve\u00e7ant\u00eb p\u00ebr shum\u00eb \u00e7ka.. - Lajme nga Ulqini","isPartOf":{"@id":"https:\/\/www.visit-ulcinj.com\/blog\/#website"},"datePublished":"2014-10-27T18:08:39+00:00","dateModified":"2014-10-27T18:55:29+00:00","author":{"@id":"https:\/\/www.visit-ulcinj.com\/blog\/#\/schema\/person\/dcab619c614d3038751c63bc2aadc06d"},"description":"I privuar t\u00eb kryesh sh\u00ebrbimin m\u00eb t\u00eb thjesht\u00eb...... Edhe pse n\u00eb maj t\u00eb vitit 2002 kur u hap pika kufitare Sukubin\u00eb \u2013 Muriqan u planifikua t\u00eb plot\u00ebsonte","breadcrumb":{"@id":"https:\/\/www.visit-ulcinj.com\/blog\/2014\/10\/27\/pika-kufitare-sukubine-muriqan-e-vecante-per-shume-cka\/#breadcrumb"},"inLanguage":"en-US","potentialAction":[{"@type":"ReadAction","target":["https:\/\/www.visit-ulcinj.com\/blog\/2014\/10\/27\/pika-kufitare-sukubine-muriqan-e-vecante-per-shume-cka\/"]}]},{"@type":"BreadcrumbList","@id":"https:\/\/www.visit-ulcinj.com\/blog\/2014\/10\/27\/pika-kufitare-sukubine-muriqan-e-vecante-per-shume-cka\/#breadcrumb","itemListElement":[{"@type":"ListItem","position":1,"name":"Pika kufitare Sukubin\u00eb \u2013 Muriqan e ve\u00e7ant\u00eb p\u00ebr shum\u00eb \u00e7ka.."}]},{"@type":"Person","@id":"https:\/\/www.visit-ulcinj.com\/blog\/#\/schema\/person\/dcab619c614d3038751c63bc2aadc06d","name":"ulqini","sameAs":["http:\/\/www.visit-ulcinj.com"],"url":"https:\/\/www.visit-ulcinj.com\/blog\/author\/admin\/"}]}},"jetpack_featured_media_url":"","jetpack_sharing_enabled":true,"jetpack_shortlink":"https:\/\/wp.me\/pe6lTn-mlI","_links":{"self":[{"href":"https:\/\/www.visit-ulcinj.com\/blog\/wp-json\/wp\/v2\/posts\/85914"}],"collection":[{"href":"https:\/\/www.visit-ulcinj.com\/blog\/wp-json\/wp\/v2\/posts"}],"about":[{"href":"https:\/\/www.visit-ulcinj.com\/blog\/wp-json\/wp\/v2\/types\/post"}],"author":[{"embeddable":true,"href":"https:\/\/www.visit-ulcinj.com\/blog\/wp-json\/wp\/v2\/users\/1"}],"replies":[{"embeddable":true,"href":"https:\/\/www.visit-ulcinj.com\/blog\/wp-json\/wp\/v2\/comments?post=85914"}],"version-history":[{"count":1,"href":"https:\/\/www.visit-ulcinj.com\/blog\/wp-json\/wp\/v2\/posts\/85914\/revisions"}],"predecessor-version":[{"id":85917,"href":"https:\/\/www.visit-ulcinj.com\/blog\/wp-json\/wp\/v2\/posts\/85914\/revisions\/85917"}],"wp:attachment":[{"href":"https:\/\/www.visit-ulcinj.com\/blog\/wp-json\/wp\/v2\/media?parent=85914"}],"wp:term":[{"taxonomy":"category","embeddable":true,"href":"https:\/\/www.visit-ulcinj.com\/blog\/wp-json\/wp\/v2\/categories?post=85914"},{"taxonomy":"post_tag","embeddable":true,"href":"https:\/\/www.visit-ulcinj.com\/blog\/wp-json\/wp\/v2\/tags?post=85914"}],"curies":[{"name":"wp","href":"https:\/\/api.w.org\/{rel}","templated":true}]}}