{"id":85918,"date":"2014-10-27T19:18:37","date_gmt":"2014-10-27T18:18:37","guid":{"rendered":"http:\/\/www.visit-ulcinj.com\/blog\/?p=85918"},"modified":"2014-10-27T19:18:37","modified_gmt":"2014-10-27T18:18:37","slug":"nika-per-dike-syte-dhe-veshet-jane-deshmitare-te-keqij","status":"publish","type":"post","link":"https:\/\/www.visit-ulcinj.com\/blog\/2014\/10\/27\/nika-per-dike-syte-dhe-veshet-jane-deshmitare-te-keqij\/","title":{"rendered":"Nika: P\u00ebr dik\u00eb syt\u00eb dhe vesh\u00ebt jan\u00eb d\u00ebshmitar\u00eb t\u00eb k\u00ebqij&#8230;."},"content":{"rendered":"<p><strong><em><a href=\"http:\/\/www.visit-ulcinj.com\/blog\/wp-content\/uploads\/2014\/10\/Hatixhe-Gjoni-kuvendi-ulqinit.jpg\"><img loading=\"lazy\" class=\"alignleft wp-image-85919\" src=\"http:\/\/www.visit-ulcinj.com\/blog\/wp-content\/uploads\/2014\/10\/Hatixhe-Gjoni-kuvendi-ulqinit.jpg\" alt=\"Hatixhe-Gjoni-kuvendi-ulqinit\" width=\"508\" height=\"286\" srcset=\"https:\/\/www.visit-ulcinj.com\/blog\/wp-content\/uploads\/2014\/10\/Hatixhe-Gjoni-kuvendi-ulqinit.jpg 1024w, https:\/\/www.visit-ulcinj.com\/blog\/wp-content\/uploads\/2014\/10\/Hatixhe-Gjoni-kuvendi-ulqinit-300x168.jpg 300w\" sizes=\"(max-width: 508px) 100vw, 508px\" \/><\/a>Shkruan : Muhamet Nika<\/em><\/strong><\/p>\n<p><strong><em>(Reagim n\u00eb shkrimin , Gjoni : Komun\u00ebn e Ulqinit e \u00e7uan buz\u00eb shkat\u00ebrrimit, marr\u00eb nga \u201cDan\u201d , e t\u00eb shp\u00ebrndar\u00eb nga Portali -Lajme nga Ulqini\u201d)<\/em><\/strong><\/p>\n<p>Pasi po duket se me n\u00ebn kryetaren e Udsh-s\u00eb dhe shefen e klubit t\u00eb k\u00ebshilltar\u00ebve t\u00eb k\u00ebsaj partie-Hatixhe Gjonin , nuk po merret kush nga ana e kryetarit Gjeka edhe pse ishte i akuzuar publikisht, at\u00ebher\u00eb po e marrim mundimin , q\u00eb t\u00eb sqarojm\u00eb opinionin n\u00eb lidhje me disa akuzat t\u00eb saja ndaj tij dhe t\u00eb tjer\u00ebve t\u00eb cilat nuk q\u00ebndrojn\u00eb. Reagimi NUK do t\u2019i kaloj\u00eb caqe e interesimit t\u00eb saj, EDHE PSE KA HAP\u00cbSIR\u00cb T\u00cb MJAFTUESHME P\u00cbR TU MARR\u00cb EDHE ME D\u00cbSHTIMET E UDSH-S\u00cb.<\/p>\n<p>Duke ve\u00e7uar\u00a0\u00a0 akuzat e saja ndaj Gjek\u00ebs rreth zonj\u00ebs Gjoni, sqarojm\u00eb si m\u00eb posht\u00eb:<\/p>\n<p><strong><em>P\u00ebr akuz\u00ebn e par\u00eb, kur thot\u00eb : <\/em><\/strong>Se ai n\u00eb m\u00ebnyr\u00eb tep\u00ebr jo serioze , sillet me problemin \u201cK-1\u201d, me t\u00eb cilin Atlas Grupi, akuzon Komun\u00ebn e Ulqinin , p\u00ebr rr\u00ebnimin e pushimores s\u00eb Kosov\u00ebs n\u00eb nj\u00eb shum\u00eb prej 10 milion\u00eb eurove dhe se ai nuk ishte n\u00eb asnj\u00eb prej seancave gjyq\u00ebsore. <strong><em>P\u00ebrgjegja jon\u00eb n\u00eb k\u00ebt\u00eb akuz\u00eb do t\u00eb ishte:<\/em> <\/strong> Ajo \u00e7far\u00eb u ngjet juve n\u00eb k\u00ebt\u00eb situat\u00eb , mendojm\u00eb se \u00ebsht\u00eb si puna e asaj q\u00eb i thon\u00eb<strong>: njer\u00ebzve , syt\u00eb e vesh\u00ebt, mund tu jen\u00eb d\u00ebshmitar\u00eb t\u00eb k\u00ebqij n\u00ebse zemr\u00ebn nuk e kan\u00eb t\u00eb ndritur&#8230;?!!! <\/strong>Shtojm\u00eb se Gjeka ishte pjes\u00ebmarr\u00ebs i seanc\u00ebs s\u00eb parafundit n\u00eb gjykat\u00eb, kurse para shkuarjes atje, n\u00eb nj\u00eb konferenc\u00eb p\u00ebr shtyp, kish publikuar q\u00ebndrimet e veta , duke th\u00ebn\u00eb, se : \u201d&#8230;. N\u00ebse do t\u00eb miratohet k\u00ebrkesa e prokurorit&#8230;,(dhe) kjo situat\u00eb b\u00ebhet realitet, pushteti jon\u00eb ekzekutiv dhe ligjv\u00ebn\u00ebs \u00ebsht\u00eb\u00a0 I GATSH\u00cbM t\u00eb \u00a0kthej\u00eb mandatin qytetar\u00ebve, sepse vet\u00ebm ata mund t\u00eb vendosin p\u00ebr t\u00eb ardhmen e m\u00ebtejme t\u00eb qytetit\u201d dhe se(ai), i ka njoftuar me k\u00ebt\u00eb , zyrtar\u00ebt malazez\u00eb si dhe do t\u00eb njoftoj\u00eb t\u00eb gjitha asociacionet e K\u00ebshillit t\u00eb Evrop\u00ebs e ambasadat e huaja n\u00eb Podgoric\u00eb?!!! Sikur ju dhe partia juaj t\u00eb dilnit me nj\u00eb k\u00ebsi q\u00ebndrimi t\u00eb prer\u00eb dhe serioz- bile nga m\u00eb serioz\u00ebt dhe m\u00eb t\u00eb guximshmit , q\u00eb pat th\u00ebn\u00eb ndonj\u00eb her\u00eb ndokush nga politikan\u00ebt shqiptar\u00eb pas viteve 90, rreth diskriminimit ekonomik q\u00eb u b\u00ebhet atyre n\u00eb Mal t\u00eb Zi,do tu kishim dh\u00ebn\u00eb dor\u00ebn..?!!!<\/p>\n<p><strong><em>P\u00ebr akuz\u00ebn e dyt\u00eb , n\u00eb lidhje me tepric\u00ebn teknologjike me t\u00eb cil\u00ebn nuk po merret n\u00eb m\u00ebnyr\u00eb serioze<\/em><\/strong>..sepse (si\u00e7 thot\u00eb ajo), dhe laik\u00ebt e din\u00eb q\u00eb kjo administrat\u00eb e r\u00ebnduar nuk mund t\u00eb q\u00ebndroj\u00eb dhe se do t\u00eb l\u00ebshohen nga puna <strong><em>ata , q\u00eb nuk jan\u00eb an\u00ebtar\u00eb t\u00eb partis\u00eb s\u00eb tij<\/em><\/strong>&#8230;<strong><em>Japim k\u00ebt\u00eb p\u00ebrgjigje: <\/em><\/strong>Rritja e numrit enorm t\u00eb te pun\u00ebsuarve n\u00eb administrat\u00ebn lokale , filloi q\u00eb me ardhjen e kryetarit t\u00eb komun\u00ebs nga radh\u00ebt e UDHS-s\u00eb (viti 2002), pra t\u00eb partis\u00eb t\u00eb cil\u00ebn ju e trash\u00ebgonit- Gjeka u distancua nga ajo, e ju isnshalla ia shihni hajrin&#8230;?!!!P\u00ebrmendim se vet\u00ebm at\u00ebher\u00eb u pun\u00ebsuan mbi 35 veta, p\u00ebr tu dyfishuar po n\u00eb koh\u00ebn e kryetarit t\u00eb dyt\u00eb nga radh\u00ebt e UDHS-s\u00eb, t\u00eb cilin gjithashtu jua e trash\u00ebgoni pa pardon. <strong><em>(Madje p\u00ebr k\u00ebt\u00eb politik\u00eb t\u00eb pun\u00ebsimit- n\u00ebse nuk keni harruar edhe i fal\u00ebnderuat n\u00eb nj\u00eb emision n\u00eb TV TEUT\u00cb)- Pra \u201cmerita e kolapsi, n\u00eb k\u00ebt\u00eb situat\u00eb u takon edhe juve\u201d?!!<\/em><\/strong>!<\/p>\n<p>Me siguri, q\u00eb nuk do t\u00eb ket\u00eb as tepric\u00eb teknologjike t\u00eb shpallur mbi baza partiake n\u00eb k\u00ebt\u00eb situat\u00eb. N\u00ebse kjo edhe do t\u00eb ndodh\u00eb- Largimin nga puna t\u00eb militant\u00ebve t\u00eb Udsh-s\u00eb, at\u00ebher\u00eb themi se e b\u00ebri vet\u00eb kryetari i taborit tuaj Hajdinaga, i cili kur n\u00ebnshkroi planin e sanimit me qeveri, n\u00ebnshkroi edhe paragrafin , i cili parasheh q\u00eb t\u00eb gjith\u00eb ata t\u00eb cil\u00ebt u pun\u00ebsuan n\u00eb komun\u00eb pas vitit 2009, nuk do tu paguhet kurrfar\u00eb kompensimi dhe programi socia( sepse dihet q\u00eb ishin tepric\u00eb pa hyr\u00eb&#8230;?!!!. Gjek\u00ebs vet\u00ebm se do t\u2019i takoj\u00eb t\u00eb zbatoj\u00eb at\u00eb \u00e7far\u00eb ju n\u00ebnshkruat. Mir\u00ebpo edhe p\u00ebr k\u00ebt\u00eb , me siguri ishte i vet\u00ebdijsh\u00ebm dhe nuk i takon t\u00eb qahet.<\/p>\n<p><strong><em>P\u00ebr akuz\u00ebn e tret\u00eb , n\u00eb lidhje me nd\u00ebrtimin e\u201dAkva Parkut\u201d, sipas t\u00eb cil\u00ebs komuna d\u00ebshiroj t\u00eb jap\u00eb tok\u00ebn e dyshimt\u00eb DHE T\u00cb CIL\u00cbN E KTHEJ GJYQI, kemi k\u00ebt\u00eb p\u00ebrgjigje:<\/em><\/strong> Pse harroni t\u00eb cekni, se gjyqi atij ia kthej me kusht tok\u00ebn?!!! E cili \u00ebsht\u00eb ky kusht mbetet t\u00eb shihet. Inshalla toka i kthehet sepse pasuria \u00ebsht\u00eb e shenjt\u00eb, por ju kujtojm\u00eb se ky komision i pat kthyer tok\u00eb edhe Lekiqit-kryetarit t\u00eb opozit\u00ebs, mir\u00ebpo ministria e financave k\u00ebrkoi q\u00eb vendimi i komisionit t\u00eb hidhej posht\u00eb.. Mir\u00eb po , le t\u00eb hyjm\u00eb \u00a0n\u00eb tem\u00eb. N\u00eb koh\u00ebn e ardhjes suaj si parti n\u00eb pushtet, pat\u00ebt formuar nj\u00eb komision p\u00ebr kthimin e pasuris\u00eb s\u00eb nacionalizuar nga komunist\u00ebt&#8230;., pra edhe t\u00eb tok\u00ebs ku sot planifikohet nga Gjeka t\u00eb nd\u00ebrtohet \u201c<strong><em>Akva Parku\u201d<\/em><\/strong>&#8230;?!! P\u00ebr \u00e7udi, at\u00ebher\u00eb ku edhe ju ishit k\u00ebshilltare, zgjodh\u00ebt nj\u00eb komision p\u00ebr kthim t\u00eb pasuris\u00eb, n\u00eb t\u00eb cil\u00ebn shumic\u00ebn e em\u00ebronit dhe e kontrollonit ju si k\u00ebshilltare \u201cderzhurni\u201d me UDSH-n\u00eb?!!! P\u00ebr t\u00eb qen\u00eb \u00e7udia edhe m\u00eb e madhe , ju pat\u00ebt v\u00ebn\u00eb , n\u00eb krye t\u00eb k\u00ebtij komisioni nj\u00eb person q\u00eb nuk ishte nga radh\u00ebt e Udsh-s\u00eb, por ish i njohur si udh\u00ebheq\u00ebs i SNP-s\u00eb n\u00eb Ulqin. P\u00ebrse e b\u00ebt\u00eb k\u00ebt\u00eb- p\u00ebrs\u00ebri ve\u00e7 dreqi mund ta dij\u00eb&#8230;?!!! Nj\u00eb gj\u00eb dihet, q\u00eb ai komision p\u00ebr kthim t\u00eb pasuris\u00eb q\u00eb kish mandat t\u00eb kufizuar2vje\u00e7ar&#8230;., nuk kanalizohej nga ju!! Kjo u pa q\u00eb n\u00eb momentin , kur nuk ia kthej tok\u00ebn zot\u00ebri A. Rud\u00ebs , i cili p\u00ebr ironi tuaj\u00ebn , ish edhe k\u00ebshilltar\u00eb n\u00eb kuvend i Udsh-s dhe ai iu t\u00ebrhequr haptas v\u00ebrejtjen se toka \u00ebsht\u00eb e tija- mu n\u00eb kuvend&#8230;?!! Por po duket q\u00eb at\u00ebher\u00eb juve, dhe partis\u00eb t\u00ebnde, iu kish mbyll goj\u00ebn ai q\u00eb nuk p\u00ebrmendet.?!!! Antoja i Rudajve, at\u00ebher\u00eb iku si duket nga ju dhe u largua pastaj ashtu si shum\u00eb e shum\u00eb t\u00eb tjer\u00eb. ..?!!<\/p>\n<p>M\u00eb pas ky komision p\u00ebr kthim t\u00eb pasuris\u00eb , disa koh\u00eb nuk punoi n\u00eb p\u00ebrb\u00ebrje t\u00eb plot\u00eb dhe iku madje edhe nga komuna me gjith\u00eb arkivin e tij duke u vendosur jasht\u00eb zyr\u00ebs s\u00eb saj<strong>(e pa rojtar)<\/strong> n\u00eb nj\u00eb nd\u00ebrtes\u00eb tjet\u00ebr- me siguri p\u00ebr t\u00eb qen\u00eb sa m\u00eb larg syve t\u00eb opinionit. Si rezultat- pasi komisionit p\u00ebr kthim t\u00eb pasuris\u00eb, i skadoi afati,ai madje nuk i paraqiti as raport pune kuvendit <strong><em>(por as Ju nuk ia k\u00ebrkuat)&#8230;?!! <\/em><\/strong>Kuptohet p\u00ebr at\u00eb pasuri q\u00eb u kthye dhe p\u00ebr at\u00eb q\u00eb mbeti pa u kthyer&#8230;?!! Pra, pyesim- pse mbeti pa u kthye edhe toka e parapar\u00eb p\u00ebr<strong>\u201dAkva park \u201c?! <\/strong> Mbase p\u00ebrgjigja, as q\u00eb do t\u00eb m\u00ebsohet kurr\u00eb&#8230;?! U mor vesh , q\u00eb pa ndonj\u00eb procedur\u00eb t\u00eb parapar\u00eb( pa komision-mendojm\u00eb jasht\u00eb radh\u00ebve t\u00eb atyre q\u00eb punuan n\u00eb komision&#8230;) <strong><em>, i gjith\u00eb materiali arkivor i pun\u00ebs s\u00eb komisionit dhe ai i tokave, u fut n\u00eb nj\u00eb thes shpejt e shpejt dhe iu dor\u00ebzua komisionit republikan t\u00eb Tivarit&#8230;.?!!!<\/em><\/strong><\/p>\n<p>M\u00eb pas kemi d\u00ebgjuar q\u00eb ky komision u p\u00ebrfol dhe u akuzua publikisht nga kryetari Hajdinaga, se kish b\u00ebr\u00eb keqp\u00ebrdorime t\u00eb r\u00ebnda duke sakatuar me hektar\u00eb t\u00eb t\u00ebr\u00eb pasurin\u00eb e komun\u00ebs e n\u00eb favor t\u00eb qytetar\u00ebve, prandaj p\u00ebr k\u00ebt\u00eb edhe ia shkurtoi mandatin&#8230;?!! Por as p\u00ebr k\u00ebt\u00eb akuz\u00eb t\u00eb b\u00ebr\u00eb problemi nuk u ngrit n\u00eb prokurori&#8230;?!!!<\/p>\n<p><strong><em>P\u00ebr akuz\u00ebn e fundit kur thoni se ky pushtet i Gjek\u00ebs, \u00ebsht\u00eb m\u00eb i keqi, jo efikasi dhe m\u00eb analfabeti q\u00eb mbahet mend<\/em><\/strong> dhe q\u00eb i cili me disa proteza t\u00eb t\u00ebrhequr ka krijuar d\u00ebme nga t\u00eb pa par\u00ebt gjat\u00eb k\u00ebtyre 40 viteve t\u00eb fundit, tash p\u00ebr tash nuk ia q\u00eblluat dhe shtojm\u00eb: P\u00ebrve\u00e7 k\u00ebtyre sulmeve tuaja&#8230;, desh\u00ebm apo nuk desh\u00ebm<strong><em>\u201dta shohim me sy dhe t\u00eb d\u00ebgjojm\u00eb me vesh\u00eb\u201d<\/em><\/strong> \u2013Kryetari Gjeka, \u00ebsht\u00eb personi m\u00eb pak i p\u00ebrralluar nga mediat dhe portalet shqiptare nga ato q\u00eb i pasoj si kryetar, kurse p\u00ebr shtypin serbo-malazez nuk po flasim?!Po themi se Gjeka nuk \u00ebsht\u00eb fare i hetuar n\u00eb sy t\u00eb keq &#8230;.?!E p\u00ebrse ndodh k\u00ebshtu , Ju duhet t\u00eb pyesni veten ose vet\u00eb at\u00eb..?!!! Nd\u00ebrsa kur \u00ebsht\u00eb n\u00eb pyetje analfabetizmi, q\u00eb ju thoni, mendojm\u00eb q\u00eb analfabetizmi n\u00eb pushtetin e Ulqinit , fillimisht u mboll nga partia e juaj-\u201c Basi- kujtuesi, thon\u00eb n\u00eb An\u00eb t\u00eb Malit !!! Kujtojm\u00eb , q\u00eb deri sa e kish pushtetin LD-ja, ke mundur ta kesh \u201cdh\u00ebmbin sa t\u00eb kalit..\u201d, por n\u00ebse nuk e ke pasur fakultetin , stazhin e p\u00ebrvoj\u00ebs dhe provimin shtet\u00ebro, nuk ke mundur t\u00eb b\u00ebhesh udh\u00ebheq\u00ebs, \u00e7ka nuk ndodhi me ju&#8230;.?!!!<\/p>\n<p>Gjek\u00ebs , \u00e7\u2019\u00ebsht\u00eb e v\u00ebrteta edhe pse \u00ebsht\u00eb nj\u00eb fraksion i dal\u00eb nga partia dhe praktika e juaj,atij kurr\u00eb se si nuk mund t\u2019i p\u00ebrshkruhet analfabetizmi\u00a0\u00a0 n\u00eb koalicionin qeveris\u00ebs. Aktualisht i t\u00ebr\u00eb kuadri udh\u00ebheq\u00ebs nga partia e tij n\u00eb pushtet vendor i plot\u00ebson t\u00eb gjitha kushtet q\u00eb parasheh ligji, pa p\u00ebrjashtim. Madje edhe ekipi rezerv\u00eb i tij, q\u00ebndron shum\u00eb m\u00eb lart\u00eb se skuadrot e para t\u00eb subjekteve tjera politike q\u00eb presin p\u00ebr t\u00eb ardhur n\u00eb pushtet. N\u00ebse ju e dini disi ndryshe pun\u00ebn ju lut\u00ebm d\u00ebshmojeni.? E ne q\u00ebndrojm\u00eb pas akuzave tona!!!<\/p>\n<p>AI LIRISHT MUND T\u00cb LLOGARIS\u00cb EDHE P\u00cbR \u201cNJ\u00cb RIFRESH \u201c N\u00cb PARTIN\u00cb E VET , P\u00cbR DALLIM NGA TJER\u00cbT- Q\u00cb NUK KAN\u00cb AS \u00c7KA RUAJN\u00cb AS \u00c7KA BAJN\u00cb- SI PUNA E PARTIS\u00cb Q\u00cb JU DREJTONI&#8230;?!!!!<\/p>\n","protected":false},"excerpt":{"rendered":"<p>Shkruan : Muhamet Nika (Reagim n\u00eb shkrimin , Gjoni : Komun\u00ebn e Ulqinit e \u00e7uan buz\u00eb shkat\u00ebrrimit, marr\u00eb nga \u201cDan\u201d , e t\u00eb shp\u00ebrndar\u00eb nga Portali -Lajme nga Ulqini\u201d) Pasi po duket se me n\u00ebn kryetaren e Udsh-s\u00eb dhe shefen e klubit t\u00eb k\u00ebshilltar\u00ebve t\u00eb k\u00ebsaj partie-Hatixhe Gjonin , nuk po merret kush nga ana [&hellip;]<\/p>\n","protected":false},"author":1,"featured_media":0,"comment_status":"closed","ping_status":"closed","sticky":false,"template":"","format":"standard","meta":{"spay_email":"","jetpack_publicize_message":"","jetpack_is_tweetstorm":false,"jetpack_publicize_feature_enabled":true},"categories":[14249],"tags":[],"jetpack_publicize_connections":[],"yoast_head":"<!-- This site is optimized with the Yoast SEO plugin v19.1 - https:\/\/yoast.com\/wordpress\/plugins\/seo\/ -->\n<title>Nika: P\u00ebr dik\u00eb syt\u00eb dhe vesh\u00ebt jan\u00eb d\u00ebshmitar\u00eb t\u00eb k\u00ebqij.... - Lajme nga Ulqini<\/title>\n<meta name=\"description\" content=\"Shkruan : Muhamet Nika (Reagim n\u00eb shkrimin , Gjoni : Komun\u00ebn e Ulqinit e \u00e7uan buz\u00eb shkat\u00ebrrimit, marr\u00eb nga \u201cDan\u201d , e t\u00eb shp\u00ebrndar\u00eb nga Portali -Lajme nga\" \/>\n<meta name=\"robots\" content=\"index, follow, max-snippet:-1, max-image-preview:large, max-video-preview:-1\" \/>\n<link rel=\"canonical\" href=\"https:\/\/www.visit-ulcinj.com\/blog\/2014\/10\/27\/nika-per-dike-syte-dhe-veshet-jane-deshmitare-te-keqij\/\" \/>\n<meta property=\"og:locale\" content=\"en_US\" \/>\n<meta property=\"og:type\" content=\"article\" \/>\n<meta property=\"og:title\" content=\"Nika: P\u00ebr dik\u00eb syt\u00eb dhe vesh\u00ebt jan\u00eb d\u00ebshmitar\u00eb t\u00eb k\u00ebqij.... - Lajme nga Ulqini\" \/>\n<meta property=\"og:description\" content=\"Shkruan : Muhamet Nika (Reagim n\u00eb shkrimin , Gjoni : Komun\u00ebn e Ulqinit e \u00e7uan buz\u00eb shkat\u00ebrrimit, marr\u00eb nga \u201cDan\u201d , e t\u00eb shp\u00ebrndar\u00eb nga Portali -Lajme nga\" \/>\n<meta property=\"og:url\" content=\"https:\/\/www.visit-ulcinj.com\/blog\/2014\/10\/27\/nika-per-dike-syte-dhe-veshet-jane-deshmitare-te-keqij\/\" \/>\n<meta property=\"og:site_name\" content=\"Lajme nga Ulqini\" \/>\n<meta property=\"article:published_time\" content=\"2014-10-27T18:18:37+00:00\" \/>\n<meta property=\"og:image\" content=\"http:\/\/www.visit-ulcinj.com\/blog\/wp-content\/uploads\/2014\/10\/Hatixhe-Gjoni-kuvendi-ulqinit.jpg\" \/>\n<meta name=\"twitter:label1\" content=\"Written by\" \/>\n\t<meta name=\"twitter:data1\" content=\"ulqini\" \/>\n\t<meta name=\"twitter:label2\" content=\"Est. reading time\" \/>\n\t<meta name=\"twitter:data2\" content=\"9 minutes\" \/>\n<script type=\"application\/ld+json\" class=\"yoast-schema-graph\">{\"@context\":\"https:\/\/schema.org\",\"@graph\":[{\"@type\":\"WebSite\",\"@id\":\"https:\/\/www.visit-ulcinj.com\/blog\/#website\",\"url\":\"https:\/\/www.visit-ulcinj.com\/blog\/\",\"name\":\"Lajme nga Ulqini\",\"description\":\"Lajme,Vijesti,Ulqini,Ulqin,Crna Gora,Mali i Zi\",\"potentialAction\":[{\"@type\":\"SearchAction\",\"target\":{\"@type\":\"EntryPoint\",\"urlTemplate\":\"https:\/\/www.visit-ulcinj.com\/blog\/?s={search_term_string}\"},\"query-input\":\"required name=search_term_string\"}],\"inLanguage\":\"en-US\"},{\"@type\":\"ImageObject\",\"inLanguage\":\"en-US\",\"@id\":\"https:\/\/www.visit-ulcinj.com\/blog\/2014\/10\/27\/nika-per-dike-syte-dhe-veshet-jane-deshmitare-te-keqij\/#primaryimage\",\"url\":\"https:\/\/www.visit-ulcinj.com\/blog\/wp-content\/uploads\/2014\/10\/Hatixhe-Gjoni-kuvendi-ulqinit.jpg\",\"contentUrl\":\"https:\/\/www.visit-ulcinj.com\/blog\/wp-content\/uploads\/2014\/10\/Hatixhe-Gjoni-kuvendi-ulqinit.jpg\",\"width\":1024,\"height\":576},{\"@type\":\"WebPage\",\"@id\":\"https:\/\/www.visit-ulcinj.com\/blog\/2014\/10\/27\/nika-per-dike-syte-dhe-veshet-jane-deshmitare-te-keqij\/#webpage\",\"url\":\"https:\/\/www.visit-ulcinj.com\/blog\/2014\/10\/27\/nika-per-dike-syte-dhe-veshet-jane-deshmitare-te-keqij\/\",\"name\":\"Nika: P\u00ebr dik\u00eb syt\u00eb dhe vesh\u00ebt jan\u00eb d\u00ebshmitar\u00eb t\u00eb k\u00ebqij.... - Lajme nga Ulqini\",\"isPartOf\":{\"@id\":\"https:\/\/www.visit-ulcinj.com\/blog\/#website\"},\"primaryImageOfPage\":{\"@id\":\"https:\/\/www.visit-ulcinj.com\/blog\/2014\/10\/27\/nika-per-dike-syte-dhe-veshet-jane-deshmitare-te-keqij\/#primaryimage\"},\"datePublished\":\"2014-10-27T18:18:37+00:00\",\"dateModified\":\"2014-10-27T18:18:37+00:00\",\"author\":{\"@id\":\"https:\/\/www.visit-ulcinj.com\/blog\/#\/schema\/person\/dcab619c614d3038751c63bc2aadc06d\"},\"description\":\"Shkruan : Muhamet Nika (Reagim n\u00eb shkrimin , Gjoni : Komun\u00ebn e Ulqinit e \u00e7uan buz\u00eb shkat\u00ebrrimit, marr\u00eb nga \u201cDan\u201d , e t\u00eb shp\u00ebrndar\u00eb nga Portali -Lajme nga\",\"breadcrumb\":{\"@id\":\"https:\/\/www.visit-ulcinj.com\/blog\/2014\/10\/27\/nika-per-dike-syte-dhe-veshet-jane-deshmitare-te-keqij\/#breadcrumb\"},\"inLanguage\":\"en-US\",\"potentialAction\":[{\"@type\":\"ReadAction\",\"target\":[\"https:\/\/www.visit-ulcinj.com\/blog\/2014\/10\/27\/nika-per-dike-syte-dhe-veshet-jane-deshmitare-te-keqij\/\"]}]},{\"@type\":\"BreadcrumbList\",\"@id\":\"https:\/\/www.visit-ulcinj.com\/blog\/2014\/10\/27\/nika-per-dike-syte-dhe-veshet-jane-deshmitare-te-keqij\/#breadcrumb\",\"itemListElement\":[{\"@type\":\"ListItem\",\"position\":1,\"name\":\"Nika: P\u00ebr dik\u00eb syt\u00eb dhe vesh\u00ebt jan\u00eb d\u00ebshmitar\u00eb t\u00eb k\u00ebqij&#8230;.\"}]},{\"@type\":\"Person\",\"@id\":\"https:\/\/www.visit-ulcinj.com\/blog\/#\/schema\/person\/dcab619c614d3038751c63bc2aadc06d\",\"name\":\"ulqini\",\"sameAs\":[\"http:\/\/www.visit-ulcinj.com\"],\"url\":\"https:\/\/www.visit-ulcinj.com\/blog\/author\/admin\/\"}]}<\/script>\n<!-- \/ Yoast SEO plugin. -->","yoast_head_json":{"title":"Nika: P\u00ebr dik\u00eb syt\u00eb dhe vesh\u00ebt jan\u00eb d\u00ebshmitar\u00eb t\u00eb k\u00ebqij.... - Lajme nga Ulqini","description":"Shkruan : Muhamet Nika (Reagim n\u00eb shkrimin , Gjoni : Komun\u00ebn e Ulqinit e \u00e7uan buz\u00eb shkat\u00ebrrimit, marr\u00eb nga \u201cDan\u201d , e t\u00eb shp\u00ebrndar\u00eb nga Portali -Lajme nga","robots":{"index":"index","follow":"follow","max-snippet":"max-snippet:-1","max-image-preview":"max-image-preview:large","max-video-preview":"max-video-preview:-1"},"canonical":"https:\/\/www.visit-ulcinj.com\/blog\/2014\/10\/27\/nika-per-dike-syte-dhe-veshet-jane-deshmitare-te-keqij\/","og_locale":"en_US","og_type":"article","og_title":"Nika: P\u00ebr dik\u00eb syt\u00eb dhe vesh\u00ebt jan\u00eb d\u00ebshmitar\u00eb t\u00eb k\u00ebqij.... - Lajme nga Ulqini","og_description":"Shkruan : Muhamet Nika (Reagim n\u00eb shkrimin , Gjoni : Komun\u00ebn e Ulqinit e \u00e7uan buz\u00eb shkat\u00ebrrimit, marr\u00eb nga \u201cDan\u201d , e t\u00eb shp\u00ebrndar\u00eb nga Portali -Lajme nga","og_url":"https:\/\/www.visit-ulcinj.com\/blog\/2014\/10\/27\/nika-per-dike-syte-dhe-veshet-jane-deshmitare-te-keqij\/","og_site_name":"Lajme nga Ulqini","article_published_time":"2014-10-27T18:18:37+00:00","og_image":[{"url":"http:\/\/www.visit-ulcinj.com\/blog\/wp-content\/uploads\/2014\/10\/Hatixhe-Gjoni-kuvendi-ulqinit.jpg"}],"twitter_misc":{"Written by":"ulqini","Est. reading time":"9 minutes"},"schema":{"@context":"https:\/\/schema.org","@graph":[{"@type":"WebSite","@id":"https:\/\/www.visit-ulcinj.com\/blog\/#website","url":"https:\/\/www.visit-ulcinj.com\/blog\/","name":"Lajme nga Ulqini","description":"Lajme,Vijesti,Ulqini,Ulqin,Crna Gora,Mali i Zi","potentialAction":[{"@type":"SearchAction","target":{"@type":"EntryPoint","urlTemplate":"https:\/\/www.visit-ulcinj.com\/blog\/?s={search_term_string}"},"query-input":"required name=search_term_string"}],"inLanguage":"en-US"},{"@type":"ImageObject","inLanguage":"en-US","@id":"https:\/\/www.visit-ulcinj.com\/blog\/2014\/10\/27\/nika-per-dike-syte-dhe-veshet-jane-deshmitare-te-keqij\/#primaryimage","url":"https:\/\/www.visit-ulcinj.com\/blog\/wp-content\/uploads\/2014\/10\/Hatixhe-Gjoni-kuvendi-ulqinit.jpg","contentUrl":"https:\/\/www.visit-ulcinj.com\/blog\/wp-content\/uploads\/2014\/10\/Hatixhe-Gjoni-kuvendi-ulqinit.jpg","width":1024,"height":576},{"@type":"WebPage","@id":"https:\/\/www.visit-ulcinj.com\/blog\/2014\/10\/27\/nika-per-dike-syte-dhe-veshet-jane-deshmitare-te-keqij\/#webpage","url":"https:\/\/www.visit-ulcinj.com\/blog\/2014\/10\/27\/nika-per-dike-syte-dhe-veshet-jane-deshmitare-te-keqij\/","name":"Nika: P\u00ebr dik\u00eb syt\u00eb dhe vesh\u00ebt jan\u00eb d\u00ebshmitar\u00eb t\u00eb k\u00ebqij.... - Lajme nga Ulqini","isPartOf":{"@id":"https:\/\/www.visit-ulcinj.com\/blog\/#website"},"primaryImageOfPage":{"@id":"https:\/\/www.visit-ulcinj.com\/blog\/2014\/10\/27\/nika-per-dike-syte-dhe-veshet-jane-deshmitare-te-keqij\/#primaryimage"},"datePublished":"2014-10-27T18:18:37+00:00","dateModified":"2014-10-27T18:18:37+00:00","author":{"@id":"https:\/\/www.visit-ulcinj.com\/blog\/#\/schema\/person\/dcab619c614d3038751c63bc2aadc06d"},"description":"Shkruan : Muhamet Nika (Reagim n\u00eb shkrimin , Gjoni : Komun\u00ebn e Ulqinit e \u00e7uan buz\u00eb shkat\u00ebrrimit, marr\u00eb nga \u201cDan\u201d , e t\u00eb shp\u00ebrndar\u00eb nga Portali -Lajme nga","breadcrumb":{"@id":"https:\/\/www.visit-ulcinj.com\/blog\/2014\/10\/27\/nika-per-dike-syte-dhe-veshet-jane-deshmitare-te-keqij\/#breadcrumb"},"inLanguage":"en-US","potentialAction":[{"@type":"ReadAction","target":["https:\/\/www.visit-ulcinj.com\/blog\/2014\/10\/27\/nika-per-dike-syte-dhe-veshet-jane-deshmitare-te-keqij\/"]}]},{"@type":"BreadcrumbList","@id":"https:\/\/www.visit-ulcinj.com\/blog\/2014\/10\/27\/nika-per-dike-syte-dhe-veshet-jane-deshmitare-te-keqij\/#breadcrumb","itemListElement":[{"@type":"ListItem","position":1,"name":"Nika: P\u00ebr dik\u00eb syt\u00eb dhe vesh\u00ebt jan\u00eb d\u00ebshmitar\u00eb t\u00eb k\u00ebqij&#8230;."}]},{"@type":"Person","@id":"https:\/\/www.visit-ulcinj.com\/blog\/#\/schema\/person\/dcab619c614d3038751c63bc2aadc06d","name":"ulqini","sameAs":["http:\/\/www.visit-ulcinj.com"],"url":"https:\/\/www.visit-ulcinj.com\/blog\/author\/admin\/"}]}},"jetpack_featured_media_url":"","jetpack_sharing_enabled":true,"jetpack_shortlink":"https:\/\/wp.me\/pe6lTn-mlM","_links":{"self":[{"href":"https:\/\/www.visit-ulcinj.com\/blog\/wp-json\/wp\/v2\/posts\/85918"}],"collection":[{"href":"https:\/\/www.visit-ulcinj.com\/blog\/wp-json\/wp\/v2\/posts"}],"about":[{"href":"https:\/\/www.visit-ulcinj.com\/blog\/wp-json\/wp\/v2\/types\/post"}],"author":[{"embeddable":true,"href":"https:\/\/www.visit-ulcinj.com\/blog\/wp-json\/wp\/v2\/users\/1"}],"replies":[{"embeddable":true,"href":"https:\/\/www.visit-ulcinj.com\/blog\/wp-json\/wp\/v2\/comments?post=85918"}],"version-history":[{"count":1,"href":"https:\/\/www.visit-ulcinj.com\/blog\/wp-json\/wp\/v2\/posts\/85918\/revisions"}],"predecessor-version":[{"id":85920,"href":"https:\/\/www.visit-ulcinj.com\/blog\/wp-json\/wp\/v2\/posts\/85918\/revisions\/85920"}],"wp:attachment":[{"href":"https:\/\/www.visit-ulcinj.com\/blog\/wp-json\/wp\/v2\/media?parent=85918"}],"wp:term":[{"taxonomy":"category","embeddable":true,"href":"https:\/\/www.visit-ulcinj.com\/blog\/wp-json\/wp\/v2\/categories?post=85918"},{"taxonomy":"post_tag","embeddable":true,"href":"https:\/\/www.visit-ulcinj.com\/blog\/wp-json\/wp\/v2\/tags?post=85918"}],"curies":[{"name":"wp","href":"https:\/\/api.w.org\/{rel}","templated":true}]}}