{"id":85936,"date":"2014-10-29T08:36:20","date_gmt":"2014-10-29T07:36:20","guid":{"rendered":"http:\/\/www.visit-ulcinj.com\/blog\/?p=85936"},"modified":"2014-10-29T08:36:20","modified_gmt":"2014-10-29T07:36:20","slug":"trupa-e-ulqinit-legjenden-e-servantesit-ne-durres-video","status":"publish","type":"post","link":"https:\/\/www.visit-ulcinj.com\/blog\/2014\/10\/29\/trupa-e-ulqinit-legjenden-e-servantesit-ne-durres-video\/","title":{"rendered":"Trupa e Ulqinit, me legjend\u00ebn e Servantesit n\u00eb Durr\u00ebs &#8211; Video"},"content":{"rendered":"<p><a href=\"http:\/\/www.visit-ulcinj.com\/blog\/wp-content\/uploads\/2014\/10\/me-legjend\u00ebn-e-Servantesit-n\u00eb-Durr\u00ebs.jpg\"><img loading=\"lazy\" class=\"alignleft wp-image-85937\" src=\"http:\/\/www.visit-ulcinj.com\/blog\/wp-content\/uploads\/2014\/10\/me-legjend\u00ebn-e-Servantesit-n\u00eb-Durr\u00ebs.jpg\" alt=\"me legjend\u00ebn e Servantesit n\u00eb Durr\u00ebs\" width=\"508\" height=\"286\" srcset=\"https:\/\/www.visit-ulcinj.com\/blog\/wp-content\/uploads\/2014\/10\/me-legjend\u00ebn-e-Servantesit-n\u00eb-Durr\u00ebs.jpg 960w, https:\/\/www.visit-ulcinj.com\/blog\/wp-content\/uploads\/2014\/10\/me-legjend\u00ebn-e-Servantesit-n\u00eb-Durr\u00ebs-300x168.jpg 300w\" sizes=\"(max-width: 508px) 100vw, 508px\" \/><\/a>N\u00ebse nuk keni d\u00ebgjuar ndonj\u00ebher\u00eb per legjend\u00ebn sesi shkrimtari i famsh\u00ebm spanjoll Migel Servantes u kap rob dhe jetoi p\u00ebr pese vjet ne Ulqin ne vitin 1571, at\u00ebher\u00eb kete te marte ne mbr\u00ebmje mund njiheni me gojedhenen. Nj\u00eb trup teatrore nga Ulqini, ka vendosur ta ktheje ne drame legjenden qe ulqinaket e njohin mjaft mire duke sjelle dashurin\u00eb e Servantesit me Dul\u00e7inean sipas m\u00ebnyr\u00ebs se tyre. Pas shfaqjes se dh\u00ebn\u00eb ne Malin e Zi e me pas ne Prishtine, trupa vjen ne sken\u00ebn e teatrit komb\u00ebtar te Tiran\u00ebs. Por edhe pse thon\u00eb se kane korrur sukses me kete shfaqje, artistet ulqinake pohojn\u00eb se nuk kane nje teat\u00ebr ne qytetin e tyre. V\u00ebnia ne skenat e ndryshme shqipfol\u00ebse te k\u00ebsaj pjese eshte nje testim per d\u00ebshir\u00ebn e tyre krijuese. Pas Tiran\u00ebs drama \u201cServantesi dhe Dul\u00e7inea\u201d do te shfaqet edhe ne teatrit e Durr\u00ebsit.<\/p>\n<p>Vizion Plus TV Albania<\/p>\n<!--YouTube Error: bad URL entered-->\n","protected":false},"excerpt":{"rendered":"<p>N\u00ebse nuk keni d\u00ebgjuar ndonj\u00ebher\u00eb per legjend\u00ebn sesi shkrimtari i famsh\u00ebm spanjoll Migel Servantes u kap rob dhe jetoi p\u00ebr pese vjet ne Ulqin ne vitin 1571, at\u00ebher\u00eb kete te marte ne mbr\u00ebmje mund njiheni me gojedhenen. Nj\u00eb trup teatrore nga Ulqini, ka vendosur ta ktheje ne drame legjenden qe ulqinaket e njohin mjaft mire [&hellip;]<\/p>\n","protected":false},"author":1,"featured_media":0,"comment_status":"closed","ping_status":"closed","sticky":false,"template":"","format":"standard","meta":{"spay_email":"","jetpack_publicize_message":"","jetpack_is_tweetstorm":false,"jetpack_publicize_feature_enabled":true},"categories":[1],"tags":[],"jetpack_publicize_connections":[],"yoast_head":"<!-- This site is optimized with the Yoast SEO plugin v19.1 - https:\/\/yoast.com\/wordpress\/plugins\/seo\/ -->\n<title>Trupa e Ulqinit, me legjend\u00ebn e Servantesit n\u00eb Durr\u00ebs - Video - Lajme nga Ulqini<\/title>\n<meta name=\"description\" content=\"N\u00ebse nuk keni d\u00ebgjuar ndonj\u00ebher\u00eb per legjend\u00ebn sesi shkrimtari i famsh\u00ebm spanjoll Migel Servantes u kap rob dhe jetoi p\u00ebr pese vjet ne Ulqin ne vitin\" \/>\n<meta name=\"robots\" content=\"index, follow, max-snippet:-1, max-image-preview:large, max-video-preview:-1\" \/>\n<link rel=\"canonical\" href=\"https:\/\/www.visit-ulcinj.com\/blog\/2014\/10\/29\/trupa-e-ulqinit-legjenden-e-servantesit-ne-durres-video\/\" \/>\n<meta property=\"og:locale\" content=\"en_US\" \/>\n<meta property=\"og:type\" content=\"article\" \/>\n<meta property=\"og:title\" content=\"Trupa e Ulqinit, me legjend\u00ebn e Servantesit n\u00eb Durr\u00ebs - Video - Lajme nga Ulqini\" \/>\n<meta property=\"og:description\" content=\"N\u00ebse nuk keni d\u00ebgjuar ndonj\u00ebher\u00eb per legjend\u00ebn sesi shkrimtari i famsh\u00ebm spanjoll Migel Servantes u kap rob dhe jetoi p\u00ebr pese vjet ne Ulqin ne vitin\" \/>\n<meta property=\"og:url\" content=\"https:\/\/www.visit-ulcinj.com\/blog\/2014\/10\/29\/trupa-e-ulqinit-legjenden-e-servantesit-ne-durres-video\/\" \/>\n<meta property=\"og:site_name\" content=\"Lajme nga Ulqini\" \/>\n<meta property=\"article:published_time\" content=\"2014-10-29T07:36:20+00:00\" \/>\n<meta name=\"twitter:label1\" content=\"Written by\" \/>\n\t<meta name=\"twitter:data1\" content=\"ulqini\" \/>\n\t<meta name=\"twitter:label2\" content=\"Est. reading time\" \/>\n\t<meta name=\"twitter:data2\" content=\"1 minute\" \/>\n<script type=\"application\/ld+json\" class=\"yoast-schema-graph\">{\"@context\":\"https:\/\/schema.org\",\"@graph\":[{\"@type\":\"WebSite\",\"@id\":\"https:\/\/www.visit-ulcinj.com\/blog\/#website\",\"url\":\"https:\/\/www.visit-ulcinj.com\/blog\/\",\"name\":\"Lajme nga Ulqini\",\"description\":\"Lajme,Vijesti,Ulqini,Ulqin,Crna Gora,Mali i Zi\",\"potentialAction\":[{\"@type\":\"SearchAction\",\"target\":{\"@type\":\"EntryPoint\",\"urlTemplate\":\"https:\/\/www.visit-ulcinj.com\/blog\/?s={search_term_string}\"},\"query-input\":\"required name=search_term_string\"}],\"inLanguage\":\"en-US\"},{\"@type\":\"WebPage\",\"@id\":\"https:\/\/www.visit-ulcinj.com\/blog\/2014\/10\/29\/trupa-e-ulqinit-legjenden-e-servantesit-ne-durres-video\/#webpage\",\"url\":\"https:\/\/www.visit-ulcinj.com\/blog\/2014\/10\/29\/trupa-e-ulqinit-legjenden-e-servantesit-ne-durres-video\/\",\"name\":\"Trupa e Ulqinit, me legjend\u00ebn e Servantesit n\u00eb Durr\u00ebs - Video - Lajme nga Ulqini\",\"isPartOf\":{\"@id\":\"https:\/\/www.visit-ulcinj.com\/blog\/#website\"},\"datePublished\":\"2014-10-29T07:36:20+00:00\",\"dateModified\":\"2014-10-29T07:36:20+00:00\",\"author\":{\"@id\":\"https:\/\/www.visit-ulcinj.com\/blog\/#\/schema\/person\/dcab619c614d3038751c63bc2aadc06d\"},\"description\":\"N\u00ebse nuk keni d\u00ebgjuar ndonj\u00ebher\u00eb per legjend\u00ebn sesi shkrimtari i famsh\u00ebm spanjoll Migel Servantes u kap rob dhe jetoi p\u00ebr pese vjet ne Ulqin ne vitin\",\"breadcrumb\":{\"@id\":\"https:\/\/www.visit-ulcinj.com\/blog\/2014\/10\/29\/trupa-e-ulqinit-legjenden-e-servantesit-ne-durres-video\/#breadcrumb\"},\"inLanguage\":\"en-US\",\"potentialAction\":[{\"@type\":\"ReadAction\",\"target\":[\"https:\/\/www.visit-ulcinj.com\/blog\/2014\/10\/29\/trupa-e-ulqinit-legjenden-e-servantesit-ne-durres-video\/\"]}]},{\"@type\":\"BreadcrumbList\",\"@id\":\"https:\/\/www.visit-ulcinj.com\/blog\/2014\/10\/29\/trupa-e-ulqinit-legjenden-e-servantesit-ne-durres-video\/#breadcrumb\",\"itemListElement\":[{\"@type\":\"ListItem\",\"position\":1,\"name\":\"Trupa e Ulqinit, me legjend\u00ebn e Servantesit n\u00eb Durr\u00ebs &#8211; Video\"}]},{\"@type\":\"Person\",\"@id\":\"https:\/\/www.visit-ulcinj.com\/blog\/#\/schema\/person\/dcab619c614d3038751c63bc2aadc06d\",\"name\":\"ulqini\",\"sameAs\":[\"http:\/\/www.visit-ulcinj.com\"],\"url\":\"https:\/\/www.visit-ulcinj.com\/blog\/author\/admin\/\"}]}<\/script>\n<!-- \/ Yoast SEO plugin. -->","yoast_head_json":{"title":"Trupa e Ulqinit, me legjend\u00ebn e Servantesit n\u00eb Durr\u00ebs - Video - Lajme nga Ulqini","description":"N\u00ebse nuk keni d\u00ebgjuar ndonj\u00ebher\u00eb per legjend\u00ebn sesi shkrimtari i famsh\u00ebm spanjoll Migel Servantes u kap rob dhe jetoi p\u00ebr pese vjet ne Ulqin ne vitin","robots":{"index":"index","follow":"follow","max-snippet":"max-snippet:-1","max-image-preview":"max-image-preview:large","max-video-preview":"max-video-preview:-1"},"canonical":"https:\/\/www.visit-ulcinj.com\/blog\/2014\/10\/29\/trupa-e-ulqinit-legjenden-e-servantesit-ne-durres-video\/","og_locale":"en_US","og_type":"article","og_title":"Trupa e Ulqinit, me legjend\u00ebn e Servantesit n\u00eb Durr\u00ebs - Video - Lajme nga Ulqini","og_description":"N\u00ebse nuk keni d\u00ebgjuar ndonj\u00ebher\u00eb per legjend\u00ebn sesi shkrimtari i famsh\u00ebm spanjoll Migel Servantes u kap rob dhe jetoi p\u00ebr pese vjet ne Ulqin ne vitin","og_url":"https:\/\/www.visit-ulcinj.com\/blog\/2014\/10\/29\/trupa-e-ulqinit-legjenden-e-servantesit-ne-durres-video\/","og_site_name":"Lajme nga Ulqini","article_published_time":"2014-10-29T07:36:20+00:00","twitter_misc":{"Written by":"ulqini","Est. reading time":"1 minute"},"schema":{"@context":"https:\/\/schema.org","@graph":[{"@type":"WebSite","@id":"https:\/\/www.visit-ulcinj.com\/blog\/#website","url":"https:\/\/www.visit-ulcinj.com\/blog\/","name":"Lajme nga Ulqini","description":"Lajme,Vijesti,Ulqini,Ulqin,Crna Gora,Mali i Zi","potentialAction":[{"@type":"SearchAction","target":{"@type":"EntryPoint","urlTemplate":"https:\/\/www.visit-ulcinj.com\/blog\/?s={search_term_string}"},"query-input":"required name=search_term_string"}],"inLanguage":"en-US"},{"@type":"WebPage","@id":"https:\/\/www.visit-ulcinj.com\/blog\/2014\/10\/29\/trupa-e-ulqinit-legjenden-e-servantesit-ne-durres-video\/#webpage","url":"https:\/\/www.visit-ulcinj.com\/blog\/2014\/10\/29\/trupa-e-ulqinit-legjenden-e-servantesit-ne-durres-video\/","name":"Trupa e Ulqinit, me legjend\u00ebn e Servantesit n\u00eb Durr\u00ebs - Video - Lajme nga Ulqini","isPartOf":{"@id":"https:\/\/www.visit-ulcinj.com\/blog\/#website"},"datePublished":"2014-10-29T07:36:20+00:00","dateModified":"2014-10-29T07:36:20+00:00","author":{"@id":"https:\/\/www.visit-ulcinj.com\/blog\/#\/schema\/person\/dcab619c614d3038751c63bc2aadc06d"},"description":"N\u00ebse nuk keni d\u00ebgjuar ndonj\u00ebher\u00eb per legjend\u00ebn sesi shkrimtari i famsh\u00ebm spanjoll Migel Servantes u kap rob dhe jetoi p\u00ebr pese vjet ne Ulqin ne vitin","breadcrumb":{"@id":"https:\/\/www.visit-ulcinj.com\/blog\/2014\/10\/29\/trupa-e-ulqinit-legjenden-e-servantesit-ne-durres-video\/#breadcrumb"},"inLanguage":"en-US","potentialAction":[{"@type":"ReadAction","target":["https:\/\/www.visit-ulcinj.com\/blog\/2014\/10\/29\/trupa-e-ulqinit-legjenden-e-servantesit-ne-durres-video\/"]}]},{"@type":"BreadcrumbList","@id":"https:\/\/www.visit-ulcinj.com\/blog\/2014\/10\/29\/trupa-e-ulqinit-legjenden-e-servantesit-ne-durres-video\/#breadcrumb","itemListElement":[{"@type":"ListItem","position":1,"name":"Trupa e Ulqinit, me legjend\u00ebn e Servantesit n\u00eb Durr\u00ebs &#8211; Video"}]},{"@type":"Person","@id":"https:\/\/www.visit-ulcinj.com\/blog\/#\/schema\/person\/dcab619c614d3038751c63bc2aadc06d","name":"ulqini","sameAs":["http:\/\/www.visit-ulcinj.com"],"url":"https:\/\/www.visit-ulcinj.com\/blog\/author\/admin\/"}]}},"jetpack_featured_media_url":"","jetpack_sharing_enabled":true,"jetpack_shortlink":"https:\/\/wp.me\/pe6lTn-mm4","_links":{"self":[{"href":"https:\/\/www.visit-ulcinj.com\/blog\/wp-json\/wp\/v2\/posts\/85936"}],"collection":[{"href":"https:\/\/www.visit-ulcinj.com\/blog\/wp-json\/wp\/v2\/posts"}],"about":[{"href":"https:\/\/www.visit-ulcinj.com\/blog\/wp-json\/wp\/v2\/types\/post"}],"author":[{"embeddable":true,"href":"https:\/\/www.visit-ulcinj.com\/blog\/wp-json\/wp\/v2\/users\/1"}],"replies":[{"embeddable":true,"href":"https:\/\/www.visit-ulcinj.com\/blog\/wp-json\/wp\/v2\/comments?post=85936"}],"version-history":[{"count":1,"href":"https:\/\/www.visit-ulcinj.com\/blog\/wp-json\/wp\/v2\/posts\/85936\/revisions"}],"predecessor-version":[{"id":85938,"href":"https:\/\/www.visit-ulcinj.com\/blog\/wp-json\/wp\/v2\/posts\/85936\/revisions\/85938"}],"wp:attachment":[{"href":"https:\/\/www.visit-ulcinj.com\/blog\/wp-json\/wp\/v2\/media?parent=85936"}],"wp:term":[{"taxonomy":"category","embeddable":true,"href":"https:\/\/www.visit-ulcinj.com\/blog\/wp-json\/wp\/v2\/categories?post=85936"},{"taxonomy":"post_tag","embeddable":true,"href":"https:\/\/www.visit-ulcinj.com\/blog\/wp-json\/wp\/v2\/tags?post=85936"}],"curies":[{"name":"wp","href":"https:\/\/api.w.org\/{rel}","templated":true}]}}