{"id":85951,"date":"2014-10-30T08:32:52","date_gmt":"2014-10-30T07:32:52","guid":{"rendered":"http:\/\/www.visit-ulcinj.com\/blog\/?p=85951"},"modified":"2014-10-30T08:32:52","modified_gmt":"2014-10-30T07:32:52","slug":"soziale-veranstalungen-ulcinj-hotel-mediteran","status":"publish","type":"post","link":"https:\/\/www.visit-ulcinj.com\/blog\/2014\/10\/30\/soziale-veranstalungen-ulcinj-hotel-mediteran\/","title":{"rendered":"Soziale Veranstalungen in Ulcinj, Hotel Mediteran"},"content":{"rendered":"<p><a href=\"http:\/\/www.visit-ulcinj.com\/blog\/wp-content\/uploads\/2014\/10\/Soziale-Veranstalungen-in-Ulcinj-Hotel-Mediteran.jpg\"><img loading=\"lazy\" class=\"alignleft wp-image-85952\" src=\"http:\/\/www.visit-ulcinj.com\/blog\/wp-content\/uploads\/2014\/10\/Soziale-Veranstalungen-in-Ulcinj-Hotel-Mediteran.jpg\" alt=\"Soziale Veranstalungen in Ulcinj, Hotel Mediteran\" width=\"508\" height=\"339\" srcset=\"https:\/\/www.visit-ulcinj.com\/blog\/wp-content\/uploads\/2014\/10\/Soziale-Veranstalungen-in-Ulcinj-Hotel-Mediteran.jpg 960w, https:\/\/www.visit-ulcinj.com\/blog\/wp-content\/uploads\/2014\/10\/Soziale-Veranstalungen-in-Ulcinj-Hotel-Mediteran-300x200.jpg 300w\" sizes=\"(max-width: 508px) 100vw, 508px\" \/><\/a>Wenn Sie etwas feiern m\u00f6chten, eine Babyparty, ein Jubileum etc. bei uns werden sie wie Zu Hause f\u00fchlen. Unsere K\u00f6che werden das perfekte Men\u00fc f\u00fcr Ihr gesellschaftliches Ereignis vorbereiten, und die Veranstaltungsraum wird von unser Team dekoriert.<\/p>\n<p>Treten Sie auf unserer windigen Terrassen, Entspannen Sie in unseren Luxus-Zimmer, oder genie\u00dfen Sie das Mittagessen in unseren Terrassen. Auch werden wir einen intimen privaten Speisesaal in unserem Restaurant f\u00fcr Sie und Ihre engsten Gef\u00e4hrten einrichten.<br \/>\nDie Soziale Veranstalungen in Hotel Mediteran:<\/p>\n<table width=\"668\">\n<tbody>\n<tr>\n<td width=\"334\">\n<ul>\n<li>Cocktail-Empf\u00e4ng<\/li>\n<li>Firmen-Essen Veanstaltungen<\/li>\n<li>Poolside Empf\u00e4nge<\/li>\n<li>Fundraiser<\/li>\n<li>Galaveranstaltungen<\/li>\n<li>Alumni-Veranstaltungen<\/li>\n<li>Familienfeiern<\/li>\n<\/ul>\n<p>&nbsp;<\/p>\n<p><strong>Linku me foto<\/strong><\/td>\n<td width=\"334\">\n<ul>\n<li>Verlobungsparties<\/li>\n<li>Hochzeitsfeier und Empf\u00e4nge<\/li>\n<li>Holiday Parties<\/li>\n<li>Geburtstagspartys<\/li>\n<li>Wiedervereinigungen<\/li>\n<li>Reunions<\/li>\n<\/ul>\n<\/td>\n<\/tr>\n<\/tbody>\n<\/table>\n<p><strong><a href=\"https:\/\/www.dropbox.com\/sh\/zp8x2mz80lh3cui\/AAC-MZ1hxK09Z0waCLazlGtAa?dl=0#\/\" target=\"_blank\">https:\/\/www.dropbox.com\/sh\/zp8x2mz80lh3cui\/AAC-MZ1hxK09Z0waCLazlGtAa?dl=0#\/<\/a><\/strong><\/p>\n","protected":false},"excerpt":{"rendered":"<p>Wenn Sie etwas feiern m\u00f6chten, eine Babyparty, ein Jubileum etc. bei uns werden sie wie Zu Hause f\u00fchlen. Unsere K\u00f6che werden das perfekte Men\u00fc f\u00fcr Ihr gesellschaftliches Ereignis vorbereiten, und die Veranstaltungsraum wird von unser Team dekoriert. Treten Sie auf unserer windigen Terrassen, Entspannen Sie in unseren Luxus-Zimmer, oder genie\u00dfen Sie das Mittagessen in unseren [&hellip;]<\/p>\n","protected":false},"author":1,"featured_media":0,"comment_status":"closed","ping_status":"closed","sticky":false,"template":"","format":"standard","meta":{"spay_email":"","jetpack_publicize_message":"","jetpack_is_tweetstorm":false,"jetpack_publicize_feature_enabled":true},"categories":[7],"tags":[],"jetpack_publicize_connections":[],"yoast_head":"<!-- This site is optimized with the Yoast SEO plugin v19.1 - https:\/\/yoast.com\/wordpress\/plugins\/seo\/ -->\n<title>Soziale Veranstalungen in Ulcinj, Hotel Mediteran - Lajme nga Ulqini<\/title>\n<meta name=\"description\" content=\"Wenn Sie etwas feiern m\u00f6chten, eine Babyparty, ein Jubileum etc. bei uns werden sie wie Zu Hause f\u00fchlen. Unsere K\u00f6che werden das perfekte Men\u00fc f\u00fcr Ihr\" \/>\n<meta name=\"robots\" content=\"index, follow, max-snippet:-1, max-image-preview:large, max-video-preview:-1\" \/>\n<link rel=\"canonical\" href=\"https:\/\/www.visit-ulcinj.com\/blog\/2014\/10\/30\/soziale-veranstalungen-ulcinj-hotel-mediteran\/\" \/>\n<meta property=\"og:locale\" content=\"en_US\" \/>\n<meta property=\"og:type\" content=\"article\" \/>\n<meta property=\"og:title\" content=\"Soziale Veranstalungen in Ulcinj, Hotel Mediteran - Lajme nga Ulqini\" \/>\n<meta property=\"og:description\" content=\"Wenn Sie etwas feiern m\u00f6chten, eine Babyparty, ein Jubileum etc. bei uns werden sie wie Zu Hause f\u00fchlen. Unsere K\u00f6che werden das perfekte Men\u00fc f\u00fcr Ihr\" \/>\n<meta property=\"og:url\" content=\"https:\/\/www.visit-ulcinj.com\/blog\/2014\/10\/30\/soziale-veranstalungen-ulcinj-hotel-mediteran\/\" \/>\n<meta property=\"og:site_name\" content=\"Lajme nga Ulqini\" \/>\n<meta property=\"article:published_time\" content=\"2014-10-30T07:32:52+00:00\" \/>\n<meta property=\"og:image\" content=\"http:\/\/www.visit-ulcinj.com\/blog\/wp-content\/uploads\/2014\/10\/Soziale-Veranstalungen-in-Ulcinj-Hotel-Mediteran.jpg\" \/>\n<meta name=\"twitter:label1\" content=\"Written by\" \/>\n\t<meta name=\"twitter:data1\" content=\"ulqini\" \/>\n\t<meta name=\"twitter:label2\" content=\"Est. reading time\" \/>\n\t<meta name=\"twitter:data2\" content=\"1 minute\" \/>\n<script type=\"application\/ld+json\" class=\"yoast-schema-graph\">{\"@context\":\"https:\/\/schema.org\",\"@graph\":[{\"@type\":\"WebSite\",\"@id\":\"https:\/\/www.visit-ulcinj.com\/blog\/#website\",\"url\":\"https:\/\/www.visit-ulcinj.com\/blog\/\",\"name\":\"Lajme nga Ulqini\",\"description\":\"Lajme,Vijesti,Ulqini,Ulqin,Crna Gora,Mali i Zi\",\"potentialAction\":[{\"@type\":\"SearchAction\",\"target\":{\"@type\":\"EntryPoint\",\"urlTemplate\":\"https:\/\/www.visit-ulcinj.com\/blog\/?s={search_term_string}\"},\"query-input\":\"required name=search_term_string\"}],\"inLanguage\":\"en-US\"},{\"@type\":\"ImageObject\",\"inLanguage\":\"en-US\",\"@id\":\"https:\/\/www.visit-ulcinj.com\/blog\/2014\/10\/30\/soziale-veranstalungen-ulcinj-hotel-mediteran\/#primaryimage\",\"url\":\"https:\/\/www.visit-ulcinj.com\/blog\/wp-content\/uploads\/2014\/10\/Soziale-Veranstalungen-in-Ulcinj-Hotel-Mediteran.jpg\",\"contentUrl\":\"https:\/\/www.visit-ulcinj.com\/blog\/wp-content\/uploads\/2014\/10\/Soziale-Veranstalungen-in-Ulcinj-Hotel-Mediteran.jpg\",\"width\":960,\"height\":640},{\"@type\":\"WebPage\",\"@id\":\"https:\/\/www.visit-ulcinj.com\/blog\/2014\/10\/30\/soziale-veranstalungen-ulcinj-hotel-mediteran\/#webpage\",\"url\":\"https:\/\/www.visit-ulcinj.com\/blog\/2014\/10\/30\/soziale-veranstalungen-ulcinj-hotel-mediteran\/\",\"name\":\"Soziale Veranstalungen in Ulcinj, Hotel Mediteran - Lajme nga Ulqini\",\"isPartOf\":{\"@id\":\"https:\/\/www.visit-ulcinj.com\/blog\/#website\"},\"primaryImageOfPage\":{\"@id\":\"https:\/\/www.visit-ulcinj.com\/blog\/2014\/10\/30\/soziale-veranstalungen-ulcinj-hotel-mediteran\/#primaryimage\"},\"datePublished\":\"2014-10-30T07:32:52+00:00\",\"dateModified\":\"2014-10-30T07:32:52+00:00\",\"author\":{\"@id\":\"https:\/\/www.visit-ulcinj.com\/blog\/#\/schema\/person\/dcab619c614d3038751c63bc2aadc06d\"},\"description\":\"Wenn Sie etwas feiern m\u00f6chten, eine Babyparty, ein Jubileum etc. bei uns werden sie wie Zu Hause f\u00fchlen. Unsere K\u00f6che werden das perfekte Men\u00fc f\u00fcr Ihr\",\"breadcrumb\":{\"@id\":\"https:\/\/www.visit-ulcinj.com\/blog\/2014\/10\/30\/soziale-veranstalungen-ulcinj-hotel-mediteran\/#breadcrumb\"},\"inLanguage\":\"en-US\",\"potentialAction\":[{\"@type\":\"ReadAction\",\"target\":[\"https:\/\/www.visit-ulcinj.com\/blog\/2014\/10\/30\/soziale-veranstalungen-ulcinj-hotel-mediteran\/\"]}]},{\"@type\":\"BreadcrumbList\",\"@id\":\"https:\/\/www.visit-ulcinj.com\/blog\/2014\/10\/30\/soziale-veranstalungen-ulcinj-hotel-mediteran\/#breadcrumb\",\"itemListElement\":[{\"@type\":\"ListItem\",\"position\":1,\"name\":\"Soziale Veranstalungen in Ulcinj, Hotel Mediteran\"}]},{\"@type\":\"Person\",\"@id\":\"https:\/\/www.visit-ulcinj.com\/blog\/#\/schema\/person\/dcab619c614d3038751c63bc2aadc06d\",\"name\":\"ulqini\",\"sameAs\":[\"http:\/\/www.visit-ulcinj.com\"],\"url\":\"https:\/\/www.visit-ulcinj.com\/blog\/author\/admin\/\"}]}<\/script>\n<!-- \/ Yoast SEO plugin. -->","yoast_head_json":{"title":"Soziale Veranstalungen in Ulcinj, Hotel Mediteran - Lajme nga Ulqini","description":"Wenn Sie etwas feiern m\u00f6chten, eine Babyparty, ein Jubileum etc. bei uns werden sie wie Zu Hause f\u00fchlen. Unsere K\u00f6che werden das perfekte Men\u00fc f\u00fcr Ihr","robots":{"index":"index","follow":"follow","max-snippet":"max-snippet:-1","max-image-preview":"max-image-preview:large","max-video-preview":"max-video-preview:-1"},"canonical":"https:\/\/www.visit-ulcinj.com\/blog\/2014\/10\/30\/soziale-veranstalungen-ulcinj-hotel-mediteran\/","og_locale":"en_US","og_type":"article","og_title":"Soziale Veranstalungen in Ulcinj, Hotel Mediteran - Lajme nga Ulqini","og_description":"Wenn Sie etwas feiern m\u00f6chten, eine Babyparty, ein Jubileum etc. bei uns werden sie wie Zu Hause f\u00fchlen. Unsere K\u00f6che werden das perfekte Men\u00fc f\u00fcr Ihr","og_url":"https:\/\/www.visit-ulcinj.com\/blog\/2014\/10\/30\/soziale-veranstalungen-ulcinj-hotel-mediteran\/","og_site_name":"Lajme nga Ulqini","article_published_time":"2014-10-30T07:32:52+00:00","og_image":[{"url":"http:\/\/www.visit-ulcinj.com\/blog\/wp-content\/uploads\/2014\/10\/Soziale-Veranstalungen-in-Ulcinj-Hotel-Mediteran.jpg"}],"twitter_misc":{"Written by":"ulqini","Est. reading time":"1 minute"},"schema":{"@context":"https:\/\/schema.org","@graph":[{"@type":"WebSite","@id":"https:\/\/www.visit-ulcinj.com\/blog\/#website","url":"https:\/\/www.visit-ulcinj.com\/blog\/","name":"Lajme nga Ulqini","description":"Lajme,Vijesti,Ulqini,Ulqin,Crna Gora,Mali i Zi","potentialAction":[{"@type":"SearchAction","target":{"@type":"EntryPoint","urlTemplate":"https:\/\/www.visit-ulcinj.com\/blog\/?s={search_term_string}"},"query-input":"required name=search_term_string"}],"inLanguage":"en-US"},{"@type":"ImageObject","inLanguage":"en-US","@id":"https:\/\/www.visit-ulcinj.com\/blog\/2014\/10\/30\/soziale-veranstalungen-ulcinj-hotel-mediteran\/#primaryimage","url":"https:\/\/www.visit-ulcinj.com\/blog\/wp-content\/uploads\/2014\/10\/Soziale-Veranstalungen-in-Ulcinj-Hotel-Mediteran.jpg","contentUrl":"https:\/\/www.visit-ulcinj.com\/blog\/wp-content\/uploads\/2014\/10\/Soziale-Veranstalungen-in-Ulcinj-Hotel-Mediteran.jpg","width":960,"height":640},{"@type":"WebPage","@id":"https:\/\/www.visit-ulcinj.com\/blog\/2014\/10\/30\/soziale-veranstalungen-ulcinj-hotel-mediteran\/#webpage","url":"https:\/\/www.visit-ulcinj.com\/blog\/2014\/10\/30\/soziale-veranstalungen-ulcinj-hotel-mediteran\/","name":"Soziale Veranstalungen in Ulcinj, Hotel Mediteran - Lajme nga Ulqini","isPartOf":{"@id":"https:\/\/www.visit-ulcinj.com\/blog\/#website"},"primaryImageOfPage":{"@id":"https:\/\/www.visit-ulcinj.com\/blog\/2014\/10\/30\/soziale-veranstalungen-ulcinj-hotel-mediteran\/#primaryimage"},"datePublished":"2014-10-30T07:32:52+00:00","dateModified":"2014-10-30T07:32:52+00:00","author":{"@id":"https:\/\/www.visit-ulcinj.com\/blog\/#\/schema\/person\/dcab619c614d3038751c63bc2aadc06d"},"description":"Wenn Sie etwas feiern m\u00f6chten, eine Babyparty, ein Jubileum etc. bei uns werden sie wie Zu Hause f\u00fchlen. Unsere K\u00f6che werden das perfekte Men\u00fc f\u00fcr Ihr","breadcrumb":{"@id":"https:\/\/www.visit-ulcinj.com\/blog\/2014\/10\/30\/soziale-veranstalungen-ulcinj-hotel-mediteran\/#breadcrumb"},"inLanguage":"en-US","potentialAction":[{"@type":"ReadAction","target":["https:\/\/www.visit-ulcinj.com\/blog\/2014\/10\/30\/soziale-veranstalungen-ulcinj-hotel-mediteran\/"]}]},{"@type":"BreadcrumbList","@id":"https:\/\/www.visit-ulcinj.com\/blog\/2014\/10\/30\/soziale-veranstalungen-ulcinj-hotel-mediteran\/#breadcrumb","itemListElement":[{"@type":"ListItem","position":1,"name":"Soziale Veranstalungen in Ulcinj, Hotel Mediteran"}]},{"@type":"Person","@id":"https:\/\/www.visit-ulcinj.com\/blog\/#\/schema\/person\/dcab619c614d3038751c63bc2aadc06d","name":"ulqini","sameAs":["http:\/\/www.visit-ulcinj.com"],"url":"https:\/\/www.visit-ulcinj.com\/blog\/author\/admin\/"}]}},"jetpack_featured_media_url":"","jetpack_sharing_enabled":true,"jetpack_shortlink":"https:\/\/wp.me\/pe6lTn-mmj","_links":{"self":[{"href":"https:\/\/www.visit-ulcinj.com\/blog\/wp-json\/wp\/v2\/posts\/85951"}],"collection":[{"href":"https:\/\/www.visit-ulcinj.com\/blog\/wp-json\/wp\/v2\/posts"}],"about":[{"href":"https:\/\/www.visit-ulcinj.com\/blog\/wp-json\/wp\/v2\/types\/post"}],"author":[{"embeddable":true,"href":"https:\/\/www.visit-ulcinj.com\/blog\/wp-json\/wp\/v2\/users\/1"}],"replies":[{"embeddable":true,"href":"https:\/\/www.visit-ulcinj.com\/blog\/wp-json\/wp\/v2\/comments?post=85951"}],"version-history":[{"count":1,"href":"https:\/\/www.visit-ulcinj.com\/blog\/wp-json\/wp\/v2\/posts\/85951\/revisions"}],"predecessor-version":[{"id":85953,"href":"https:\/\/www.visit-ulcinj.com\/blog\/wp-json\/wp\/v2\/posts\/85951\/revisions\/85953"}],"wp:attachment":[{"href":"https:\/\/www.visit-ulcinj.com\/blog\/wp-json\/wp\/v2\/media?parent=85951"}],"wp:term":[{"taxonomy":"category","embeddable":true,"href":"https:\/\/www.visit-ulcinj.com\/blog\/wp-json\/wp\/v2\/categories?post=85951"},{"taxonomy":"post_tag","embeddable":true,"href":"https:\/\/www.visit-ulcinj.com\/blog\/wp-json\/wp\/v2\/tags?post=85951"}],"curies":[{"name":"wp","href":"https:\/\/api.w.org\/{rel}","templated":true}]}}