{"id":85954,"date":"2014-10-30T08:47:07","date_gmt":"2014-10-30T07:47:07","guid":{"rendered":"http:\/\/www.visit-ulcinj.com\/blog\/?p=85954"},"modified":"2014-11-01T08:55:07","modified_gmt":"2014-11-01T07:55:07","slug":"shkaterrimi-nje-shkolle-si-pasoje-e-mosinvestimit-ne-sukubine-video","status":"publish","type":"post","link":"https:\/\/www.visit-ulcinj.com\/blog\/2014\/10\/30\/shkaterrimi-nje-shkolle-si-pasoje-e-mosinvestimit-ne-sukubine-video\/","title":{"rendered":"Shkat\u00ebrrimi i nj\u00eb shkolle si pasoj\u00eb e mosinvestimit n\u00eb Sukubin\u00eb &#8211; Video"},"content":{"rendered":"<p><strong><a href=\"http:\/\/www.visit-ulcinj.com\/blog\/wp-content\/uploads\/2014\/10\/Shkolla-ne-Sukubine.jpg\"><img loading=\"lazy\" class=\"alignleft wp-image-85955\" src=\"http:\/\/www.visit-ulcinj.com\/blog\/wp-content\/uploads\/2014\/10\/Shkolla-ne-Sukubine.jpg\" alt=\"Shkolla ne Sukubine\" width=\"508\" height=\"292\" srcset=\"https:\/\/www.visit-ulcinj.com\/blog\/wp-content\/uploads\/2014\/10\/Shkolla-ne-Sukubine.jpg 625w, https:\/\/www.visit-ulcinj.com\/blog\/wp-content\/uploads\/2014\/10\/Shkolla-ne-Sukubine-300x172.jpg 300w\" sizes=\"(max-width: 508px) 100vw, 508px\" \/><\/a>Nga Ali Salaj<\/strong><\/p>\n<p>Disa shkolla me m\u00ebsim n\u00eb gjuh\u00ebn shqipe n\u00eb Mal t\u00eb Zi jan\u00eb n\u00eb shkat\u00ebrrim e sip\u00ebr si pasoj\u00eb e mosinvestimit t\u00eb duhur nga institucionet p\u00ebrkat\u00ebse vendore dhe republikane.<\/p>\n<p>Kjo gjendje i ka shtyr\u00eb shoqatat e m\u00ebrgimtar\u00ebve shqiptar\u00eb n\u00eb SHBA t\u00eb sigurojn\u00eb nj\u00eb sasi mjetesh p\u00ebr sanimin e shkollave duke u angazhuar k\u00ebshtu n\u00eb ruajtjen dhe zhvillimin e shkollave shqipe n\u00eb vendlindje.<\/p>\n<p><strong>VAO<\/strong><\/p>\n<p><iframe loading=\"lazy\" src=\"http:\/\/zeriamerikes.share.voanews.eu\/flashembed.aspx?t=vid&amp;id=2501078&amp;w=640&amp;h=363&amp;skin=embeded\" width=\"508\" height=\"363\" frameborder=\"0\" scrolling=\"no\"><\/iframe><\/p>\n","protected":false},"excerpt":{"rendered":"<p>Nga Ali Salaj Disa shkolla me m\u00ebsim n\u00eb gjuh\u00ebn shqipe n\u00eb Mal t\u00eb Zi jan\u00eb n\u00eb shkat\u00ebrrim e sip\u00ebr si pasoj\u00eb e mosinvestimit t\u00eb duhur nga institucionet p\u00ebrkat\u00ebse vendore dhe republikane. Kjo gjendje i ka shtyr\u00eb shoqatat e m\u00ebrgimtar\u00ebve shqiptar\u00eb n\u00eb SHBA t\u00eb sigurojn\u00eb nj\u00eb sasi mjetesh p\u00ebr sanimin e shkollave duke u angazhuar k\u00ebshtu [&hellip;]<\/p>\n","protected":false},"author":1,"featured_media":0,"comment_status":"closed","ping_status":"closed","sticky":false,"template":"","format":"standard","meta":{"spay_email":"","jetpack_publicize_message":"","jetpack_is_tweetstorm":false,"jetpack_publicize_feature_enabled":true},"categories":[1,12],"tags":[],"jetpack_publicize_connections":[],"yoast_head":"<!-- This site is optimized with the Yoast SEO plugin v19.1 - https:\/\/yoast.com\/wordpress\/plugins\/seo\/ -->\n<title>Shkat\u00ebrrimi i nj\u00eb shkolle si pasoj\u00eb e mosinvestimit n\u00eb Sukubin\u00eb - Video - Lajme nga Ulqini<\/title>\n<meta name=\"description\" content=\"Nga Ali Salaj Disa shkolla me m\u00ebsim n\u00eb gjuh\u00ebn shqipe n\u00eb Mal t\u00eb Zi jan\u00eb n\u00eb shkat\u00ebrrim e sip\u00ebr si pasoj\u00eb e mosinvestimit t\u00eb duhur nga institucionet\" \/>\n<meta name=\"robots\" content=\"index, follow, max-snippet:-1, max-image-preview:large, max-video-preview:-1\" \/>\n<link rel=\"canonical\" href=\"https:\/\/www.visit-ulcinj.com\/blog\/2014\/10\/30\/shkaterrimi-nje-shkolle-si-pasoje-e-mosinvestimit-ne-sukubine-video\/\" \/>\n<meta property=\"og:locale\" content=\"en_US\" \/>\n<meta property=\"og:type\" content=\"article\" \/>\n<meta property=\"og:title\" content=\"Shkat\u00ebrrimi i nj\u00eb shkolle si pasoj\u00eb e mosinvestimit n\u00eb Sukubin\u00eb - Video - Lajme nga Ulqini\" \/>\n<meta property=\"og:description\" content=\"Nga Ali Salaj Disa shkolla me m\u00ebsim n\u00eb gjuh\u00ebn shqipe n\u00eb Mal t\u00eb Zi jan\u00eb n\u00eb shkat\u00ebrrim e sip\u00ebr si pasoj\u00eb e mosinvestimit t\u00eb duhur nga institucionet\" \/>\n<meta property=\"og:url\" content=\"https:\/\/www.visit-ulcinj.com\/blog\/2014\/10\/30\/shkaterrimi-nje-shkolle-si-pasoje-e-mosinvestimit-ne-sukubine-video\/\" \/>\n<meta property=\"og:site_name\" content=\"Lajme nga Ulqini\" \/>\n<meta property=\"article:published_time\" content=\"2014-10-30T07:47:07+00:00\" \/>\n<meta property=\"article:modified_time\" content=\"2014-11-01T07:55:07+00:00\" \/>\n<meta property=\"og:image\" content=\"http:\/\/www.visit-ulcinj.com\/blog\/wp-content\/uploads\/2014\/10\/Shkolla-ne-Sukubine.jpg\" \/>\n<meta name=\"twitter:label1\" content=\"Written by\" \/>\n\t<meta name=\"twitter:data1\" content=\"ulqini\" \/>\n<script type=\"application\/ld+json\" class=\"yoast-schema-graph\">{\"@context\":\"https:\/\/schema.org\",\"@graph\":[{\"@type\":\"WebSite\",\"@id\":\"https:\/\/www.visit-ulcinj.com\/blog\/#website\",\"url\":\"https:\/\/www.visit-ulcinj.com\/blog\/\",\"name\":\"Lajme nga Ulqini\",\"description\":\"Lajme,Vijesti,Ulqini,Ulqin,Crna Gora,Mali i Zi\",\"potentialAction\":[{\"@type\":\"SearchAction\",\"target\":{\"@type\":\"EntryPoint\",\"urlTemplate\":\"https:\/\/www.visit-ulcinj.com\/blog\/?s={search_term_string}\"},\"query-input\":\"required name=search_term_string\"}],\"inLanguage\":\"en-US\"},{\"@type\":\"ImageObject\",\"inLanguage\":\"en-US\",\"@id\":\"https:\/\/www.visit-ulcinj.com\/blog\/2014\/10\/30\/shkaterrimi-nje-shkolle-si-pasoje-e-mosinvestimit-ne-sukubine-video\/#primaryimage\",\"url\":\"https:\/\/www.visit-ulcinj.com\/blog\/wp-content\/uploads\/2014\/10\/Shkolla-ne-Sukubine.jpg\",\"contentUrl\":\"https:\/\/www.visit-ulcinj.com\/blog\/wp-content\/uploads\/2014\/10\/Shkolla-ne-Sukubine.jpg\",\"width\":625,\"height\":359},{\"@type\":\"WebPage\",\"@id\":\"https:\/\/www.visit-ulcinj.com\/blog\/2014\/10\/30\/shkaterrimi-nje-shkolle-si-pasoje-e-mosinvestimit-ne-sukubine-video\/#webpage\",\"url\":\"https:\/\/www.visit-ulcinj.com\/blog\/2014\/10\/30\/shkaterrimi-nje-shkolle-si-pasoje-e-mosinvestimit-ne-sukubine-video\/\",\"name\":\"Shkat\u00ebrrimi i nj\u00eb shkolle si pasoj\u00eb e mosinvestimit n\u00eb Sukubin\u00eb - Video - Lajme nga Ulqini\",\"isPartOf\":{\"@id\":\"https:\/\/www.visit-ulcinj.com\/blog\/#website\"},\"primaryImageOfPage\":{\"@id\":\"https:\/\/www.visit-ulcinj.com\/blog\/2014\/10\/30\/shkaterrimi-nje-shkolle-si-pasoje-e-mosinvestimit-ne-sukubine-video\/#primaryimage\"},\"datePublished\":\"2014-10-30T07:47:07+00:00\",\"dateModified\":\"2014-11-01T07:55:07+00:00\",\"author\":{\"@id\":\"https:\/\/www.visit-ulcinj.com\/blog\/#\/schema\/person\/dcab619c614d3038751c63bc2aadc06d\"},\"description\":\"Nga Ali Salaj Disa shkolla me m\u00ebsim n\u00eb gjuh\u00ebn shqipe n\u00eb Mal t\u00eb Zi jan\u00eb n\u00eb shkat\u00ebrrim e sip\u00ebr si pasoj\u00eb e mosinvestimit t\u00eb duhur nga institucionet\",\"breadcrumb\":{\"@id\":\"https:\/\/www.visit-ulcinj.com\/blog\/2014\/10\/30\/shkaterrimi-nje-shkolle-si-pasoje-e-mosinvestimit-ne-sukubine-video\/#breadcrumb\"},\"inLanguage\":\"en-US\",\"potentialAction\":[{\"@type\":\"ReadAction\",\"target\":[\"https:\/\/www.visit-ulcinj.com\/blog\/2014\/10\/30\/shkaterrimi-nje-shkolle-si-pasoje-e-mosinvestimit-ne-sukubine-video\/\"]}]},{\"@type\":\"BreadcrumbList\",\"@id\":\"https:\/\/www.visit-ulcinj.com\/blog\/2014\/10\/30\/shkaterrimi-nje-shkolle-si-pasoje-e-mosinvestimit-ne-sukubine-video\/#breadcrumb\",\"itemListElement\":[{\"@type\":\"ListItem\",\"position\":1,\"name\":\"Shkat\u00ebrrimi i nj\u00eb shkolle si pasoj\u00eb e mosinvestimit n\u00eb Sukubin\u00eb &#8211; Video\"}]},{\"@type\":\"Person\",\"@id\":\"https:\/\/www.visit-ulcinj.com\/blog\/#\/schema\/person\/dcab619c614d3038751c63bc2aadc06d\",\"name\":\"ulqini\",\"sameAs\":[\"http:\/\/www.visit-ulcinj.com\"],\"url\":\"https:\/\/www.visit-ulcinj.com\/blog\/author\/admin\/\"}]}<\/script>\n<!-- \/ Yoast SEO plugin. -->","yoast_head_json":{"title":"Shkat\u00ebrrimi i nj\u00eb shkolle si pasoj\u00eb e mosinvestimit n\u00eb Sukubin\u00eb - Video - Lajme nga Ulqini","description":"Nga Ali Salaj Disa shkolla me m\u00ebsim n\u00eb gjuh\u00ebn shqipe n\u00eb Mal t\u00eb Zi jan\u00eb n\u00eb shkat\u00ebrrim e sip\u00ebr si pasoj\u00eb e mosinvestimit t\u00eb duhur nga institucionet","robots":{"index":"index","follow":"follow","max-snippet":"max-snippet:-1","max-image-preview":"max-image-preview:large","max-video-preview":"max-video-preview:-1"},"canonical":"https:\/\/www.visit-ulcinj.com\/blog\/2014\/10\/30\/shkaterrimi-nje-shkolle-si-pasoje-e-mosinvestimit-ne-sukubine-video\/","og_locale":"en_US","og_type":"article","og_title":"Shkat\u00ebrrimi i nj\u00eb shkolle si pasoj\u00eb e mosinvestimit n\u00eb Sukubin\u00eb - Video - Lajme nga Ulqini","og_description":"Nga Ali Salaj Disa shkolla me m\u00ebsim n\u00eb gjuh\u00ebn shqipe n\u00eb Mal t\u00eb Zi jan\u00eb n\u00eb shkat\u00ebrrim e sip\u00ebr si pasoj\u00eb e mosinvestimit t\u00eb duhur nga institucionet","og_url":"https:\/\/www.visit-ulcinj.com\/blog\/2014\/10\/30\/shkaterrimi-nje-shkolle-si-pasoje-e-mosinvestimit-ne-sukubine-video\/","og_site_name":"Lajme nga Ulqini","article_published_time":"2014-10-30T07:47:07+00:00","article_modified_time":"2014-11-01T07:55:07+00:00","og_image":[{"url":"http:\/\/www.visit-ulcinj.com\/blog\/wp-content\/uploads\/2014\/10\/Shkolla-ne-Sukubine.jpg"}],"twitter_misc":{"Written by":"ulqini"},"schema":{"@context":"https:\/\/schema.org","@graph":[{"@type":"WebSite","@id":"https:\/\/www.visit-ulcinj.com\/blog\/#website","url":"https:\/\/www.visit-ulcinj.com\/blog\/","name":"Lajme nga Ulqini","description":"Lajme,Vijesti,Ulqini,Ulqin,Crna Gora,Mali i Zi","potentialAction":[{"@type":"SearchAction","target":{"@type":"EntryPoint","urlTemplate":"https:\/\/www.visit-ulcinj.com\/blog\/?s={search_term_string}"},"query-input":"required name=search_term_string"}],"inLanguage":"en-US"},{"@type":"ImageObject","inLanguage":"en-US","@id":"https:\/\/www.visit-ulcinj.com\/blog\/2014\/10\/30\/shkaterrimi-nje-shkolle-si-pasoje-e-mosinvestimit-ne-sukubine-video\/#primaryimage","url":"https:\/\/www.visit-ulcinj.com\/blog\/wp-content\/uploads\/2014\/10\/Shkolla-ne-Sukubine.jpg","contentUrl":"https:\/\/www.visit-ulcinj.com\/blog\/wp-content\/uploads\/2014\/10\/Shkolla-ne-Sukubine.jpg","width":625,"height":359},{"@type":"WebPage","@id":"https:\/\/www.visit-ulcinj.com\/blog\/2014\/10\/30\/shkaterrimi-nje-shkolle-si-pasoje-e-mosinvestimit-ne-sukubine-video\/#webpage","url":"https:\/\/www.visit-ulcinj.com\/blog\/2014\/10\/30\/shkaterrimi-nje-shkolle-si-pasoje-e-mosinvestimit-ne-sukubine-video\/","name":"Shkat\u00ebrrimi i nj\u00eb shkolle si pasoj\u00eb e mosinvestimit n\u00eb Sukubin\u00eb - Video - Lajme nga Ulqini","isPartOf":{"@id":"https:\/\/www.visit-ulcinj.com\/blog\/#website"},"primaryImageOfPage":{"@id":"https:\/\/www.visit-ulcinj.com\/blog\/2014\/10\/30\/shkaterrimi-nje-shkolle-si-pasoje-e-mosinvestimit-ne-sukubine-video\/#primaryimage"},"datePublished":"2014-10-30T07:47:07+00:00","dateModified":"2014-11-01T07:55:07+00:00","author":{"@id":"https:\/\/www.visit-ulcinj.com\/blog\/#\/schema\/person\/dcab619c614d3038751c63bc2aadc06d"},"description":"Nga Ali Salaj Disa shkolla me m\u00ebsim n\u00eb gjuh\u00ebn shqipe n\u00eb Mal t\u00eb Zi jan\u00eb n\u00eb shkat\u00ebrrim e sip\u00ebr si pasoj\u00eb e mosinvestimit t\u00eb duhur nga institucionet","breadcrumb":{"@id":"https:\/\/www.visit-ulcinj.com\/blog\/2014\/10\/30\/shkaterrimi-nje-shkolle-si-pasoje-e-mosinvestimit-ne-sukubine-video\/#breadcrumb"},"inLanguage":"en-US","potentialAction":[{"@type":"ReadAction","target":["https:\/\/www.visit-ulcinj.com\/blog\/2014\/10\/30\/shkaterrimi-nje-shkolle-si-pasoje-e-mosinvestimit-ne-sukubine-video\/"]}]},{"@type":"BreadcrumbList","@id":"https:\/\/www.visit-ulcinj.com\/blog\/2014\/10\/30\/shkaterrimi-nje-shkolle-si-pasoje-e-mosinvestimit-ne-sukubine-video\/#breadcrumb","itemListElement":[{"@type":"ListItem","position":1,"name":"Shkat\u00ebrrimi i nj\u00eb shkolle si pasoj\u00eb e mosinvestimit n\u00eb Sukubin\u00eb &#8211; Video"}]},{"@type":"Person","@id":"https:\/\/www.visit-ulcinj.com\/blog\/#\/schema\/person\/dcab619c614d3038751c63bc2aadc06d","name":"ulqini","sameAs":["http:\/\/www.visit-ulcinj.com"],"url":"https:\/\/www.visit-ulcinj.com\/blog\/author\/admin\/"}]}},"jetpack_featured_media_url":"","jetpack_sharing_enabled":true,"jetpack_shortlink":"https:\/\/wp.me\/pe6lTn-mmm","_links":{"self":[{"href":"https:\/\/www.visit-ulcinj.com\/blog\/wp-json\/wp\/v2\/posts\/85954"}],"collection":[{"href":"https:\/\/www.visit-ulcinj.com\/blog\/wp-json\/wp\/v2\/posts"}],"about":[{"href":"https:\/\/www.visit-ulcinj.com\/blog\/wp-json\/wp\/v2\/types\/post"}],"author":[{"embeddable":true,"href":"https:\/\/www.visit-ulcinj.com\/blog\/wp-json\/wp\/v2\/users\/1"}],"replies":[{"embeddable":true,"href":"https:\/\/www.visit-ulcinj.com\/blog\/wp-json\/wp\/v2\/comments?post=85954"}],"version-history":[{"count":2,"href":"https:\/\/www.visit-ulcinj.com\/blog\/wp-json\/wp\/v2\/posts\/85954\/revisions"}],"predecessor-version":[{"id":86004,"href":"https:\/\/www.visit-ulcinj.com\/blog\/wp-json\/wp\/v2\/posts\/85954\/revisions\/86004"}],"wp:attachment":[{"href":"https:\/\/www.visit-ulcinj.com\/blog\/wp-json\/wp\/v2\/media?parent=85954"}],"wp:term":[{"taxonomy":"category","embeddable":true,"href":"https:\/\/www.visit-ulcinj.com\/blog\/wp-json\/wp\/v2\/categories?post=85954"},{"taxonomy":"post_tag","embeddable":true,"href":"https:\/\/www.visit-ulcinj.com\/blog\/wp-json\/wp\/v2\/tags?post=85954"}],"curies":[{"name":"wp","href":"https:\/\/api.w.org\/{rel}","templated":true}]}}