{"id":85957,"date":"2014-10-30T09:12:31","date_gmt":"2014-10-30T08:12:31","guid":{"rendered":"http:\/\/www.visit-ulcinj.com\/blog\/?p=85957"},"modified":"2014-10-30T09:12:31","modified_gmt":"2014-10-30T08:12:31","slug":"gjonaj-simbolika-e-nentorit","status":"publish","type":"post","link":"https:\/\/www.visit-ulcinj.com\/blog\/2014\/10\/30\/gjonaj-simbolika-e-nentorit\/","title":{"rendered":"Gjonaj: Simbolika e n\u00ebntorit"},"content":{"rendered":"<p><a href=\"http:\/\/www.visit-ulcinj.com\/blog\/wp-content\/uploads\/2013\/10\/Gjeke-Gjonaj-Ulqin.jpg\"><img loading=\"lazy\" class=\"alignleft wp-image-75393 size-medium\" src=\"http:\/\/www.visit-ulcinj.com\/blog\/wp-content\/uploads\/2013\/10\/Gjeke-Gjonaj-Ulqin-300x275.jpg\" alt=\"Gjeke-Gjonaj-Ulqin\" width=\"300\" height=\"275\" srcset=\"https:\/\/www.visit-ulcinj.com\/blog\/wp-content\/uploads\/2013\/10\/Gjeke-Gjonaj-Ulqin-300x275.jpg 300w, https:\/\/www.visit-ulcinj.com\/blog\/wp-content\/uploads\/2013\/10\/Gjeke-Gjonaj-Ulqin.jpg 606w\" sizes=\"(max-width: 300px) 100vw, 300px\" \/><\/a>\u00a0Nga Gjek\u00eb Gjonaj<\/p>\n<p>Nga\u00a0\u00a0portali \u201c\u00a0mal\u00ebsia.org\u201d \u00a0n\u00eb shkrimin \u201c \u201c Shoqatat shqiptare n\u00eb SHBA, shembull bashk\u00ebpunimi\u201d \u00a0m\u00ebsova \u00a0se\u00a0 t\u00eb shtun\u00ebn m\u00eb 1 n\u00ebntor\u00a0 2014\u00a0\u00a0n\u00eb\u00a0 Universitetin Oakland n\u00eb Ro\u00e7ester t\u00eb Mi\u00e7iganit do t\u00eb mbahet\u00a0\u00a0Konferenca e dyt\u00eb nd\u00ebrkomb\u00ebtare \u00a0kushtuar shqiptar\u00ebve n\u00eb Mal\u00eb t\u00eb Zi.\u00a0 Njoftohet gjithashtu se\u00a0 nj\u00eb dit\u00eb pas k\u00ebsaj konference akademike shoqatat shqiptare\u00a0 me prejardhje nga Mali i Zi : Fondacioni \u201c Plav\u00eb \u2013 Guci \u201c, Nju-Jork, Shoqata atdhetare \u201c Mal\u00ebsia e Madhe\u201d, Detroit, Shoqata atdhetare \u201c Ana e Malit\u201d Nju-Jork, Fondacioni humanitar \u201c Mal\u00ebsia\u201d, Nju-Jork,\u00a0 Fondacioni \u201cDed\u00eb Gjon Luli\u201d , Nju-Jork, Fondacioni \u201c Dom Simon Filipaj\u201d, Nju-Jork, Shoqata atdhetare \u201c \u201cKraja\u201d, Nju-Jork\u00a0 dhe Shoqata atdhetare \u201c Ulqini\u201d , \u00c7ikago, do t\u00eb n\u00ebshkruajn\u00eb \u00a0n\u00eb Detroit \u00a0Rregulloren e bashk\u00ebpunimit. Ky\u00a0 aktivitet i diapsor\u00ebs shqiptare \u00ebsht\u00eb\u00a0 nj\u00eb lajm i mir\u00eb p\u00ebr shqiptar\u00ebt\u00a0\u00a0autokton n\u00eb trojet e veta n\u00eb Mal t\u00eb Zi.<\/p>\n<p>I\u00a0 frym\u00ebzuar dhe \u00a0i entuziasmuar nga slogani i shoqatave\u00a0 t\u00eb p\u00ebrmendura \u201c Le t\u00eb bashk\u00ebpunojm\u00eb si v\u00ebllez\u00ebr t\u00eb nj\u00eb gjaku, p\u00ebr\u00e7arja na largon nga misioni komb\u00ebtar\u201d\u00a0 dua t\u00eb theksoj se kjo \u00ebsht\u00eb nj\u00eb nism\u00eb q\u00eb vjen n\u00eb koh\u00ebn e\u00a0 duhur si nevoj\u00eb p\u00ebr t\u00eb nd\u00ebrtuar nj\u00eb partneritet t\u00eb ri n\u00eb frym\u00ebn e besimit n\u00eb mes t\u00eb shoqatave. \u00cbsht\u00eb ky nj\u00eb mesazh dometh\u00ebn\u00ebs , q\u00eb vjen \u00a0jo rast\u00ebsisht n\u00eb muajin n\u00ebntor, i cili ng\u00ebrthen n\u00eb vete disa periudha t\u00eb r\u00ebnd\u00ebsishme historike t\u00eb shqiptar\u00ebve n\u00eb shekuj, nd\u00ebr t\u00eb cilat ve\u00e7ojm\u00eb : \u00a0ngritjen \u00a0e \u00a0Flamurit Komb\u00ebtar Shqiptar nga Gjergj Kastriotit-Sk\u00ebnderbeu n\u00eb Kalan\u00eb e Kruj\u00ebs\u00a0 m\u00eb 28 \u00a0n\u00ebntor t\u00eb vitit 1443, n\u00eb vend t\u00eb flamurit t\u00eb pushtuesve osman\u00eb, \u00a0ngritjen \u00a0e flamurit n\u00eb Vlor\u00eb, m\u00eb 28 n\u00ebntor \u00a01912 \u00a0dhe shpalljen \u00a0e\u00a0 pavar\u00ebsis\u00eb s\u00eb shtetit shqiptar. Por \u00a0duhet shtuar se\u00a0 28 N\u00ebntori nuk \u00ebsht\u00eb e gjith\u00eb historia e popullit shqiptar. Populli shqiptar b\u00ebri histori dhe do t\u00eb b\u00ebj\u00eb, si\u00e7 thoshte Mitrush Kulteli \u201d <em>gjer\u00ebsa mali t\u00eb b\u00ebhet hi dhe hiri mal p\u00ebrs\u00ebri\u201d.<\/em><\/p>\n<p>&nbsp;<\/p>\n<p>Bashk\u00ebveprimi, bashk\u00ebpunimi, pasioni, atmosfera dhe besimi me nj\u00ebri-tjetrin \u00a0mendoj \u00a0se jan\u00eb obsionet e vetme, pa t\u00eb cilat ne\u00a0 shqiptar\u00ebt v\u00ebshtir\u00eb\u00a0 mund t\u00eb mbrojm\u00eb interesat, apo t\u00eb realizojn\u00eb synimet tona komb\u00ebtare. Nj\u00eb m\u00ebrgat\u00eb shqiptare e p\u00ebr\u00e7ar\u00eb, e ndar\u00eb sipas bindjeve politike, kurr\u00ebsesi nuk mund t\u2019i sh\u00ebrbej\u00eb kombit t\u00eb vet apo dhe\u00a0 trojeve etnike t\u00eb mbetura jasht\u00eb Shqip\u00ebris\u00eb londineze. Prandaj \u00a0\u00ebsht\u00eb koha\u00a0 q\u00eb shoqatat shqiptare, respektivisht diaspora jon\u00eb n\u00eb Amerik\u00eb t\u00eb ecin shpejt drejt rrug\u00ebs s\u00eb bashk\u00ebpunimit. Atje z\u00ebri i shqiptar\u00ebve gjeti mb\u00ebshtetjen m\u00eb t\u00eb madhe nga Administrata Amerikane, dhe konkretisht nga senator\u00eb\u00a0 dhe kongresmen\u00eb amekrikan\u00eb, dashamir\u00eb t\u00eb \u00e7\u00ebshtjes shqiptare.\u00a0 Kemi nevoj\u00eb p\u00ebr nj\u00eb er\u00eb t\u00eb re t\u00eb bashk\u00ebpunimit t\u00eb nd\u00ebrsjellt\u00eb\u00a0 p\u00ebr nj\u00eb bashk\u00ebrendim t\u00eb p\u00ebrvojave, t\u00eb men\u00e7uris\u00eb dhe fuqis\u00eb son\u00eb intelektuale, t\u00eb mbushur me projekte konkrete. Harmonizimi dhe koordinimi i potencialit \u00a0\u00a0t\u00eb gjithansh\u00ebm q\u00eb zot\u00ebrojn\u00eb shqiptar\u00ebt ( mal\u00ebsor\u00ebt)\u00a0 e diapsor\u00ebs \u00a0n\u00eb Amerik\u00eb \u00a0\u00ebsht\u00eb nj\u00eb mund\u00ebsi e shk\u00eblqyer\u00a0 p\u00ebr t\u00eb ndihmuar \u00a0realizimin e k\u00ebrkesave t\u00eb\u00a0 v\u00ebllez\u00ebrve t\u00eb tyre n\u00eb vendlindje.<\/p>\n<p>Ne v\u00ebllez\u00ebrit tuaj, n\u00eb Mal t\u00eb Zi e vler\u00ebsojm\u00eb \u00a0dhe e mir\u00ebpresim bashk\u00ebpunimin tuaj.\u00a0Na b\u00ebhet zemra mal dhe urojm\u00eb q\u00eb t\u00eb jen\u00eb sa m\u00eb t\u00eb bashkuar shqiptar\u00ebt me origjin\u00eb nga Mal\u00ebsia jon\u00eb e Madhe. Po ashtu urojm\u00eb me gjith\u00eb zem\u00ebr q\u00eb shqiptar\u00ebt n\u00eb dhe t\u00eb huaj, ta duan shqiptarin\u00eb e gjuh\u00ebn shqipe, t\u00eb lidhen e t\u00eb bashkohen me nj\u00ebri-tjetrin, t\u00eb nd\u00ebrmarrin edhe nisma tjera kulturore, artistike dhe, sigurisht, edhe mb\u00ebshtetje p\u00ebr ecurin\u00eb e m\u00ebtejshme t\u00eb rrjedhave pozitive t\u00eb shqiptar\u00ebve e t\u00eb shteteve shqiptare n\u00eb Shqip\u00ebri, n\u00eb Kosov\u00eb e n\u00eb t\u00eb gjitha hap\u00ebsirat jetike ku rrojn\u00eb ata.<\/p>\n","protected":false},"excerpt":{"rendered":"<p>\u00a0Nga Gjek\u00eb Gjonaj Nga\u00a0\u00a0portali \u201c\u00a0mal\u00ebsia.org\u201d \u00a0n\u00eb shkrimin \u201c \u201c Shoqatat shqiptare n\u00eb SHBA, shembull bashk\u00ebpunimi\u201d \u00a0m\u00ebsova \u00a0se\u00a0 t\u00eb shtun\u00ebn m\u00eb 1 n\u00ebntor\u00a0 2014\u00a0\u00a0n\u00eb\u00a0 Universitetin Oakland n\u00eb Ro\u00e7ester t\u00eb Mi\u00e7iganit do t\u00eb mbahet\u00a0\u00a0Konferenca e dyt\u00eb nd\u00ebrkomb\u00ebtare \u00a0kushtuar shqiptar\u00ebve n\u00eb Mal\u00eb t\u00eb Zi.\u00a0 Njoftohet gjithashtu se\u00a0 nj\u00eb dit\u00eb pas k\u00ebsaj konference akademike shoqatat shqiptare\u00a0 me prejardhje nga [&hellip;]<\/p>\n","protected":false},"author":1,"featured_media":0,"comment_status":"closed","ping_status":"closed","sticky":false,"template":"","format":"standard","meta":{"spay_email":"","jetpack_publicize_message":"","jetpack_is_tweetstorm":false,"jetpack_publicize_feature_enabled":true},"categories":[14249],"tags":[],"jetpack_publicize_connections":[],"yoast_head":"<!-- This site is optimized with the Yoast SEO plugin v19.1 - https:\/\/yoast.com\/wordpress\/plugins\/seo\/ -->\n<title>Gjonaj: Simbolika e n\u00ebntorit - Lajme nga Ulqini<\/title>\n<meta name=\"description\" content=\"\u00a0Nga Gjek\u00eb Gjonaj Nga\u00a0\u00a0portali \u201c\u00a0mal\u00ebsia.org\u201d \u00a0n\u00eb shkrimin \u201c \u201c Shoqatat shqiptare n\u00eb SHBA, shembull bashk\u00ebpunimi\u201d \u00a0m\u00ebsova \u00a0se\u00a0 t\u00eb shtun\u00ebn m\u00eb 1 n\u00ebntor\u00a0\" \/>\n<meta name=\"robots\" content=\"index, follow, max-snippet:-1, max-image-preview:large, max-video-preview:-1\" \/>\n<link rel=\"canonical\" href=\"https:\/\/www.visit-ulcinj.com\/blog\/2014\/10\/30\/gjonaj-simbolika-e-nentorit\/\" \/>\n<meta property=\"og:locale\" content=\"en_US\" \/>\n<meta property=\"og:type\" content=\"article\" \/>\n<meta property=\"og:title\" content=\"Gjonaj: Simbolika e n\u00ebntorit - Lajme nga Ulqini\" \/>\n<meta property=\"og:description\" content=\"\u00a0Nga Gjek\u00eb Gjonaj Nga\u00a0\u00a0portali \u201c\u00a0mal\u00ebsia.org\u201d \u00a0n\u00eb shkrimin \u201c \u201c Shoqatat shqiptare n\u00eb SHBA, shembull bashk\u00ebpunimi\u201d \u00a0m\u00ebsova \u00a0se\u00a0 t\u00eb shtun\u00ebn m\u00eb 1 n\u00ebntor\u00a0\" \/>\n<meta property=\"og:url\" content=\"https:\/\/www.visit-ulcinj.com\/blog\/2014\/10\/30\/gjonaj-simbolika-e-nentorit\/\" \/>\n<meta property=\"og:site_name\" content=\"Lajme nga Ulqini\" \/>\n<meta property=\"article:published_time\" content=\"2014-10-30T08:12:31+00:00\" \/>\n<meta property=\"og:image\" content=\"http:\/\/www.visit-ulcinj.com\/blog\/wp-content\/uploads\/2013\/10\/Gjeke-Gjonaj-Ulqin-300x275.jpg\" \/>\n<meta name=\"twitter:label1\" content=\"Written by\" \/>\n\t<meta name=\"twitter:data1\" content=\"ulqini\" \/>\n\t<meta name=\"twitter:label2\" content=\"Est. reading time\" \/>\n\t<meta name=\"twitter:data2\" content=\"3 minutes\" \/>\n<script type=\"application\/ld+json\" class=\"yoast-schema-graph\">{\"@context\":\"https:\/\/schema.org\",\"@graph\":[{\"@type\":\"WebSite\",\"@id\":\"https:\/\/www.visit-ulcinj.com\/blog\/#website\",\"url\":\"https:\/\/www.visit-ulcinj.com\/blog\/\",\"name\":\"Lajme nga Ulqini\",\"description\":\"Lajme,Vijesti,Ulqini,Ulqin,Crna Gora,Mali i Zi\",\"potentialAction\":[{\"@type\":\"SearchAction\",\"target\":{\"@type\":\"EntryPoint\",\"urlTemplate\":\"https:\/\/www.visit-ulcinj.com\/blog\/?s={search_term_string}\"},\"query-input\":\"required name=search_term_string\"}],\"inLanguage\":\"en-US\"},{\"@type\":\"ImageObject\",\"inLanguage\":\"en-US\",\"@id\":\"https:\/\/www.visit-ulcinj.com\/blog\/2014\/10\/30\/gjonaj-simbolika-e-nentorit\/#primaryimage\",\"url\":\"https:\/\/www.visit-ulcinj.com\/blog\/wp-content\/uploads\/2013\/10\/Gjeke-Gjonaj-Ulqin.jpg\",\"contentUrl\":\"https:\/\/www.visit-ulcinj.com\/blog\/wp-content\/uploads\/2013\/10\/Gjeke-Gjonaj-Ulqin.jpg\",\"width\":606,\"height\":557},{\"@type\":\"WebPage\",\"@id\":\"https:\/\/www.visit-ulcinj.com\/blog\/2014\/10\/30\/gjonaj-simbolika-e-nentorit\/#webpage\",\"url\":\"https:\/\/www.visit-ulcinj.com\/blog\/2014\/10\/30\/gjonaj-simbolika-e-nentorit\/\",\"name\":\"Gjonaj: Simbolika e n\u00ebntorit - Lajme nga Ulqini\",\"isPartOf\":{\"@id\":\"https:\/\/www.visit-ulcinj.com\/blog\/#website\"},\"primaryImageOfPage\":{\"@id\":\"https:\/\/www.visit-ulcinj.com\/blog\/2014\/10\/30\/gjonaj-simbolika-e-nentorit\/#primaryimage\"},\"datePublished\":\"2014-10-30T08:12:31+00:00\",\"dateModified\":\"2014-10-30T08:12:31+00:00\",\"author\":{\"@id\":\"https:\/\/www.visit-ulcinj.com\/blog\/#\/schema\/person\/dcab619c614d3038751c63bc2aadc06d\"},\"description\":\"\u00a0Nga Gjek\u00eb Gjonaj Nga\u00a0\u00a0portali \u201c\u00a0mal\u00ebsia.org\u201d \u00a0n\u00eb shkrimin \u201c \u201c Shoqatat shqiptare n\u00eb SHBA, shembull bashk\u00ebpunimi\u201d \u00a0m\u00ebsova \u00a0se\u00a0 t\u00eb shtun\u00ebn m\u00eb 1 n\u00ebntor\u00a0\",\"breadcrumb\":{\"@id\":\"https:\/\/www.visit-ulcinj.com\/blog\/2014\/10\/30\/gjonaj-simbolika-e-nentorit\/#breadcrumb\"},\"inLanguage\":\"en-US\",\"potentialAction\":[{\"@type\":\"ReadAction\",\"target\":[\"https:\/\/www.visit-ulcinj.com\/blog\/2014\/10\/30\/gjonaj-simbolika-e-nentorit\/\"]}]},{\"@type\":\"BreadcrumbList\",\"@id\":\"https:\/\/www.visit-ulcinj.com\/blog\/2014\/10\/30\/gjonaj-simbolika-e-nentorit\/#breadcrumb\",\"itemListElement\":[{\"@type\":\"ListItem\",\"position\":1,\"name\":\"Gjonaj: Simbolika e n\u00ebntorit\"}]},{\"@type\":\"Person\",\"@id\":\"https:\/\/www.visit-ulcinj.com\/blog\/#\/schema\/person\/dcab619c614d3038751c63bc2aadc06d\",\"name\":\"ulqini\",\"sameAs\":[\"http:\/\/www.visit-ulcinj.com\"],\"url\":\"https:\/\/www.visit-ulcinj.com\/blog\/author\/admin\/\"}]}<\/script>\n<!-- \/ Yoast SEO plugin. -->","yoast_head_json":{"title":"Gjonaj: Simbolika e n\u00ebntorit - Lajme nga Ulqini","description":"\u00a0Nga Gjek\u00eb Gjonaj Nga\u00a0\u00a0portali \u201c\u00a0mal\u00ebsia.org\u201d \u00a0n\u00eb shkrimin \u201c \u201c Shoqatat shqiptare n\u00eb SHBA, shembull bashk\u00ebpunimi\u201d \u00a0m\u00ebsova \u00a0se\u00a0 t\u00eb shtun\u00ebn m\u00eb 1 n\u00ebntor\u00a0","robots":{"index":"index","follow":"follow","max-snippet":"max-snippet:-1","max-image-preview":"max-image-preview:large","max-video-preview":"max-video-preview:-1"},"canonical":"https:\/\/www.visit-ulcinj.com\/blog\/2014\/10\/30\/gjonaj-simbolika-e-nentorit\/","og_locale":"en_US","og_type":"article","og_title":"Gjonaj: Simbolika e n\u00ebntorit - Lajme nga Ulqini","og_description":"\u00a0Nga Gjek\u00eb Gjonaj Nga\u00a0\u00a0portali \u201c\u00a0mal\u00ebsia.org\u201d \u00a0n\u00eb shkrimin \u201c \u201c Shoqatat shqiptare n\u00eb SHBA, shembull bashk\u00ebpunimi\u201d \u00a0m\u00ebsova \u00a0se\u00a0 t\u00eb shtun\u00ebn m\u00eb 1 n\u00ebntor\u00a0","og_url":"https:\/\/www.visit-ulcinj.com\/blog\/2014\/10\/30\/gjonaj-simbolika-e-nentorit\/","og_site_name":"Lajme nga Ulqini","article_published_time":"2014-10-30T08:12:31+00:00","og_image":[{"url":"http:\/\/www.visit-ulcinj.com\/blog\/wp-content\/uploads\/2013\/10\/Gjeke-Gjonaj-Ulqin-300x275.jpg"}],"twitter_misc":{"Written by":"ulqini","Est. reading time":"3 minutes"},"schema":{"@context":"https:\/\/schema.org","@graph":[{"@type":"WebSite","@id":"https:\/\/www.visit-ulcinj.com\/blog\/#website","url":"https:\/\/www.visit-ulcinj.com\/blog\/","name":"Lajme nga Ulqini","description":"Lajme,Vijesti,Ulqini,Ulqin,Crna Gora,Mali i Zi","potentialAction":[{"@type":"SearchAction","target":{"@type":"EntryPoint","urlTemplate":"https:\/\/www.visit-ulcinj.com\/blog\/?s={search_term_string}"},"query-input":"required name=search_term_string"}],"inLanguage":"en-US"},{"@type":"ImageObject","inLanguage":"en-US","@id":"https:\/\/www.visit-ulcinj.com\/blog\/2014\/10\/30\/gjonaj-simbolika-e-nentorit\/#primaryimage","url":"https:\/\/www.visit-ulcinj.com\/blog\/wp-content\/uploads\/2013\/10\/Gjeke-Gjonaj-Ulqin.jpg","contentUrl":"https:\/\/www.visit-ulcinj.com\/blog\/wp-content\/uploads\/2013\/10\/Gjeke-Gjonaj-Ulqin.jpg","width":606,"height":557},{"@type":"WebPage","@id":"https:\/\/www.visit-ulcinj.com\/blog\/2014\/10\/30\/gjonaj-simbolika-e-nentorit\/#webpage","url":"https:\/\/www.visit-ulcinj.com\/blog\/2014\/10\/30\/gjonaj-simbolika-e-nentorit\/","name":"Gjonaj: Simbolika e n\u00ebntorit - Lajme nga Ulqini","isPartOf":{"@id":"https:\/\/www.visit-ulcinj.com\/blog\/#website"},"primaryImageOfPage":{"@id":"https:\/\/www.visit-ulcinj.com\/blog\/2014\/10\/30\/gjonaj-simbolika-e-nentorit\/#primaryimage"},"datePublished":"2014-10-30T08:12:31+00:00","dateModified":"2014-10-30T08:12:31+00:00","author":{"@id":"https:\/\/www.visit-ulcinj.com\/blog\/#\/schema\/person\/dcab619c614d3038751c63bc2aadc06d"},"description":"\u00a0Nga Gjek\u00eb Gjonaj Nga\u00a0\u00a0portali \u201c\u00a0mal\u00ebsia.org\u201d \u00a0n\u00eb shkrimin \u201c \u201c Shoqatat shqiptare n\u00eb SHBA, shembull bashk\u00ebpunimi\u201d \u00a0m\u00ebsova \u00a0se\u00a0 t\u00eb shtun\u00ebn m\u00eb 1 n\u00ebntor\u00a0","breadcrumb":{"@id":"https:\/\/www.visit-ulcinj.com\/blog\/2014\/10\/30\/gjonaj-simbolika-e-nentorit\/#breadcrumb"},"inLanguage":"en-US","potentialAction":[{"@type":"ReadAction","target":["https:\/\/www.visit-ulcinj.com\/blog\/2014\/10\/30\/gjonaj-simbolika-e-nentorit\/"]}]},{"@type":"BreadcrumbList","@id":"https:\/\/www.visit-ulcinj.com\/blog\/2014\/10\/30\/gjonaj-simbolika-e-nentorit\/#breadcrumb","itemListElement":[{"@type":"ListItem","position":1,"name":"Gjonaj: Simbolika e n\u00ebntorit"}]},{"@type":"Person","@id":"https:\/\/www.visit-ulcinj.com\/blog\/#\/schema\/person\/dcab619c614d3038751c63bc2aadc06d","name":"ulqini","sameAs":["http:\/\/www.visit-ulcinj.com"],"url":"https:\/\/www.visit-ulcinj.com\/blog\/author\/admin\/"}]}},"jetpack_featured_media_url":"","jetpack_sharing_enabled":true,"jetpack_shortlink":"https:\/\/wp.me\/pe6lTn-mmp","_links":{"self":[{"href":"https:\/\/www.visit-ulcinj.com\/blog\/wp-json\/wp\/v2\/posts\/85957"}],"collection":[{"href":"https:\/\/www.visit-ulcinj.com\/blog\/wp-json\/wp\/v2\/posts"}],"about":[{"href":"https:\/\/www.visit-ulcinj.com\/blog\/wp-json\/wp\/v2\/types\/post"}],"author":[{"embeddable":true,"href":"https:\/\/www.visit-ulcinj.com\/blog\/wp-json\/wp\/v2\/users\/1"}],"replies":[{"embeddable":true,"href":"https:\/\/www.visit-ulcinj.com\/blog\/wp-json\/wp\/v2\/comments?post=85957"}],"version-history":[{"count":1,"href":"https:\/\/www.visit-ulcinj.com\/blog\/wp-json\/wp\/v2\/posts\/85957\/revisions"}],"predecessor-version":[{"id":85958,"href":"https:\/\/www.visit-ulcinj.com\/blog\/wp-json\/wp\/v2\/posts\/85957\/revisions\/85958"}],"wp:attachment":[{"href":"https:\/\/www.visit-ulcinj.com\/blog\/wp-json\/wp\/v2\/media?parent=85957"}],"wp:term":[{"taxonomy":"category","embeddable":true,"href":"https:\/\/www.visit-ulcinj.com\/blog\/wp-json\/wp\/v2\/categories?post=85957"},{"taxonomy":"post_tag","embeddable":true,"href":"https:\/\/www.visit-ulcinj.com\/blog\/wp-json\/wp\/v2\/tags?post=85957"}],"curies":[{"name":"wp","href":"https:\/\/api.w.org\/{rel}","templated":true}]}}