{"id":85973,"date":"2014-10-30T09:58:45","date_gmt":"2014-10-30T08:58:45","guid":{"rendered":"http:\/\/www.visit-ulcinj.com\/blog\/?p=85973"},"modified":"2014-10-30T09:58:45","modified_gmt":"2014-10-30T08:58:45","slug":"mbi-nje-miliard-euro-te-kushtonte-ndertimi-autostrades-adriatik-jon-ne-mal-te-zi","status":"publish","type":"post","link":"https:\/\/www.visit-ulcinj.com\/blog\/2014\/10\/30\/mbi-nje-miliard-euro-te-kushtonte-ndertimi-autostrades-adriatik-jon-ne-mal-te-zi\/","title":{"rendered":"Mbi nj\u00eb miliard euro do t\u00eb kushtonte nd\u00ebrtimi i autostrad\u00ebs Adriatik-Jon n\u00eb Mal t\u00eb Zi"},"content":{"rendered":"<div class=\"sodrzina\">\n<p><a href=\"http:\/\/www.visit-ulcinj.com\/blog\/wp-content\/uploads\/2014\/10\/autostrada-Adriatik-Jon-Mali-i-Zi.jpg\"><img loading=\"lazy\" class=\"alignleft wp-image-85974\" src=\"http:\/\/www.visit-ulcinj.com\/blog\/wp-content\/uploads\/2014\/10\/autostrada-Adriatik-Jon-Mali-i-Zi.jpg\" alt=\"autostrada-Adriatik-Jon-Mali i Zi\" width=\"508\" height=\"350\" srcset=\"https:\/\/www.visit-ulcinj.com\/blog\/wp-content\/uploads\/2014\/10\/autostrada-Adriatik-Jon-Mali-i-Zi.jpg 646w, https:\/\/www.visit-ulcinj.com\/blog\/wp-content\/uploads\/2014\/10\/autostrada-Adriatik-Jon-Mali-i-Zi-300x206.jpg 300w\" sizes=\"(max-width: 508px) 100vw, 508px\" \/><\/a>Podgoric\u00eb, 28 tetor 2014 (MIA) &#8211; Nd\u00ebrtimi i rreth 95 kilometrave t\u00eb autostrad\u00ebs Adriatik-Jon p\u00ebrmes Malit t\u00eb Zi do t\u00eb kushtonte mbi nj\u00eb miliard euro, kumtoi Qeveria n\u00eb Podgoric\u00eb, duke shtuar se autostrada \u00ebsht\u00eb me r\u00ebnd\u00ebsi strategjike p\u00ebr vendin.<\/p>\n<p>Autostrada e gjat\u00eb mbi 1.500 kilometra do ta lidhte Italin\u00eb veriore me Greqin\u00eb, p\u00ebrmes Sllovenis\u00eb, Kroacis\u00eb, Bosnj\u00eb e Hercegovin\u00ebs, Malit t\u00eb Zi dhe Shqip\u00ebris\u00eb.<\/p>\n<p>Autostrada Adriatik-Jon n\u00eb Mal t\u00eb Zi do t\u00eb ishte nga vendi Nudo, n\u00eb kufirin me BeH-n\u00eb, m\u00eb pas p\u00ebrmes Grahov\u00ebs dhe \u00c7ev\u00ebs n\u00eb drejtim t\u00eb Podgoric\u00ebs, ku do t\u00eb nd\u00ebrtohej qarkorja e cila do t\u00eb \u00e7onte drejt kufirit me Shqip\u00ebrin\u00eb.<\/p>\n<p><strong><span id=\"ctl00_ContentPlaceHolder1_gvNews_ctl03_Label1\">Idividi<\/span><\/strong><\/p>\n<\/div>\n","protected":false},"excerpt":{"rendered":"<p>Podgoric\u00eb, 28 tetor 2014 (MIA) &#8211; Nd\u00ebrtimi i rreth 95 kilometrave t\u00eb autostrad\u00ebs Adriatik-Jon p\u00ebrmes Malit t\u00eb Zi do t\u00eb kushtonte mbi nj\u00eb miliard euro, kumtoi Qeveria n\u00eb Podgoric\u00eb, duke shtuar se autostrada \u00ebsht\u00eb me r\u00ebnd\u00ebsi strategjike p\u00ebr vendin. Autostrada e gjat\u00eb mbi 1.500 kilometra do ta lidhte Italin\u00eb veriore me Greqin\u00eb, p\u00ebrmes Sllovenis\u00eb, Kroacis\u00eb, [&hellip;]<\/p>\n","protected":false},"author":1,"featured_media":0,"comment_status":"closed","ping_status":"closed","sticky":false,"template":"","format":"standard","meta":{"spay_email":"","jetpack_publicize_message":"","jetpack_is_tweetstorm":false,"jetpack_publicize_feature_enabled":true},"categories":[2451],"tags":[],"jetpack_publicize_connections":[],"yoast_head":"<!-- This site is optimized with the Yoast SEO plugin v19.1 - https:\/\/yoast.com\/wordpress\/plugins\/seo\/ -->\n<title>Mbi nj\u00eb miliard euro do t\u00eb kushtonte nd\u00ebrtimi i autostrad\u00ebs Adriatik-Jon n\u00eb Mal t\u00eb Zi - Lajme nga Ulqini<\/title>\n<meta name=\"description\" content=\"Podgoric\u00eb, 28 tetor 2014 (MIA) - Nd\u00ebrtimi i rreth 95 kilometrave t\u00eb autostrad\u00ebs Adriatik-Jon p\u00ebrmes Malit t\u00eb Zi do t\u00eb kushtonte mbi nj\u00eb miliard euro,\" \/>\n<meta name=\"robots\" content=\"index, follow, max-snippet:-1, max-image-preview:large, max-video-preview:-1\" \/>\n<link rel=\"canonical\" href=\"https:\/\/www.visit-ulcinj.com\/blog\/2014\/10\/30\/mbi-nje-miliard-euro-te-kushtonte-ndertimi-autostrades-adriatik-jon-ne-mal-te-zi\/\" \/>\n<meta property=\"og:locale\" content=\"en_US\" \/>\n<meta property=\"og:type\" content=\"article\" \/>\n<meta property=\"og:title\" content=\"Mbi nj\u00eb miliard euro do t\u00eb kushtonte nd\u00ebrtimi i autostrad\u00ebs Adriatik-Jon n\u00eb Mal t\u00eb Zi - Lajme nga Ulqini\" \/>\n<meta property=\"og:description\" content=\"Podgoric\u00eb, 28 tetor 2014 (MIA) - Nd\u00ebrtimi i rreth 95 kilometrave t\u00eb autostrad\u00ebs Adriatik-Jon p\u00ebrmes Malit t\u00eb Zi do t\u00eb kushtonte mbi nj\u00eb miliard euro,\" \/>\n<meta property=\"og:url\" content=\"https:\/\/www.visit-ulcinj.com\/blog\/2014\/10\/30\/mbi-nje-miliard-euro-te-kushtonte-ndertimi-autostrades-adriatik-jon-ne-mal-te-zi\/\" \/>\n<meta property=\"og:site_name\" content=\"Lajme nga Ulqini\" \/>\n<meta property=\"article:published_time\" content=\"2014-10-30T08:58:45+00:00\" \/>\n<meta property=\"og:image\" content=\"http:\/\/www.visit-ulcinj.com\/blog\/wp-content\/uploads\/2014\/10\/autostrada-Adriatik-Jon-Mali-i-Zi.jpg\" \/>\n<meta name=\"twitter:label1\" content=\"Written by\" \/>\n\t<meta name=\"twitter:data1\" content=\"ulqini\" \/>\n\t<meta name=\"twitter:label2\" content=\"Est. reading time\" \/>\n\t<meta name=\"twitter:data2\" content=\"1 minute\" \/>\n<script type=\"application\/ld+json\" class=\"yoast-schema-graph\">{\"@context\":\"https:\/\/schema.org\",\"@graph\":[{\"@type\":\"WebSite\",\"@id\":\"https:\/\/www.visit-ulcinj.com\/blog\/#website\",\"url\":\"https:\/\/www.visit-ulcinj.com\/blog\/\",\"name\":\"Lajme nga Ulqini\",\"description\":\"Lajme,Vijesti,Ulqini,Ulqin,Crna Gora,Mali i Zi\",\"potentialAction\":[{\"@type\":\"SearchAction\",\"target\":{\"@type\":\"EntryPoint\",\"urlTemplate\":\"https:\/\/www.visit-ulcinj.com\/blog\/?s={search_term_string}\"},\"query-input\":\"required name=search_term_string\"}],\"inLanguage\":\"en-US\"},{\"@type\":\"ImageObject\",\"inLanguage\":\"en-US\",\"@id\":\"https:\/\/www.visit-ulcinj.com\/blog\/2014\/10\/30\/mbi-nje-miliard-euro-te-kushtonte-ndertimi-autostrades-adriatik-jon-ne-mal-te-zi\/#primaryimage\",\"url\":\"https:\/\/www.visit-ulcinj.com\/blog\/wp-content\/uploads\/2014\/10\/autostrada-Adriatik-Jon-Mali-i-Zi.jpg\",\"contentUrl\":\"https:\/\/www.visit-ulcinj.com\/blog\/wp-content\/uploads\/2014\/10\/autostrada-Adriatik-Jon-Mali-i-Zi.jpg\",\"width\":646,\"height\":445},{\"@type\":\"WebPage\",\"@id\":\"https:\/\/www.visit-ulcinj.com\/blog\/2014\/10\/30\/mbi-nje-miliard-euro-te-kushtonte-ndertimi-autostrades-adriatik-jon-ne-mal-te-zi\/#webpage\",\"url\":\"https:\/\/www.visit-ulcinj.com\/blog\/2014\/10\/30\/mbi-nje-miliard-euro-te-kushtonte-ndertimi-autostrades-adriatik-jon-ne-mal-te-zi\/\",\"name\":\"Mbi nj\u00eb miliard euro do t\u00eb kushtonte nd\u00ebrtimi i autostrad\u00ebs Adriatik-Jon n\u00eb Mal t\u00eb Zi - Lajme nga Ulqini\",\"isPartOf\":{\"@id\":\"https:\/\/www.visit-ulcinj.com\/blog\/#website\"},\"primaryImageOfPage\":{\"@id\":\"https:\/\/www.visit-ulcinj.com\/blog\/2014\/10\/30\/mbi-nje-miliard-euro-te-kushtonte-ndertimi-autostrades-adriatik-jon-ne-mal-te-zi\/#primaryimage\"},\"datePublished\":\"2014-10-30T08:58:45+00:00\",\"dateModified\":\"2014-10-30T08:58:45+00:00\",\"author\":{\"@id\":\"https:\/\/www.visit-ulcinj.com\/blog\/#\/schema\/person\/dcab619c614d3038751c63bc2aadc06d\"},\"description\":\"Podgoric\u00eb, 28 tetor 2014 (MIA) - Nd\u00ebrtimi i rreth 95 kilometrave t\u00eb autostrad\u00ebs Adriatik-Jon p\u00ebrmes Malit t\u00eb Zi do t\u00eb kushtonte mbi nj\u00eb miliard euro,\",\"breadcrumb\":{\"@id\":\"https:\/\/www.visit-ulcinj.com\/blog\/2014\/10\/30\/mbi-nje-miliard-euro-te-kushtonte-ndertimi-autostrades-adriatik-jon-ne-mal-te-zi\/#breadcrumb\"},\"inLanguage\":\"en-US\",\"potentialAction\":[{\"@type\":\"ReadAction\",\"target\":[\"https:\/\/www.visit-ulcinj.com\/blog\/2014\/10\/30\/mbi-nje-miliard-euro-te-kushtonte-ndertimi-autostrades-adriatik-jon-ne-mal-te-zi\/\"]}]},{\"@type\":\"BreadcrumbList\",\"@id\":\"https:\/\/www.visit-ulcinj.com\/blog\/2014\/10\/30\/mbi-nje-miliard-euro-te-kushtonte-ndertimi-autostrades-adriatik-jon-ne-mal-te-zi\/#breadcrumb\",\"itemListElement\":[{\"@type\":\"ListItem\",\"position\":1,\"name\":\"Mbi nj\u00eb miliard euro do t\u00eb kushtonte nd\u00ebrtimi i autostrad\u00ebs Adriatik-Jon n\u00eb Mal t\u00eb Zi\"}]},{\"@type\":\"Person\",\"@id\":\"https:\/\/www.visit-ulcinj.com\/blog\/#\/schema\/person\/dcab619c614d3038751c63bc2aadc06d\",\"name\":\"ulqini\",\"sameAs\":[\"http:\/\/www.visit-ulcinj.com\"],\"url\":\"https:\/\/www.visit-ulcinj.com\/blog\/author\/admin\/\"}]}<\/script>\n<!-- \/ Yoast SEO plugin. -->","yoast_head_json":{"title":"Mbi nj\u00eb miliard euro do t\u00eb kushtonte nd\u00ebrtimi i autostrad\u00ebs Adriatik-Jon n\u00eb Mal t\u00eb Zi - Lajme nga Ulqini","description":"Podgoric\u00eb, 28 tetor 2014 (MIA) - Nd\u00ebrtimi i rreth 95 kilometrave t\u00eb autostrad\u00ebs Adriatik-Jon p\u00ebrmes Malit t\u00eb Zi do t\u00eb kushtonte mbi nj\u00eb miliard euro,","robots":{"index":"index","follow":"follow","max-snippet":"max-snippet:-1","max-image-preview":"max-image-preview:large","max-video-preview":"max-video-preview:-1"},"canonical":"https:\/\/www.visit-ulcinj.com\/blog\/2014\/10\/30\/mbi-nje-miliard-euro-te-kushtonte-ndertimi-autostrades-adriatik-jon-ne-mal-te-zi\/","og_locale":"en_US","og_type":"article","og_title":"Mbi nj\u00eb miliard euro do t\u00eb kushtonte nd\u00ebrtimi i autostrad\u00ebs Adriatik-Jon n\u00eb Mal t\u00eb Zi - Lajme nga Ulqini","og_description":"Podgoric\u00eb, 28 tetor 2014 (MIA) - Nd\u00ebrtimi i rreth 95 kilometrave t\u00eb autostrad\u00ebs Adriatik-Jon p\u00ebrmes Malit t\u00eb Zi do t\u00eb kushtonte mbi nj\u00eb miliard euro,","og_url":"https:\/\/www.visit-ulcinj.com\/blog\/2014\/10\/30\/mbi-nje-miliard-euro-te-kushtonte-ndertimi-autostrades-adriatik-jon-ne-mal-te-zi\/","og_site_name":"Lajme nga Ulqini","article_published_time":"2014-10-30T08:58:45+00:00","og_image":[{"url":"http:\/\/www.visit-ulcinj.com\/blog\/wp-content\/uploads\/2014\/10\/autostrada-Adriatik-Jon-Mali-i-Zi.jpg"}],"twitter_misc":{"Written by":"ulqini","Est. reading time":"1 minute"},"schema":{"@context":"https:\/\/schema.org","@graph":[{"@type":"WebSite","@id":"https:\/\/www.visit-ulcinj.com\/blog\/#website","url":"https:\/\/www.visit-ulcinj.com\/blog\/","name":"Lajme nga Ulqini","description":"Lajme,Vijesti,Ulqini,Ulqin,Crna Gora,Mali i Zi","potentialAction":[{"@type":"SearchAction","target":{"@type":"EntryPoint","urlTemplate":"https:\/\/www.visit-ulcinj.com\/blog\/?s={search_term_string}"},"query-input":"required name=search_term_string"}],"inLanguage":"en-US"},{"@type":"ImageObject","inLanguage":"en-US","@id":"https:\/\/www.visit-ulcinj.com\/blog\/2014\/10\/30\/mbi-nje-miliard-euro-te-kushtonte-ndertimi-autostrades-adriatik-jon-ne-mal-te-zi\/#primaryimage","url":"https:\/\/www.visit-ulcinj.com\/blog\/wp-content\/uploads\/2014\/10\/autostrada-Adriatik-Jon-Mali-i-Zi.jpg","contentUrl":"https:\/\/www.visit-ulcinj.com\/blog\/wp-content\/uploads\/2014\/10\/autostrada-Adriatik-Jon-Mali-i-Zi.jpg","width":646,"height":445},{"@type":"WebPage","@id":"https:\/\/www.visit-ulcinj.com\/blog\/2014\/10\/30\/mbi-nje-miliard-euro-te-kushtonte-ndertimi-autostrades-adriatik-jon-ne-mal-te-zi\/#webpage","url":"https:\/\/www.visit-ulcinj.com\/blog\/2014\/10\/30\/mbi-nje-miliard-euro-te-kushtonte-ndertimi-autostrades-adriatik-jon-ne-mal-te-zi\/","name":"Mbi nj\u00eb miliard euro do t\u00eb kushtonte nd\u00ebrtimi i autostrad\u00ebs Adriatik-Jon n\u00eb Mal t\u00eb Zi - Lajme nga Ulqini","isPartOf":{"@id":"https:\/\/www.visit-ulcinj.com\/blog\/#website"},"primaryImageOfPage":{"@id":"https:\/\/www.visit-ulcinj.com\/blog\/2014\/10\/30\/mbi-nje-miliard-euro-te-kushtonte-ndertimi-autostrades-adriatik-jon-ne-mal-te-zi\/#primaryimage"},"datePublished":"2014-10-30T08:58:45+00:00","dateModified":"2014-10-30T08:58:45+00:00","author":{"@id":"https:\/\/www.visit-ulcinj.com\/blog\/#\/schema\/person\/dcab619c614d3038751c63bc2aadc06d"},"description":"Podgoric\u00eb, 28 tetor 2014 (MIA) - Nd\u00ebrtimi i rreth 95 kilometrave t\u00eb autostrad\u00ebs Adriatik-Jon p\u00ebrmes Malit t\u00eb Zi do t\u00eb kushtonte mbi nj\u00eb miliard euro,","breadcrumb":{"@id":"https:\/\/www.visit-ulcinj.com\/blog\/2014\/10\/30\/mbi-nje-miliard-euro-te-kushtonte-ndertimi-autostrades-adriatik-jon-ne-mal-te-zi\/#breadcrumb"},"inLanguage":"en-US","potentialAction":[{"@type":"ReadAction","target":["https:\/\/www.visit-ulcinj.com\/blog\/2014\/10\/30\/mbi-nje-miliard-euro-te-kushtonte-ndertimi-autostrades-adriatik-jon-ne-mal-te-zi\/"]}]},{"@type":"BreadcrumbList","@id":"https:\/\/www.visit-ulcinj.com\/blog\/2014\/10\/30\/mbi-nje-miliard-euro-te-kushtonte-ndertimi-autostrades-adriatik-jon-ne-mal-te-zi\/#breadcrumb","itemListElement":[{"@type":"ListItem","position":1,"name":"Mbi nj\u00eb miliard euro do t\u00eb kushtonte nd\u00ebrtimi i autostrad\u00ebs Adriatik-Jon n\u00eb Mal t\u00eb Zi"}]},{"@type":"Person","@id":"https:\/\/www.visit-ulcinj.com\/blog\/#\/schema\/person\/dcab619c614d3038751c63bc2aadc06d","name":"ulqini","sameAs":["http:\/\/www.visit-ulcinj.com"],"url":"https:\/\/www.visit-ulcinj.com\/blog\/author\/admin\/"}]}},"jetpack_featured_media_url":"","jetpack_sharing_enabled":true,"jetpack_shortlink":"https:\/\/wp.me\/pe6lTn-mmF","_links":{"self":[{"href":"https:\/\/www.visit-ulcinj.com\/blog\/wp-json\/wp\/v2\/posts\/85973"}],"collection":[{"href":"https:\/\/www.visit-ulcinj.com\/blog\/wp-json\/wp\/v2\/posts"}],"about":[{"href":"https:\/\/www.visit-ulcinj.com\/blog\/wp-json\/wp\/v2\/types\/post"}],"author":[{"embeddable":true,"href":"https:\/\/www.visit-ulcinj.com\/blog\/wp-json\/wp\/v2\/users\/1"}],"replies":[{"embeddable":true,"href":"https:\/\/www.visit-ulcinj.com\/blog\/wp-json\/wp\/v2\/comments?post=85973"}],"version-history":[{"count":1,"href":"https:\/\/www.visit-ulcinj.com\/blog\/wp-json\/wp\/v2\/posts\/85973\/revisions"}],"predecessor-version":[{"id":85975,"href":"https:\/\/www.visit-ulcinj.com\/blog\/wp-json\/wp\/v2\/posts\/85973\/revisions\/85975"}],"wp:attachment":[{"href":"https:\/\/www.visit-ulcinj.com\/blog\/wp-json\/wp\/v2\/media?parent=85973"}],"wp:term":[{"taxonomy":"category","embeddable":true,"href":"https:\/\/www.visit-ulcinj.com\/blog\/wp-json\/wp\/v2\/categories?post=85973"},{"taxonomy":"post_tag","embeddable":true,"href":"https:\/\/www.visit-ulcinj.com\/blog\/wp-json\/wp\/v2\/tags?post=85973"}],"curies":[{"name":"wp","href":"https:\/\/api.w.org\/{rel}","templated":true}]}}