{"id":85976,"date":"2014-10-30T10:41:06","date_gmt":"2014-10-30T09:41:06","guid":{"rendered":"http:\/\/www.visit-ulcinj.com\/blog\/?p=85976"},"modified":"2014-10-30T10:46:38","modified_gmt":"2014-10-30T09:46:38","slug":"ekskluzive-klan-kosova-identifikohen-eshtrat-autentike-te-isa-boletinit-video","status":"publish","type":"post","link":"https:\/\/www.visit-ulcinj.com\/blog\/2014\/10\/30\/ekskluzive-klan-kosova-identifikohen-eshtrat-autentike-te-isa-boletinit-video\/","title":{"rendered":"Ekskluzive Klan Kosova: Identifikohen eshtrat autentike t\u00eb Isa Boletinit &#8211; Video"},"content":{"rendered":"<p><a href=\"http:\/\/www.visit-ulcinj.com\/blog\/wp-content\/uploads\/2014\/02\/Isa-Boletini.jpg\"><img loading=\"lazy\" class=\"alignleft wp-image-79571\" src=\"http:\/\/www.visit-ulcinj.com\/blog\/wp-content\/uploads\/2014\/02\/Isa-Boletini.jpg\" alt=\"Isa-Boletini\" width=\"508\" height=\"398\" srcset=\"https:\/\/www.visit-ulcinj.com\/blog\/wp-content\/uploads\/2014\/02\/Isa-Boletini.jpg 511w, https:\/\/www.visit-ulcinj.com\/blog\/wp-content\/uploads\/2014\/02\/Isa-Boletini-300x234.jpg 300w\" sizes=\"(max-width: 508px) 100vw, 508px\" \/><\/a>Jan\u00eb identifikuar p\u00ebrfundimisht eshtrat e heroit komb\u00ebtar Isa Boletini.<\/p>\n<p>Nj\u00eb gj\u00eb e till\u00eb \u00ebsht\u00eb b\u00ebr\u00eb pas analizave q\u00eb u zhvilluan me k\u00ebrkes\u00eb t\u00eb familjes Boletini n\u00eb Strasburg t\u00eb Franc\u00ebs.<\/p>\n<p><a href=\"http:\/\/www.visit-ulcinj.com\/blog\/wp-content\/uploads\/2014\/10\/Identifikohen-eshtrat-autentike-t\u00eb-Isa-Boletinit.jpg\"><img loading=\"lazy\" class=\"alignleft wp-image-85977\" src=\"http:\/\/www.visit-ulcinj.com\/blog\/wp-content\/uploads\/2014\/10\/Identifikohen-eshtrat-autentike-t\u00eb-Isa-Boletinit.jpg\" alt=\"Identifikohen eshtrat autentike t\u00eb Isa Boletinit\" width=\"508\" height=\"406\" srcset=\"https:\/\/www.visit-ulcinj.com\/blog\/wp-content\/uploads\/2014\/10\/Identifikohen-eshtrat-autentike-t\u00eb-Isa-Boletinit.jpg 860w, https:\/\/www.visit-ulcinj.com\/blog\/wp-content\/uploads\/2014\/10\/Identifikohen-eshtrat-autentike-t\u00eb-Isa-Boletinit-300x240.jpg 300w\" sizes=\"(max-width: 508px) 100vw, 508px\" \/><\/a><\/p>\n<p>Dokumentin q\u00eb e ka siguruar Klan Kosova dhe i n\u00ebnshkruar nga Drjetori i Institutit t\u00eb Mjek\u00ebsis\u00eb Ligjore Arsim G\u00ebrxaliu thekson se n\u00eb laboratorin e Franc\u00ebs jan\u00eb b\u00ebr\u00eb n\u00eb m\u00ebnyr\u00eb klasike.<\/p>\n<p>&#8220;\u00cbsht\u00eb nj\u00eb moment i shum\u00ebpritur&#8221;, tha n\u00eb InfoMagazin\u00eb t\u00eb Klan Kosov\u00ebs, Gazmend Boletini, st\u00ebrnip i Isa Boletinit.<\/p>\n<p>Z\u00ebri<\/p>\n<p><iframe loading=\"lazy\" src=\"\/\/www.youtube.com\/embed\/oURI2HUfYKA\" width=\"508\" height=\"360\" frameborder=\"0\" allowfullscreen=\"allowfullscreen\"><\/iframe><\/p>\n","protected":false},"excerpt":{"rendered":"<p>Jan\u00eb identifikuar p\u00ebrfundimisht eshtrat e heroit komb\u00ebtar Isa Boletini. Nj\u00eb gj\u00eb e till\u00eb \u00ebsht\u00eb b\u00ebr\u00eb pas analizave q\u00eb u zhvilluan me k\u00ebrkes\u00eb t\u00eb familjes Boletini n\u00eb Strasburg t\u00eb Franc\u00ebs. Dokumentin q\u00eb e ka siguruar Klan Kosova dhe i n\u00ebnshkruar nga Drjetori i Institutit t\u00eb Mjek\u00ebsis\u00eb Ligjore Arsim G\u00ebrxaliu thekson se n\u00eb laboratorin e Franc\u00ebs jan\u00eb [&hellip;]<\/p>\n","protected":false},"author":1,"featured_media":0,"comment_status":"closed","ping_status":"closed","sticky":false,"template":"","format":"standard","meta":{"spay_email":"","jetpack_publicize_message":"","jetpack_is_tweetstorm":false,"jetpack_publicize_feature_enabled":true},"categories":[12],"tags":[],"jetpack_publicize_connections":[],"yoast_head":"<!-- This site is optimized with the Yoast SEO plugin v19.1 - https:\/\/yoast.com\/wordpress\/plugins\/seo\/ -->\n<title>Ekskluzive Klan Kosova: Identifikohen eshtrat autentike t\u00eb Isa Boletinit - Video - Lajme nga Ulqini<\/title>\n<meta name=\"description\" content=\"Jan\u00eb identifikuar p\u00ebrfundimisht eshtrat e heroit komb\u00ebtar Isa Boletini. Nj\u00eb gj\u00eb e till\u00eb \u00ebsht\u00eb b\u00ebr\u00eb pas analizave q\u00eb u zhvilluan me k\u00ebrkes\u00eb t\u00eb familjes\" \/>\n<meta name=\"robots\" content=\"index, follow, max-snippet:-1, max-image-preview:large, max-video-preview:-1\" \/>\n<link rel=\"canonical\" href=\"https:\/\/www.visit-ulcinj.com\/blog\/2014\/10\/30\/ekskluzive-klan-kosova-identifikohen-eshtrat-autentike-te-isa-boletinit-video\/\" \/>\n<meta property=\"og:locale\" content=\"en_US\" \/>\n<meta property=\"og:type\" content=\"article\" \/>\n<meta property=\"og:title\" content=\"Ekskluzive Klan Kosova: Identifikohen eshtrat autentike t\u00eb Isa Boletinit - Video - Lajme nga Ulqini\" \/>\n<meta property=\"og:description\" content=\"Jan\u00eb identifikuar p\u00ebrfundimisht eshtrat e heroit komb\u00ebtar Isa Boletini. Nj\u00eb gj\u00eb e till\u00eb \u00ebsht\u00eb b\u00ebr\u00eb pas analizave q\u00eb u zhvilluan me k\u00ebrkes\u00eb t\u00eb familjes\" \/>\n<meta property=\"og:url\" content=\"https:\/\/www.visit-ulcinj.com\/blog\/2014\/10\/30\/ekskluzive-klan-kosova-identifikohen-eshtrat-autentike-te-isa-boletinit-video\/\" \/>\n<meta property=\"og:site_name\" content=\"Lajme nga Ulqini\" \/>\n<meta property=\"article:published_time\" content=\"2014-10-30T09:41:06+00:00\" \/>\n<meta property=\"article:modified_time\" content=\"2014-10-30T09:46:38+00:00\" \/>\n<meta property=\"og:image\" content=\"http:\/\/www.visit-ulcinj.com\/blog\/wp-content\/uploads\/2014\/02\/Isa-Boletini.jpg\" \/>\n<meta name=\"twitter:label1\" content=\"Written by\" \/>\n\t<meta name=\"twitter:data1\" content=\"ulqini\" \/>\n<script type=\"application\/ld+json\" class=\"yoast-schema-graph\">{\"@context\":\"https:\/\/schema.org\",\"@graph\":[{\"@type\":\"WebSite\",\"@id\":\"https:\/\/www.visit-ulcinj.com\/blog\/#website\",\"url\":\"https:\/\/www.visit-ulcinj.com\/blog\/\",\"name\":\"Lajme nga Ulqini\",\"description\":\"Lajme,Vijesti,Ulqini,Ulqin,Crna Gora,Mali i Zi\",\"potentialAction\":[{\"@type\":\"SearchAction\",\"target\":{\"@type\":\"EntryPoint\",\"urlTemplate\":\"https:\/\/www.visit-ulcinj.com\/blog\/?s={search_term_string}\"},\"query-input\":\"required name=search_term_string\"}],\"inLanguage\":\"en-US\"},{\"@type\":\"ImageObject\",\"inLanguage\":\"en-US\",\"@id\":\"https:\/\/www.visit-ulcinj.com\/blog\/2014\/10\/30\/ekskluzive-klan-kosova-identifikohen-eshtrat-autentike-te-isa-boletinit-video\/#primaryimage\",\"url\":\"https:\/\/www.visit-ulcinj.com\/blog\/wp-content\/uploads\/2014\/02\/Isa-Boletini.jpg\",\"contentUrl\":\"https:\/\/www.visit-ulcinj.com\/blog\/wp-content\/uploads\/2014\/02\/Isa-Boletini.jpg\",\"width\":511,\"height\":400},{\"@type\":\"WebPage\",\"@id\":\"https:\/\/www.visit-ulcinj.com\/blog\/2014\/10\/30\/ekskluzive-klan-kosova-identifikohen-eshtrat-autentike-te-isa-boletinit-video\/#webpage\",\"url\":\"https:\/\/www.visit-ulcinj.com\/blog\/2014\/10\/30\/ekskluzive-klan-kosova-identifikohen-eshtrat-autentike-te-isa-boletinit-video\/\",\"name\":\"Ekskluzive Klan Kosova: Identifikohen eshtrat autentike t\u00eb Isa Boletinit - Video - Lajme nga Ulqini\",\"isPartOf\":{\"@id\":\"https:\/\/www.visit-ulcinj.com\/blog\/#website\"},\"primaryImageOfPage\":{\"@id\":\"https:\/\/www.visit-ulcinj.com\/blog\/2014\/10\/30\/ekskluzive-klan-kosova-identifikohen-eshtrat-autentike-te-isa-boletinit-video\/#primaryimage\"},\"datePublished\":\"2014-10-30T09:41:06+00:00\",\"dateModified\":\"2014-10-30T09:46:38+00:00\",\"author\":{\"@id\":\"https:\/\/www.visit-ulcinj.com\/blog\/#\/schema\/person\/dcab619c614d3038751c63bc2aadc06d\"},\"description\":\"Jan\u00eb identifikuar p\u00ebrfundimisht eshtrat e heroit komb\u00ebtar Isa Boletini. Nj\u00eb gj\u00eb e till\u00eb \u00ebsht\u00eb b\u00ebr\u00eb pas analizave q\u00eb u zhvilluan me k\u00ebrkes\u00eb t\u00eb familjes\",\"breadcrumb\":{\"@id\":\"https:\/\/www.visit-ulcinj.com\/blog\/2014\/10\/30\/ekskluzive-klan-kosova-identifikohen-eshtrat-autentike-te-isa-boletinit-video\/#breadcrumb\"},\"inLanguage\":\"en-US\",\"potentialAction\":[{\"@type\":\"ReadAction\",\"target\":[\"https:\/\/www.visit-ulcinj.com\/blog\/2014\/10\/30\/ekskluzive-klan-kosova-identifikohen-eshtrat-autentike-te-isa-boletinit-video\/\"]}]},{\"@type\":\"BreadcrumbList\",\"@id\":\"https:\/\/www.visit-ulcinj.com\/blog\/2014\/10\/30\/ekskluzive-klan-kosova-identifikohen-eshtrat-autentike-te-isa-boletinit-video\/#breadcrumb\",\"itemListElement\":[{\"@type\":\"ListItem\",\"position\":1,\"name\":\"Ekskluzive Klan Kosova: Identifikohen eshtrat autentike t\u00eb Isa Boletinit &#8211; Video\"}]},{\"@type\":\"Person\",\"@id\":\"https:\/\/www.visit-ulcinj.com\/blog\/#\/schema\/person\/dcab619c614d3038751c63bc2aadc06d\",\"name\":\"ulqini\",\"sameAs\":[\"http:\/\/www.visit-ulcinj.com\"],\"url\":\"https:\/\/www.visit-ulcinj.com\/blog\/author\/admin\/\"}]}<\/script>\n<!-- \/ Yoast SEO plugin. -->","yoast_head_json":{"title":"Ekskluzive Klan Kosova: Identifikohen eshtrat autentike t\u00eb Isa Boletinit - Video - Lajme nga Ulqini","description":"Jan\u00eb identifikuar p\u00ebrfundimisht eshtrat e heroit komb\u00ebtar Isa Boletini. Nj\u00eb gj\u00eb e till\u00eb \u00ebsht\u00eb b\u00ebr\u00eb pas analizave q\u00eb u zhvilluan me k\u00ebrkes\u00eb t\u00eb familjes","robots":{"index":"index","follow":"follow","max-snippet":"max-snippet:-1","max-image-preview":"max-image-preview:large","max-video-preview":"max-video-preview:-1"},"canonical":"https:\/\/www.visit-ulcinj.com\/blog\/2014\/10\/30\/ekskluzive-klan-kosova-identifikohen-eshtrat-autentike-te-isa-boletinit-video\/","og_locale":"en_US","og_type":"article","og_title":"Ekskluzive Klan Kosova: Identifikohen eshtrat autentike t\u00eb Isa Boletinit - Video - Lajme nga Ulqini","og_description":"Jan\u00eb identifikuar p\u00ebrfundimisht eshtrat e heroit komb\u00ebtar Isa Boletini. Nj\u00eb gj\u00eb e till\u00eb \u00ebsht\u00eb b\u00ebr\u00eb pas analizave q\u00eb u zhvilluan me k\u00ebrkes\u00eb t\u00eb familjes","og_url":"https:\/\/www.visit-ulcinj.com\/blog\/2014\/10\/30\/ekskluzive-klan-kosova-identifikohen-eshtrat-autentike-te-isa-boletinit-video\/","og_site_name":"Lajme nga Ulqini","article_published_time":"2014-10-30T09:41:06+00:00","article_modified_time":"2014-10-30T09:46:38+00:00","og_image":[{"url":"http:\/\/www.visit-ulcinj.com\/blog\/wp-content\/uploads\/2014\/02\/Isa-Boletini.jpg"}],"twitter_misc":{"Written by":"ulqini"},"schema":{"@context":"https:\/\/schema.org","@graph":[{"@type":"WebSite","@id":"https:\/\/www.visit-ulcinj.com\/blog\/#website","url":"https:\/\/www.visit-ulcinj.com\/blog\/","name":"Lajme nga Ulqini","description":"Lajme,Vijesti,Ulqini,Ulqin,Crna Gora,Mali i Zi","potentialAction":[{"@type":"SearchAction","target":{"@type":"EntryPoint","urlTemplate":"https:\/\/www.visit-ulcinj.com\/blog\/?s={search_term_string}"},"query-input":"required name=search_term_string"}],"inLanguage":"en-US"},{"@type":"ImageObject","inLanguage":"en-US","@id":"https:\/\/www.visit-ulcinj.com\/blog\/2014\/10\/30\/ekskluzive-klan-kosova-identifikohen-eshtrat-autentike-te-isa-boletinit-video\/#primaryimage","url":"https:\/\/www.visit-ulcinj.com\/blog\/wp-content\/uploads\/2014\/02\/Isa-Boletini.jpg","contentUrl":"https:\/\/www.visit-ulcinj.com\/blog\/wp-content\/uploads\/2014\/02\/Isa-Boletini.jpg","width":511,"height":400},{"@type":"WebPage","@id":"https:\/\/www.visit-ulcinj.com\/blog\/2014\/10\/30\/ekskluzive-klan-kosova-identifikohen-eshtrat-autentike-te-isa-boletinit-video\/#webpage","url":"https:\/\/www.visit-ulcinj.com\/blog\/2014\/10\/30\/ekskluzive-klan-kosova-identifikohen-eshtrat-autentike-te-isa-boletinit-video\/","name":"Ekskluzive Klan Kosova: Identifikohen eshtrat autentike t\u00eb Isa Boletinit - Video - Lajme nga Ulqini","isPartOf":{"@id":"https:\/\/www.visit-ulcinj.com\/blog\/#website"},"primaryImageOfPage":{"@id":"https:\/\/www.visit-ulcinj.com\/blog\/2014\/10\/30\/ekskluzive-klan-kosova-identifikohen-eshtrat-autentike-te-isa-boletinit-video\/#primaryimage"},"datePublished":"2014-10-30T09:41:06+00:00","dateModified":"2014-10-30T09:46:38+00:00","author":{"@id":"https:\/\/www.visit-ulcinj.com\/blog\/#\/schema\/person\/dcab619c614d3038751c63bc2aadc06d"},"description":"Jan\u00eb identifikuar p\u00ebrfundimisht eshtrat e heroit komb\u00ebtar Isa Boletini. Nj\u00eb gj\u00eb e till\u00eb \u00ebsht\u00eb b\u00ebr\u00eb pas analizave q\u00eb u zhvilluan me k\u00ebrkes\u00eb t\u00eb familjes","breadcrumb":{"@id":"https:\/\/www.visit-ulcinj.com\/blog\/2014\/10\/30\/ekskluzive-klan-kosova-identifikohen-eshtrat-autentike-te-isa-boletinit-video\/#breadcrumb"},"inLanguage":"en-US","potentialAction":[{"@type":"ReadAction","target":["https:\/\/www.visit-ulcinj.com\/blog\/2014\/10\/30\/ekskluzive-klan-kosova-identifikohen-eshtrat-autentike-te-isa-boletinit-video\/"]}]},{"@type":"BreadcrumbList","@id":"https:\/\/www.visit-ulcinj.com\/blog\/2014\/10\/30\/ekskluzive-klan-kosova-identifikohen-eshtrat-autentike-te-isa-boletinit-video\/#breadcrumb","itemListElement":[{"@type":"ListItem","position":1,"name":"Ekskluzive Klan Kosova: Identifikohen eshtrat autentike t\u00eb Isa Boletinit &#8211; Video"}]},{"@type":"Person","@id":"https:\/\/www.visit-ulcinj.com\/blog\/#\/schema\/person\/dcab619c614d3038751c63bc2aadc06d","name":"ulqini","sameAs":["http:\/\/www.visit-ulcinj.com"],"url":"https:\/\/www.visit-ulcinj.com\/blog\/author\/admin\/"}]}},"jetpack_featured_media_url":"","jetpack_sharing_enabled":true,"jetpack_shortlink":"https:\/\/wp.me\/pe6lTn-mmI","_links":{"self":[{"href":"https:\/\/www.visit-ulcinj.com\/blog\/wp-json\/wp\/v2\/posts\/85976"}],"collection":[{"href":"https:\/\/www.visit-ulcinj.com\/blog\/wp-json\/wp\/v2\/posts"}],"about":[{"href":"https:\/\/www.visit-ulcinj.com\/blog\/wp-json\/wp\/v2\/types\/post"}],"author":[{"embeddable":true,"href":"https:\/\/www.visit-ulcinj.com\/blog\/wp-json\/wp\/v2\/users\/1"}],"replies":[{"embeddable":true,"href":"https:\/\/www.visit-ulcinj.com\/blog\/wp-json\/wp\/v2\/comments?post=85976"}],"version-history":[{"count":2,"href":"https:\/\/www.visit-ulcinj.com\/blog\/wp-json\/wp\/v2\/posts\/85976\/revisions"}],"predecessor-version":[{"id":85979,"href":"https:\/\/www.visit-ulcinj.com\/blog\/wp-json\/wp\/v2\/posts\/85976\/revisions\/85979"}],"wp:attachment":[{"href":"https:\/\/www.visit-ulcinj.com\/blog\/wp-json\/wp\/v2\/media?parent=85976"}],"wp:term":[{"taxonomy":"category","embeddable":true,"href":"https:\/\/www.visit-ulcinj.com\/blog\/wp-json\/wp\/v2\/categories?post=85976"},{"taxonomy":"post_tag","embeddable":true,"href":"https:\/\/www.visit-ulcinj.com\/blog\/wp-json\/wp\/v2\/tags?post=85976"}],"curies":[{"name":"wp","href":"https:\/\/api.w.org\/{rel}","templated":true}]}}