{"id":85983,"date":"2014-10-30T12:39:09","date_gmt":"2014-10-30T11:39:09","guid":{"rendered":"http:\/\/www.visit-ulcinj.com\/blog\/?p=85983"},"modified":"2014-10-30T12:39:09","modified_gmt":"2014-10-30T11:39:09","slug":"bivsi-direktor-ljubo-gazivoda-zeli-solanu-u-zakup","status":"publish","type":"post","link":"https:\/\/www.visit-ulcinj.com\/blog\/2014\/10\/30\/bivsi-direktor-ljubo-gazivoda-zeli-solanu-u-zakup\/","title":{"rendered":"Biv\u0161i direktor  Ljubo Gazivoda \u017eeli Solanu u zakup"},"content":{"rendered":"<p><a href=\"http:\/\/www.visit-ulcinj.com\/blog\/wp-content\/uploads\/2014\/10\/Ljubo-Gazivoda.jpg\"><img loading=\"lazy\" class=\"alignleft wp-image-85984\" src=\"http:\/\/www.visit-ulcinj.com\/blog\/wp-content\/uploads\/2014\/10\/Ljubo-Gazivoda.jpg\" alt=\"Ljubo Gazivoda\" width=\"508\" height=\"463\" srcset=\"https:\/\/www.visit-ulcinj.com\/blog\/wp-content\/uploads\/2014\/10\/Ljubo-Gazivoda.jpg 900w, https:\/\/www.visit-ulcinj.com\/blog\/wp-content\/uploads\/2014\/10\/Ljubo-Gazivoda-300x273.jpg 300w\" sizes=\"(max-width: 508px) 100vw, 508px\" \/><\/a>Na novi tender za zakup ulcinjske Solane jo\u0161 nije stigla nijedna ponuda, ali je vi\u0161e nego izvjesno da \u0107e u trku u\u0107i biv\u0161i izvr\u0161ni direktor fabrike Ljubo Gazivoda, koji se sada bavi preradom i prodajom uvozne soli, saznaju \u201cVijesti\u201d.<\/p>\n<p>Ste\u010dajni upravnik Solane Ognjen Jovovi\u0107 potvrdio je \u201cVijestima\u201d da do sada nisu dobili ponudu.<span id=\"more-67416\"><\/span><\/p>\n<p>\u201cImao sam nekoliko razgovora ali ni\u0161ta konkretno. Rok za prijave jo\u0161 traje\u201d, kazao je Jovovi\u0107.<\/p>\n<p>Gazivoda je kazao da nije bio u Crnoj Gori kada je raspisan tender.<\/p>\n<p>\u201cUglavnom znam o \u010demu se radi, ali ne i sve detalje. Vjerovatno \u0107u, nakon \u0161to detaljno pro\u010ditam uslove, dostaviti ponudu\u201d, kazao je Gazivoda \u201cVijestima\u201d. Na sajtu DPS-a pi\u0161e da je Gazivoda \u010dlan ulcinjskog odbora te partije.<\/p>\n<p>On je ima namjeru da ponudu dostavi i na prvom tenderu za zakup, ali je odustao, jer kako je naveo, uprava nije definisala detalje. Tada je kazao da u obzir dolazi samo zakup na du\u017ee staze ocjenjuju\u0107i da je rok od godinu ili dvije neprihavatljiv jer se profit mo\u017ee o\u010dekivati tek nakon tre\u0107e ili \u010detvrte berbe.<\/p>\n<div id=\"c7028_5_5\" class=\"sam-container sam-place\" data-sam=\"0\"><\/div>\n<p>Tender je objavljen 18. oktobra i traje do 18. novembra, a period zakupa nije naveden ve\u0107 ga ponu\u0111a\u010di trebaju predlo\u017eiti u ponudi.<\/p>\n<p>Uprava je prethodno odustala od prodaje imovine preduze\u0107a, nakon \u0161to je nedavno propao i 11. poku\u0161aj da se po cijeni od 179 miliona eura prodaju objekti, oprema i zemlji\u0161te od 15 miliona kvadrata. U pozivu o poslovno tehni\u010dkoj saradnji isti\u010de se da je potencijalni zakupac obavezan da organizuje proizvodnju i preradu soli na terenima i sa opremom solane ili da obavlja srodne djelatnosti kompatibilne prostornim, prirodnim i materijalnim potencijalima preduze\u0107a. Tako\u0111e, zakupac treba da otkupi sve zalihe sirove i upakovane soli, rezervne djelove i ambala\u017eu, kao i da obezbijedi stru\u010dni kadar za realizaciju poslovno-tehni\u010dke saradnje.<\/p>\n<p>Uprava je paralelno raspisala i poziv za prodaju zaliha sirove soli, koja se nalazi lagerovana u krugu fabrike. Na prodaju je ponu\u0111eno oko 3,5 hiljada tona soli, po po\u010detnoj cijeni od 39 eura za tonu, uve\u0107ano za porez na dodatu vrijednost.<\/p>\n<p>Solanu je od 2003. kontrolisao podgori\u010dki biznismen Veselin Barovi\u0107 preko Eurofonda, koji je kupio kontrolni paket akcija za 800 hiljada eura.<\/p>\n<p>Od kada je nedavno iza\u0161ao iz Eurofonda, najstarije ulcinjsko preduze\u0107e kontroli\u0161u ljudi bliski njemu. U kompaniju je 2005. uveden programirani ste\u010daj zbog duga od 13 hiljada eura. \u0160est godina kasnije, uveden je klasi\u010dni ste\u010daj koji je rezultirao otpu\u0161tanjem svih radnika. Solana je danas potpuno zapu\u0161tena, u fabrici nema ni struje, a Vlada je zbog ste\u010daja oduzela koncesije za vodu. Zbog svega toga, ugro\u017een je cjelokupni eko sistem u tom dijelu grada jer solana ve\u0107 mjesecima ne ispumpava svje\u017eu morsku vodu u zaga\u0111eni kanal Port Milena.<\/p>\n<p><span class=\"credits__author\">Samir Adrovi\u0107<\/span><\/p>\n<p><strong>Izvor + Foto: VIJESTI ONLINE<\/strong><\/p>\n","protected":false},"excerpt":{"rendered":"<p>Na novi tender za zakup ulcinjske Solane jo\u0161 nije stigla nijedna ponuda, ali je vi\u0161e nego izvjesno da \u0107e u trku u\u0107i biv\u0161i izvr\u0161ni direktor fabrike Ljubo Gazivoda, koji se sada bavi preradom i prodajom uvozne soli, saznaju \u201cVijesti\u201d. Ste\u010dajni upravnik Solane Ognjen Jovovi\u0107 potvrdio je \u201cVijestima\u201d da do sada nisu dobili ponudu. \u201cImao sam [&hellip;]<\/p>\n","protected":false},"author":1,"featured_media":0,"comment_status":"closed","ping_status":"closed","sticky":false,"template":"","format":"standard","meta":{"spay_email":"","jetpack_publicize_message":"","jetpack_is_tweetstorm":false,"jetpack_publicize_feature_enabled":true},"categories":[8337],"tags":[],"jetpack_publicize_connections":[],"yoast_head":"<!-- This site is optimized with the Yoast SEO plugin v19.1 - https:\/\/yoast.com\/wordpress\/plugins\/seo\/ -->\n<title>Biv\u0161i direktor Ljubo Gazivoda \u017eeli Solanu u zakup - Lajme nga Ulqini<\/title>\n<meta name=\"description\" content=\"Na novi tender za zakup ulcinjske Solane jo\u0161 nije stigla nijedna ponuda, ali je vi\u0161e nego izvjesno da \u0107e u trku u\u0107i biv\u0161i izvr\u0161ni direktor fabrike Ljubo\" \/>\n<meta name=\"robots\" content=\"index, follow, max-snippet:-1, max-image-preview:large, max-video-preview:-1\" \/>\n<link rel=\"canonical\" href=\"https:\/\/www.visit-ulcinj.com\/blog\/2014\/10\/30\/bivsi-direktor-ljubo-gazivoda-zeli-solanu-u-zakup\/\" \/>\n<meta property=\"og:locale\" content=\"en_US\" \/>\n<meta property=\"og:type\" content=\"article\" \/>\n<meta property=\"og:title\" content=\"Biv\u0161i direktor Ljubo Gazivoda \u017eeli Solanu u zakup - Lajme nga Ulqini\" \/>\n<meta property=\"og:description\" content=\"Na novi tender za zakup ulcinjske Solane jo\u0161 nije stigla nijedna ponuda, ali je vi\u0161e nego izvjesno da \u0107e u trku u\u0107i biv\u0161i izvr\u0161ni direktor fabrike Ljubo\" \/>\n<meta property=\"og:url\" content=\"https:\/\/www.visit-ulcinj.com\/blog\/2014\/10\/30\/bivsi-direktor-ljubo-gazivoda-zeli-solanu-u-zakup\/\" \/>\n<meta property=\"og:site_name\" content=\"Lajme nga Ulqini\" \/>\n<meta property=\"article:published_time\" content=\"2014-10-30T11:39:09+00:00\" \/>\n<meta property=\"og:image\" content=\"http:\/\/www.visit-ulcinj.com\/blog\/wp-content\/uploads\/2014\/10\/Ljubo-Gazivoda.jpg\" \/>\n<meta name=\"twitter:label1\" content=\"Written by\" \/>\n\t<meta name=\"twitter:data1\" content=\"ulqini\" \/>\n\t<meta name=\"twitter:label2\" content=\"Est. reading time\" \/>\n\t<meta name=\"twitter:data2\" content=\"2 minutes\" \/>\n<script type=\"application\/ld+json\" class=\"yoast-schema-graph\">{\"@context\":\"https:\/\/schema.org\",\"@graph\":[{\"@type\":\"WebSite\",\"@id\":\"https:\/\/www.visit-ulcinj.com\/blog\/#website\",\"url\":\"https:\/\/www.visit-ulcinj.com\/blog\/\",\"name\":\"Lajme nga Ulqini\",\"description\":\"Lajme,Vijesti,Ulqini,Ulqin,Crna Gora,Mali i Zi\",\"potentialAction\":[{\"@type\":\"SearchAction\",\"target\":{\"@type\":\"EntryPoint\",\"urlTemplate\":\"https:\/\/www.visit-ulcinj.com\/blog\/?s={search_term_string}\"},\"query-input\":\"required name=search_term_string\"}],\"inLanguage\":\"en-US\"},{\"@type\":\"ImageObject\",\"inLanguage\":\"en-US\",\"@id\":\"https:\/\/www.visit-ulcinj.com\/blog\/2014\/10\/30\/bivsi-direktor-ljubo-gazivoda-zeli-solanu-u-zakup\/#primaryimage\",\"url\":\"https:\/\/www.visit-ulcinj.com\/blog\/wp-content\/uploads\/2014\/10\/Ljubo-Gazivoda.jpg\",\"contentUrl\":\"https:\/\/www.visit-ulcinj.com\/blog\/wp-content\/uploads\/2014\/10\/Ljubo-Gazivoda.jpg\",\"width\":900,\"height\":820},{\"@type\":\"WebPage\",\"@id\":\"https:\/\/www.visit-ulcinj.com\/blog\/2014\/10\/30\/bivsi-direktor-ljubo-gazivoda-zeli-solanu-u-zakup\/#webpage\",\"url\":\"https:\/\/www.visit-ulcinj.com\/blog\/2014\/10\/30\/bivsi-direktor-ljubo-gazivoda-zeli-solanu-u-zakup\/\",\"name\":\"Biv\u0161i direktor Ljubo Gazivoda \u017eeli Solanu u zakup - Lajme nga Ulqini\",\"isPartOf\":{\"@id\":\"https:\/\/www.visit-ulcinj.com\/blog\/#website\"},\"primaryImageOfPage\":{\"@id\":\"https:\/\/www.visit-ulcinj.com\/blog\/2014\/10\/30\/bivsi-direktor-ljubo-gazivoda-zeli-solanu-u-zakup\/#primaryimage\"},\"datePublished\":\"2014-10-30T11:39:09+00:00\",\"dateModified\":\"2014-10-30T11:39:09+00:00\",\"author\":{\"@id\":\"https:\/\/www.visit-ulcinj.com\/blog\/#\/schema\/person\/dcab619c614d3038751c63bc2aadc06d\"},\"description\":\"Na novi tender za zakup ulcinjske Solane jo\u0161 nije stigla nijedna ponuda, ali je vi\u0161e nego izvjesno da \u0107e u trku u\u0107i biv\u0161i izvr\u0161ni direktor fabrike Ljubo\",\"breadcrumb\":{\"@id\":\"https:\/\/www.visit-ulcinj.com\/blog\/2014\/10\/30\/bivsi-direktor-ljubo-gazivoda-zeli-solanu-u-zakup\/#breadcrumb\"},\"inLanguage\":\"en-US\",\"potentialAction\":[{\"@type\":\"ReadAction\",\"target\":[\"https:\/\/www.visit-ulcinj.com\/blog\/2014\/10\/30\/bivsi-direktor-ljubo-gazivoda-zeli-solanu-u-zakup\/\"]}]},{\"@type\":\"BreadcrumbList\",\"@id\":\"https:\/\/www.visit-ulcinj.com\/blog\/2014\/10\/30\/bivsi-direktor-ljubo-gazivoda-zeli-solanu-u-zakup\/#breadcrumb\",\"itemListElement\":[{\"@type\":\"ListItem\",\"position\":1,\"name\":\"Biv\u0161i direktor Ljubo Gazivoda \u017eeli Solanu u zakup\"}]},{\"@type\":\"Person\",\"@id\":\"https:\/\/www.visit-ulcinj.com\/blog\/#\/schema\/person\/dcab619c614d3038751c63bc2aadc06d\",\"name\":\"ulqini\",\"sameAs\":[\"http:\/\/www.visit-ulcinj.com\"],\"url\":\"https:\/\/www.visit-ulcinj.com\/blog\/author\/admin\/\"}]}<\/script>\n<!-- \/ Yoast SEO plugin. -->","yoast_head_json":{"title":"Biv\u0161i direktor Ljubo Gazivoda \u017eeli Solanu u zakup - Lajme nga Ulqini","description":"Na novi tender za zakup ulcinjske Solane jo\u0161 nije stigla nijedna ponuda, ali je vi\u0161e nego izvjesno da \u0107e u trku u\u0107i biv\u0161i izvr\u0161ni direktor fabrike Ljubo","robots":{"index":"index","follow":"follow","max-snippet":"max-snippet:-1","max-image-preview":"max-image-preview:large","max-video-preview":"max-video-preview:-1"},"canonical":"https:\/\/www.visit-ulcinj.com\/blog\/2014\/10\/30\/bivsi-direktor-ljubo-gazivoda-zeli-solanu-u-zakup\/","og_locale":"en_US","og_type":"article","og_title":"Biv\u0161i direktor Ljubo Gazivoda \u017eeli Solanu u zakup - Lajme nga Ulqini","og_description":"Na novi tender za zakup ulcinjske Solane jo\u0161 nije stigla nijedna ponuda, ali je vi\u0161e nego izvjesno da \u0107e u trku u\u0107i biv\u0161i izvr\u0161ni direktor fabrike Ljubo","og_url":"https:\/\/www.visit-ulcinj.com\/blog\/2014\/10\/30\/bivsi-direktor-ljubo-gazivoda-zeli-solanu-u-zakup\/","og_site_name":"Lajme nga Ulqini","article_published_time":"2014-10-30T11:39:09+00:00","og_image":[{"url":"http:\/\/www.visit-ulcinj.com\/blog\/wp-content\/uploads\/2014\/10\/Ljubo-Gazivoda.jpg"}],"twitter_misc":{"Written by":"ulqini","Est. reading time":"2 minutes"},"schema":{"@context":"https:\/\/schema.org","@graph":[{"@type":"WebSite","@id":"https:\/\/www.visit-ulcinj.com\/blog\/#website","url":"https:\/\/www.visit-ulcinj.com\/blog\/","name":"Lajme nga Ulqini","description":"Lajme,Vijesti,Ulqini,Ulqin,Crna Gora,Mali i Zi","potentialAction":[{"@type":"SearchAction","target":{"@type":"EntryPoint","urlTemplate":"https:\/\/www.visit-ulcinj.com\/blog\/?s={search_term_string}"},"query-input":"required name=search_term_string"}],"inLanguage":"en-US"},{"@type":"ImageObject","inLanguage":"en-US","@id":"https:\/\/www.visit-ulcinj.com\/blog\/2014\/10\/30\/bivsi-direktor-ljubo-gazivoda-zeli-solanu-u-zakup\/#primaryimage","url":"https:\/\/www.visit-ulcinj.com\/blog\/wp-content\/uploads\/2014\/10\/Ljubo-Gazivoda.jpg","contentUrl":"https:\/\/www.visit-ulcinj.com\/blog\/wp-content\/uploads\/2014\/10\/Ljubo-Gazivoda.jpg","width":900,"height":820},{"@type":"WebPage","@id":"https:\/\/www.visit-ulcinj.com\/blog\/2014\/10\/30\/bivsi-direktor-ljubo-gazivoda-zeli-solanu-u-zakup\/#webpage","url":"https:\/\/www.visit-ulcinj.com\/blog\/2014\/10\/30\/bivsi-direktor-ljubo-gazivoda-zeli-solanu-u-zakup\/","name":"Biv\u0161i direktor Ljubo Gazivoda \u017eeli Solanu u zakup - Lajme nga Ulqini","isPartOf":{"@id":"https:\/\/www.visit-ulcinj.com\/blog\/#website"},"primaryImageOfPage":{"@id":"https:\/\/www.visit-ulcinj.com\/blog\/2014\/10\/30\/bivsi-direktor-ljubo-gazivoda-zeli-solanu-u-zakup\/#primaryimage"},"datePublished":"2014-10-30T11:39:09+00:00","dateModified":"2014-10-30T11:39:09+00:00","author":{"@id":"https:\/\/www.visit-ulcinj.com\/blog\/#\/schema\/person\/dcab619c614d3038751c63bc2aadc06d"},"description":"Na novi tender za zakup ulcinjske Solane jo\u0161 nije stigla nijedna ponuda, ali je vi\u0161e nego izvjesno da \u0107e u trku u\u0107i biv\u0161i izvr\u0161ni direktor fabrike Ljubo","breadcrumb":{"@id":"https:\/\/www.visit-ulcinj.com\/blog\/2014\/10\/30\/bivsi-direktor-ljubo-gazivoda-zeli-solanu-u-zakup\/#breadcrumb"},"inLanguage":"en-US","potentialAction":[{"@type":"ReadAction","target":["https:\/\/www.visit-ulcinj.com\/blog\/2014\/10\/30\/bivsi-direktor-ljubo-gazivoda-zeli-solanu-u-zakup\/"]}]},{"@type":"BreadcrumbList","@id":"https:\/\/www.visit-ulcinj.com\/blog\/2014\/10\/30\/bivsi-direktor-ljubo-gazivoda-zeli-solanu-u-zakup\/#breadcrumb","itemListElement":[{"@type":"ListItem","position":1,"name":"Biv\u0161i direktor Ljubo Gazivoda \u017eeli Solanu u zakup"}]},{"@type":"Person","@id":"https:\/\/www.visit-ulcinj.com\/blog\/#\/schema\/person\/dcab619c614d3038751c63bc2aadc06d","name":"ulqini","sameAs":["http:\/\/www.visit-ulcinj.com"],"url":"https:\/\/www.visit-ulcinj.com\/blog\/author\/admin\/"}]}},"jetpack_featured_media_url":"","jetpack_sharing_enabled":true,"jetpack_shortlink":"https:\/\/wp.me\/pe6lTn-mmP","_links":{"self":[{"href":"https:\/\/www.visit-ulcinj.com\/blog\/wp-json\/wp\/v2\/posts\/85983"}],"collection":[{"href":"https:\/\/www.visit-ulcinj.com\/blog\/wp-json\/wp\/v2\/posts"}],"about":[{"href":"https:\/\/www.visit-ulcinj.com\/blog\/wp-json\/wp\/v2\/types\/post"}],"author":[{"embeddable":true,"href":"https:\/\/www.visit-ulcinj.com\/blog\/wp-json\/wp\/v2\/users\/1"}],"replies":[{"embeddable":true,"href":"https:\/\/www.visit-ulcinj.com\/blog\/wp-json\/wp\/v2\/comments?post=85983"}],"version-history":[{"count":1,"href":"https:\/\/www.visit-ulcinj.com\/blog\/wp-json\/wp\/v2\/posts\/85983\/revisions"}],"predecessor-version":[{"id":85985,"href":"https:\/\/www.visit-ulcinj.com\/blog\/wp-json\/wp\/v2\/posts\/85983\/revisions\/85985"}],"wp:attachment":[{"href":"https:\/\/www.visit-ulcinj.com\/blog\/wp-json\/wp\/v2\/media?parent=85983"}],"wp:term":[{"taxonomy":"category","embeddable":true,"href":"https:\/\/www.visit-ulcinj.com\/blog\/wp-json\/wp\/v2\/categories?post=85983"},{"taxonomy":"post_tag","embeddable":true,"href":"https:\/\/www.visit-ulcinj.com\/blog\/wp-json\/wp\/v2\/tags?post=85983"}],"curies":[{"name":"wp","href":"https:\/\/api.w.org\/{rel}","templated":true}]}}