{"id":85986,"date":"2014-10-30T14:48:48","date_gmt":"2014-10-30T13:48:48","guid":{"rendered":"http:\/\/www.visit-ulcinj.com\/blog\/?p=85986"},"modified":"2014-10-30T14:48:48","modified_gmt":"2014-10-30T13:48:48","slug":"studentet-perfundojne-stazhin-e-praktikes-profesionale-9-mujore-video","status":"publish","type":"post","link":"https:\/\/www.visit-ulcinj.com\/blog\/2014\/10\/30\/studentet-perfundojne-stazhin-e-praktikes-profesionale-9-mujore-video\/","title":{"rendered":"Student\u00ebt perfundojne stazhin e praktik\u00ebs profesionale 9 mujore &#8211; Video"},"content":{"rendered":"<p><strong><a href=\"http:\/\/www.visit-ulcinj.com\/blog\/wp-content\/uploads\/2014\/10\/Praktika-profesionale-ne-Hotel-Mediteran-Suzana-Taipi-Muja.jpg\"><img loading=\"lazy\" class=\"alignleft wp-image-85987\" src=\"http:\/\/www.visit-ulcinj.com\/blog\/wp-content\/uploads\/2014\/10\/Praktika-profesionale-ne-Hotel-Mediteran-Suzana-Taipi-Muja.jpg\" alt=\"Praktika profesionale ne Hotel Mediteran-Suzana-Taipi-Muja\" width=\"508\" height=\"339\" srcset=\"https:\/\/www.visit-ulcinj.com\/blog\/wp-content\/uploads\/2014\/10\/Praktika-profesionale-ne-Hotel-Mediteran-Suzana-Taipi-Muja.jpg 960w, https:\/\/www.visit-ulcinj.com\/blog\/wp-content\/uploads\/2014\/10\/Praktika-profesionale-ne-Hotel-Mediteran-Suzana-Taipi-Muja-300x200.jpg 300w\" sizes=\"(max-width: 508px) 100vw, 508px\" \/><\/a>Praktika profesionale ne Hotel Mediteran<\/strong><\/p>\n<p>N\u00eb koktelin e rastit p\u00ebr p\u00ebrfundimin e praktik\u00ebs profesionale 9 mujore, t\u00eb ftuar nderi ishin kryetari i komun\u00ebs s\u00eb Ulqinit z. Fatimir Gjeka, p\u00ebrfaq\u00ebsuesi I entit p\u00ebr pun\u00ebsim z.Hasan Gjoni, Drejtoresha e organizat\u00ebs turistike znj.Zana Sarvan dhe drejtoresha e televizionit local TVT znj. Ilmira Lika. Nd\u00ebr t\u00eb ftuar te tjer\u00eb ishin p\u00ebrfaq\u00ebsues t\u00eb organizatave jo qeveritare, UBA, BKA, NGO si dhe p\u00ebrfaq\u00ebsues t\u00eb mediva n\u00eb Malin e Zi.<\/p>\n<p>Programi u kordinua dhe drejtua nga Suzana Muja, menaxhere e marketingut n\u00eb hotelin Mediteran dhe Ibro Kocan, menaxheri I shitjeve n\u00eb hotelin Mediteran.<\/p>\n<p>E vecanta e takimit ishte dhe mysafirja nga Shkodra, dr.prof.ass Brilanda Bushati e cila dhe kordinoi praktiken profesionale ne Hotelin Mediteran. Kordinimi profesional dhe zbatimi i praktikave m\u00eb t\u00eb mira bot\u00ebrore u soll\u00ebn n\u00eb realitet n\u00eb k\u00ebt\u00eb cik\u00ebl praktike, t\u00eb cilat ia shtuan vler\u00ebn k\u00ebsaj ekperience.<\/p>\n<p><a href=\"http:\/\/www.visit-ulcinj.com\/blog\/wp-content\/uploads\/2014\/10\/Prof_Brilanda_Bushati_dhe_Selatin_Gjeloshi-Hotel-Mediteran-Ulqin.jpg\"><img loading=\"lazy\" class=\"alignleft wp-image-85988\" src=\"http:\/\/www.visit-ulcinj.com\/blog\/wp-content\/uploads\/2014\/10\/Prof_Brilanda_Bushati_dhe_Selatin_Gjeloshi-Hotel-Mediteran-Ulqin.jpg\" alt=\"Prof_Brilanda_Bushati_dhe_Selatin_Gjeloshi-Hotel-Mediteran-Ulqin\" width=\"508\" height=\"337\" srcset=\"https:\/\/www.visit-ulcinj.com\/blog\/wp-content\/uploads\/2014\/10\/Prof_Brilanda_Bushati_dhe_Selatin_Gjeloshi-Hotel-Mediteran-Ulqin.jpg 960w, https:\/\/www.visit-ulcinj.com\/blog\/wp-content\/uploads\/2014\/10\/Prof_Brilanda_Bushati_dhe_Selatin_Gjeloshi-Hotel-Mediteran-Ulqin-300x199.jpg 300w\" sizes=\"(max-width: 508px) 100vw, 508px\" \/><\/a><\/p>\n<p>Drejtori I hotelit z.Selatin Gjeloshi e vler\u00ebson k\u00ebt\u00eb cik\u00ebl praktike si nj\u00eb shembull bashkohor i realizimit te detyrave, t\u00eb cilat sjellin nj\u00eb dobi p\u00ebr t\u00eb dyja pal\u00ebt. Si rezultat hoteli vazhdon mar\u00ebdh\u00ebnie pune me dy student nga praktika profesionale dhe rikandidon me praktik\u00eb n\u00eb sezon\u00ebn 2015.<\/p>\n<p>Dr.prof.ass Brilanda Bushati vler\u00ebsoi rezultater n\u00eb ket\u00eb praktik\u00eb profesionale me certificate vler\u00ebsimi p\u00ebr arritjet e tyre, \u00a0kandidat\u00ebve: Arjana Hasanaga, Rina Llazari, Daniela Steljiq, Azemina Nikiciq, Besarta Mehani, Jasmina Dragoviq, Besnik Lleshi, Adrijan Muca, Ana Jovetiq, Nikola Tomoviq, Hysein Kasneci, Arta Molla, Kaltrina Meqikukiq dhe Dubravka Baboviq.<\/p>\n<p>T\u00eb gjith\u00eb t\u00eb ftuarit special u falenderuan nga hoteli p\u00ebr mb\u00ebshtetjen dhe pun\u00ebn e mir\u00eb n\u00eb komunitet, ku nga m\u00eb lart do shtojm\u00eb dhe Instituti p\u00ebr k\u00ebrkime shkencore n\u00eb Mal t\u00eb Zi &#8211; prof.Elez Osmani dhe Redaksin Shqipe n\u00eb televizionin e \u00a0Malit t\u00eb Zi &#8211; z.Haxhi Shabani.<\/p>\n<p><a href=\"http:\/\/www.visit-ulcinj.com\/blog\/wp-content\/uploads\/2014\/10\/Grupi_i_Praktikes_Profesionale-Hotel-Mediteran-Ulqin.jpg\"><img loading=\"lazy\" class=\"alignleft wp-image-85989\" src=\"http:\/\/www.visit-ulcinj.com\/blog\/wp-content\/uploads\/2014\/10\/Grupi_i_Praktikes_Profesionale-Hotel-Mediteran-Ulqin.jpg\" alt=\"Grupi_i_Praktikes_Profesionale-Hotel-Mediteran-Ulqin\" width=\"508\" height=\"339\" srcset=\"https:\/\/www.visit-ulcinj.com\/blog\/wp-content\/uploads\/2014\/10\/Grupi_i_Praktikes_Profesionale-Hotel-Mediteran-Ulqin.jpg 960w, https:\/\/www.visit-ulcinj.com\/blog\/wp-content\/uploads\/2014\/10\/Grupi_i_Praktikes_Profesionale-Hotel-Mediteran-Ulqin-300x200.jpg 300w\" sizes=\"(max-width: 508px) 100vw, 508px\" \/><\/a><\/p>\n<p>Me d\u00ebshir\u00ebn dhe vullnetin e mire p\u00ebr marr\u00ebdh\u00ebnie t\u00eb mira ndaj shoq\u00ebris\u00eb e cila ndihmohet nep\u00ebrmjet veprimtarive t\u00eb ndryshme dhe projekte bashk\u00ebpunuese, Hoteli Mediteran n\u00eb menyre jo vetiake do t\u00eb ofroj\u00eb mund\u00ebsi p\u00ebr ide t\u00eb reja t\u00eb cilat mund ti realizojm\u00eb s\u00eb bashku.<\/p>\n<p><strong>Hotel Mediteran Ulqin<\/strong><\/p>\n<!--YouTube Error: bad URL entered-->\n","protected":false},"excerpt":{"rendered":"<p>Praktika profesionale ne Hotel Mediteran N\u00eb koktelin e rastit p\u00ebr p\u00ebrfundimin e praktik\u00ebs profesionale 9 mujore, t\u00eb ftuar nderi ishin kryetari i komun\u00ebs s\u00eb Ulqinit z. Fatimir Gjeka, p\u00ebrfaq\u00ebsuesi I entit p\u00ebr pun\u00ebsim z.Hasan Gjoni, Drejtoresha e organizat\u00ebs turistike znj.Zana Sarvan dhe drejtoresha e televizionit local TVT znj. Ilmira Lika. Nd\u00ebr t\u00eb ftuar te tjer\u00eb [&hellip;]<\/p>\n","protected":false},"author":1,"featured_media":0,"comment_status":"closed","ping_status":"closed","sticky":false,"template":"","format":"standard","meta":{"spay_email":"","jetpack_publicize_message":"","jetpack_is_tweetstorm":false,"jetpack_publicize_feature_enabled":true},"categories":[10],"tags":[],"jetpack_publicize_connections":[],"yoast_head":"<!-- This site is optimized with the Yoast SEO plugin v19.1 - https:\/\/yoast.com\/wordpress\/plugins\/seo\/ -->\n<title>Student\u00ebt perfundojne stazhin e praktik\u00ebs profesionale 9 mujore - Video - Lajme nga Ulqini<\/title>\n<meta name=\"description\" content=\"Praktika profesionale ne Hotel Mediteran N\u00eb koktelin e rastit p\u00ebr p\u00ebrfundimin e praktik\u00ebs profesionale 9 mujore, t\u00eb ftuar nderi ishin kryetari i komun\u00ebs\" \/>\n<meta name=\"robots\" content=\"index, follow, max-snippet:-1, max-image-preview:large, max-video-preview:-1\" \/>\n<link rel=\"canonical\" href=\"https:\/\/www.visit-ulcinj.com\/blog\/2014\/10\/30\/studentet-perfundojne-stazhin-e-praktikes-profesionale-9-mujore-video\/\" \/>\n<meta property=\"og:locale\" content=\"en_US\" \/>\n<meta property=\"og:type\" content=\"article\" \/>\n<meta property=\"og:title\" content=\"Student\u00ebt perfundojne stazhin e praktik\u00ebs profesionale 9 mujore - Video - Lajme nga Ulqini\" \/>\n<meta property=\"og:description\" content=\"Praktika profesionale ne Hotel Mediteran N\u00eb koktelin e rastit p\u00ebr p\u00ebrfundimin e praktik\u00ebs profesionale 9 mujore, t\u00eb ftuar nderi ishin kryetari i komun\u00ebs\" \/>\n<meta property=\"og:url\" content=\"https:\/\/www.visit-ulcinj.com\/blog\/2014\/10\/30\/studentet-perfundojne-stazhin-e-praktikes-profesionale-9-mujore-video\/\" \/>\n<meta property=\"og:site_name\" content=\"Lajme nga Ulqini\" \/>\n<meta property=\"article:published_time\" content=\"2014-10-30T13:48:48+00:00\" \/>\n<meta property=\"og:image\" content=\"http:\/\/www.visit-ulcinj.com\/blog\/wp-content\/uploads\/2014\/10\/Praktika-profesionale-ne-Hotel-Mediteran-Suzana-Taipi-Muja.jpg\" \/>\n<meta name=\"twitter:label1\" content=\"Written by\" \/>\n\t<meta name=\"twitter:data1\" content=\"ulqini\" \/>\n\t<meta name=\"twitter:label2\" content=\"Est. reading time\" \/>\n\t<meta name=\"twitter:data2\" content=\"2 minutes\" \/>\n<script type=\"application\/ld+json\" class=\"yoast-schema-graph\">{\"@context\":\"https:\/\/schema.org\",\"@graph\":[{\"@type\":\"WebSite\",\"@id\":\"https:\/\/www.visit-ulcinj.com\/blog\/#website\",\"url\":\"https:\/\/www.visit-ulcinj.com\/blog\/\",\"name\":\"Lajme nga Ulqini\",\"description\":\"Lajme,Vijesti,Ulqini,Ulqin,Crna Gora,Mali i Zi\",\"potentialAction\":[{\"@type\":\"SearchAction\",\"target\":{\"@type\":\"EntryPoint\",\"urlTemplate\":\"https:\/\/www.visit-ulcinj.com\/blog\/?s={search_term_string}\"},\"query-input\":\"required name=search_term_string\"}],\"inLanguage\":\"en-US\"},{\"@type\":\"ImageObject\",\"inLanguage\":\"en-US\",\"@id\":\"https:\/\/www.visit-ulcinj.com\/blog\/2014\/10\/30\/studentet-perfundojne-stazhin-e-praktikes-profesionale-9-mujore-video\/#primaryimage\",\"url\":\"https:\/\/www.visit-ulcinj.com\/blog\/wp-content\/uploads\/2014\/10\/Praktika-profesionale-ne-Hotel-Mediteran-Suzana-Taipi-Muja.jpg\",\"contentUrl\":\"https:\/\/www.visit-ulcinj.com\/blog\/wp-content\/uploads\/2014\/10\/Praktika-profesionale-ne-Hotel-Mediteran-Suzana-Taipi-Muja.jpg\",\"width\":960,\"height\":640},{\"@type\":\"WebPage\",\"@id\":\"https:\/\/www.visit-ulcinj.com\/blog\/2014\/10\/30\/studentet-perfundojne-stazhin-e-praktikes-profesionale-9-mujore-video\/#webpage\",\"url\":\"https:\/\/www.visit-ulcinj.com\/blog\/2014\/10\/30\/studentet-perfundojne-stazhin-e-praktikes-profesionale-9-mujore-video\/\",\"name\":\"Student\u00ebt perfundojne stazhin e praktik\u00ebs profesionale 9 mujore - Video - Lajme nga Ulqini\",\"isPartOf\":{\"@id\":\"https:\/\/www.visit-ulcinj.com\/blog\/#website\"},\"primaryImageOfPage\":{\"@id\":\"https:\/\/www.visit-ulcinj.com\/blog\/2014\/10\/30\/studentet-perfundojne-stazhin-e-praktikes-profesionale-9-mujore-video\/#primaryimage\"},\"datePublished\":\"2014-10-30T13:48:48+00:00\",\"dateModified\":\"2014-10-30T13:48:48+00:00\",\"author\":{\"@id\":\"https:\/\/www.visit-ulcinj.com\/blog\/#\/schema\/person\/dcab619c614d3038751c63bc2aadc06d\"},\"description\":\"Praktika profesionale ne Hotel Mediteran N\u00eb koktelin e rastit p\u00ebr p\u00ebrfundimin e praktik\u00ebs profesionale 9 mujore, t\u00eb ftuar nderi ishin kryetari i komun\u00ebs\",\"breadcrumb\":{\"@id\":\"https:\/\/www.visit-ulcinj.com\/blog\/2014\/10\/30\/studentet-perfundojne-stazhin-e-praktikes-profesionale-9-mujore-video\/#breadcrumb\"},\"inLanguage\":\"en-US\",\"potentialAction\":[{\"@type\":\"ReadAction\",\"target\":[\"https:\/\/www.visit-ulcinj.com\/blog\/2014\/10\/30\/studentet-perfundojne-stazhin-e-praktikes-profesionale-9-mujore-video\/\"]}]},{\"@type\":\"BreadcrumbList\",\"@id\":\"https:\/\/www.visit-ulcinj.com\/blog\/2014\/10\/30\/studentet-perfundojne-stazhin-e-praktikes-profesionale-9-mujore-video\/#breadcrumb\",\"itemListElement\":[{\"@type\":\"ListItem\",\"position\":1,\"name\":\"Student\u00ebt perfundojne stazhin e praktik\u00ebs profesionale 9 mujore &#8211; Video\"}]},{\"@type\":\"Person\",\"@id\":\"https:\/\/www.visit-ulcinj.com\/blog\/#\/schema\/person\/dcab619c614d3038751c63bc2aadc06d\",\"name\":\"ulqini\",\"sameAs\":[\"http:\/\/www.visit-ulcinj.com\"],\"url\":\"https:\/\/www.visit-ulcinj.com\/blog\/author\/admin\/\"}]}<\/script>\n<!-- \/ Yoast SEO plugin. -->","yoast_head_json":{"title":"Student\u00ebt perfundojne stazhin e praktik\u00ebs profesionale 9 mujore - Video - Lajme nga Ulqini","description":"Praktika profesionale ne Hotel Mediteran N\u00eb koktelin e rastit p\u00ebr p\u00ebrfundimin e praktik\u00ebs profesionale 9 mujore, t\u00eb ftuar nderi ishin kryetari i komun\u00ebs","robots":{"index":"index","follow":"follow","max-snippet":"max-snippet:-1","max-image-preview":"max-image-preview:large","max-video-preview":"max-video-preview:-1"},"canonical":"https:\/\/www.visit-ulcinj.com\/blog\/2014\/10\/30\/studentet-perfundojne-stazhin-e-praktikes-profesionale-9-mujore-video\/","og_locale":"en_US","og_type":"article","og_title":"Student\u00ebt perfundojne stazhin e praktik\u00ebs profesionale 9 mujore - Video - Lajme nga Ulqini","og_description":"Praktika profesionale ne Hotel Mediteran N\u00eb koktelin e rastit p\u00ebr p\u00ebrfundimin e praktik\u00ebs profesionale 9 mujore, t\u00eb ftuar nderi ishin kryetari i komun\u00ebs","og_url":"https:\/\/www.visit-ulcinj.com\/blog\/2014\/10\/30\/studentet-perfundojne-stazhin-e-praktikes-profesionale-9-mujore-video\/","og_site_name":"Lajme nga Ulqini","article_published_time":"2014-10-30T13:48:48+00:00","og_image":[{"url":"http:\/\/www.visit-ulcinj.com\/blog\/wp-content\/uploads\/2014\/10\/Praktika-profesionale-ne-Hotel-Mediteran-Suzana-Taipi-Muja.jpg"}],"twitter_misc":{"Written by":"ulqini","Est. reading time":"2 minutes"},"schema":{"@context":"https:\/\/schema.org","@graph":[{"@type":"WebSite","@id":"https:\/\/www.visit-ulcinj.com\/blog\/#website","url":"https:\/\/www.visit-ulcinj.com\/blog\/","name":"Lajme nga Ulqini","description":"Lajme,Vijesti,Ulqini,Ulqin,Crna Gora,Mali i Zi","potentialAction":[{"@type":"SearchAction","target":{"@type":"EntryPoint","urlTemplate":"https:\/\/www.visit-ulcinj.com\/blog\/?s={search_term_string}"},"query-input":"required name=search_term_string"}],"inLanguage":"en-US"},{"@type":"ImageObject","inLanguage":"en-US","@id":"https:\/\/www.visit-ulcinj.com\/blog\/2014\/10\/30\/studentet-perfundojne-stazhin-e-praktikes-profesionale-9-mujore-video\/#primaryimage","url":"https:\/\/www.visit-ulcinj.com\/blog\/wp-content\/uploads\/2014\/10\/Praktika-profesionale-ne-Hotel-Mediteran-Suzana-Taipi-Muja.jpg","contentUrl":"https:\/\/www.visit-ulcinj.com\/blog\/wp-content\/uploads\/2014\/10\/Praktika-profesionale-ne-Hotel-Mediteran-Suzana-Taipi-Muja.jpg","width":960,"height":640},{"@type":"WebPage","@id":"https:\/\/www.visit-ulcinj.com\/blog\/2014\/10\/30\/studentet-perfundojne-stazhin-e-praktikes-profesionale-9-mujore-video\/#webpage","url":"https:\/\/www.visit-ulcinj.com\/blog\/2014\/10\/30\/studentet-perfundojne-stazhin-e-praktikes-profesionale-9-mujore-video\/","name":"Student\u00ebt perfundojne stazhin e praktik\u00ebs profesionale 9 mujore - Video - Lajme nga Ulqini","isPartOf":{"@id":"https:\/\/www.visit-ulcinj.com\/blog\/#website"},"primaryImageOfPage":{"@id":"https:\/\/www.visit-ulcinj.com\/blog\/2014\/10\/30\/studentet-perfundojne-stazhin-e-praktikes-profesionale-9-mujore-video\/#primaryimage"},"datePublished":"2014-10-30T13:48:48+00:00","dateModified":"2014-10-30T13:48:48+00:00","author":{"@id":"https:\/\/www.visit-ulcinj.com\/blog\/#\/schema\/person\/dcab619c614d3038751c63bc2aadc06d"},"description":"Praktika profesionale ne Hotel Mediteran N\u00eb koktelin e rastit p\u00ebr p\u00ebrfundimin e praktik\u00ebs profesionale 9 mujore, t\u00eb ftuar nderi ishin kryetari i komun\u00ebs","breadcrumb":{"@id":"https:\/\/www.visit-ulcinj.com\/blog\/2014\/10\/30\/studentet-perfundojne-stazhin-e-praktikes-profesionale-9-mujore-video\/#breadcrumb"},"inLanguage":"en-US","potentialAction":[{"@type":"ReadAction","target":["https:\/\/www.visit-ulcinj.com\/blog\/2014\/10\/30\/studentet-perfundojne-stazhin-e-praktikes-profesionale-9-mujore-video\/"]}]},{"@type":"BreadcrumbList","@id":"https:\/\/www.visit-ulcinj.com\/blog\/2014\/10\/30\/studentet-perfundojne-stazhin-e-praktikes-profesionale-9-mujore-video\/#breadcrumb","itemListElement":[{"@type":"ListItem","position":1,"name":"Student\u00ebt perfundojne stazhin e praktik\u00ebs profesionale 9 mujore &#8211; Video"}]},{"@type":"Person","@id":"https:\/\/www.visit-ulcinj.com\/blog\/#\/schema\/person\/dcab619c614d3038751c63bc2aadc06d","name":"ulqini","sameAs":["http:\/\/www.visit-ulcinj.com"],"url":"https:\/\/www.visit-ulcinj.com\/blog\/author\/admin\/"}]}},"jetpack_featured_media_url":"","jetpack_sharing_enabled":true,"jetpack_shortlink":"https:\/\/wp.me\/pe6lTn-mmS","_links":{"self":[{"href":"https:\/\/www.visit-ulcinj.com\/blog\/wp-json\/wp\/v2\/posts\/85986"}],"collection":[{"href":"https:\/\/www.visit-ulcinj.com\/blog\/wp-json\/wp\/v2\/posts"}],"about":[{"href":"https:\/\/www.visit-ulcinj.com\/blog\/wp-json\/wp\/v2\/types\/post"}],"author":[{"embeddable":true,"href":"https:\/\/www.visit-ulcinj.com\/blog\/wp-json\/wp\/v2\/users\/1"}],"replies":[{"embeddable":true,"href":"https:\/\/www.visit-ulcinj.com\/blog\/wp-json\/wp\/v2\/comments?post=85986"}],"version-history":[{"count":1,"href":"https:\/\/www.visit-ulcinj.com\/blog\/wp-json\/wp\/v2\/posts\/85986\/revisions"}],"predecessor-version":[{"id":85990,"href":"https:\/\/www.visit-ulcinj.com\/blog\/wp-json\/wp\/v2\/posts\/85986\/revisions\/85990"}],"wp:attachment":[{"href":"https:\/\/www.visit-ulcinj.com\/blog\/wp-json\/wp\/v2\/media?parent=85986"}],"wp:term":[{"taxonomy":"category","embeddable":true,"href":"https:\/\/www.visit-ulcinj.com\/blog\/wp-json\/wp\/v2\/categories?post=85986"},{"taxonomy":"post_tag","embeddable":true,"href":"https:\/\/www.visit-ulcinj.com\/blog\/wp-json\/wp\/v2\/tags?post=85986"}],"curies":[{"name":"wp","href":"https:\/\/api.w.org\/{rel}","templated":true}]}}