{"id":85995,"date":"2014-10-31T16:14:58","date_gmt":"2014-10-31T15:14:58","guid":{"rendered":"http:\/\/www.visit-ulcinj.com\/blog\/?p=85995"},"modified":"2014-10-31T16:14:58","modified_gmt":"2014-10-31T15:14:58","slug":"falconara-anche-albania-e-ulcinj-montenegro-allinformagiovani","status":"publish","type":"post","link":"https:\/\/www.visit-ulcinj.com\/blog\/2014\/10\/31\/falconara-anche-albania-e-ulcinj-montenegro-allinformagiovani\/","title":{"rendered":"Falconara: anche Albania e Ulcinj Montenegro all\u2019Informagiovani"},"content":{"rendered":"<div id=\"testo_articolo\" class=\"articolo_corpo\"><a href=\"http:\/\/www.visit-ulcinj.com\/blog\/wp-content\/uploads\/2014\/10\/Falconara-anche-Albania-e-Ulcinj-Montenegro.jpg\"><img loading=\"lazy\" class=\"alignleft wp-image-85996 size-full\" src=\"http:\/\/www.visit-ulcinj.com\/blog\/wp-content\/uploads\/2014\/10\/Falconara-anche-Albania-e-Ulcinj-Montenegro.jpg\" alt=\"Falconara-anche Albania e Ulcinj Montenegro\" width=\"300\" height=\"225\" \/><\/a>Nella giornata di mercoled\u00ec 29 ottobre 2014 alle ore 15 presso l&#8217;Informagiovani di Falconara Marittima (Via Trento 24)l&#8217;Informagiovani ha coordinato una visita studio all&#8217;interno del Progetto Europeo Adriatic Welfare Mix finanziato dal Programma IPA Adriatic CBC.A tale incontro hanno partecipato Dirigenti e personale amministrativo del Comune di Falconara Marittima, le autorit\u00e0 dei Comuni di Tirana (Albania) e Ulcinj (Montenegro) ed il personale del Centro per l&#8217;Impiego della Federazione della Bosnia e Herzegovina. L&#8217;incontro rappresenta un\u2019importante occasione di scambio di buone prassi e conoscenza approfondita sul funzionamento del Centro Informagiovani e dei servizi che offre alla cittadinanza. \u201cQuesto progetto di interscambio \u00e8 estremamente proficuo ed interessante perch\u00e9 ci consente di confrontarci con altre realt\u00e0 europee su un tema, quale l\u2019inserimento dei giovani nel mondo del lavoro, che in questo momento costituisce una priorit\u00e0 imprescindibile\u201d ha commentato l\u2019Assessore alle Politiche Giovanili Stefania Signorini.<\/p>\n<\/div>\n<div><\/div>\n<table>\n<tbody>\n<tr>\n<td rowspan=\"2\" nowrap=\"nowrap\"><strong>dal Comune di Falconara Marittima<\/strong><br \/>\n<strong> <a href=\"http:\/\/www.comune.falconara-marittima.an.it\"><em>www.comune.falconara-marittima.an.it<\/em><\/a><\/strong><\/td>\n<\/tr>\n<\/tbody>\n<\/table>\n","protected":false},"excerpt":{"rendered":"<p>Nella giornata di mercoled\u00ec 29 ottobre 2014 alle ore 15 presso l&#8217;Informagiovani di Falconara Marittima (Via Trento 24)l&#8217;Informagiovani ha coordinato una visita studio all&#8217;interno del Progetto Europeo Adriatic Welfare Mix finanziato dal Programma IPA Adriatic CBC.A tale incontro hanno partecipato Dirigenti e personale amministrativo del Comune di Falconara Marittima, le autorit\u00e0 dei Comuni di Tirana [&hellip;]<\/p>\n","protected":false},"author":1,"featured_media":0,"comment_status":"closed","ping_status":"closed","sticky":false,"template":"","format":"standard","meta":{"spay_email":"","jetpack_publicize_message":"","jetpack_is_tweetstorm":false,"jetpack_publicize_feature_enabled":true},"categories":[6950],"tags":[],"jetpack_publicize_connections":[],"yoast_head":"<!-- This site is optimized with the Yoast SEO plugin v19.1 - https:\/\/yoast.com\/wordpress\/plugins\/seo\/ -->\n<title>Falconara: anche Albania e Ulcinj Montenegro all\u2019Informagiovani - Lajme nga Ulqini<\/title>\n<meta name=\"description\" content=\"Nella giornata di mercoled\u00ec 29 ottobre 2014 alle ore 15 presso l&#039;Informagiovani di Falconara Marittima (Via Trento 24)l&#039;Informagiovani ha coordinato una\" \/>\n<meta name=\"robots\" content=\"index, follow, max-snippet:-1, max-image-preview:large, max-video-preview:-1\" \/>\n<link rel=\"canonical\" href=\"https:\/\/www.visit-ulcinj.com\/blog\/2014\/10\/31\/falconara-anche-albania-e-ulcinj-montenegro-allinformagiovani\/\" \/>\n<meta property=\"og:locale\" content=\"en_US\" \/>\n<meta property=\"og:type\" content=\"article\" \/>\n<meta property=\"og:title\" content=\"Falconara: anche Albania e Ulcinj Montenegro all\u2019Informagiovani - Lajme nga Ulqini\" \/>\n<meta property=\"og:description\" content=\"Nella giornata di mercoled\u00ec 29 ottobre 2014 alle ore 15 presso l&#039;Informagiovani di Falconara Marittima (Via Trento 24)l&#039;Informagiovani ha coordinato una\" \/>\n<meta property=\"og:url\" content=\"https:\/\/www.visit-ulcinj.com\/blog\/2014\/10\/31\/falconara-anche-albania-e-ulcinj-montenegro-allinformagiovani\/\" \/>\n<meta property=\"og:site_name\" content=\"Lajme nga Ulqini\" \/>\n<meta property=\"article:published_time\" content=\"2014-10-31T15:14:58+00:00\" \/>\n<meta property=\"og:image\" content=\"http:\/\/www.visit-ulcinj.com\/blog\/wp-content\/uploads\/2014\/10\/Falconara-anche-Albania-e-Ulcinj-Montenegro.jpg\" \/>\n<meta name=\"twitter:label1\" content=\"Written by\" \/>\n\t<meta name=\"twitter:data1\" content=\"ulqini\" \/>\n\t<meta name=\"twitter:label2\" content=\"Est. reading time\" \/>\n\t<meta name=\"twitter:data2\" content=\"1 minute\" \/>\n<script type=\"application\/ld+json\" class=\"yoast-schema-graph\">{\"@context\":\"https:\/\/schema.org\",\"@graph\":[{\"@type\":\"WebSite\",\"@id\":\"https:\/\/www.visit-ulcinj.com\/blog\/#website\",\"url\":\"https:\/\/www.visit-ulcinj.com\/blog\/\",\"name\":\"Lajme nga Ulqini\",\"description\":\"Lajme,Vijesti,Ulqini,Ulqin,Crna Gora,Mali i Zi\",\"potentialAction\":[{\"@type\":\"SearchAction\",\"target\":{\"@type\":\"EntryPoint\",\"urlTemplate\":\"https:\/\/www.visit-ulcinj.com\/blog\/?s={search_term_string}\"},\"query-input\":\"required name=search_term_string\"}],\"inLanguage\":\"en-US\"},{\"@type\":\"ImageObject\",\"inLanguage\":\"en-US\",\"@id\":\"https:\/\/www.visit-ulcinj.com\/blog\/2014\/10\/31\/falconara-anche-albania-e-ulcinj-montenegro-allinformagiovani\/#primaryimage\",\"url\":\"https:\/\/www.visit-ulcinj.com\/blog\/wp-content\/uploads\/2014\/10\/Falconara-anche-Albania-e-Ulcinj-Montenegro.jpg\",\"contentUrl\":\"https:\/\/www.visit-ulcinj.com\/blog\/wp-content\/uploads\/2014\/10\/Falconara-anche-Albania-e-Ulcinj-Montenegro.jpg\",\"width\":300,\"height\":225},{\"@type\":\"WebPage\",\"@id\":\"https:\/\/www.visit-ulcinj.com\/blog\/2014\/10\/31\/falconara-anche-albania-e-ulcinj-montenegro-allinformagiovani\/#webpage\",\"url\":\"https:\/\/www.visit-ulcinj.com\/blog\/2014\/10\/31\/falconara-anche-albania-e-ulcinj-montenegro-allinformagiovani\/\",\"name\":\"Falconara: anche Albania e Ulcinj Montenegro all\u2019Informagiovani - Lajme nga Ulqini\",\"isPartOf\":{\"@id\":\"https:\/\/www.visit-ulcinj.com\/blog\/#website\"},\"primaryImageOfPage\":{\"@id\":\"https:\/\/www.visit-ulcinj.com\/blog\/2014\/10\/31\/falconara-anche-albania-e-ulcinj-montenegro-allinformagiovani\/#primaryimage\"},\"datePublished\":\"2014-10-31T15:14:58+00:00\",\"dateModified\":\"2014-10-31T15:14:58+00:00\",\"author\":{\"@id\":\"https:\/\/www.visit-ulcinj.com\/blog\/#\/schema\/person\/dcab619c614d3038751c63bc2aadc06d\"},\"description\":\"Nella giornata di mercoled\u00ec 29 ottobre 2014 alle ore 15 presso l'Informagiovani di Falconara Marittima (Via Trento 24)l'Informagiovani ha coordinato una\",\"breadcrumb\":{\"@id\":\"https:\/\/www.visit-ulcinj.com\/blog\/2014\/10\/31\/falconara-anche-albania-e-ulcinj-montenegro-allinformagiovani\/#breadcrumb\"},\"inLanguage\":\"en-US\",\"potentialAction\":[{\"@type\":\"ReadAction\",\"target\":[\"https:\/\/www.visit-ulcinj.com\/blog\/2014\/10\/31\/falconara-anche-albania-e-ulcinj-montenegro-allinformagiovani\/\"]}]},{\"@type\":\"BreadcrumbList\",\"@id\":\"https:\/\/www.visit-ulcinj.com\/blog\/2014\/10\/31\/falconara-anche-albania-e-ulcinj-montenegro-allinformagiovani\/#breadcrumb\",\"itemListElement\":[{\"@type\":\"ListItem\",\"position\":1,\"name\":\"Falconara: anche Albania e Ulcinj Montenegro all\u2019Informagiovani\"}]},{\"@type\":\"Person\",\"@id\":\"https:\/\/www.visit-ulcinj.com\/blog\/#\/schema\/person\/dcab619c614d3038751c63bc2aadc06d\",\"name\":\"ulqini\",\"sameAs\":[\"http:\/\/www.visit-ulcinj.com\"],\"url\":\"https:\/\/www.visit-ulcinj.com\/blog\/author\/admin\/\"}]}<\/script>\n<!-- \/ Yoast SEO plugin. -->","yoast_head_json":{"title":"Falconara: anche Albania e Ulcinj Montenegro all\u2019Informagiovani - Lajme nga Ulqini","description":"Nella giornata di mercoled\u00ec 29 ottobre 2014 alle ore 15 presso l'Informagiovani di Falconara Marittima (Via Trento 24)l'Informagiovani ha coordinato una","robots":{"index":"index","follow":"follow","max-snippet":"max-snippet:-1","max-image-preview":"max-image-preview:large","max-video-preview":"max-video-preview:-1"},"canonical":"https:\/\/www.visit-ulcinj.com\/blog\/2014\/10\/31\/falconara-anche-albania-e-ulcinj-montenegro-allinformagiovani\/","og_locale":"en_US","og_type":"article","og_title":"Falconara: anche Albania e Ulcinj Montenegro all\u2019Informagiovani - Lajme nga Ulqini","og_description":"Nella giornata di mercoled\u00ec 29 ottobre 2014 alle ore 15 presso l'Informagiovani di Falconara Marittima (Via Trento 24)l'Informagiovani ha coordinato una","og_url":"https:\/\/www.visit-ulcinj.com\/blog\/2014\/10\/31\/falconara-anche-albania-e-ulcinj-montenegro-allinformagiovani\/","og_site_name":"Lajme nga Ulqini","article_published_time":"2014-10-31T15:14:58+00:00","og_image":[{"url":"http:\/\/www.visit-ulcinj.com\/blog\/wp-content\/uploads\/2014\/10\/Falconara-anche-Albania-e-Ulcinj-Montenegro.jpg"}],"twitter_misc":{"Written by":"ulqini","Est. reading time":"1 minute"},"schema":{"@context":"https:\/\/schema.org","@graph":[{"@type":"WebSite","@id":"https:\/\/www.visit-ulcinj.com\/blog\/#website","url":"https:\/\/www.visit-ulcinj.com\/blog\/","name":"Lajme nga Ulqini","description":"Lajme,Vijesti,Ulqini,Ulqin,Crna Gora,Mali i Zi","potentialAction":[{"@type":"SearchAction","target":{"@type":"EntryPoint","urlTemplate":"https:\/\/www.visit-ulcinj.com\/blog\/?s={search_term_string}"},"query-input":"required name=search_term_string"}],"inLanguage":"en-US"},{"@type":"ImageObject","inLanguage":"en-US","@id":"https:\/\/www.visit-ulcinj.com\/blog\/2014\/10\/31\/falconara-anche-albania-e-ulcinj-montenegro-allinformagiovani\/#primaryimage","url":"https:\/\/www.visit-ulcinj.com\/blog\/wp-content\/uploads\/2014\/10\/Falconara-anche-Albania-e-Ulcinj-Montenegro.jpg","contentUrl":"https:\/\/www.visit-ulcinj.com\/blog\/wp-content\/uploads\/2014\/10\/Falconara-anche-Albania-e-Ulcinj-Montenegro.jpg","width":300,"height":225},{"@type":"WebPage","@id":"https:\/\/www.visit-ulcinj.com\/blog\/2014\/10\/31\/falconara-anche-albania-e-ulcinj-montenegro-allinformagiovani\/#webpage","url":"https:\/\/www.visit-ulcinj.com\/blog\/2014\/10\/31\/falconara-anche-albania-e-ulcinj-montenegro-allinformagiovani\/","name":"Falconara: anche Albania e Ulcinj Montenegro all\u2019Informagiovani - Lajme nga Ulqini","isPartOf":{"@id":"https:\/\/www.visit-ulcinj.com\/blog\/#website"},"primaryImageOfPage":{"@id":"https:\/\/www.visit-ulcinj.com\/blog\/2014\/10\/31\/falconara-anche-albania-e-ulcinj-montenegro-allinformagiovani\/#primaryimage"},"datePublished":"2014-10-31T15:14:58+00:00","dateModified":"2014-10-31T15:14:58+00:00","author":{"@id":"https:\/\/www.visit-ulcinj.com\/blog\/#\/schema\/person\/dcab619c614d3038751c63bc2aadc06d"},"description":"Nella giornata di mercoled\u00ec 29 ottobre 2014 alle ore 15 presso l'Informagiovani di Falconara Marittima (Via Trento 24)l'Informagiovani ha coordinato una","breadcrumb":{"@id":"https:\/\/www.visit-ulcinj.com\/blog\/2014\/10\/31\/falconara-anche-albania-e-ulcinj-montenegro-allinformagiovani\/#breadcrumb"},"inLanguage":"en-US","potentialAction":[{"@type":"ReadAction","target":["https:\/\/www.visit-ulcinj.com\/blog\/2014\/10\/31\/falconara-anche-albania-e-ulcinj-montenegro-allinformagiovani\/"]}]},{"@type":"BreadcrumbList","@id":"https:\/\/www.visit-ulcinj.com\/blog\/2014\/10\/31\/falconara-anche-albania-e-ulcinj-montenegro-allinformagiovani\/#breadcrumb","itemListElement":[{"@type":"ListItem","position":1,"name":"Falconara: anche Albania e Ulcinj Montenegro all\u2019Informagiovani"}]},{"@type":"Person","@id":"https:\/\/www.visit-ulcinj.com\/blog\/#\/schema\/person\/dcab619c614d3038751c63bc2aadc06d","name":"ulqini","sameAs":["http:\/\/www.visit-ulcinj.com"],"url":"https:\/\/www.visit-ulcinj.com\/blog\/author\/admin\/"}]}},"jetpack_featured_media_url":"","jetpack_sharing_enabled":true,"jetpack_shortlink":"https:\/\/wp.me\/pe6lTn-mn1","_links":{"self":[{"href":"https:\/\/www.visit-ulcinj.com\/blog\/wp-json\/wp\/v2\/posts\/85995"}],"collection":[{"href":"https:\/\/www.visit-ulcinj.com\/blog\/wp-json\/wp\/v2\/posts"}],"about":[{"href":"https:\/\/www.visit-ulcinj.com\/blog\/wp-json\/wp\/v2\/types\/post"}],"author":[{"embeddable":true,"href":"https:\/\/www.visit-ulcinj.com\/blog\/wp-json\/wp\/v2\/users\/1"}],"replies":[{"embeddable":true,"href":"https:\/\/www.visit-ulcinj.com\/blog\/wp-json\/wp\/v2\/comments?post=85995"}],"version-history":[{"count":1,"href":"https:\/\/www.visit-ulcinj.com\/blog\/wp-json\/wp\/v2\/posts\/85995\/revisions"}],"predecessor-version":[{"id":85997,"href":"https:\/\/www.visit-ulcinj.com\/blog\/wp-json\/wp\/v2\/posts\/85995\/revisions\/85997"}],"wp:attachment":[{"href":"https:\/\/www.visit-ulcinj.com\/blog\/wp-json\/wp\/v2\/media?parent=85995"}],"wp:term":[{"taxonomy":"category","embeddable":true,"href":"https:\/\/www.visit-ulcinj.com\/blog\/wp-json\/wp\/v2\/categories?post=85995"},{"taxonomy":"post_tag","embeddable":true,"href":"https:\/\/www.visit-ulcinj.com\/blog\/wp-json\/wp\/v2\/tags?post=85995"}],"curies":[{"name":"wp","href":"https:\/\/api.w.org\/{rel}","templated":true}]}}