{"id":86,"date":"2008-01-08T13:52:22","date_gmt":"2008-01-08T18:52:22","guid":{"rendered":"http:\/\/www.visit-ulcinj.com\/blog\/2008\/01\/08\/mosaprovimi-i-llogarise-perfundimtare-te-komunes-se-ulqinit-dhe-buxhetit-per-vitin-2008\/"},"modified":"2008-02-12T18:14:52","modified_gmt":"2008-02-12T23:14:52","slug":"mosaprovimi-i-llogarise-perfundimtare-te-komunes-se-ulqinit-dhe-buxhetit-per-vitin-2008","status":"publish","type":"post","link":"https:\/\/www.visit-ulcinj.com\/blog\/2008\/01\/08\/mosaprovimi-i-llogarise-perfundimtare-te-komunes-se-ulqinit-dhe-buxhetit-per-vitin-2008\/","title":{"rendered":"Mosaprovimi i llogaris\u00eb p\u00ebrfundimtare t\u00eb komun\u00ebs s\u00eb ulqinit dhe buxhetit p\u00ebr vitin 2008"},"content":{"rendered":"<p><img loading=\"lazy\" src=\"http:\/\/www.visit-ulcinj.com\/blog\/wp-content\/uploads\/2008\/01\/nazif-cungu.thumbnail.jpg\" align=\"left\" height=\"90\" hspace=\"2\" vspace=\"2\" width=\"128\" \/><span style=\"font-size: 14pt\" lang=\"SQ\"><font face=\"Times New Roman\">Kjo kumtese,me te cil\u00ebn jemi drejtuar opinionit,ka p\u00ebr qellim qe ti rikujtojm\u00eb organet p\u00ebrgjegj\u00ebse te Komun\u00ebs<\/font><\/span><!--more--><span style=\"font-size: 14pt\" lang=\"SQ\"><font face=\"Times New Roman\"> p\u00ebr obligimin ligjor\u00eb p\u00ebr p\u00ebrgatitjen e buxhetit p\u00ebr vitin 2008<\/font><\/span><span style=\"font-size: 14pt\" lang=\"SQ\"><font face=\"Times New Roman\"> por edhe p\u00ebr mos aprovimet e llogarive p\u00ebrfundimtare p\u00ebr vitet e kaluara.<br \/>\nLigji p\u00ebr financimin e vet\u00ebqeverisjes lokale n\u00eb nenin 43 qart\u00eb e definon p\u00ebrgjegj\u00ebsin\u00eb dhe m\u00ebnyr\u00ebn e propozimit t\u00eb buxhetit te cil\u00ebn e ka Kryetari i Komun\u00ebs.Deri ne fund te muajit n\u00ebntor Kuvendit i d\u00ebrgohet buxheti p\u00ebr vitin 2008. Propozimi i buxhetit duhet t\u00eb p\u00ebrmbaj edhe raportin e shqyrtimit publik.. Pra,shihet qart\u00eb se ekzekutivi \u00ebsht\u00eb n\u00eb vones\u00eb p\u00ebr miratimin e k\u00ebtij akti. i cili ende nuk ka filluar as te shqyrtohet.Edhe nj\u00eb here p\u00ebrkujtojm\u00eb te gjith\u00eb qytetaret se ende nuk jan\u00eb aprovuar llogarit\u00eb p\u00ebrfundimtare te buxhetit p\u00ebr vitin 2004, 2005 dhe 2006-t\u00eb.<\/font><\/span><br \/>\nDeri sot nuk kemi fituar asnj\u00eb p\u00ebrgjigje mbi llogarit\u00eb p\u00ebrfundimtare t\u00eb buxhetit p\u00ebr tre vitet e fundit si dhe asnj\u00eb informat\u00eb mbi realizimin e buxhetit p\u00ebr gjashte muajt e pare te vitit 2007 pa marr parasysh p\u00ebrfundimet t\u00eb Kuvendit te Komun\u00ebs si dhe pas shum\u00eb  k\u00ebrkesave q\u00eb jan\u00eb d\u00ebrguar nga ana e FORCES organeve p\u00ebrkat\u00ebse t\u00eb Komun\u00ebs<br \/>\nThesari i Komun\u00ebs nuk funksionon sipas ligjeve dhe n\u00eb pajtim me udh\u00ebzuesin e thesarit. Shumica e shfryt\u00ebzuesve t\u00eb mjeteve buxhetore nuk fitojn\u00eb rregullisht mjetet financiare dhe as nuk munden te  kryejn\u00eb obligimet e veta ne pajtim me ligjin.<br \/>\nBuxheti i Komun\u00ebs p\u00ebrdoret vet\u00ebm p\u00ebr t\u00eb kryer obligimet e pagave t\u00eb zyrtar\u00ebve kurse obligimet tjera jan\u00eb anashkaluar.<br \/>\nMosrealizimi i buxhetit te Komun\u00ebs se Ulqinit p\u00ebr vitin 2007, n\u00eb baze te Ligjit p\u00ebr financimin e vet\u00ebqeverisjes lokale dhe Ligjit p\u00ebr buxhet, i b\u00ebn dem t\u00eb madh t\u00eb gjith\u00eb shfryt\u00ebzuesve te buxhetit por d\u00ebmi me i madh ashte p\u00ebr qytetar\u00ebt e komun\u00ebs ton\u00eb.<br \/>\nShumica e investimeve kapitale qe jan\u00eb parapar\u00eb me buxhetin e vitit 2007 nuk jan\u00eb realizuar. Partive politike, Organizatave joqeveritare, shoqatave sportive etj.. nuk jan\u00eb dh\u00ebn\u00eb mjetet financiare  ose ndarja e tyre \u00ebsht\u00eb jotransparente.<br \/>\nPasi q\u00eb deri me sot ne nuk kemi fituar asnj\u00eb informat\u00eb e ve\u00e7an\u00ebrisht q\u00eb Kuvendi Komunal i Ulqinit deri me sot nuk ka miratuar asnj\u00eb vendim mbi llogarit\u00eb p\u00ebrfundimtare p\u00ebr tre vitet e kaluar,pa marr parasysh ne obligime ligjore (neni 56), shprehim dyshim q\u00eb ky  pushtet ekzekutiv do t\u00eb p\u00ebrgatis n\u00eb afate t\u00eb caktuara ligjore dokumentin m\u00eb t\u00eb r\u00ebnd\u00ebsish\u00ebm vjetor\u00eb.<\/p>\n<p><strong> Kryetari i FORC\u00cbS<br \/>\nNazif Cungu<\/strong><\/p>\n","protected":false},"excerpt":{"rendered":"<p><img loading=\"lazy\" src=\"http:\/\/www.visit-ulcinj.com\/blog\/wp-content\/uploads\/2008\/01\/nazif-cungu.thumbnail.jpg\" alt=\"Nazif Cungu\" height=\"140\" width=\"140\" \/><\/p>\n","protected":false},"author":1,"featured_media":0,"comment_status":"open","ping_status":"closed","sticky":false,"template":"","format":"standard","meta":{"spay_email":"","jetpack_publicize_message":"","jetpack_is_tweetstorm":false,"jetpack_publicize_feature_enabled":true},"categories":[6],"tags":[1182,116,121,117,115,119,362,122,118,120,359],"jetpack_publicize_connections":[],"yoast_head":"<!-- This site is optimized with the Yoast SEO plugin v19.1 - https:\/\/yoast.com\/wordpress\/plugins\/seo\/ -->\n<title>Mosaprovimi i llogaris\u00eb p\u00ebrfundimtare t\u00eb komun\u00ebs s\u00eb ulqinit dhe buxhetit p\u00ebr vitin 2008 - Lajme nga Ulqini<\/title>\n<meta name=\"robots\" content=\"index, follow, max-snippet:-1, max-image-preview:large, max-video-preview:-1\" \/>\n<link rel=\"canonical\" href=\"https:\/\/www.visit-ulcinj.com\/blog\/2008\/01\/08\/mosaprovimi-i-llogarise-perfundimtare-te-komunes-se-ulqinit-dhe-buxhetit-per-vitin-2008\/\" \/>\n<meta property=\"og:locale\" content=\"en_US\" \/>\n<meta property=\"og:type\" content=\"article\" \/>\n<meta property=\"og:title\" content=\"Mosaprovimi i llogaris\u00eb p\u00ebrfundimtare t\u00eb komun\u00ebs s\u00eb ulqinit dhe buxhetit p\u00ebr vitin 2008 - Lajme nga Ulqini\" \/>\n<meta property=\"og:url\" content=\"https:\/\/www.visit-ulcinj.com\/blog\/2008\/01\/08\/mosaprovimi-i-llogarise-perfundimtare-te-komunes-se-ulqinit-dhe-buxhetit-per-vitin-2008\/\" \/>\n<meta property=\"og:site_name\" content=\"Lajme nga Ulqini\" \/>\n<meta property=\"article:published_time\" content=\"2008-01-08T18:52:22+00:00\" \/>\n<meta property=\"article:modified_time\" content=\"2008-02-12T23:14:52+00:00\" \/>\n<meta property=\"og:image\" content=\"http:\/\/www.visit-ulcinj.com\/blog\/wp-content\/uploads\/2008\/01\/nazif-cungu.thumbnail.jpg\" \/>\n<meta name=\"twitter:label1\" content=\"Written by\" \/>\n\t<meta name=\"twitter:data1\" content=\"ulqini\" \/>\n\t<meta name=\"twitter:label2\" content=\"Est. reading time\" \/>\n\t<meta name=\"twitter:data2\" content=\"2 minutes\" \/>\n<script type=\"application\/ld+json\" class=\"yoast-schema-graph\">{\"@context\":\"https:\/\/schema.org\",\"@graph\":[{\"@type\":\"WebSite\",\"@id\":\"https:\/\/www.visit-ulcinj.com\/blog\/#website\",\"url\":\"https:\/\/www.visit-ulcinj.com\/blog\/\",\"name\":\"Lajme nga Ulqini\",\"description\":\"Lajme,Vijesti,Ulqini,Ulqin,Crna Gora,Mali i Zi\",\"potentialAction\":[{\"@type\":\"SearchAction\",\"target\":{\"@type\":\"EntryPoint\",\"urlTemplate\":\"https:\/\/www.visit-ulcinj.com\/blog\/?s={search_term_string}\"},\"query-input\":\"required name=search_term_string\"}],\"inLanguage\":\"en-US\"},{\"@type\":\"ImageObject\",\"inLanguage\":\"en-US\",\"@id\":\"https:\/\/www.visit-ulcinj.com\/blog\/2008\/01\/08\/mosaprovimi-i-llogarise-perfundimtare-te-komunes-se-ulqinit-dhe-buxhetit-per-vitin-2008\/#primaryimage\",\"url\":\"http:\/\/www.visit-ulcinj.com\/blog\/wp-content\/uploads\/2008\/01\/nazif-cungu.thumbnail.jpg\",\"contentUrl\":\"http:\/\/www.visit-ulcinj.com\/blog\/wp-content\/uploads\/2008\/01\/nazif-cungu.thumbnail.jpg\"},{\"@type\":\"WebPage\",\"@id\":\"https:\/\/www.visit-ulcinj.com\/blog\/2008\/01\/08\/mosaprovimi-i-llogarise-perfundimtare-te-komunes-se-ulqinit-dhe-buxhetit-per-vitin-2008\/#webpage\",\"url\":\"https:\/\/www.visit-ulcinj.com\/blog\/2008\/01\/08\/mosaprovimi-i-llogarise-perfundimtare-te-komunes-se-ulqinit-dhe-buxhetit-per-vitin-2008\/\",\"name\":\"Mosaprovimi i llogaris\u00eb p\u00ebrfundimtare t\u00eb komun\u00ebs s\u00eb ulqinit dhe buxhetit p\u00ebr vitin 2008 - Lajme nga Ulqini\",\"isPartOf\":{\"@id\":\"https:\/\/www.visit-ulcinj.com\/blog\/#website\"},\"primaryImageOfPage\":{\"@id\":\"https:\/\/www.visit-ulcinj.com\/blog\/2008\/01\/08\/mosaprovimi-i-llogarise-perfundimtare-te-komunes-se-ulqinit-dhe-buxhetit-per-vitin-2008\/#primaryimage\"},\"datePublished\":\"2008-01-08T18:52:22+00:00\",\"dateModified\":\"2008-02-12T23:14:52+00:00\",\"author\":{\"@id\":\"https:\/\/www.visit-ulcinj.com\/blog\/#\/schema\/person\/dcab619c614d3038751c63bc2aadc06d\"},\"breadcrumb\":{\"@id\":\"https:\/\/www.visit-ulcinj.com\/blog\/2008\/01\/08\/mosaprovimi-i-llogarise-perfundimtare-te-komunes-se-ulqinit-dhe-buxhetit-per-vitin-2008\/#breadcrumb\"},\"inLanguage\":\"en-US\",\"potentialAction\":[{\"@type\":\"ReadAction\",\"target\":[\"https:\/\/www.visit-ulcinj.com\/blog\/2008\/01\/08\/mosaprovimi-i-llogarise-perfundimtare-te-komunes-se-ulqinit-dhe-buxhetit-per-vitin-2008\/\"]}]},{\"@type\":\"BreadcrumbList\",\"@id\":\"https:\/\/www.visit-ulcinj.com\/blog\/2008\/01\/08\/mosaprovimi-i-llogarise-perfundimtare-te-komunes-se-ulqinit-dhe-buxhetit-per-vitin-2008\/#breadcrumb\",\"itemListElement\":[{\"@type\":\"ListItem\",\"position\":1,\"name\":\"Mosaprovimi i llogaris\u00eb p\u00ebrfundimtare t\u00eb komun\u00ebs s\u00eb ulqinit dhe buxhetit p\u00ebr vitin 2008\"}]},{\"@type\":\"Person\",\"@id\":\"https:\/\/www.visit-ulcinj.com\/blog\/#\/schema\/person\/dcab619c614d3038751c63bc2aadc06d\",\"name\":\"ulqini\",\"sameAs\":[\"http:\/\/www.visit-ulcinj.com\"],\"url\":\"https:\/\/www.visit-ulcinj.com\/blog\/author\/admin\/\"}]}<\/script>\n<!-- \/ Yoast SEO plugin. -->","yoast_head_json":{"title":"Mosaprovimi i llogaris\u00eb p\u00ebrfundimtare t\u00eb komun\u00ebs s\u00eb ulqinit dhe buxhetit p\u00ebr vitin 2008 - Lajme nga Ulqini","robots":{"index":"index","follow":"follow","max-snippet":"max-snippet:-1","max-image-preview":"max-image-preview:large","max-video-preview":"max-video-preview:-1"},"canonical":"https:\/\/www.visit-ulcinj.com\/blog\/2008\/01\/08\/mosaprovimi-i-llogarise-perfundimtare-te-komunes-se-ulqinit-dhe-buxhetit-per-vitin-2008\/","og_locale":"en_US","og_type":"article","og_title":"Mosaprovimi i llogaris\u00eb p\u00ebrfundimtare t\u00eb komun\u00ebs s\u00eb ulqinit dhe buxhetit p\u00ebr vitin 2008 - Lajme nga Ulqini","og_url":"https:\/\/www.visit-ulcinj.com\/blog\/2008\/01\/08\/mosaprovimi-i-llogarise-perfundimtare-te-komunes-se-ulqinit-dhe-buxhetit-per-vitin-2008\/","og_site_name":"Lajme nga Ulqini","article_published_time":"2008-01-08T18:52:22+00:00","article_modified_time":"2008-02-12T23:14:52+00:00","og_image":[{"url":"http:\/\/www.visit-ulcinj.com\/blog\/wp-content\/uploads\/2008\/01\/nazif-cungu.thumbnail.jpg"}],"twitter_misc":{"Written by":"ulqini","Est. reading time":"2 minutes"},"schema":{"@context":"https:\/\/schema.org","@graph":[{"@type":"WebSite","@id":"https:\/\/www.visit-ulcinj.com\/blog\/#website","url":"https:\/\/www.visit-ulcinj.com\/blog\/","name":"Lajme nga Ulqini","description":"Lajme,Vijesti,Ulqini,Ulqin,Crna Gora,Mali i Zi","potentialAction":[{"@type":"SearchAction","target":{"@type":"EntryPoint","urlTemplate":"https:\/\/www.visit-ulcinj.com\/blog\/?s={search_term_string}"},"query-input":"required name=search_term_string"}],"inLanguage":"en-US"},{"@type":"ImageObject","inLanguage":"en-US","@id":"https:\/\/www.visit-ulcinj.com\/blog\/2008\/01\/08\/mosaprovimi-i-llogarise-perfundimtare-te-komunes-se-ulqinit-dhe-buxhetit-per-vitin-2008\/#primaryimage","url":"http:\/\/www.visit-ulcinj.com\/blog\/wp-content\/uploads\/2008\/01\/nazif-cungu.thumbnail.jpg","contentUrl":"http:\/\/www.visit-ulcinj.com\/blog\/wp-content\/uploads\/2008\/01\/nazif-cungu.thumbnail.jpg"},{"@type":"WebPage","@id":"https:\/\/www.visit-ulcinj.com\/blog\/2008\/01\/08\/mosaprovimi-i-llogarise-perfundimtare-te-komunes-se-ulqinit-dhe-buxhetit-per-vitin-2008\/#webpage","url":"https:\/\/www.visit-ulcinj.com\/blog\/2008\/01\/08\/mosaprovimi-i-llogarise-perfundimtare-te-komunes-se-ulqinit-dhe-buxhetit-per-vitin-2008\/","name":"Mosaprovimi i llogaris\u00eb p\u00ebrfundimtare t\u00eb komun\u00ebs s\u00eb ulqinit dhe buxhetit p\u00ebr vitin 2008 - Lajme nga Ulqini","isPartOf":{"@id":"https:\/\/www.visit-ulcinj.com\/blog\/#website"},"primaryImageOfPage":{"@id":"https:\/\/www.visit-ulcinj.com\/blog\/2008\/01\/08\/mosaprovimi-i-llogarise-perfundimtare-te-komunes-se-ulqinit-dhe-buxhetit-per-vitin-2008\/#primaryimage"},"datePublished":"2008-01-08T18:52:22+00:00","dateModified":"2008-02-12T23:14:52+00:00","author":{"@id":"https:\/\/www.visit-ulcinj.com\/blog\/#\/schema\/person\/dcab619c614d3038751c63bc2aadc06d"},"breadcrumb":{"@id":"https:\/\/www.visit-ulcinj.com\/blog\/2008\/01\/08\/mosaprovimi-i-llogarise-perfundimtare-te-komunes-se-ulqinit-dhe-buxhetit-per-vitin-2008\/#breadcrumb"},"inLanguage":"en-US","potentialAction":[{"@type":"ReadAction","target":["https:\/\/www.visit-ulcinj.com\/blog\/2008\/01\/08\/mosaprovimi-i-llogarise-perfundimtare-te-komunes-se-ulqinit-dhe-buxhetit-per-vitin-2008\/"]}]},{"@type":"BreadcrumbList","@id":"https:\/\/www.visit-ulcinj.com\/blog\/2008\/01\/08\/mosaprovimi-i-llogarise-perfundimtare-te-komunes-se-ulqinit-dhe-buxhetit-per-vitin-2008\/#breadcrumb","itemListElement":[{"@type":"ListItem","position":1,"name":"Mosaprovimi i llogaris\u00eb p\u00ebrfundimtare t\u00eb komun\u00ebs s\u00eb ulqinit dhe buxhetit p\u00ebr vitin 2008"}]},{"@type":"Person","@id":"https:\/\/www.visit-ulcinj.com\/blog\/#\/schema\/person\/dcab619c614d3038751c63bc2aadc06d","name":"ulqini","sameAs":["http:\/\/www.visit-ulcinj.com"],"url":"https:\/\/www.visit-ulcinj.com\/blog\/author\/admin\/"}]}},"jetpack_featured_media_url":"","jetpack_sharing_enabled":true,"jetpack_shortlink":"https:\/\/wp.me\/pe6lTn-1o","_links":{"self":[{"href":"https:\/\/www.visit-ulcinj.com\/blog\/wp-json\/wp\/v2\/posts\/86"}],"collection":[{"href":"https:\/\/www.visit-ulcinj.com\/blog\/wp-json\/wp\/v2\/posts"}],"about":[{"href":"https:\/\/www.visit-ulcinj.com\/blog\/wp-json\/wp\/v2\/types\/post"}],"author":[{"embeddable":true,"href":"https:\/\/www.visit-ulcinj.com\/blog\/wp-json\/wp\/v2\/users\/1"}],"replies":[{"embeddable":true,"href":"https:\/\/www.visit-ulcinj.com\/blog\/wp-json\/wp\/v2\/comments?post=86"}],"version-history":[{"count":0,"href":"https:\/\/www.visit-ulcinj.com\/blog\/wp-json\/wp\/v2\/posts\/86\/revisions"}],"wp:attachment":[{"href":"https:\/\/www.visit-ulcinj.com\/blog\/wp-json\/wp\/v2\/media?parent=86"}],"wp:term":[{"taxonomy":"category","embeddable":true,"href":"https:\/\/www.visit-ulcinj.com\/blog\/wp-json\/wp\/v2\/categories?post=86"},{"taxonomy":"post_tag","embeddable":true,"href":"https:\/\/www.visit-ulcinj.com\/blog\/wp-json\/wp\/v2\/tags?post=86"}],"curies":[{"name":"wp","href":"https:\/\/api.w.org\/{rel}","templated":true}]}}