{"id":86006,"date":"2014-11-01T17:16:14","date_gmt":"2014-11-01T16:16:14","guid":{"rendered":"http:\/\/www.visit-ulcinj.com\/blog\/?p=86006"},"modified":"2014-11-01T17:16:14","modified_gmt":"2014-11-01T16:16:14","slug":"ca%c2%adku%c2%adli-maslinjaci-prazni-zbog-loseg-roda","status":"publish","type":"post","link":"https:\/\/www.visit-ulcinj.com\/blog\/2014\/11\/01\/ca%c2%adku%c2%adli-maslinjaci-prazni-zbog-loseg-roda\/","title":{"rendered":"Ca\u00adku\u00adli: Maslinjaci prazni zbog lo\u0161eg roda"},"content":{"rendered":"<p><a href=\"http:\/\/www.visit-ulcinj.com\/blog\/wp-content\/uploads\/2014\/05\/Morsko-Dobro-Cakuli.jpg\"><img loading=\"lazy\" class=\"alignleft wp-image-82674\" src=\"http:\/\/www.visit-ulcinj.com\/blog\/wp-content\/uploads\/2014\/05\/Morsko-Dobro-Cakuli.jpg\" alt=\"Morsko-Dobro-Cakuli\" width=\"508\" height=\"379\" srcset=\"https:\/\/www.visit-ulcinj.com\/blog\/wp-content\/uploads\/2014\/05\/Morsko-Dobro-Cakuli.jpg 525w, https:\/\/www.visit-ulcinj.com\/blog\/wp-content\/uploads\/2014\/05\/Morsko-Dobro-Cakuli-300x224.jpg 300w\" sizes=\"(max-width: 508px) 100vw, 508px\" \/><\/a>Vrijeme je berbe, ali za maslinare ne\u0107e biti mnogo posla jer je ove godine rod slab. Rijetki su maslinjaci gdje \u0107e se ne\u0161to ubrati, a u pitanju je koli\u010dina od koje \u0107e se dobiti tek ne\u0161to ulja, \u0161to ne\u0107e biti dovoljno ni za ku\u0107ne potrebe proizvo\u0111a\u010da, ka\u017eu maslinari iz Boke Kotorske i Ulcinja.<\/p>\n<p>Izvr\u0161na direktorka Maslinarskog dru\u0161tva Boka Vesna \u0110uki\u0107 i D\u017eaudet Cakuli, predsjednik Udr\u017eenja maslinara iz Ulcinja, kazali su za <em>Portal Analitika<\/em> da su lo\u0161e vrijeme i \u0161teto\u010dine u\u010dinili da i ova godina za crnogorske maslinare bude lo\u0161a.<\/p>\n<p>Masline su po\u010dele da se beru ranije nego pro\u0161lih godina, a sve je to zbog ovakvog vremena, a i \u0161teto\u010dine nanose velike \u0161tete maslinjacima, tako da smo prvu berbu, vi\u0161e oglednu da bi vidjeli u kakvom su stanju plodovi, imali po\u010detkom oktobra. Sljede\u0107a je bila nakon desetak dana, ali ploda je malo tako da ne mo\u017eemo biti zadovoljni, ka\u017ee \u0110uki\u0107.<\/p>\n<p>Ona isti\u010de da je bilo lo\u0161e vrijeme, mnogo ki\u0161e jo\u0161 od kada je maslina po\u010dela da cvjeta, pa do trenutka kada je po\u010dela da zri, \u0161to je u\u010dinilo da rod podbaci.<\/p>\n<p>Ovogodi\u0161njim rodom nijesu zadovoljni ni ulcinjski maslinari, a predsjednik njihovog Udru\u017eenja D\u017eaudet Cakuli ka\u017ee za <em>Portal Analitika<\/em> da je ubrano vrlo malo, jer je maslina opadala prije nego \u0161to je sazrela.<\/p>\n<p>\u201cDa je bilo roda ovi dani bi bili odli\u010dni za berbu, ali posla \u0107e biti samo u dva do tri maslinjaka. Sa dvjesta stabala ja ove godine ne\u0107u ubrati gotovo ni\u0161ta,\u201d ka\u017ee o ovogodi\u0161njem lo\u0161em rodu Cakuli.<\/p>\n<p><strong>Analitika &#8211; Informativni Portal<\/strong><\/p>\n","protected":false},"excerpt":{"rendered":"<p>Vrijeme je berbe, ali za maslinare ne\u0107e biti mnogo posla jer je ove godine rod slab. Rijetki su maslinjaci gdje \u0107e se ne\u0161to ubrati, a u pitanju je koli\u010dina od koje \u0107e se dobiti tek ne\u0161to ulja, \u0161to ne\u0107e biti dovoljno ni za ku\u0107ne potrebe proizvo\u0111a\u010da, ka\u017eu maslinari iz Boke Kotorske i Ulcinja. Izvr\u0161na direktorka [&hellip;]<\/p>\n","protected":false},"author":1,"featured_media":0,"comment_status":"closed","ping_status":"closed","sticky":false,"template":"","format":"standard","meta":{"spay_email":"","jetpack_publicize_message":"","jetpack_is_tweetstorm":false,"jetpack_publicize_feature_enabled":true},"categories":[8337],"tags":[],"jetpack_publicize_connections":[],"yoast_head":"<!-- This site is optimized with the Yoast SEO plugin v19.1 - https:\/\/yoast.com\/wordpress\/plugins\/seo\/ -->\n<title>Ca\u00adku\u00adli: Maslinjaci prazni zbog lo\u0161eg roda - Lajme nga Ulqini<\/title>\n<meta name=\"description\" content=\"Vrijeme je berbe, ali za maslinare ne\u0107e biti mnogo posla jer je ove godine rod slab. Rijetki su maslinjaci gdje \u0107e se ne\u0161to ubrati, a u pitanju je\" \/>\n<meta name=\"robots\" content=\"index, follow, max-snippet:-1, max-image-preview:large, max-video-preview:-1\" \/>\n<link rel=\"canonical\" href=\"https:\/\/www.visit-ulcinj.com\/blog\/2014\/11\/01\/ca\u00adku\u00adli-maslinjaci-prazni-zbog-loseg-roda\/\" \/>\n<meta property=\"og:locale\" content=\"en_US\" \/>\n<meta property=\"og:type\" content=\"article\" \/>\n<meta property=\"og:title\" content=\"Ca\u00adku\u00adli: Maslinjaci prazni zbog lo\u0161eg roda - Lajme nga Ulqini\" \/>\n<meta property=\"og:description\" content=\"Vrijeme je berbe, ali za maslinare ne\u0107e biti mnogo posla jer je ove godine rod slab. Rijetki su maslinjaci gdje \u0107e se ne\u0161to ubrati, a u pitanju je\" \/>\n<meta property=\"og:url\" content=\"https:\/\/www.visit-ulcinj.com\/blog\/2014\/11\/01\/ca\u00adku\u00adli-maslinjaci-prazni-zbog-loseg-roda\/\" \/>\n<meta property=\"og:site_name\" content=\"Lajme nga Ulqini\" \/>\n<meta property=\"article:published_time\" content=\"2014-11-01T16:16:14+00:00\" \/>\n<meta property=\"og:image\" content=\"http:\/\/www.visit-ulcinj.com\/blog\/wp-content\/uploads\/2014\/05\/Morsko-Dobro-Cakuli.jpg\" \/>\n<meta name=\"twitter:label1\" content=\"Written by\" \/>\n\t<meta name=\"twitter:data1\" content=\"ulqini\" \/>\n\t<meta name=\"twitter:label2\" content=\"Est. reading time\" \/>\n\t<meta name=\"twitter:data2\" content=\"1 minute\" \/>\n<script type=\"application\/ld+json\" class=\"yoast-schema-graph\">{\"@context\":\"https:\/\/schema.org\",\"@graph\":[{\"@type\":\"WebSite\",\"@id\":\"https:\/\/www.visit-ulcinj.com\/blog\/#website\",\"url\":\"https:\/\/www.visit-ulcinj.com\/blog\/\",\"name\":\"Lajme nga Ulqini\",\"description\":\"Lajme,Vijesti,Ulqini,Ulqin,Crna Gora,Mali i Zi\",\"potentialAction\":[{\"@type\":\"SearchAction\",\"target\":{\"@type\":\"EntryPoint\",\"urlTemplate\":\"https:\/\/www.visit-ulcinj.com\/blog\/?s={search_term_string}\"},\"query-input\":\"required name=search_term_string\"}],\"inLanguage\":\"en-US\"},{\"@type\":\"ImageObject\",\"inLanguage\":\"en-US\",\"@id\":\"https:\/\/www.visit-ulcinj.com\/blog\/2014\/11\/01\/ca%c2%adku%c2%adli-maslinjaci-prazni-zbog-loseg-roda\/#primaryimage\",\"url\":\"https:\/\/www.visit-ulcinj.com\/blog\/wp-content\/uploads\/2014\/05\/Morsko-Dobro-Cakuli.jpg\",\"contentUrl\":\"https:\/\/www.visit-ulcinj.com\/blog\/wp-content\/uploads\/2014\/05\/Morsko-Dobro-Cakuli.jpg\",\"width\":525,\"height\":392},{\"@type\":\"WebPage\",\"@id\":\"https:\/\/www.visit-ulcinj.com\/blog\/2014\/11\/01\/ca%c2%adku%c2%adli-maslinjaci-prazni-zbog-loseg-roda\/#webpage\",\"url\":\"https:\/\/www.visit-ulcinj.com\/blog\/2014\/11\/01\/ca%c2%adku%c2%adli-maslinjaci-prazni-zbog-loseg-roda\/\",\"name\":\"Ca\u00adku\u00adli: Maslinjaci prazni zbog lo\u0161eg roda - Lajme nga Ulqini\",\"isPartOf\":{\"@id\":\"https:\/\/www.visit-ulcinj.com\/blog\/#website\"},\"primaryImageOfPage\":{\"@id\":\"https:\/\/www.visit-ulcinj.com\/blog\/2014\/11\/01\/ca%c2%adku%c2%adli-maslinjaci-prazni-zbog-loseg-roda\/#primaryimage\"},\"datePublished\":\"2014-11-01T16:16:14+00:00\",\"dateModified\":\"2014-11-01T16:16:14+00:00\",\"author\":{\"@id\":\"https:\/\/www.visit-ulcinj.com\/blog\/#\/schema\/person\/dcab619c614d3038751c63bc2aadc06d\"},\"description\":\"Vrijeme je berbe, ali za maslinare ne\u0107e biti mnogo posla jer je ove godine rod slab. Rijetki su maslinjaci gdje \u0107e se ne\u0161to ubrati, a u pitanju je\",\"breadcrumb\":{\"@id\":\"https:\/\/www.visit-ulcinj.com\/blog\/2014\/11\/01\/ca%c2%adku%c2%adli-maslinjaci-prazni-zbog-loseg-roda\/#breadcrumb\"},\"inLanguage\":\"en-US\",\"potentialAction\":[{\"@type\":\"ReadAction\",\"target\":[\"https:\/\/www.visit-ulcinj.com\/blog\/2014\/11\/01\/ca%c2%adku%c2%adli-maslinjaci-prazni-zbog-loseg-roda\/\"]}]},{\"@type\":\"BreadcrumbList\",\"@id\":\"https:\/\/www.visit-ulcinj.com\/blog\/2014\/11\/01\/ca%c2%adku%c2%adli-maslinjaci-prazni-zbog-loseg-roda\/#breadcrumb\",\"itemListElement\":[{\"@type\":\"ListItem\",\"position\":1,\"name\":\"Ca\u00adku\u00adli: Maslinjaci prazni zbog lo\u0161eg roda\"}]},{\"@type\":\"Person\",\"@id\":\"https:\/\/www.visit-ulcinj.com\/blog\/#\/schema\/person\/dcab619c614d3038751c63bc2aadc06d\",\"name\":\"ulqini\",\"sameAs\":[\"http:\/\/www.visit-ulcinj.com\"],\"url\":\"https:\/\/www.visit-ulcinj.com\/blog\/author\/admin\/\"}]}<\/script>\n<!-- \/ Yoast SEO plugin. -->","yoast_head_json":{"title":"Ca\u00adku\u00adli: Maslinjaci prazni zbog lo\u0161eg roda - Lajme nga Ulqini","description":"Vrijeme je berbe, ali za maslinare ne\u0107e biti mnogo posla jer je ove godine rod slab. Rijetki su maslinjaci gdje \u0107e se ne\u0161to ubrati, a u pitanju je","robots":{"index":"index","follow":"follow","max-snippet":"max-snippet:-1","max-image-preview":"max-image-preview:large","max-video-preview":"max-video-preview:-1"},"canonical":"https:\/\/www.visit-ulcinj.com\/blog\/2014\/11\/01\/ca\u00adku\u00adli-maslinjaci-prazni-zbog-loseg-roda\/","og_locale":"en_US","og_type":"article","og_title":"Ca\u00adku\u00adli: Maslinjaci prazni zbog lo\u0161eg roda - Lajme nga Ulqini","og_description":"Vrijeme je berbe, ali za maslinare ne\u0107e biti mnogo posla jer je ove godine rod slab. Rijetki su maslinjaci gdje \u0107e se ne\u0161to ubrati, a u pitanju je","og_url":"https:\/\/www.visit-ulcinj.com\/blog\/2014\/11\/01\/ca\u00adku\u00adli-maslinjaci-prazni-zbog-loseg-roda\/","og_site_name":"Lajme nga Ulqini","article_published_time":"2014-11-01T16:16:14+00:00","og_image":[{"url":"http:\/\/www.visit-ulcinj.com\/blog\/wp-content\/uploads\/2014\/05\/Morsko-Dobro-Cakuli.jpg"}],"twitter_misc":{"Written by":"ulqini","Est. reading time":"1 minute"},"schema":{"@context":"https:\/\/schema.org","@graph":[{"@type":"WebSite","@id":"https:\/\/www.visit-ulcinj.com\/blog\/#website","url":"https:\/\/www.visit-ulcinj.com\/blog\/","name":"Lajme nga Ulqini","description":"Lajme,Vijesti,Ulqini,Ulqin,Crna Gora,Mali i Zi","potentialAction":[{"@type":"SearchAction","target":{"@type":"EntryPoint","urlTemplate":"https:\/\/www.visit-ulcinj.com\/blog\/?s={search_term_string}"},"query-input":"required name=search_term_string"}],"inLanguage":"en-US"},{"@type":"ImageObject","inLanguage":"en-US","@id":"https:\/\/www.visit-ulcinj.com\/blog\/2014\/11\/01\/ca%c2%adku%c2%adli-maslinjaci-prazni-zbog-loseg-roda\/#primaryimage","url":"https:\/\/www.visit-ulcinj.com\/blog\/wp-content\/uploads\/2014\/05\/Morsko-Dobro-Cakuli.jpg","contentUrl":"https:\/\/www.visit-ulcinj.com\/blog\/wp-content\/uploads\/2014\/05\/Morsko-Dobro-Cakuli.jpg","width":525,"height":392},{"@type":"WebPage","@id":"https:\/\/www.visit-ulcinj.com\/blog\/2014\/11\/01\/ca%c2%adku%c2%adli-maslinjaci-prazni-zbog-loseg-roda\/#webpage","url":"https:\/\/www.visit-ulcinj.com\/blog\/2014\/11\/01\/ca%c2%adku%c2%adli-maslinjaci-prazni-zbog-loseg-roda\/","name":"Ca\u00adku\u00adli: Maslinjaci prazni zbog lo\u0161eg roda - Lajme nga Ulqini","isPartOf":{"@id":"https:\/\/www.visit-ulcinj.com\/blog\/#website"},"primaryImageOfPage":{"@id":"https:\/\/www.visit-ulcinj.com\/blog\/2014\/11\/01\/ca%c2%adku%c2%adli-maslinjaci-prazni-zbog-loseg-roda\/#primaryimage"},"datePublished":"2014-11-01T16:16:14+00:00","dateModified":"2014-11-01T16:16:14+00:00","author":{"@id":"https:\/\/www.visit-ulcinj.com\/blog\/#\/schema\/person\/dcab619c614d3038751c63bc2aadc06d"},"description":"Vrijeme je berbe, ali za maslinare ne\u0107e biti mnogo posla jer je ove godine rod slab. Rijetki su maslinjaci gdje \u0107e se ne\u0161to ubrati, a u pitanju je","breadcrumb":{"@id":"https:\/\/www.visit-ulcinj.com\/blog\/2014\/11\/01\/ca%c2%adku%c2%adli-maslinjaci-prazni-zbog-loseg-roda\/#breadcrumb"},"inLanguage":"en-US","potentialAction":[{"@type":"ReadAction","target":["https:\/\/www.visit-ulcinj.com\/blog\/2014\/11\/01\/ca%c2%adku%c2%adli-maslinjaci-prazni-zbog-loseg-roda\/"]}]},{"@type":"BreadcrumbList","@id":"https:\/\/www.visit-ulcinj.com\/blog\/2014\/11\/01\/ca%c2%adku%c2%adli-maslinjaci-prazni-zbog-loseg-roda\/#breadcrumb","itemListElement":[{"@type":"ListItem","position":1,"name":"Ca\u00adku\u00adli: Maslinjaci prazni zbog lo\u0161eg roda"}]},{"@type":"Person","@id":"https:\/\/www.visit-ulcinj.com\/blog\/#\/schema\/person\/dcab619c614d3038751c63bc2aadc06d","name":"ulqini","sameAs":["http:\/\/www.visit-ulcinj.com"],"url":"https:\/\/www.visit-ulcinj.com\/blog\/author\/admin\/"}]}},"jetpack_featured_media_url":"","jetpack_sharing_enabled":true,"jetpack_shortlink":"https:\/\/wp.me\/pe6lTn-mnc","_links":{"self":[{"href":"https:\/\/www.visit-ulcinj.com\/blog\/wp-json\/wp\/v2\/posts\/86006"}],"collection":[{"href":"https:\/\/www.visit-ulcinj.com\/blog\/wp-json\/wp\/v2\/posts"}],"about":[{"href":"https:\/\/www.visit-ulcinj.com\/blog\/wp-json\/wp\/v2\/types\/post"}],"author":[{"embeddable":true,"href":"https:\/\/www.visit-ulcinj.com\/blog\/wp-json\/wp\/v2\/users\/1"}],"replies":[{"embeddable":true,"href":"https:\/\/www.visit-ulcinj.com\/blog\/wp-json\/wp\/v2\/comments?post=86006"}],"version-history":[{"count":1,"href":"https:\/\/www.visit-ulcinj.com\/blog\/wp-json\/wp\/v2\/posts\/86006\/revisions"}],"predecessor-version":[{"id":86007,"href":"https:\/\/www.visit-ulcinj.com\/blog\/wp-json\/wp\/v2\/posts\/86006\/revisions\/86007"}],"wp:attachment":[{"href":"https:\/\/www.visit-ulcinj.com\/blog\/wp-json\/wp\/v2\/media?parent=86006"}],"wp:term":[{"taxonomy":"category","embeddable":true,"href":"https:\/\/www.visit-ulcinj.com\/blog\/wp-json\/wp\/v2\/categories?post=86006"},{"taxonomy":"post_tag","embeddable":true,"href":"https:\/\/www.visit-ulcinj.com\/blog\/wp-json\/wp\/v2\/tags?post=86006"}],"curies":[{"name":"wp","href":"https:\/\/api.w.org\/{rel}","templated":true}]}}