{"id":86016,"date":"2014-11-01T18:04:52","date_gmt":"2014-11-01T17:04:52","guid":{"rendered":"http:\/\/www.visit-ulcinj.com\/blog\/?p=86016"},"modified":"2014-11-01T18:04:52","modified_gmt":"2014-11-01T17:04:52","slug":"fatmir-gjeka-pranishem-ne-smart-city-forum","status":"publish","type":"post","link":"https:\/\/www.visit-ulcinj.com\/blog\/2014\/11\/01\/fatmir-gjeka-pranishem-ne-smart-city-forum\/","title":{"rendered":"Fatmir Gjeka  i pranish\u00ebm n\u00eb  \u201cSmart city\u201d forum"},"content":{"rendered":"<p><a href=\"http:\/\/www.visit-ulcinj.com\/blog\/wp-content\/uploads\/2014\/11\/Fatmir-Gjeka-present-in-the-Smart-City-forum.jpg\"><img loading=\"lazy\" class=\"alignleft wp-image-86014\" src=\"http:\/\/www.visit-ulcinj.com\/blog\/wp-content\/uploads\/2014\/11\/Fatmir-Gjeka-present-in-the-Smart-City-forum.jpg\" alt=\"Fatmir Gjeka present in the -Smart City-forum\" width=\"508\" height=\"223\" srcset=\"https:\/\/www.visit-ulcinj.com\/blog\/wp-content\/uploads\/2014\/11\/Fatmir-Gjeka-present-in-the-Smart-City-forum.jpg 960w, https:\/\/www.visit-ulcinj.com\/blog\/wp-content\/uploads\/2014\/11\/Fatmir-Gjeka-present-in-the-Smart-City-forum-300x131.jpg 300w\" sizes=\"(max-width: 508px) 100vw, 508px\" \/><\/a>Kryetari i komun\u00ebs s\u00eb Ulqinit Fatmir Gjeka do t\u00eb jet\u00eb nj\u00eb nga panelist\u00ebt n\u00eb konferenc\u00ebn nd\u00ebrkomb\u00ebtare e cila n\u00eb fillim t\u00eb jav\u00ebs s\u00eb ardhshme do t\u00eb mbahet n\u00eb Durr\u00ebs, m\u00ebson Portali UL-info.<\/p>\n<p>B\u00ebhet fjal\u00eb p\u00ebr forumin e par\u00eb \u201cSmart city\u201d, i cili t\u00eb h\u00ebn\u00ebn dhe t\u00eb mart\u00ebn n\u00eb k\u00ebt\u00eb qytet bregdetar t\u00eb Shqip\u00ebris\u00eb do t\u00eb mbledh num\u00ebr t\u00eb madh t\u00eb ministrave dhe kryetar\u00ebve nga vendet e regjionit dhe ekspert\u00ebt n\u00eb kryerjen e pun\u00ebve komunale dhe politik\u00ebs urbane.<\/p>\n<p>\u00cbsht\u00eb paralajm\u00ebruar q\u00eb n\u00eb tubim do t\u00eb marr\u00eb pjes\u00eb dhe kryeministri shqiptar Edi Rama.<\/p>\n<p>Ul.info<\/p>\n","protected":false},"excerpt":{"rendered":"<p>Kryetari i komun\u00ebs s\u00eb Ulqinit Fatmir Gjeka do t\u00eb jet\u00eb nj\u00eb nga panelist\u00ebt n\u00eb konferenc\u00ebn nd\u00ebrkomb\u00ebtare e cila n\u00eb fillim t\u00eb jav\u00ebs s\u00eb ardhshme do t\u00eb mbahet n\u00eb Durr\u00ebs, m\u00ebson Portali UL-info. B\u00ebhet fjal\u00eb p\u00ebr forumin e par\u00eb \u201cSmart city\u201d, i cili t\u00eb h\u00ebn\u00ebn dhe t\u00eb mart\u00ebn n\u00eb k\u00ebt\u00eb qytet bregdetar t\u00eb Shqip\u00ebris\u00eb do t\u00eb [&hellip;]<\/p>\n","protected":false},"author":1,"featured_media":0,"comment_status":"closed","ping_status":"closed","sticky":false,"template":"","format":"standard","meta":{"spay_email":"","jetpack_publicize_message":"","jetpack_is_tweetstorm":false,"jetpack_publicize_feature_enabled":true},"categories":[12],"tags":[],"jetpack_publicize_connections":[],"yoast_head":"<!-- This site is optimized with the Yoast SEO plugin v19.1 - https:\/\/yoast.com\/wordpress\/plugins\/seo\/ -->\n<title>Fatmir Gjeka i pranish\u00ebm n\u00eb \u201cSmart city\u201d forum - Lajme nga Ulqini<\/title>\n<meta name=\"description\" content=\"Kryetari i komun\u00ebs s\u00eb Ulqinit Fatmir Gjeka do t\u00eb jet\u00eb nj\u00eb nga panelist\u00ebt n\u00eb konferenc\u00ebn nd\u00ebrkomb\u00ebtare e cila n\u00eb fillim t\u00eb jav\u00ebs s\u00eb ardhshme do t\u00eb mbahet\" \/>\n<meta name=\"robots\" content=\"index, follow, max-snippet:-1, max-image-preview:large, max-video-preview:-1\" \/>\n<link rel=\"canonical\" href=\"https:\/\/www.visit-ulcinj.com\/blog\/2014\/11\/01\/fatmir-gjeka-pranishem-ne-smart-city-forum\/\" \/>\n<meta property=\"og:locale\" content=\"en_US\" \/>\n<meta property=\"og:type\" content=\"article\" \/>\n<meta property=\"og:title\" content=\"Fatmir Gjeka i pranish\u00ebm n\u00eb \u201cSmart city\u201d forum - Lajme nga Ulqini\" \/>\n<meta property=\"og:description\" content=\"Kryetari i komun\u00ebs s\u00eb Ulqinit Fatmir Gjeka do t\u00eb jet\u00eb nj\u00eb nga panelist\u00ebt n\u00eb konferenc\u00ebn nd\u00ebrkomb\u00ebtare e cila n\u00eb fillim t\u00eb jav\u00ebs s\u00eb ardhshme do t\u00eb mbahet\" \/>\n<meta property=\"og:url\" content=\"https:\/\/www.visit-ulcinj.com\/blog\/2014\/11\/01\/fatmir-gjeka-pranishem-ne-smart-city-forum\/\" \/>\n<meta property=\"og:site_name\" content=\"Lajme nga Ulqini\" \/>\n<meta property=\"article:published_time\" content=\"2014-11-01T17:04:52+00:00\" \/>\n<meta property=\"og:image\" content=\"http:\/\/www.visit-ulcinj.com\/blog\/wp-content\/uploads\/2014\/11\/Fatmir-Gjeka-present-in-the-Smart-City-forum.jpg\" \/>\n<meta name=\"twitter:label1\" content=\"Written by\" \/>\n\t<meta name=\"twitter:data1\" content=\"ulqini\" \/>\n\t<meta name=\"twitter:label2\" content=\"Est. reading time\" \/>\n\t<meta name=\"twitter:data2\" content=\"1 minute\" \/>\n<script type=\"application\/ld+json\" class=\"yoast-schema-graph\">{\"@context\":\"https:\/\/schema.org\",\"@graph\":[{\"@type\":\"WebSite\",\"@id\":\"https:\/\/www.visit-ulcinj.com\/blog\/#website\",\"url\":\"https:\/\/www.visit-ulcinj.com\/blog\/\",\"name\":\"Lajme nga Ulqini\",\"description\":\"Lajme,Vijesti,Ulqini,Ulqin,Crna Gora,Mali i Zi\",\"potentialAction\":[{\"@type\":\"SearchAction\",\"target\":{\"@type\":\"EntryPoint\",\"urlTemplate\":\"https:\/\/www.visit-ulcinj.com\/blog\/?s={search_term_string}\"},\"query-input\":\"required name=search_term_string\"}],\"inLanguage\":\"en-US\"},{\"@type\":\"ImageObject\",\"inLanguage\":\"en-US\",\"@id\":\"https:\/\/www.visit-ulcinj.com\/blog\/2014\/11\/01\/fatmir-gjeka-pranishem-ne-smart-city-forum\/#primaryimage\",\"url\":\"https:\/\/www.visit-ulcinj.com\/blog\/wp-content\/uploads\/2014\/11\/Fatmir-Gjeka-present-in-the-Smart-City-forum.jpg\",\"contentUrl\":\"https:\/\/www.visit-ulcinj.com\/blog\/wp-content\/uploads\/2014\/11\/Fatmir-Gjeka-present-in-the-Smart-City-forum.jpg\",\"width\":960,\"height\":421},{\"@type\":\"WebPage\",\"@id\":\"https:\/\/www.visit-ulcinj.com\/blog\/2014\/11\/01\/fatmir-gjeka-pranishem-ne-smart-city-forum\/#webpage\",\"url\":\"https:\/\/www.visit-ulcinj.com\/blog\/2014\/11\/01\/fatmir-gjeka-pranishem-ne-smart-city-forum\/\",\"name\":\"Fatmir Gjeka i pranish\u00ebm n\u00eb \u201cSmart city\u201d forum - Lajme nga Ulqini\",\"isPartOf\":{\"@id\":\"https:\/\/www.visit-ulcinj.com\/blog\/#website\"},\"primaryImageOfPage\":{\"@id\":\"https:\/\/www.visit-ulcinj.com\/blog\/2014\/11\/01\/fatmir-gjeka-pranishem-ne-smart-city-forum\/#primaryimage\"},\"datePublished\":\"2014-11-01T17:04:52+00:00\",\"dateModified\":\"2014-11-01T17:04:52+00:00\",\"author\":{\"@id\":\"https:\/\/www.visit-ulcinj.com\/blog\/#\/schema\/person\/dcab619c614d3038751c63bc2aadc06d\"},\"description\":\"Kryetari i komun\u00ebs s\u00eb Ulqinit Fatmir Gjeka do t\u00eb jet\u00eb nj\u00eb nga panelist\u00ebt n\u00eb konferenc\u00ebn nd\u00ebrkomb\u00ebtare e cila n\u00eb fillim t\u00eb jav\u00ebs s\u00eb ardhshme do t\u00eb mbahet\",\"breadcrumb\":{\"@id\":\"https:\/\/www.visit-ulcinj.com\/blog\/2014\/11\/01\/fatmir-gjeka-pranishem-ne-smart-city-forum\/#breadcrumb\"},\"inLanguage\":\"en-US\",\"potentialAction\":[{\"@type\":\"ReadAction\",\"target\":[\"https:\/\/www.visit-ulcinj.com\/blog\/2014\/11\/01\/fatmir-gjeka-pranishem-ne-smart-city-forum\/\"]}]},{\"@type\":\"BreadcrumbList\",\"@id\":\"https:\/\/www.visit-ulcinj.com\/blog\/2014\/11\/01\/fatmir-gjeka-pranishem-ne-smart-city-forum\/#breadcrumb\",\"itemListElement\":[{\"@type\":\"ListItem\",\"position\":1,\"name\":\"Fatmir Gjeka i pranish\u00ebm n\u00eb \u201cSmart city\u201d forum\"}]},{\"@type\":\"Person\",\"@id\":\"https:\/\/www.visit-ulcinj.com\/blog\/#\/schema\/person\/dcab619c614d3038751c63bc2aadc06d\",\"name\":\"ulqini\",\"sameAs\":[\"http:\/\/www.visit-ulcinj.com\"],\"url\":\"https:\/\/www.visit-ulcinj.com\/blog\/author\/admin\/\"}]}<\/script>\n<!-- \/ Yoast SEO plugin. -->","yoast_head_json":{"title":"Fatmir Gjeka i pranish\u00ebm n\u00eb \u201cSmart city\u201d forum - Lajme nga Ulqini","description":"Kryetari i komun\u00ebs s\u00eb Ulqinit Fatmir Gjeka do t\u00eb jet\u00eb nj\u00eb nga panelist\u00ebt n\u00eb konferenc\u00ebn nd\u00ebrkomb\u00ebtare e cila n\u00eb fillim t\u00eb jav\u00ebs s\u00eb ardhshme do t\u00eb mbahet","robots":{"index":"index","follow":"follow","max-snippet":"max-snippet:-1","max-image-preview":"max-image-preview:large","max-video-preview":"max-video-preview:-1"},"canonical":"https:\/\/www.visit-ulcinj.com\/blog\/2014\/11\/01\/fatmir-gjeka-pranishem-ne-smart-city-forum\/","og_locale":"en_US","og_type":"article","og_title":"Fatmir Gjeka i pranish\u00ebm n\u00eb \u201cSmart city\u201d forum - Lajme nga Ulqini","og_description":"Kryetari i komun\u00ebs s\u00eb Ulqinit Fatmir Gjeka do t\u00eb jet\u00eb nj\u00eb nga panelist\u00ebt n\u00eb konferenc\u00ebn nd\u00ebrkomb\u00ebtare e cila n\u00eb fillim t\u00eb jav\u00ebs s\u00eb ardhshme do t\u00eb mbahet","og_url":"https:\/\/www.visit-ulcinj.com\/blog\/2014\/11\/01\/fatmir-gjeka-pranishem-ne-smart-city-forum\/","og_site_name":"Lajme nga Ulqini","article_published_time":"2014-11-01T17:04:52+00:00","og_image":[{"url":"http:\/\/www.visit-ulcinj.com\/blog\/wp-content\/uploads\/2014\/11\/Fatmir-Gjeka-present-in-the-Smart-City-forum.jpg"}],"twitter_misc":{"Written by":"ulqini","Est. reading time":"1 minute"},"schema":{"@context":"https:\/\/schema.org","@graph":[{"@type":"WebSite","@id":"https:\/\/www.visit-ulcinj.com\/blog\/#website","url":"https:\/\/www.visit-ulcinj.com\/blog\/","name":"Lajme nga Ulqini","description":"Lajme,Vijesti,Ulqini,Ulqin,Crna Gora,Mali i Zi","potentialAction":[{"@type":"SearchAction","target":{"@type":"EntryPoint","urlTemplate":"https:\/\/www.visit-ulcinj.com\/blog\/?s={search_term_string}"},"query-input":"required name=search_term_string"}],"inLanguage":"en-US"},{"@type":"ImageObject","inLanguage":"en-US","@id":"https:\/\/www.visit-ulcinj.com\/blog\/2014\/11\/01\/fatmir-gjeka-pranishem-ne-smart-city-forum\/#primaryimage","url":"https:\/\/www.visit-ulcinj.com\/blog\/wp-content\/uploads\/2014\/11\/Fatmir-Gjeka-present-in-the-Smart-City-forum.jpg","contentUrl":"https:\/\/www.visit-ulcinj.com\/blog\/wp-content\/uploads\/2014\/11\/Fatmir-Gjeka-present-in-the-Smart-City-forum.jpg","width":960,"height":421},{"@type":"WebPage","@id":"https:\/\/www.visit-ulcinj.com\/blog\/2014\/11\/01\/fatmir-gjeka-pranishem-ne-smart-city-forum\/#webpage","url":"https:\/\/www.visit-ulcinj.com\/blog\/2014\/11\/01\/fatmir-gjeka-pranishem-ne-smart-city-forum\/","name":"Fatmir Gjeka i pranish\u00ebm n\u00eb \u201cSmart city\u201d forum - Lajme nga Ulqini","isPartOf":{"@id":"https:\/\/www.visit-ulcinj.com\/blog\/#website"},"primaryImageOfPage":{"@id":"https:\/\/www.visit-ulcinj.com\/blog\/2014\/11\/01\/fatmir-gjeka-pranishem-ne-smart-city-forum\/#primaryimage"},"datePublished":"2014-11-01T17:04:52+00:00","dateModified":"2014-11-01T17:04:52+00:00","author":{"@id":"https:\/\/www.visit-ulcinj.com\/blog\/#\/schema\/person\/dcab619c614d3038751c63bc2aadc06d"},"description":"Kryetari i komun\u00ebs s\u00eb Ulqinit Fatmir Gjeka do t\u00eb jet\u00eb nj\u00eb nga panelist\u00ebt n\u00eb konferenc\u00ebn nd\u00ebrkomb\u00ebtare e cila n\u00eb fillim t\u00eb jav\u00ebs s\u00eb ardhshme do t\u00eb mbahet","breadcrumb":{"@id":"https:\/\/www.visit-ulcinj.com\/blog\/2014\/11\/01\/fatmir-gjeka-pranishem-ne-smart-city-forum\/#breadcrumb"},"inLanguage":"en-US","potentialAction":[{"@type":"ReadAction","target":["https:\/\/www.visit-ulcinj.com\/blog\/2014\/11\/01\/fatmir-gjeka-pranishem-ne-smart-city-forum\/"]}]},{"@type":"BreadcrumbList","@id":"https:\/\/www.visit-ulcinj.com\/blog\/2014\/11\/01\/fatmir-gjeka-pranishem-ne-smart-city-forum\/#breadcrumb","itemListElement":[{"@type":"ListItem","position":1,"name":"Fatmir Gjeka i pranish\u00ebm n\u00eb \u201cSmart city\u201d forum"}]},{"@type":"Person","@id":"https:\/\/www.visit-ulcinj.com\/blog\/#\/schema\/person\/dcab619c614d3038751c63bc2aadc06d","name":"ulqini","sameAs":["http:\/\/www.visit-ulcinj.com"],"url":"https:\/\/www.visit-ulcinj.com\/blog\/author\/admin\/"}]}},"jetpack_featured_media_url":"","jetpack_sharing_enabled":true,"jetpack_shortlink":"https:\/\/wp.me\/pe6lTn-mnm","_links":{"self":[{"href":"https:\/\/www.visit-ulcinj.com\/blog\/wp-json\/wp\/v2\/posts\/86016"}],"collection":[{"href":"https:\/\/www.visit-ulcinj.com\/blog\/wp-json\/wp\/v2\/posts"}],"about":[{"href":"https:\/\/www.visit-ulcinj.com\/blog\/wp-json\/wp\/v2\/types\/post"}],"author":[{"embeddable":true,"href":"https:\/\/www.visit-ulcinj.com\/blog\/wp-json\/wp\/v2\/users\/1"}],"replies":[{"embeddable":true,"href":"https:\/\/www.visit-ulcinj.com\/blog\/wp-json\/wp\/v2\/comments?post=86016"}],"version-history":[{"count":1,"href":"https:\/\/www.visit-ulcinj.com\/blog\/wp-json\/wp\/v2\/posts\/86016\/revisions"}],"predecessor-version":[{"id":86017,"href":"https:\/\/www.visit-ulcinj.com\/blog\/wp-json\/wp\/v2\/posts\/86016\/revisions\/86017"}],"wp:attachment":[{"href":"https:\/\/www.visit-ulcinj.com\/blog\/wp-json\/wp\/v2\/media?parent=86016"}],"wp:term":[{"taxonomy":"category","embeddable":true,"href":"https:\/\/www.visit-ulcinj.com\/blog\/wp-json\/wp\/v2\/categories?post=86016"},{"taxonomy":"post_tag","embeddable":true,"href":"https:\/\/www.visit-ulcinj.com\/blog\/wp-json\/wp\/v2\/tags?post=86016"}],"curies":[{"name":"wp","href":"https:\/\/api.w.org\/{rel}","templated":true}]}}