{"id":86026,"date":"2014-11-02T18:24:40","date_gmt":"2014-11-02T17:24:40","guid":{"rendered":"http:\/\/www.visit-ulcinj.com\/blog\/?p=86026"},"modified":"2014-11-03T14:49:44","modified_gmt":"2014-11-03T13:49:44","slug":"digjet-shtepia-ne-kruce-te-ulqinit","status":"publish","type":"post","link":"https:\/\/www.visit-ulcinj.com\/blog\/2014\/11\/02\/digjet-shtepia-ne-kruce-te-ulqinit\/","title":{"rendered":"Digjet sht\u00ebpia n\u00eb Kru\u00e7\u00eb t\u00eb Ulqinit"},"content":{"rendered":"<p><a href=\"http:\/\/www.visit-ulcinj.com\/blog\/wp-content\/uploads\/2014\/11\/izbio-pozar-u-naselje-Kruce.jpg\"><img loading=\"lazy\" class=\"alignleft wp-image-86023\" src=\"http:\/\/www.visit-ulcinj.com\/blog\/wp-content\/uploads\/2014\/11\/izbio-pozar-u-naselje-Kruce.jpg\" alt=\"izbio pozar u naselje Kruce\" width=\"508\" height=\"381\" srcset=\"https:\/\/www.visit-ulcinj.com\/blog\/wp-content\/uploads\/2014\/11\/izbio-pozar-u-naselje-Kruce.jpg 960w, https:\/\/www.visit-ulcinj.com\/blog\/wp-content\/uploads\/2014\/11\/izbio-pozar-u-naselje-Kruce-300x225.jpg 300w\" sizes=\"(max-width: 508px) 100vw, 508px\" \/><\/a>Mbrem\u00eb n\u00eb ora\u00a0 23:40 n\u00eb fshatin Kru\u00e7\u00eb t\u00eb Ulqinit\u00a0 \u00ebsht\u00eb p\u00ebrfshir\u00eb nga zjarri sht\u00ebpia pron\u00eb e <span class=\"_5yl5\" data-reactid=\".2a.$mid=11414942443308=228eaef4845d0360577.2:0.0.0.0.0\"><span data-reactid=\".2a.$mid=11414942443308=228eaef4845d0360577.2:0.0.0.0.0.0\"><span data-reactid=\".2a.$mid=11414942443308=228eaef4845d0360577.2:0.0.0.0.0.0.$end:0:$0:0\">Sadat Melajac prej\u00a0 Novi Pazarit<\/span><\/span><\/span>. Si pasoj\u00eb e zjarrit \u00ebsht\u00eb djegur \u00e7atia e sht\u00ebpis\u00eb, njofton Policia e Ulqinit.<\/p>\n<p>Policia dhe zjarrfik\u00ebset kan\u00eb shkuar n\u00eb vengjarje dhe kan punuar p\u00ebr t\u00eb shuar flak\u00ebt q\u00eb k\u00ebrc\u00ebnojn\u00eb shtepijat aty pran\u00eb. Sh\u00ebrbimi i zjarrfik\u00ebseve, ka mb\u00ebrritur n\u00eb vendngjarje dhe ka konstatuar se ka v\u00ebshtir\u00ebsi n\u00eb shuarjen e zjarrit,por p\u00ebr shkak t\u00eb terrenit te thyer malor zjarri mas tri\u00a0 or\u00ebve asht vu n\u00eb kontroll totale nga zjarrfiksat.<\/p>\n<p><span class=\"st\">N\u00eb operacion mor\u00ebn pjes\u00eb pes\u00eb makina zjarrfik\u00ebse, dhe 9 zjarrfik\u00ebs.<br \/>\n<\/span><\/p>\n<p>Nj\u00ebsiti i zjarrfik\u00ebsve ka lokalizuar dhe ka fikur zjarrin. Nuk raportohet p\u00ebr t\u00eb l\u00ebnduar<\/p>\n<p>N\u00eb t\u00eb tilla incidente, policia e Ulqinit asht\u00eb duke b\u00ebr\u00eb hetime.<\/p>\n<p><strong>F.H.<\/strong><\/p>\n","protected":false},"excerpt":{"rendered":"<p>Mbrem\u00eb n\u00eb ora\u00a0 23:40 n\u00eb fshatin Kru\u00e7\u00eb t\u00eb Ulqinit\u00a0 \u00ebsht\u00eb p\u00ebrfshir\u00eb nga zjarri sht\u00ebpia pron\u00eb e Sadat Melajac prej\u00a0 Novi Pazarit. Si pasoj\u00eb e zjarrit \u00ebsht\u00eb djegur \u00e7atia e sht\u00ebpis\u00eb, njofton Policia e Ulqinit. Policia dhe zjarrfik\u00ebset kan\u00eb shkuar n\u00eb vengjarje dhe kan punuar p\u00ebr t\u00eb shuar flak\u00ebt q\u00eb k\u00ebrc\u00ebnojn\u00eb shtepijat aty pran\u00eb. Sh\u00ebrbimi i [&hellip;]<\/p>\n","protected":false},"author":1,"featured_media":0,"comment_status":"closed","ping_status":"closed","sticky":false,"template":"","format":"standard","meta":{"spay_email":"","jetpack_publicize_message":"","jetpack_is_tweetstorm":false,"jetpack_publicize_feature_enabled":true},"categories":[1,6950],"tags":[],"jetpack_publicize_connections":[],"yoast_head":"<!-- This site is optimized with the Yoast SEO plugin v19.1 - https:\/\/yoast.com\/wordpress\/plugins\/seo\/ -->\n<title>Digjet sht\u00ebpia n\u00eb Kru\u00e7\u00eb t\u00eb Ulqinit - Lajme nga Ulqini<\/title>\n<meta name=\"description\" content=\"Mbrem\u00eb n\u00eb ora\u00a0 23:40 n\u00eb fshatin Kru\u00e7\u00eb t\u00eb Ulqinit\u00a0 \u00ebsht\u00eb p\u00ebrfshir\u00eb nga zjarri sht\u00ebpia pron\u00eb e Sadat Melajac prej\u00a0 Novi Pazarit. Si pasoj\u00eb e zjarrit \u00ebsht\u00eb\" \/>\n<meta name=\"robots\" content=\"index, follow, max-snippet:-1, max-image-preview:large, max-video-preview:-1\" \/>\n<link rel=\"canonical\" href=\"https:\/\/www.visit-ulcinj.com\/blog\/2014\/11\/02\/digjet-shtepia-ne-kruce-te-ulqinit\/\" \/>\n<meta property=\"og:locale\" content=\"en_US\" \/>\n<meta property=\"og:type\" content=\"article\" \/>\n<meta property=\"og:title\" content=\"Digjet sht\u00ebpia n\u00eb Kru\u00e7\u00eb t\u00eb Ulqinit - Lajme nga Ulqini\" \/>\n<meta property=\"og:description\" content=\"Mbrem\u00eb n\u00eb ora\u00a0 23:40 n\u00eb fshatin Kru\u00e7\u00eb t\u00eb Ulqinit\u00a0 \u00ebsht\u00eb p\u00ebrfshir\u00eb nga zjarri sht\u00ebpia pron\u00eb e Sadat Melajac prej\u00a0 Novi Pazarit. Si pasoj\u00eb e zjarrit \u00ebsht\u00eb\" \/>\n<meta property=\"og:url\" content=\"https:\/\/www.visit-ulcinj.com\/blog\/2014\/11\/02\/digjet-shtepia-ne-kruce-te-ulqinit\/\" \/>\n<meta property=\"og:site_name\" content=\"Lajme nga Ulqini\" \/>\n<meta property=\"article:published_time\" content=\"2014-11-02T17:24:40+00:00\" \/>\n<meta property=\"article:modified_time\" content=\"2014-11-03T13:49:44+00:00\" \/>\n<meta property=\"og:image\" content=\"http:\/\/www.visit-ulcinj.com\/blog\/wp-content\/uploads\/2014\/11\/izbio-pozar-u-naselje-Kruce.jpg\" \/>\n<meta name=\"twitter:label1\" content=\"Written by\" \/>\n\t<meta name=\"twitter:data1\" content=\"ulqini\" \/>\n\t<meta name=\"twitter:label2\" content=\"Est. reading time\" \/>\n\t<meta name=\"twitter:data2\" content=\"1 minute\" \/>\n<script type=\"application\/ld+json\" class=\"yoast-schema-graph\">{\"@context\":\"https:\/\/schema.org\",\"@graph\":[{\"@type\":\"WebSite\",\"@id\":\"https:\/\/www.visit-ulcinj.com\/blog\/#website\",\"url\":\"https:\/\/www.visit-ulcinj.com\/blog\/\",\"name\":\"Lajme nga Ulqini\",\"description\":\"Lajme,Vijesti,Ulqini,Ulqin,Crna Gora,Mali i Zi\",\"potentialAction\":[{\"@type\":\"SearchAction\",\"target\":{\"@type\":\"EntryPoint\",\"urlTemplate\":\"https:\/\/www.visit-ulcinj.com\/blog\/?s={search_term_string}\"},\"query-input\":\"required name=search_term_string\"}],\"inLanguage\":\"en-US\"},{\"@type\":\"ImageObject\",\"inLanguage\":\"en-US\",\"@id\":\"https:\/\/www.visit-ulcinj.com\/blog\/2014\/11\/02\/digjet-shtepia-ne-kruce-te-ulqinit\/#primaryimage\",\"url\":\"https:\/\/www.visit-ulcinj.com\/blog\/wp-content\/uploads\/2014\/11\/izbio-pozar-u-naselje-Kruce.jpg\",\"contentUrl\":\"https:\/\/www.visit-ulcinj.com\/blog\/wp-content\/uploads\/2014\/11\/izbio-pozar-u-naselje-Kruce.jpg\",\"width\":960,\"height\":720},{\"@type\":\"WebPage\",\"@id\":\"https:\/\/www.visit-ulcinj.com\/blog\/2014\/11\/02\/digjet-shtepia-ne-kruce-te-ulqinit\/#webpage\",\"url\":\"https:\/\/www.visit-ulcinj.com\/blog\/2014\/11\/02\/digjet-shtepia-ne-kruce-te-ulqinit\/\",\"name\":\"Digjet sht\u00ebpia n\u00eb Kru\u00e7\u00eb t\u00eb Ulqinit - Lajme nga Ulqini\",\"isPartOf\":{\"@id\":\"https:\/\/www.visit-ulcinj.com\/blog\/#website\"},\"primaryImageOfPage\":{\"@id\":\"https:\/\/www.visit-ulcinj.com\/blog\/2014\/11\/02\/digjet-shtepia-ne-kruce-te-ulqinit\/#primaryimage\"},\"datePublished\":\"2014-11-02T17:24:40+00:00\",\"dateModified\":\"2014-11-03T13:49:44+00:00\",\"author\":{\"@id\":\"https:\/\/www.visit-ulcinj.com\/blog\/#\/schema\/person\/dcab619c614d3038751c63bc2aadc06d\"},\"description\":\"Mbrem\u00eb n\u00eb ora\u00a0 23:40 n\u00eb fshatin Kru\u00e7\u00eb t\u00eb Ulqinit\u00a0 \u00ebsht\u00eb p\u00ebrfshir\u00eb nga zjarri sht\u00ebpia pron\u00eb e Sadat Melajac prej\u00a0 Novi Pazarit. Si pasoj\u00eb e zjarrit \u00ebsht\u00eb\",\"breadcrumb\":{\"@id\":\"https:\/\/www.visit-ulcinj.com\/blog\/2014\/11\/02\/digjet-shtepia-ne-kruce-te-ulqinit\/#breadcrumb\"},\"inLanguage\":\"en-US\",\"potentialAction\":[{\"@type\":\"ReadAction\",\"target\":[\"https:\/\/www.visit-ulcinj.com\/blog\/2014\/11\/02\/digjet-shtepia-ne-kruce-te-ulqinit\/\"]}]},{\"@type\":\"BreadcrumbList\",\"@id\":\"https:\/\/www.visit-ulcinj.com\/blog\/2014\/11\/02\/digjet-shtepia-ne-kruce-te-ulqinit\/#breadcrumb\",\"itemListElement\":[{\"@type\":\"ListItem\",\"position\":1,\"name\":\"Digjet sht\u00ebpia n\u00eb Kru\u00e7\u00eb t\u00eb Ulqinit\"}]},{\"@type\":\"Person\",\"@id\":\"https:\/\/www.visit-ulcinj.com\/blog\/#\/schema\/person\/dcab619c614d3038751c63bc2aadc06d\",\"name\":\"ulqini\",\"sameAs\":[\"http:\/\/www.visit-ulcinj.com\"],\"url\":\"https:\/\/www.visit-ulcinj.com\/blog\/author\/admin\/\"}]}<\/script>\n<!-- \/ Yoast SEO plugin. -->","yoast_head_json":{"title":"Digjet sht\u00ebpia n\u00eb Kru\u00e7\u00eb t\u00eb Ulqinit - Lajme nga Ulqini","description":"Mbrem\u00eb n\u00eb ora\u00a0 23:40 n\u00eb fshatin Kru\u00e7\u00eb t\u00eb Ulqinit\u00a0 \u00ebsht\u00eb p\u00ebrfshir\u00eb nga zjarri sht\u00ebpia pron\u00eb e Sadat Melajac prej\u00a0 Novi Pazarit. Si pasoj\u00eb e zjarrit \u00ebsht\u00eb","robots":{"index":"index","follow":"follow","max-snippet":"max-snippet:-1","max-image-preview":"max-image-preview:large","max-video-preview":"max-video-preview:-1"},"canonical":"https:\/\/www.visit-ulcinj.com\/blog\/2014\/11\/02\/digjet-shtepia-ne-kruce-te-ulqinit\/","og_locale":"en_US","og_type":"article","og_title":"Digjet sht\u00ebpia n\u00eb Kru\u00e7\u00eb t\u00eb Ulqinit - Lajme nga Ulqini","og_description":"Mbrem\u00eb n\u00eb ora\u00a0 23:40 n\u00eb fshatin Kru\u00e7\u00eb t\u00eb Ulqinit\u00a0 \u00ebsht\u00eb p\u00ebrfshir\u00eb nga zjarri sht\u00ebpia pron\u00eb e Sadat Melajac prej\u00a0 Novi Pazarit. Si pasoj\u00eb e zjarrit \u00ebsht\u00eb","og_url":"https:\/\/www.visit-ulcinj.com\/blog\/2014\/11\/02\/digjet-shtepia-ne-kruce-te-ulqinit\/","og_site_name":"Lajme nga Ulqini","article_published_time":"2014-11-02T17:24:40+00:00","article_modified_time":"2014-11-03T13:49:44+00:00","og_image":[{"url":"http:\/\/www.visit-ulcinj.com\/blog\/wp-content\/uploads\/2014\/11\/izbio-pozar-u-naselje-Kruce.jpg"}],"twitter_misc":{"Written by":"ulqini","Est. reading time":"1 minute"},"schema":{"@context":"https:\/\/schema.org","@graph":[{"@type":"WebSite","@id":"https:\/\/www.visit-ulcinj.com\/blog\/#website","url":"https:\/\/www.visit-ulcinj.com\/blog\/","name":"Lajme nga Ulqini","description":"Lajme,Vijesti,Ulqini,Ulqin,Crna Gora,Mali i Zi","potentialAction":[{"@type":"SearchAction","target":{"@type":"EntryPoint","urlTemplate":"https:\/\/www.visit-ulcinj.com\/blog\/?s={search_term_string}"},"query-input":"required name=search_term_string"}],"inLanguage":"en-US"},{"@type":"ImageObject","inLanguage":"en-US","@id":"https:\/\/www.visit-ulcinj.com\/blog\/2014\/11\/02\/digjet-shtepia-ne-kruce-te-ulqinit\/#primaryimage","url":"https:\/\/www.visit-ulcinj.com\/blog\/wp-content\/uploads\/2014\/11\/izbio-pozar-u-naselje-Kruce.jpg","contentUrl":"https:\/\/www.visit-ulcinj.com\/blog\/wp-content\/uploads\/2014\/11\/izbio-pozar-u-naselje-Kruce.jpg","width":960,"height":720},{"@type":"WebPage","@id":"https:\/\/www.visit-ulcinj.com\/blog\/2014\/11\/02\/digjet-shtepia-ne-kruce-te-ulqinit\/#webpage","url":"https:\/\/www.visit-ulcinj.com\/blog\/2014\/11\/02\/digjet-shtepia-ne-kruce-te-ulqinit\/","name":"Digjet sht\u00ebpia n\u00eb Kru\u00e7\u00eb t\u00eb Ulqinit - Lajme nga Ulqini","isPartOf":{"@id":"https:\/\/www.visit-ulcinj.com\/blog\/#website"},"primaryImageOfPage":{"@id":"https:\/\/www.visit-ulcinj.com\/blog\/2014\/11\/02\/digjet-shtepia-ne-kruce-te-ulqinit\/#primaryimage"},"datePublished":"2014-11-02T17:24:40+00:00","dateModified":"2014-11-03T13:49:44+00:00","author":{"@id":"https:\/\/www.visit-ulcinj.com\/blog\/#\/schema\/person\/dcab619c614d3038751c63bc2aadc06d"},"description":"Mbrem\u00eb n\u00eb ora\u00a0 23:40 n\u00eb fshatin Kru\u00e7\u00eb t\u00eb Ulqinit\u00a0 \u00ebsht\u00eb p\u00ebrfshir\u00eb nga zjarri sht\u00ebpia pron\u00eb e Sadat Melajac prej\u00a0 Novi Pazarit. Si pasoj\u00eb e zjarrit \u00ebsht\u00eb","breadcrumb":{"@id":"https:\/\/www.visit-ulcinj.com\/blog\/2014\/11\/02\/digjet-shtepia-ne-kruce-te-ulqinit\/#breadcrumb"},"inLanguage":"en-US","potentialAction":[{"@type":"ReadAction","target":["https:\/\/www.visit-ulcinj.com\/blog\/2014\/11\/02\/digjet-shtepia-ne-kruce-te-ulqinit\/"]}]},{"@type":"BreadcrumbList","@id":"https:\/\/www.visit-ulcinj.com\/blog\/2014\/11\/02\/digjet-shtepia-ne-kruce-te-ulqinit\/#breadcrumb","itemListElement":[{"@type":"ListItem","position":1,"name":"Digjet sht\u00ebpia n\u00eb Kru\u00e7\u00eb t\u00eb Ulqinit"}]},{"@type":"Person","@id":"https:\/\/www.visit-ulcinj.com\/blog\/#\/schema\/person\/dcab619c614d3038751c63bc2aadc06d","name":"ulqini","sameAs":["http:\/\/www.visit-ulcinj.com"],"url":"https:\/\/www.visit-ulcinj.com\/blog\/author\/admin\/"}]}},"jetpack_featured_media_url":"","jetpack_sharing_enabled":true,"jetpack_shortlink":"https:\/\/wp.me\/pe6lTn-mnw","_links":{"self":[{"href":"https:\/\/www.visit-ulcinj.com\/blog\/wp-json\/wp\/v2\/posts\/86026"}],"collection":[{"href":"https:\/\/www.visit-ulcinj.com\/blog\/wp-json\/wp\/v2\/posts"}],"about":[{"href":"https:\/\/www.visit-ulcinj.com\/blog\/wp-json\/wp\/v2\/types\/post"}],"author":[{"embeddable":true,"href":"https:\/\/www.visit-ulcinj.com\/blog\/wp-json\/wp\/v2\/users\/1"}],"replies":[{"embeddable":true,"href":"https:\/\/www.visit-ulcinj.com\/blog\/wp-json\/wp\/v2\/comments?post=86026"}],"version-history":[{"count":7,"href":"https:\/\/www.visit-ulcinj.com\/blog\/wp-json\/wp\/v2\/posts\/86026\/revisions"}],"predecessor-version":[{"id":86034,"href":"https:\/\/www.visit-ulcinj.com\/blog\/wp-json\/wp\/v2\/posts\/86026\/revisions\/86034"}],"wp:attachment":[{"href":"https:\/\/www.visit-ulcinj.com\/blog\/wp-json\/wp\/v2\/media?parent=86026"}],"wp:term":[{"taxonomy":"category","embeddable":true,"href":"https:\/\/www.visit-ulcinj.com\/blog\/wp-json\/wp\/v2\/categories?post=86026"},{"taxonomy":"post_tag","embeddable":true,"href":"https:\/\/www.visit-ulcinj.com\/blog\/wp-json\/wp\/v2\/tags?post=86026"}],"curies":[{"name":"wp","href":"https:\/\/api.w.org\/{rel}","templated":true}]}}