{"id":86035,"date":"2014-11-03T14:48:29","date_gmt":"2014-11-03T13:48:29","guid":{"rendered":"http:\/\/www.visit-ulcinj.com\/blog\/?p=86035"},"modified":"2014-11-03T14:58:28","modified_gmt":"2014-11-03T13:58:28","slug":"fondacioni-studenti-garat-e-recituesve-te-rinj-2014-ftese","status":"publish","type":"post","link":"https:\/\/www.visit-ulcinj.com\/blog\/2014\/11\/03\/fondacioni-studenti-garat-e-recituesve-te-rinj-2014-ftese\/","title":{"rendered":"Fondacioni &#8220;Studenti&#8221; &#8211; Garat e recituesve te rinj 2014 &#8211; Ftese"},"content":{"rendered":"<div class=\"_5pbx userContent\" data-ft=\"{&quot;tn&quot;:&quot;K&quot;}\">\n<p><strong><a href=\"http:\/\/www.visit-ulcinj.com\/blog\/wp-content\/uploads\/2014\/11\/Garat-e-recituesve-te-rinj-2014.jpg\"><img loading=\"lazy\" class=\"alignleft wp-image-86036\" src=\"http:\/\/www.visit-ulcinj.com\/blog\/wp-content\/uploads\/2014\/11\/Garat-e-recituesve-te-rinj-2014.jpg\" alt=\"Garat e recituesve te rinj 2014\" width=\"508\" height=\"338\" srcset=\"https:\/\/www.visit-ulcinj.com\/blog\/wp-content\/uploads\/2014\/11\/Garat-e-recituesve-te-rinj-2014.jpg 960w, https:\/\/www.visit-ulcinj.com\/blog\/wp-content\/uploads\/2014\/11\/Garat-e-recituesve-te-rinj-2014-300x199.jpg 300w\" sizes=\"(max-width: 508px) 100vw, 508px\" \/><\/a>Fondacioni \u201cStudenti\u201d do t\u00eb organizoj\u00eb \u201cGarat e recituesve t\u00eb rinj 2014\u201d p\u00ebr shkollat n\u00eb gjuh\u00ebn shqipe n\u00eb Malin e Zi, t\u00eb shtun\u00ebn, m\u00eb 8 n\u00ebntor 2014, n\u00eb or\u00ebn 18.00, n\u00eb Galerin\u00eb e Arteve t\u00eb Qendr\u00ebs s\u00eb Kultur\u00ebs \u2013 Ulqin.<\/strong><\/p>\n<p>Fondacioni,,Studenti&#8221; do te organizoje te shtunen, me 8 nentor 2014, Garat e recituesve te rinj 2014 ne nivel te shkollave ne gjuhen shqipe ne Mal te Zi.<br \/>\nKjo veprimtari e cila organizohet nga Fondacioni ,,Studenti&#8221;per te nentin vit me radhe, eshte e vetmja e ketij lloji qe zhvillohet ne Komunen e Ulqinit. Sivjet per te paren here ne te do te marrin pjese nxenes nga te gjitha shkollat me mesim ne gjuhen shqipe ne Mal te Zi. Qellimi i saj eshte zhvillimi i frymes garuese,zbulimi i talenteve te rinj, afirmimi i tyre, shkembimi i pervojave dhe zhvillimi i ndjenjes se bashkepunimit ndermjet nxenesve, etj.<br \/>\nGarat do te mbahen ne Galerine e Arteve te Qendres se Kultures-Ulqin dhe fillojne ne oren 18:00.<\/p>\n<p>Jeni te mirepritur!<\/p>\n<p>&nbsp;<\/p>\n<\/div>\n<p><strong>Hajredin Kova\u00e7i<\/strong><\/p>\n<p>069 034 288<\/p>\n<p><a href=\"mailto:hkovaci@hotmail.com\">hkovaci@hotmail.com<\/a><\/p>\n","protected":false},"excerpt":{"rendered":"<p>Fondacioni \u201cStudenti\u201d do t\u00eb organizoj\u00eb \u201cGarat e recituesve t\u00eb rinj 2014\u201d p\u00ebr shkollat n\u00eb gjuh\u00ebn shqipe n\u00eb Malin e Zi, t\u00eb shtun\u00ebn, m\u00eb 8 n\u00ebntor 2014, n\u00eb or\u00ebn 18.00, n\u00eb Galerin\u00eb e Arteve t\u00eb Qendr\u00ebs s\u00eb Kultur\u00ebs \u2013 Ulqin. Fondacioni,,Studenti&#8221; do te organizoje te shtunen, me 8 nentor 2014, Garat e recituesve te rinj 2014 [&hellip;]<\/p>\n","protected":false},"author":1,"featured_media":0,"comment_status":"closed","ping_status":"closed","sticky":false,"template":"","format":"standard","meta":{"spay_email":"","jetpack_publicize_message":"","jetpack_is_tweetstorm":false,"jetpack_publicize_feature_enabled":true},"categories":[4,1],"tags":[],"jetpack_publicize_connections":[],"yoast_head":"<!-- This site is optimized with the Yoast SEO plugin v19.1 - https:\/\/yoast.com\/wordpress\/plugins\/seo\/ -->\n<title>Fondacioni &quot;Studenti&quot; - Garat e recituesve te rinj 2014 - Ftese - Lajme nga Ulqini<\/title>\n<meta name=\"description\" content=\"Fondacioni \u201cStudenti\u201d do t\u00eb organizoj\u00eb \u201cGarat e recituesve t\u00eb rinj 2014\u201d p\u00ebr shkollat n\u00eb gjuh\u00ebn shqipe n\u00eb Malin e Zi, t\u00eb shtun\u00ebn, m\u00eb 8 n\u00ebntor 2014, n\u00eb\" \/>\n<meta name=\"robots\" content=\"index, follow, max-snippet:-1, max-image-preview:large, max-video-preview:-1\" \/>\n<link rel=\"canonical\" href=\"https:\/\/www.visit-ulcinj.com\/blog\/2014\/11\/03\/fondacioni-studenti-garat-e-recituesve-te-rinj-2014-ftese\/\" \/>\n<meta property=\"og:locale\" content=\"en_US\" \/>\n<meta property=\"og:type\" content=\"article\" \/>\n<meta property=\"og:title\" content=\"Fondacioni &quot;Studenti&quot; - Garat e recituesve te rinj 2014 - Ftese - Lajme nga Ulqini\" \/>\n<meta property=\"og:description\" content=\"Fondacioni \u201cStudenti\u201d do t\u00eb organizoj\u00eb \u201cGarat e recituesve t\u00eb rinj 2014\u201d p\u00ebr shkollat n\u00eb gjuh\u00ebn shqipe n\u00eb Malin e Zi, t\u00eb shtun\u00ebn, m\u00eb 8 n\u00ebntor 2014, n\u00eb\" \/>\n<meta property=\"og:url\" content=\"https:\/\/www.visit-ulcinj.com\/blog\/2014\/11\/03\/fondacioni-studenti-garat-e-recituesve-te-rinj-2014-ftese\/\" \/>\n<meta property=\"og:site_name\" content=\"Lajme nga Ulqini\" \/>\n<meta property=\"article:published_time\" content=\"2014-11-03T13:48:29+00:00\" \/>\n<meta property=\"article:modified_time\" content=\"2014-11-03T13:58:28+00:00\" \/>\n<meta property=\"og:image\" content=\"http:\/\/www.visit-ulcinj.com\/blog\/wp-content\/uploads\/2014\/11\/Garat-e-recituesve-te-rinj-2014.jpg\" \/>\n<meta name=\"twitter:label1\" content=\"Written by\" \/>\n\t<meta name=\"twitter:data1\" content=\"ulqini\" \/>\n\t<meta name=\"twitter:label2\" content=\"Est. reading time\" \/>\n\t<meta name=\"twitter:data2\" content=\"1 minute\" \/>\n<script type=\"application\/ld+json\" class=\"yoast-schema-graph\">{\"@context\":\"https:\/\/schema.org\",\"@graph\":[{\"@type\":\"WebSite\",\"@id\":\"https:\/\/www.visit-ulcinj.com\/blog\/#website\",\"url\":\"https:\/\/www.visit-ulcinj.com\/blog\/\",\"name\":\"Lajme nga Ulqini\",\"description\":\"Lajme,Vijesti,Ulqini,Ulqin,Crna Gora,Mali i Zi\",\"potentialAction\":[{\"@type\":\"SearchAction\",\"target\":{\"@type\":\"EntryPoint\",\"urlTemplate\":\"https:\/\/www.visit-ulcinj.com\/blog\/?s={search_term_string}\"},\"query-input\":\"required name=search_term_string\"}],\"inLanguage\":\"en-US\"},{\"@type\":\"ImageObject\",\"inLanguage\":\"en-US\",\"@id\":\"https:\/\/www.visit-ulcinj.com\/blog\/2014\/11\/03\/fondacioni-studenti-garat-e-recituesve-te-rinj-2014-ftese\/#primaryimage\",\"url\":\"https:\/\/www.visit-ulcinj.com\/blog\/wp-content\/uploads\/2014\/11\/Garat-e-recituesve-te-rinj-2014.jpg\",\"contentUrl\":\"https:\/\/www.visit-ulcinj.com\/blog\/wp-content\/uploads\/2014\/11\/Garat-e-recituesve-te-rinj-2014.jpg\",\"width\":960,\"height\":639},{\"@type\":\"WebPage\",\"@id\":\"https:\/\/www.visit-ulcinj.com\/blog\/2014\/11\/03\/fondacioni-studenti-garat-e-recituesve-te-rinj-2014-ftese\/#webpage\",\"url\":\"https:\/\/www.visit-ulcinj.com\/blog\/2014\/11\/03\/fondacioni-studenti-garat-e-recituesve-te-rinj-2014-ftese\/\",\"name\":\"Fondacioni \\\"Studenti\\\" - Garat e recituesve te rinj 2014 - Ftese - Lajme nga Ulqini\",\"isPartOf\":{\"@id\":\"https:\/\/www.visit-ulcinj.com\/blog\/#website\"},\"primaryImageOfPage\":{\"@id\":\"https:\/\/www.visit-ulcinj.com\/blog\/2014\/11\/03\/fondacioni-studenti-garat-e-recituesve-te-rinj-2014-ftese\/#primaryimage\"},\"datePublished\":\"2014-11-03T13:48:29+00:00\",\"dateModified\":\"2014-11-03T13:58:28+00:00\",\"author\":{\"@id\":\"https:\/\/www.visit-ulcinj.com\/blog\/#\/schema\/person\/dcab619c614d3038751c63bc2aadc06d\"},\"description\":\"Fondacioni \u201cStudenti\u201d do t\u00eb organizoj\u00eb \u201cGarat e recituesve t\u00eb rinj 2014\u201d p\u00ebr shkollat n\u00eb gjuh\u00ebn shqipe n\u00eb Malin e Zi, t\u00eb shtun\u00ebn, m\u00eb 8 n\u00ebntor 2014, n\u00eb\",\"breadcrumb\":{\"@id\":\"https:\/\/www.visit-ulcinj.com\/blog\/2014\/11\/03\/fondacioni-studenti-garat-e-recituesve-te-rinj-2014-ftese\/#breadcrumb\"},\"inLanguage\":\"en-US\",\"potentialAction\":[{\"@type\":\"ReadAction\",\"target\":[\"https:\/\/www.visit-ulcinj.com\/blog\/2014\/11\/03\/fondacioni-studenti-garat-e-recituesve-te-rinj-2014-ftese\/\"]}]},{\"@type\":\"BreadcrumbList\",\"@id\":\"https:\/\/www.visit-ulcinj.com\/blog\/2014\/11\/03\/fondacioni-studenti-garat-e-recituesve-te-rinj-2014-ftese\/#breadcrumb\",\"itemListElement\":[{\"@type\":\"ListItem\",\"position\":1,\"name\":\"Fondacioni &#8220;Studenti&#8221; &#8211; Garat e recituesve te rinj 2014 &#8211; Ftese\"}]},{\"@type\":\"Person\",\"@id\":\"https:\/\/www.visit-ulcinj.com\/blog\/#\/schema\/person\/dcab619c614d3038751c63bc2aadc06d\",\"name\":\"ulqini\",\"sameAs\":[\"http:\/\/www.visit-ulcinj.com\"],\"url\":\"https:\/\/www.visit-ulcinj.com\/blog\/author\/admin\/\"}]}<\/script>\n<!-- \/ Yoast SEO plugin. -->","yoast_head_json":{"title":"Fondacioni \"Studenti\" - Garat e recituesve te rinj 2014 - Ftese - Lajme nga Ulqini","description":"Fondacioni \u201cStudenti\u201d do t\u00eb organizoj\u00eb \u201cGarat e recituesve t\u00eb rinj 2014\u201d p\u00ebr shkollat n\u00eb gjuh\u00ebn shqipe n\u00eb Malin e Zi, t\u00eb shtun\u00ebn, m\u00eb 8 n\u00ebntor 2014, n\u00eb","robots":{"index":"index","follow":"follow","max-snippet":"max-snippet:-1","max-image-preview":"max-image-preview:large","max-video-preview":"max-video-preview:-1"},"canonical":"https:\/\/www.visit-ulcinj.com\/blog\/2014\/11\/03\/fondacioni-studenti-garat-e-recituesve-te-rinj-2014-ftese\/","og_locale":"en_US","og_type":"article","og_title":"Fondacioni \"Studenti\" - Garat e recituesve te rinj 2014 - Ftese - Lajme nga Ulqini","og_description":"Fondacioni \u201cStudenti\u201d do t\u00eb organizoj\u00eb \u201cGarat e recituesve t\u00eb rinj 2014\u201d p\u00ebr shkollat n\u00eb gjuh\u00ebn shqipe n\u00eb Malin e Zi, t\u00eb shtun\u00ebn, m\u00eb 8 n\u00ebntor 2014, n\u00eb","og_url":"https:\/\/www.visit-ulcinj.com\/blog\/2014\/11\/03\/fondacioni-studenti-garat-e-recituesve-te-rinj-2014-ftese\/","og_site_name":"Lajme nga Ulqini","article_published_time":"2014-11-03T13:48:29+00:00","article_modified_time":"2014-11-03T13:58:28+00:00","og_image":[{"url":"http:\/\/www.visit-ulcinj.com\/blog\/wp-content\/uploads\/2014\/11\/Garat-e-recituesve-te-rinj-2014.jpg"}],"twitter_misc":{"Written by":"ulqini","Est. reading time":"1 minute"},"schema":{"@context":"https:\/\/schema.org","@graph":[{"@type":"WebSite","@id":"https:\/\/www.visit-ulcinj.com\/blog\/#website","url":"https:\/\/www.visit-ulcinj.com\/blog\/","name":"Lajme nga Ulqini","description":"Lajme,Vijesti,Ulqini,Ulqin,Crna Gora,Mali i Zi","potentialAction":[{"@type":"SearchAction","target":{"@type":"EntryPoint","urlTemplate":"https:\/\/www.visit-ulcinj.com\/blog\/?s={search_term_string}"},"query-input":"required name=search_term_string"}],"inLanguage":"en-US"},{"@type":"ImageObject","inLanguage":"en-US","@id":"https:\/\/www.visit-ulcinj.com\/blog\/2014\/11\/03\/fondacioni-studenti-garat-e-recituesve-te-rinj-2014-ftese\/#primaryimage","url":"https:\/\/www.visit-ulcinj.com\/blog\/wp-content\/uploads\/2014\/11\/Garat-e-recituesve-te-rinj-2014.jpg","contentUrl":"https:\/\/www.visit-ulcinj.com\/blog\/wp-content\/uploads\/2014\/11\/Garat-e-recituesve-te-rinj-2014.jpg","width":960,"height":639},{"@type":"WebPage","@id":"https:\/\/www.visit-ulcinj.com\/blog\/2014\/11\/03\/fondacioni-studenti-garat-e-recituesve-te-rinj-2014-ftese\/#webpage","url":"https:\/\/www.visit-ulcinj.com\/blog\/2014\/11\/03\/fondacioni-studenti-garat-e-recituesve-te-rinj-2014-ftese\/","name":"Fondacioni \"Studenti\" - Garat e recituesve te rinj 2014 - Ftese - Lajme nga Ulqini","isPartOf":{"@id":"https:\/\/www.visit-ulcinj.com\/blog\/#website"},"primaryImageOfPage":{"@id":"https:\/\/www.visit-ulcinj.com\/blog\/2014\/11\/03\/fondacioni-studenti-garat-e-recituesve-te-rinj-2014-ftese\/#primaryimage"},"datePublished":"2014-11-03T13:48:29+00:00","dateModified":"2014-11-03T13:58:28+00:00","author":{"@id":"https:\/\/www.visit-ulcinj.com\/blog\/#\/schema\/person\/dcab619c614d3038751c63bc2aadc06d"},"description":"Fondacioni \u201cStudenti\u201d do t\u00eb organizoj\u00eb \u201cGarat e recituesve t\u00eb rinj 2014\u201d p\u00ebr shkollat n\u00eb gjuh\u00ebn shqipe n\u00eb Malin e Zi, t\u00eb shtun\u00ebn, m\u00eb 8 n\u00ebntor 2014, n\u00eb","breadcrumb":{"@id":"https:\/\/www.visit-ulcinj.com\/blog\/2014\/11\/03\/fondacioni-studenti-garat-e-recituesve-te-rinj-2014-ftese\/#breadcrumb"},"inLanguage":"en-US","potentialAction":[{"@type":"ReadAction","target":["https:\/\/www.visit-ulcinj.com\/blog\/2014\/11\/03\/fondacioni-studenti-garat-e-recituesve-te-rinj-2014-ftese\/"]}]},{"@type":"BreadcrumbList","@id":"https:\/\/www.visit-ulcinj.com\/blog\/2014\/11\/03\/fondacioni-studenti-garat-e-recituesve-te-rinj-2014-ftese\/#breadcrumb","itemListElement":[{"@type":"ListItem","position":1,"name":"Fondacioni &#8220;Studenti&#8221; &#8211; Garat e recituesve te rinj 2014 &#8211; Ftese"}]},{"@type":"Person","@id":"https:\/\/www.visit-ulcinj.com\/blog\/#\/schema\/person\/dcab619c614d3038751c63bc2aadc06d","name":"ulqini","sameAs":["http:\/\/www.visit-ulcinj.com"],"url":"https:\/\/www.visit-ulcinj.com\/blog\/author\/admin\/"}]}},"jetpack_featured_media_url":"","jetpack_sharing_enabled":true,"jetpack_shortlink":"https:\/\/wp.me\/pe6lTn-mnF","_links":{"self":[{"href":"https:\/\/www.visit-ulcinj.com\/blog\/wp-json\/wp\/v2\/posts\/86035"}],"collection":[{"href":"https:\/\/www.visit-ulcinj.com\/blog\/wp-json\/wp\/v2\/posts"}],"about":[{"href":"https:\/\/www.visit-ulcinj.com\/blog\/wp-json\/wp\/v2\/types\/post"}],"author":[{"embeddable":true,"href":"https:\/\/www.visit-ulcinj.com\/blog\/wp-json\/wp\/v2\/users\/1"}],"replies":[{"embeddable":true,"href":"https:\/\/www.visit-ulcinj.com\/blog\/wp-json\/wp\/v2\/comments?post=86035"}],"version-history":[{"count":1,"href":"https:\/\/www.visit-ulcinj.com\/blog\/wp-json\/wp\/v2\/posts\/86035\/revisions"}],"predecessor-version":[{"id":86037,"href":"https:\/\/www.visit-ulcinj.com\/blog\/wp-json\/wp\/v2\/posts\/86035\/revisions\/86037"}],"wp:attachment":[{"href":"https:\/\/www.visit-ulcinj.com\/blog\/wp-json\/wp\/v2\/media?parent=86035"}],"wp:term":[{"taxonomy":"category","embeddable":true,"href":"https:\/\/www.visit-ulcinj.com\/blog\/wp-json\/wp\/v2\/categories?post=86035"},{"taxonomy":"post_tag","embeddable":true,"href":"https:\/\/www.visit-ulcinj.com\/blog\/wp-json\/wp\/v2\/tags?post=86035"}],"curies":[{"name":"wp","href":"https:\/\/api.w.org\/{rel}","templated":true}]}}