{"id":86057,"date":"2014-11-04T09:28:06","date_gmt":"2014-11-04T08:28:06","guid":{"rendered":"http:\/\/www.visit-ulcinj.com\/blog\/?p=86057"},"modified":"2014-11-04T14:16:40","modified_gmt":"2014-11-04T13:16:40","slug":"fotoreportazh-e-berllokut-ne-komunen-e-ulqinit","status":"publish","type":"post","link":"https:\/\/www.visit-ulcinj.com\/blog\/2014\/11\/04\/fotoreportazh-e-berllokut-ne-komunen-e-ulqinit\/","title":{"rendered":"Fotoreportazh e b\u00ebrllokut n\u00eb komun\u00ebn e Ulqinit"},"content":{"rendered":"<p><a href=\"http:\/\/www.visit-ulcinj.com\/blog\/wp-content\/uploads\/2014\/11\/B\u00ebrlloku-n\u00eb-komun\u00ebn-e-Ulqinit.jpg\"><img loading=\"lazy\" class=\"alignleft wp-image-86058\" src=\"http:\/\/www.visit-ulcinj.com\/blog\/wp-content\/uploads\/2014\/11\/B\u00ebrlloku-n\u00eb-komun\u00ebn-e-Ulqinit.jpg\" alt=\"B\u00ebrlloku n\u00eb komun\u00ebn e Ulqinit\" width=\"508\" height=\"286\" srcset=\"https:\/\/www.visit-ulcinj.com\/blog\/wp-content\/uploads\/2014\/11\/B\u00ebrlloku-n\u00eb-komun\u00ebn-e-Ulqinit.jpg 800w, https:\/\/www.visit-ulcinj.com\/blog\/wp-content\/uploads\/2014\/11\/B\u00ebrlloku-n\u00eb-komun\u00ebn-e-Ulqinit-300x169.jpg 300w\" sizes=\"(max-width: 508px) 100vw, 508px\" \/><\/a>N\u00eb Ulqin nuk mungon b\u00ebrlloku asnj\u00ebher\u00eb, t\u00eb cilin e gjen n\u00eb \u00e7do lagje dhe n\u00eb \u00e7do rrug\u00eb, duke u b\u00ebr\u00eb k\u00ebshtu pjes\u00eb e p\u00ebrditshm\u00ebris\u00eb s\u00eb banor\u00ebve t\u00eb tij.Mjafton nj\u00eb ecje e shkurt\u00ebr n\u00ebp\u00ebr cil\u00ebndo nga rrug\u00ebt e Ulqinit p\u00ebr t\u00eb par\u00eb se mbeturinat gjenden gjithkund, madje edhe af\u00ebr vendeve ku ushqehen njer\u00ebzit, kafebareve dhe restoranteve, af\u00ebr barnatoreve, institucioneve qeveritare etj. Pos q\u00eb autoritetet komunale nuk kan\u00eb punuar sa duhet q\u00eb qyteti t\u00eb jet\u00eb m\u00eb i past\u00ebr, nj\u00eb pjes\u00eb t\u00eb fajit p\u00ebr k\u00ebt\u00eb gjendje e kan\u00eb edhe vet\u00eb qytetar\u00ebt, t\u00eb cil\u00ebt edhe pse i din\u00eb pasojat q\u00eb sjell papast\u00ebrtia, hedhin mbeturinat kudo. Banor\u00ebt e pranojn\u00eb se nuk jan\u00eb t\u00eb kujdessh\u00ebm p\u00ebr mbajtjen e nj\u00eb ambienti t\u00eb past\u00ebr, duke hedhur mbeturina vend e pa vend. Nd\u00ebrsa disa prej tyre propozojn\u00eb q\u00eb t\u00eb formohet nj\u00eb nj\u00ebsi policore speciale, e cila do t\u00eb merrte masa ndaj atyre q\u00eb e ndotin ambientin.<\/p>\n<p>Nga ana tjet\u00ebr sht\u00ebpit\u00eb dhe oborret n\u00eb Ulqin jan\u00eb jasht\u00ebzakonisht t\u00eb pastra, por jasht\u00eb mureve t\u00eb oborreve duket shpesh ndryshe. Grumbuj qesesh plastike p\u00ebrplot mbeturina, shishe t\u00eb zbraz\u00ebta plastike dhe kanaqe alumini, qese ushqimesh e gj\u00ebra tjera shpesh shihen t\u00eb hedhura n\u00ebp\u00ebr ambiente publike.<\/p>\n<p>T\u00eb huajve, t\u00eb cil\u00ebt vijn\u00eb p\u00ebr her\u00eb t\u00eb par\u00eb n\u00eb Ulqin, shpesh u bien n\u00eb sy dy gj\u00ebra: Mikpritja e popullat\u00ebs vend\u00ebse dhe b\u00ebrlloku i pranish\u00ebm kudo. Mbetet t\u00eb shpresohet q\u00eb vizitor\u00ebt, n\u00eb nj\u00eb t\u00eb ardhme jo shum\u00eb t\u00eb larg\u00ebt, t\u00eb vazhdojn\u00eb t\u00eb shijojn\u00eb mikpritjen dhe q\u00eb b\u00ebrlloku t\u00eb mos u b\u00ebj\u00eb m\u00eb p\u00ebrshtypje negative n\u00eb Ulqin.<\/p>\n<p>Autorja e k\u00ebtyre fotografiave \u00ebsht\u00eb zonja Zenepe Lika n\u00ebnkryetare e komun\u00ebs s\u00eb Ulqinit e cila ka publikuar n\u00eb internet nj\u00eb hart\u00eb me deponit\u00eb m\u00eb t\u00eb k\u00ebqija ilegale n\u00eb komun\u00ebn e Ulqinit si dhe fotografi t\u00eb shumta q\u00eb ajo i paraqet.<\/p>\n<p><a href=\"http:\/\/www.visit-ulcinj.com\/blog\/wp-content\/uploads\/2014\/11\/B\u00ebrlloku-n\u00eb-komun\u00ebn-e-Ulqinit-1.jpg\"><img loading=\"lazy\" class=\"alignleft size-full wp-image-86060\" src=\"http:\/\/www.visit-ulcinj.com\/blog\/wp-content\/uploads\/2014\/11\/B\u00ebrlloku-n\u00eb-komun\u00ebn-e-Ulqinit-1.jpg\" alt=\"B\u00ebrlloku n\u00eb komun\u00ebn e Ulqinit-1\" width=\"508\" height=\"360\" \/><\/a><\/p>\n<p><a href=\"http:\/\/www.visit-ulcinj.com\/blog\/wp-content\/uploads\/2014\/11\/B\u00ebrlloku-n\u00eb-komun\u00ebn-e-Ulqinit-2.jpg\"><img loading=\"lazy\" class=\"alignleft wp-image-86059\" src=\"http:\/\/www.visit-ulcinj.com\/blog\/wp-content\/uploads\/2014\/11\/B\u00ebrlloku-n\u00eb-komun\u00ebn-e-Ulqinit-2.jpg\" alt=\"B\u00ebrlloku n\u00eb komun\u00ebn e Ulqinit-2\" width=\"508\" height=\"286\" srcset=\"https:\/\/www.visit-ulcinj.com\/blog\/wp-content\/uploads\/2014\/11\/B\u00ebrlloku-n\u00eb-komun\u00ebn-e-Ulqinit-2.jpg 800w, https:\/\/www.visit-ulcinj.com\/blog\/wp-content\/uploads\/2014\/11\/B\u00ebrlloku-n\u00eb-komun\u00ebn-e-Ulqinit-2-300x169.jpg 300w\" sizes=\"(max-width: 508px) 100vw, 508px\" \/><\/a><\/p>\n<p><a href=\"http:\/\/www.visit-ulcinj.com\/blog\/wp-content\/uploads\/2014\/11\/B\u00ebrlloku-n\u00eb-komun\u00ebn-e-Ulqinit-4.jpg\"><img loading=\"lazy\" class=\"alignleft size-full wp-image-86061\" src=\"http:\/\/www.visit-ulcinj.com\/blog\/wp-content\/uploads\/2014\/11\/B\u00ebrlloku-n\u00eb-komun\u00ebn-e-Ulqinit-4.jpg\" alt=\"B\u00ebrlloku n\u00eb komun\u00ebn e Ulqinit-4\" width=\"508\" height=\"360\" \/><\/a><\/p>\n<p><a href=\"https:\/\/www.facebook.com\/photo.php?fbid=10204151702946081&amp;set=ms.c.eJxNy8ENACEMA8GOTt7EGOi~%3BMX6nfEcaVDKLrbqODh~_~%3BtCu6PcRbodaQhUNnihPsuTiBenV1FSY~-.bps.a.10204151701946056.1073741845.1631284132&amp;type=1&amp;theater\" target=\"_blank\"><strong>Foto: Zenepa Lika Facebook<\/strong><\/a><\/p>\n","protected":false},"excerpt":{"rendered":"<p>N\u00eb Ulqin nuk mungon b\u00ebrlloku asnj\u00ebher\u00eb, t\u00eb cilin e gjen n\u00eb \u00e7do lagje dhe n\u00eb \u00e7do rrug\u00eb, duke u b\u00ebr\u00eb k\u00ebshtu pjes\u00eb e p\u00ebrditshm\u00ebris\u00eb s\u00eb banor\u00ebve t\u00eb tij.Mjafton nj\u00eb ecje e shkurt\u00ebr n\u00ebp\u00ebr cil\u00ebndo nga rrug\u00ebt e Ulqinit p\u00ebr t\u00eb par\u00eb se mbeturinat gjenden gjithkund, madje edhe af\u00ebr vendeve ku ushqehen njer\u00ebzit, kafebareve dhe restoranteve, [&hellip;]<\/p>\n","protected":false},"author":1,"featured_media":0,"comment_status":"closed","ping_status":"closed","sticky":false,"template":"","format":"standard","meta":{"spay_email":"","jetpack_publicize_message":"","jetpack_is_tweetstorm":false,"jetpack_publicize_feature_enabled":true},"categories":[1,11],"tags":[],"jetpack_publicize_connections":[],"yoast_head":"<!-- This site is optimized with the Yoast SEO plugin v19.1 - https:\/\/yoast.com\/wordpress\/plugins\/seo\/ -->\n<title>Fotoreportazh e b\u00ebrllokut n\u00eb komun\u00ebn e Ulqinit - Lajme nga Ulqini<\/title>\n<meta name=\"description\" content=\"N\u00eb Ulqin nuk mungon b\u00ebrlloku asnj\u00ebher\u00eb, t\u00eb cilin e gjen n\u00eb \u00e7do lagje dhe n\u00eb \u00e7do rrug\u00eb, duke u b\u00ebr\u00eb k\u00ebshtu pjes\u00eb e p\u00ebrditshm\u00ebris\u00eb s\u00eb banor\u00ebve t\u00eb\" \/>\n<meta name=\"robots\" content=\"index, follow, max-snippet:-1, max-image-preview:large, max-video-preview:-1\" \/>\n<link rel=\"canonical\" href=\"https:\/\/www.visit-ulcinj.com\/blog\/2014\/11\/04\/fotoreportazh-e-berllokut-ne-komunen-e-ulqinit\/\" \/>\n<meta property=\"og:locale\" content=\"en_US\" \/>\n<meta property=\"og:type\" content=\"article\" \/>\n<meta property=\"og:title\" content=\"Fotoreportazh e b\u00ebrllokut n\u00eb komun\u00ebn e Ulqinit - Lajme nga Ulqini\" \/>\n<meta property=\"og:description\" content=\"N\u00eb Ulqin nuk mungon b\u00ebrlloku asnj\u00ebher\u00eb, t\u00eb cilin e gjen n\u00eb \u00e7do lagje dhe n\u00eb \u00e7do rrug\u00eb, duke u b\u00ebr\u00eb k\u00ebshtu pjes\u00eb e p\u00ebrditshm\u00ebris\u00eb s\u00eb banor\u00ebve t\u00eb\" \/>\n<meta property=\"og:url\" content=\"https:\/\/www.visit-ulcinj.com\/blog\/2014\/11\/04\/fotoreportazh-e-berllokut-ne-komunen-e-ulqinit\/\" \/>\n<meta property=\"og:site_name\" content=\"Lajme nga Ulqini\" \/>\n<meta property=\"article:published_time\" content=\"2014-11-04T08:28:06+00:00\" \/>\n<meta property=\"article:modified_time\" content=\"2014-11-04T13:16:40+00:00\" \/>\n<meta name=\"twitter:label1\" content=\"Written by\" \/>\n\t<meta name=\"twitter:data1\" content=\"ulqini\" \/>\n\t<meta name=\"twitter:label2\" content=\"Est. reading time\" \/>\n\t<meta name=\"twitter:data2\" content=\"2 minutes\" \/>\n<script type=\"application\/ld+json\" class=\"yoast-schema-graph\">{\"@context\":\"https:\/\/schema.org\",\"@graph\":[{\"@type\":\"WebSite\",\"@id\":\"https:\/\/www.visit-ulcinj.com\/blog\/#website\",\"url\":\"https:\/\/www.visit-ulcinj.com\/blog\/\",\"name\":\"Lajme nga Ulqini\",\"description\":\"Lajme,Vijesti,Ulqini,Ulqin,Crna Gora,Mali i Zi\",\"potentialAction\":[{\"@type\":\"SearchAction\",\"target\":{\"@type\":\"EntryPoint\",\"urlTemplate\":\"https:\/\/www.visit-ulcinj.com\/blog\/?s={search_term_string}\"},\"query-input\":\"required name=search_term_string\"}],\"inLanguage\":\"en-US\"},{\"@type\":\"WebPage\",\"@id\":\"https:\/\/www.visit-ulcinj.com\/blog\/2014\/11\/04\/fotoreportazh-e-berllokut-ne-komunen-e-ulqinit\/#webpage\",\"url\":\"https:\/\/www.visit-ulcinj.com\/blog\/2014\/11\/04\/fotoreportazh-e-berllokut-ne-komunen-e-ulqinit\/\",\"name\":\"Fotoreportazh e b\u00ebrllokut n\u00eb komun\u00ebn e Ulqinit - Lajme nga Ulqini\",\"isPartOf\":{\"@id\":\"https:\/\/www.visit-ulcinj.com\/blog\/#website\"},\"datePublished\":\"2014-11-04T08:28:06+00:00\",\"dateModified\":\"2014-11-04T13:16:40+00:00\",\"author\":{\"@id\":\"https:\/\/www.visit-ulcinj.com\/blog\/#\/schema\/person\/dcab619c614d3038751c63bc2aadc06d\"},\"description\":\"N\u00eb Ulqin nuk mungon b\u00ebrlloku asnj\u00ebher\u00eb, t\u00eb cilin e gjen n\u00eb \u00e7do lagje dhe n\u00eb \u00e7do rrug\u00eb, duke u b\u00ebr\u00eb k\u00ebshtu pjes\u00eb e p\u00ebrditshm\u00ebris\u00eb s\u00eb banor\u00ebve t\u00eb\",\"breadcrumb\":{\"@id\":\"https:\/\/www.visit-ulcinj.com\/blog\/2014\/11\/04\/fotoreportazh-e-berllokut-ne-komunen-e-ulqinit\/#breadcrumb\"},\"inLanguage\":\"en-US\",\"potentialAction\":[{\"@type\":\"ReadAction\",\"target\":[\"https:\/\/www.visit-ulcinj.com\/blog\/2014\/11\/04\/fotoreportazh-e-berllokut-ne-komunen-e-ulqinit\/\"]}]},{\"@type\":\"BreadcrumbList\",\"@id\":\"https:\/\/www.visit-ulcinj.com\/blog\/2014\/11\/04\/fotoreportazh-e-berllokut-ne-komunen-e-ulqinit\/#breadcrumb\",\"itemListElement\":[{\"@type\":\"ListItem\",\"position\":1,\"name\":\"Fotoreportazh e b\u00ebrllokut n\u00eb komun\u00ebn e Ulqinit\"}]},{\"@type\":\"Person\",\"@id\":\"https:\/\/www.visit-ulcinj.com\/blog\/#\/schema\/person\/dcab619c614d3038751c63bc2aadc06d\",\"name\":\"ulqini\",\"sameAs\":[\"http:\/\/www.visit-ulcinj.com\"],\"url\":\"https:\/\/www.visit-ulcinj.com\/blog\/author\/admin\/\"}]}<\/script>\n<!-- \/ Yoast SEO plugin. -->","yoast_head_json":{"title":"Fotoreportazh e b\u00ebrllokut n\u00eb komun\u00ebn e Ulqinit - Lajme nga Ulqini","description":"N\u00eb Ulqin nuk mungon b\u00ebrlloku asnj\u00ebher\u00eb, t\u00eb cilin e gjen n\u00eb \u00e7do lagje dhe n\u00eb \u00e7do rrug\u00eb, duke u b\u00ebr\u00eb k\u00ebshtu pjes\u00eb e p\u00ebrditshm\u00ebris\u00eb s\u00eb banor\u00ebve t\u00eb","robots":{"index":"index","follow":"follow","max-snippet":"max-snippet:-1","max-image-preview":"max-image-preview:large","max-video-preview":"max-video-preview:-1"},"canonical":"https:\/\/www.visit-ulcinj.com\/blog\/2014\/11\/04\/fotoreportazh-e-berllokut-ne-komunen-e-ulqinit\/","og_locale":"en_US","og_type":"article","og_title":"Fotoreportazh e b\u00ebrllokut n\u00eb komun\u00ebn e Ulqinit - Lajme nga Ulqini","og_description":"N\u00eb Ulqin nuk mungon b\u00ebrlloku asnj\u00ebher\u00eb, t\u00eb cilin e gjen n\u00eb \u00e7do lagje dhe n\u00eb \u00e7do rrug\u00eb, duke u b\u00ebr\u00eb k\u00ebshtu pjes\u00eb e p\u00ebrditshm\u00ebris\u00eb s\u00eb banor\u00ebve t\u00eb","og_url":"https:\/\/www.visit-ulcinj.com\/blog\/2014\/11\/04\/fotoreportazh-e-berllokut-ne-komunen-e-ulqinit\/","og_site_name":"Lajme nga Ulqini","article_published_time":"2014-11-04T08:28:06+00:00","article_modified_time":"2014-11-04T13:16:40+00:00","twitter_misc":{"Written by":"ulqini","Est. reading time":"2 minutes"},"schema":{"@context":"https:\/\/schema.org","@graph":[{"@type":"WebSite","@id":"https:\/\/www.visit-ulcinj.com\/blog\/#website","url":"https:\/\/www.visit-ulcinj.com\/blog\/","name":"Lajme nga Ulqini","description":"Lajme,Vijesti,Ulqini,Ulqin,Crna Gora,Mali i Zi","potentialAction":[{"@type":"SearchAction","target":{"@type":"EntryPoint","urlTemplate":"https:\/\/www.visit-ulcinj.com\/blog\/?s={search_term_string}"},"query-input":"required name=search_term_string"}],"inLanguage":"en-US"},{"@type":"WebPage","@id":"https:\/\/www.visit-ulcinj.com\/blog\/2014\/11\/04\/fotoreportazh-e-berllokut-ne-komunen-e-ulqinit\/#webpage","url":"https:\/\/www.visit-ulcinj.com\/blog\/2014\/11\/04\/fotoreportazh-e-berllokut-ne-komunen-e-ulqinit\/","name":"Fotoreportazh e b\u00ebrllokut n\u00eb komun\u00ebn e Ulqinit - Lajme nga Ulqini","isPartOf":{"@id":"https:\/\/www.visit-ulcinj.com\/blog\/#website"},"datePublished":"2014-11-04T08:28:06+00:00","dateModified":"2014-11-04T13:16:40+00:00","author":{"@id":"https:\/\/www.visit-ulcinj.com\/blog\/#\/schema\/person\/dcab619c614d3038751c63bc2aadc06d"},"description":"N\u00eb Ulqin nuk mungon b\u00ebrlloku asnj\u00ebher\u00eb, t\u00eb cilin e gjen n\u00eb \u00e7do lagje dhe n\u00eb \u00e7do rrug\u00eb, duke u b\u00ebr\u00eb k\u00ebshtu pjes\u00eb e p\u00ebrditshm\u00ebris\u00eb s\u00eb banor\u00ebve t\u00eb","breadcrumb":{"@id":"https:\/\/www.visit-ulcinj.com\/blog\/2014\/11\/04\/fotoreportazh-e-berllokut-ne-komunen-e-ulqinit\/#breadcrumb"},"inLanguage":"en-US","potentialAction":[{"@type":"ReadAction","target":["https:\/\/www.visit-ulcinj.com\/blog\/2014\/11\/04\/fotoreportazh-e-berllokut-ne-komunen-e-ulqinit\/"]}]},{"@type":"BreadcrumbList","@id":"https:\/\/www.visit-ulcinj.com\/blog\/2014\/11\/04\/fotoreportazh-e-berllokut-ne-komunen-e-ulqinit\/#breadcrumb","itemListElement":[{"@type":"ListItem","position":1,"name":"Fotoreportazh e b\u00ebrllokut n\u00eb komun\u00ebn e Ulqinit"}]},{"@type":"Person","@id":"https:\/\/www.visit-ulcinj.com\/blog\/#\/schema\/person\/dcab619c614d3038751c63bc2aadc06d","name":"ulqini","sameAs":["http:\/\/www.visit-ulcinj.com"],"url":"https:\/\/www.visit-ulcinj.com\/blog\/author\/admin\/"}]}},"jetpack_featured_media_url":"","jetpack_sharing_enabled":true,"jetpack_shortlink":"https:\/\/wp.me\/pe6lTn-mo1","_links":{"self":[{"href":"https:\/\/www.visit-ulcinj.com\/blog\/wp-json\/wp\/v2\/posts\/86057"}],"collection":[{"href":"https:\/\/www.visit-ulcinj.com\/blog\/wp-json\/wp\/v2\/posts"}],"about":[{"href":"https:\/\/www.visit-ulcinj.com\/blog\/wp-json\/wp\/v2\/types\/post"}],"author":[{"embeddable":true,"href":"https:\/\/www.visit-ulcinj.com\/blog\/wp-json\/wp\/v2\/users\/1"}],"replies":[{"embeddable":true,"href":"https:\/\/www.visit-ulcinj.com\/blog\/wp-json\/wp\/v2\/comments?post=86057"}],"version-history":[{"count":1,"href":"https:\/\/www.visit-ulcinj.com\/blog\/wp-json\/wp\/v2\/posts\/86057\/revisions"}],"predecessor-version":[{"id":86062,"href":"https:\/\/www.visit-ulcinj.com\/blog\/wp-json\/wp\/v2\/posts\/86057\/revisions\/86062"}],"wp:attachment":[{"href":"https:\/\/www.visit-ulcinj.com\/blog\/wp-json\/wp\/v2\/media?parent=86057"}],"wp:term":[{"taxonomy":"category","embeddable":true,"href":"https:\/\/www.visit-ulcinj.com\/blog\/wp-json\/wp\/v2\/categories?post=86057"},{"taxonomy":"post_tag","embeddable":true,"href":"https:\/\/www.visit-ulcinj.com\/blog\/wp-json\/wp\/v2\/tags?post=86057"}],"curies":[{"name":"wp","href":"https:\/\/api.w.org\/{rel}","templated":true}]}}