{"id":86063,"date":"2014-11-04T09:41:41","date_gmt":"2014-11-04T08:41:41","guid":{"rendered":"http:\/\/www.visit-ulcinj.com\/blog\/?p=86063"},"modified":"2014-11-04T09:41:41","modified_gmt":"2014-11-04T08:41:41","slug":"fillon-rrenimi-objekteve-pa-leje-ne-ulqin","status":"publish","type":"post","link":"https:\/\/www.visit-ulcinj.com\/blog\/2014\/11\/04\/fillon-rrenimi-objekteve-pa-leje-ne-ulqin\/","title":{"rendered":"Fillon rr\u00ebnimi i objekteve pa leje n\u00eb Ulqin"},"content":{"rendered":"<p><a href=\"http:\/\/www.visit-ulcinj.com\/blog\/wp-content\/uploads\/2014\/11\/rr\u00ebnimi-i-objekteve-pa-leje-n\u00eb-Ulqin.jpg\"><img loading=\"lazy\" class=\"alignleft wp-image-86064\" src=\"http:\/\/www.visit-ulcinj.com\/blog\/wp-content\/uploads\/2014\/11\/rr\u00ebnimi-i-objekteve-pa-leje-n\u00eb-Ulqin.jpg\" alt=\"rr\u00ebnimi i objekteve pa leje n\u00eb Ulqin\" width=\"508\" height=\"337\" srcset=\"https:\/\/www.visit-ulcinj.com\/blog\/wp-content\/uploads\/2014\/11\/rr\u00ebnimi-i-objekteve-pa-leje-n\u00eb-Ulqin.jpg 518w, https:\/\/www.visit-ulcinj.com\/blog\/wp-content\/uploads\/2014\/11\/rr\u00ebnimi-i-objekteve-pa-leje-n\u00eb-Ulqin-300x199.jpg 300w\" sizes=\"(max-width: 508px) 100vw, 508px\" \/><\/a>Inspeksioni p\u00ebr mbrojtjen e hap\u00ebsir\u00ebs gjat\u00eb jav\u00ebs s\u00eb kaluar ka kryer kontroll t\u00eb forcuar t\u00eb nd\u00ebrtimit t\u00eb objekteve pa leje n\u00eb Ulqin, k\u00ebshtu q\u00eb marr\u00eb masat ndaj t\u00eb gjith\u00eb subjekteve q\u00eb u gjet\u00ebn n\u00eb kryerjen e punimeve pa leje nd\u00ebrtimi, njoftoj\u00eb ky organ shtet\u00ebror, njofton portali Ul.info.<\/p>\n<p>N\u00eb komun\u00eb t\u00eb Ulqinit, si\u00e7 thuhet, jan\u00eb kontrolluar 32 objekte, jan\u00eb mbyllur kat\u00ebr vende nd\u00ebrtimi, jan\u00eb sjell dy vendime p\u00ebr prishje dhe jan\u00eb dor\u00ebzuar dy padi penale.<\/p>\n<p>\u201cInspeksioni i mbrojtjes s\u00eb hap\u00ebsir\u00ebs ishte n\u00eb komunikim t\u00eb vazhduesh\u00ebm me p\u00ebrfaq\u00ebsuesit e administrat\u00ebs lokale me t\u00eb cil\u00ebt n\u00eb periudh\u00ebn e ardhshme do t\u00eb organizoj\u00eb aktivitete t\u00eb p\u00ebrbashk\u00ebta p\u00ebr mbrojtje sa m\u00eb efikase t\u00eb hap\u00ebsir\u00ebs n\u00eb komunat bregdetare\u201d, \u00ebsht\u00eb njoftuar nga Drejtoria p\u00ebr pun\u00eb inspektuese.<\/p>\n","protected":false},"excerpt":{"rendered":"<p>Inspeksioni p\u00ebr mbrojtjen e hap\u00ebsir\u00ebs gjat\u00eb jav\u00ebs s\u00eb kaluar ka kryer kontroll t\u00eb forcuar t\u00eb nd\u00ebrtimit t\u00eb objekteve pa leje n\u00eb Ulqin, k\u00ebshtu q\u00eb marr\u00eb masat ndaj t\u00eb gjith\u00eb subjekteve q\u00eb u gjet\u00ebn n\u00eb kryerjen e punimeve pa leje nd\u00ebrtimi, njoftoj\u00eb ky organ shtet\u00ebror, njofton portali Ul.info. N\u00eb komun\u00eb t\u00eb Ulqinit, si\u00e7 thuhet, jan\u00eb kontrolluar [&hellip;]<\/p>\n","protected":false},"author":1,"featured_media":0,"comment_status":"closed","ping_status":"closed","sticky":false,"template":"","format":"standard","meta":{"spay_email":"","jetpack_publicize_message":"","jetpack_is_tweetstorm":false,"jetpack_publicize_feature_enabled":true},"categories":[12],"tags":[],"jetpack_publicize_connections":[],"yoast_head":"<!-- This site is optimized with the Yoast SEO plugin v19.1 - https:\/\/yoast.com\/wordpress\/plugins\/seo\/ -->\n<title>Fillon rr\u00ebnimi i objekteve pa leje n\u00eb Ulqin - Lajme nga Ulqini<\/title>\n<meta name=\"description\" content=\"Inspeksioni p\u00ebr mbrojtjen e hap\u00ebsir\u00ebs gjat\u00eb jav\u00ebs s\u00eb kaluar ka kryer kontroll t\u00eb forcuar t\u00eb nd\u00ebrtimit t\u00eb objekteve pa leje n\u00eb Ulqin, k\u00ebshtu q\u00eb marr\u00eb masat\" \/>\n<meta name=\"robots\" content=\"index, follow, max-snippet:-1, max-image-preview:large, max-video-preview:-1\" \/>\n<link rel=\"canonical\" href=\"https:\/\/www.visit-ulcinj.com\/blog\/2014\/11\/04\/fillon-rrenimi-objekteve-pa-leje-ne-ulqin\/\" \/>\n<meta property=\"og:locale\" content=\"en_US\" \/>\n<meta property=\"og:type\" content=\"article\" \/>\n<meta property=\"og:title\" content=\"Fillon rr\u00ebnimi i objekteve pa leje n\u00eb Ulqin - Lajme nga Ulqini\" \/>\n<meta property=\"og:description\" content=\"Inspeksioni p\u00ebr mbrojtjen e hap\u00ebsir\u00ebs gjat\u00eb jav\u00ebs s\u00eb kaluar ka kryer kontroll t\u00eb forcuar t\u00eb nd\u00ebrtimit t\u00eb objekteve pa leje n\u00eb Ulqin, k\u00ebshtu q\u00eb marr\u00eb masat\" \/>\n<meta property=\"og:url\" content=\"https:\/\/www.visit-ulcinj.com\/blog\/2014\/11\/04\/fillon-rrenimi-objekteve-pa-leje-ne-ulqin\/\" \/>\n<meta property=\"og:site_name\" content=\"Lajme nga Ulqini\" \/>\n<meta property=\"article:published_time\" content=\"2014-11-04T08:41:41+00:00\" \/>\n<meta name=\"twitter:label1\" content=\"Written by\" \/>\n\t<meta name=\"twitter:data1\" content=\"ulqini\" \/>\n\t<meta name=\"twitter:label2\" content=\"Est. reading time\" \/>\n\t<meta name=\"twitter:data2\" content=\"1 minute\" \/>\n<script type=\"application\/ld+json\" class=\"yoast-schema-graph\">{\"@context\":\"https:\/\/schema.org\",\"@graph\":[{\"@type\":\"WebSite\",\"@id\":\"https:\/\/www.visit-ulcinj.com\/blog\/#website\",\"url\":\"https:\/\/www.visit-ulcinj.com\/blog\/\",\"name\":\"Lajme nga Ulqini\",\"description\":\"Lajme,Vijesti,Ulqini,Ulqin,Crna Gora,Mali i Zi\",\"potentialAction\":[{\"@type\":\"SearchAction\",\"target\":{\"@type\":\"EntryPoint\",\"urlTemplate\":\"https:\/\/www.visit-ulcinj.com\/blog\/?s={search_term_string}\"},\"query-input\":\"required name=search_term_string\"}],\"inLanguage\":\"en-US\"},{\"@type\":\"WebPage\",\"@id\":\"https:\/\/www.visit-ulcinj.com\/blog\/2014\/11\/04\/fillon-rrenimi-objekteve-pa-leje-ne-ulqin\/#webpage\",\"url\":\"https:\/\/www.visit-ulcinj.com\/blog\/2014\/11\/04\/fillon-rrenimi-objekteve-pa-leje-ne-ulqin\/\",\"name\":\"Fillon rr\u00ebnimi i objekteve pa leje n\u00eb Ulqin - Lajme nga Ulqini\",\"isPartOf\":{\"@id\":\"https:\/\/www.visit-ulcinj.com\/blog\/#website\"},\"datePublished\":\"2014-11-04T08:41:41+00:00\",\"dateModified\":\"2014-11-04T08:41:41+00:00\",\"author\":{\"@id\":\"https:\/\/www.visit-ulcinj.com\/blog\/#\/schema\/person\/dcab619c614d3038751c63bc2aadc06d\"},\"description\":\"Inspeksioni p\u00ebr mbrojtjen e hap\u00ebsir\u00ebs gjat\u00eb jav\u00ebs s\u00eb kaluar ka kryer kontroll t\u00eb forcuar t\u00eb nd\u00ebrtimit t\u00eb objekteve pa leje n\u00eb Ulqin, k\u00ebshtu q\u00eb marr\u00eb masat\",\"breadcrumb\":{\"@id\":\"https:\/\/www.visit-ulcinj.com\/blog\/2014\/11\/04\/fillon-rrenimi-objekteve-pa-leje-ne-ulqin\/#breadcrumb\"},\"inLanguage\":\"en-US\",\"potentialAction\":[{\"@type\":\"ReadAction\",\"target\":[\"https:\/\/www.visit-ulcinj.com\/blog\/2014\/11\/04\/fillon-rrenimi-objekteve-pa-leje-ne-ulqin\/\"]}]},{\"@type\":\"BreadcrumbList\",\"@id\":\"https:\/\/www.visit-ulcinj.com\/blog\/2014\/11\/04\/fillon-rrenimi-objekteve-pa-leje-ne-ulqin\/#breadcrumb\",\"itemListElement\":[{\"@type\":\"ListItem\",\"position\":1,\"name\":\"Fillon rr\u00ebnimi i objekteve pa leje n\u00eb Ulqin\"}]},{\"@type\":\"Person\",\"@id\":\"https:\/\/www.visit-ulcinj.com\/blog\/#\/schema\/person\/dcab619c614d3038751c63bc2aadc06d\",\"name\":\"ulqini\",\"sameAs\":[\"http:\/\/www.visit-ulcinj.com\"],\"url\":\"https:\/\/www.visit-ulcinj.com\/blog\/author\/admin\/\"}]}<\/script>\n<!-- \/ Yoast SEO plugin. -->","yoast_head_json":{"title":"Fillon rr\u00ebnimi i objekteve pa leje n\u00eb Ulqin - Lajme nga Ulqini","description":"Inspeksioni p\u00ebr mbrojtjen e hap\u00ebsir\u00ebs gjat\u00eb jav\u00ebs s\u00eb kaluar ka kryer kontroll t\u00eb forcuar t\u00eb nd\u00ebrtimit t\u00eb objekteve pa leje n\u00eb Ulqin, k\u00ebshtu q\u00eb marr\u00eb masat","robots":{"index":"index","follow":"follow","max-snippet":"max-snippet:-1","max-image-preview":"max-image-preview:large","max-video-preview":"max-video-preview:-1"},"canonical":"https:\/\/www.visit-ulcinj.com\/blog\/2014\/11\/04\/fillon-rrenimi-objekteve-pa-leje-ne-ulqin\/","og_locale":"en_US","og_type":"article","og_title":"Fillon rr\u00ebnimi i objekteve pa leje n\u00eb Ulqin - Lajme nga Ulqini","og_description":"Inspeksioni p\u00ebr mbrojtjen e hap\u00ebsir\u00ebs gjat\u00eb jav\u00ebs s\u00eb kaluar ka kryer kontroll t\u00eb forcuar t\u00eb nd\u00ebrtimit t\u00eb objekteve pa leje n\u00eb Ulqin, k\u00ebshtu q\u00eb marr\u00eb masat","og_url":"https:\/\/www.visit-ulcinj.com\/blog\/2014\/11\/04\/fillon-rrenimi-objekteve-pa-leje-ne-ulqin\/","og_site_name":"Lajme nga Ulqini","article_published_time":"2014-11-04T08:41:41+00:00","twitter_misc":{"Written by":"ulqini","Est. reading time":"1 minute"},"schema":{"@context":"https:\/\/schema.org","@graph":[{"@type":"WebSite","@id":"https:\/\/www.visit-ulcinj.com\/blog\/#website","url":"https:\/\/www.visit-ulcinj.com\/blog\/","name":"Lajme nga Ulqini","description":"Lajme,Vijesti,Ulqini,Ulqin,Crna Gora,Mali i Zi","potentialAction":[{"@type":"SearchAction","target":{"@type":"EntryPoint","urlTemplate":"https:\/\/www.visit-ulcinj.com\/blog\/?s={search_term_string}"},"query-input":"required name=search_term_string"}],"inLanguage":"en-US"},{"@type":"WebPage","@id":"https:\/\/www.visit-ulcinj.com\/blog\/2014\/11\/04\/fillon-rrenimi-objekteve-pa-leje-ne-ulqin\/#webpage","url":"https:\/\/www.visit-ulcinj.com\/blog\/2014\/11\/04\/fillon-rrenimi-objekteve-pa-leje-ne-ulqin\/","name":"Fillon rr\u00ebnimi i objekteve pa leje n\u00eb Ulqin - Lajme nga Ulqini","isPartOf":{"@id":"https:\/\/www.visit-ulcinj.com\/blog\/#website"},"datePublished":"2014-11-04T08:41:41+00:00","dateModified":"2014-11-04T08:41:41+00:00","author":{"@id":"https:\/\/www.visit-ulcinj.com\/blog\/#\/schema\/person\/dcab619c614d3038751c63bc2aadc06d"},"description":"Inspeksioni p\u00ebr mbrojtjen e hap\u00ebsir\u00ebs gjat\u00eb jav\u00ebs s\u00eb kaluar ka kryer kontroll t\u00eb forcuar t\u00eb nd\u00ebrtimit t\u00eb objekteve pa leje n\u00eb Ulqin, k\u00ebshtu q\u00eb marr\u00eb masat","breadcrumb":{"@id":"https:\/\/www.visit-ulcinj.com\/blog\/2014\/11\/04\/fillon-rrenimi-objekteve-pa-leje-ne-ulqin\/#breadcrumb"},"inLanguage":"en-US","potentialAction":[{"@type":"ReadAction","target":["https:\/\/www.visit-ulcinj.com\/blog\/2014\/11\/04\/fillon-rrenimi-objekteve-pa-leje-ne-ulqin\/"]}]},{"@type":"BreadcrumbList","@id":"https:\/\/www.visit-ulcinj.com\/blog\/2014\/11\/04\/fillon-rrenimi-objekteve-pa-leje-ne-ulqin\/#breadcrumb","itemListElement":[{"@type":"ListItem","position":1,"name":"Fillon rr\u00ebnimi i objekteve pa leje n\u00eb Ulqin"}]},{"@type":"Person","@id":"https:\/\/www.visit-ulcinj.com\/blog\/#\/schema\/person\/dcab619c614d3038751c63bc2aadc06d","name":"ulqini","sameAs":["http:\/\/www.visit-ulcinj.com"],"url":"https:\/\/www.visit-ulcinj.com\/blog\/author\/admin\/"}]}},"jetpack_featured_media_url":"","jetpack_sharing_enabled":true,"jetpack_shortlink":"https:\/\/wp.me\/pe6lTn-mo7","_links":{"self":[{"href":"https:\/\/www.visit-ulcinj.com\/blog\/wp-json\/wp\/v2\/posts\/86063"}],"collection":[{"href":"https:\/\/www.visit-ulcinj.com\/blog\/wp-json\/wp\/v2\/posts"}],"about":[{"href":"https:\/\/www.visit-ulcinj.com\/blog\/wp-json\/wp\/v2\/types\/post"}],"author":[{"embeddable":true,"href":"https:\/\/www.visit-ulcinj.com\/blog\/wp-json\/wp\/v2\/users\/1"}],"replies":[{"embeddable":true,"href":"https:\/\/www.visit-ulcinj.com\/blog\/wp-json\/wp\/v2\/comments?post=86063"}],"version-history":[{"count":1,"href":"https:\/\/www.visit-ulcinj.com\/blog\/wp-json\/wp\/v2\/posts\/86063\/revisions"}],"predecessor-version":[{"id":86065,"href":"https:\/\/www.visit-ulcinj.com\/blog\/wp-json\/wp\/v2\/posts\/86063\/revisions\/86065"}],"wp:attachment":[{"href":"https:\/\/www.visit-ulcinj.com\/blog\/wp-json\/wp\/v2\/media?parent=86063"}],"wp:term":[{"taxonomy":"category","embeddable":true,"href":"https:\/\/www.visit-ulcinj.com\/blog\/wp-json\/wp\/v2\/categories?post=86063"},{"taxonomy":"post_tag","embeddable":true,"href":"https:\/\/www.visit-ulcinj.com\/blog\/wp-json\/wp\/v2\/tags?post=86063"}],"curies":[{"name":"wp","href":"https:\/\/api.w.org\/{rel}","templated":true}]}}