{"id":86072,"date":"2014-11-04T10:02:38","date_gmt":"2014-11-04T09:02:38","guid":{"rendered":"http:\/\/www.visit-ulcinj.com\/blog\/?p=86072"},"modified":"2014-11-04T10:02:38","modified_gmt":"2014-11-04T09:02:38","slug":"foto-djecja-povorka-ukrasila-grad-ulcinja","status":"publish","type":"post","link":"https:\/\/www.visit-ulcinj.com\/blog\/2014\/11\/04\/foto-djecja-povorka-ukrasila-grad-ulcinja\/","title":{"rendered":"Foto: Dje\u010dja povorka ukrasila grad Ulcinja"},"content":{"rendered":"<p><a href=\"http:\/\/www.visit-ulcinj.com\/blog\/wp-content\/uploads\/2014\/11\/DjeCja-povorka-ukrasila-grad-Ulcinja-1.jpg\"><img loading=\"lazy\" class=\"alignleft wp-image-86073\" src=\"http:\/\/www.visit-ulcinj.com\/blog\/wp-content\/uploads\/2014\/11\/DjeCja-povorka-ukrasila-grad-Ulcinja-1.jpg\" alt=\"DjeCja povorka ukrasila grad Ulcinja-1\" width=\"508\" height=\"381\" srcset=\"https:\/\/www.visit-ulcinj.com\/blog\/wp-content\/uploads\/2014\/11\/DjeCja-povorka-ukrasila-grad-Ulcinja-1.jpg 960w, https:\/\/www.visit-ulcinj.com\/blog\/wp-content\/uploads\/2014\/11\/DjeCja-povorka-ukrasila-grad-Ulcinja-1-300x225.jpg 300w\" sizes=\"(max-width: 508px) 100vw, 508px\" \/><\/a>Jesenji maskenbal koji je organizovao kolektiv dje\u010djeg vrti\u0107a &#8220;Solidarnost &#8221; iz Ulcinja, i neumorna direktorica Lala Kosti\u0107 na Maloj pla\u017ei, bio je pravi performans dje\u010dje ma\u0161te i ljepote. Mali\u0161ani su uz pratnju svojih vaspita\u010dica i vaspita\u010da i veoma malo roditelja, po divnom skoro ljetnjem vremenu, prodefilovali glavnom gradskom ulicom, pro\u0161li pored Male pla\u017ee i umjesto da se okupe ispred postavljene &#8220;bine&#8221;sa ozvu\u010denjem, jednostavno nastavili put ka svojim <span class=\"text_exposed_show\">ku\u0107ama. Kratki pozdravni govor jedne mlade dame, je prazno zvu\u010dao, na mjestu gdje je trebalo da se bar nakratko zaustave djeca.<br \/>\nVjerovatno su organizatori svoje kratko obra\u0107anje uputili malobrojnim gra\u0111anima u obli\u017enjim lokalima, i onima ostalima, koji su sjedili na trotoaru.<br \/>\nDje\u010dji vrti\u0107 &#8220;Solidarnost&#8221; je vrsna obrazovna dje\u010dja institucija, sa stru\u010dnim kadrom, o kojemu je \u010dak jedan poznati \u010dasopis iz Njema\u010dke u aprilu ove godine napravio divnu reporta\u017eu. Me\u0111utim, biti dobar vaspita\u010d i rukovodilac ne zna\u010di i biti dobar organizator ovakvih javnih skupova, te zbog toga i mislim da im je bila potrebna pomo\u0107 nadle\u017enih institucija na\u0161e Op\u0161tine. Neznam gdje je za\u0161kripjelo, no, djeca su bila uskra\u0107ena malo zabave na Pristanu, ali i mi koji smo to pa\u017eljivo pratili.<\/span><\/p>\n<p class=\"_5pbw\" data-ft=\"{&quot;tn&quot;:&quot;C&quot;}\"><strong><span class=\"fcg\"><span class=\"fwb\"><a id=\"js_4w\" class=\"profileLink\" href=\"https:\/\/www.facebook.com\/ismet.karamanaga\" data-ft=\"{&quot;tn&quot;:&quot;l&quot;}\" data-hovercard=\"\/ajax\/hovercard\/user.php?id=1359492972\">Ismet Karamanaga <\/a><\/span><\/span>Facebook<\/strong><\/p>\n\n\t\t<style type=\"text\/css\">\n\t\t\t#gallery-1 {\n\t\t\t\tmargin: auto;\n\t\t\t}\n\t\t\t#gallery-1 .gallery-item {\n\t\t\t\tfloat: left;\n\t\t\t\tmargin-top: 10px;\n\t\t\t\ttext-align: center;\n\t\t\t\twidth: 33%;\n\t\t\t}\n\t\t\t#gallery-1 img {\n\t\t\t\tborder: 2px solid #cfcfcf;\n\t\t\t}\n\t\t\t#gallery-1 .gallery-caption {\n\t\t\t\tmargin-left: 0;\n\t\t\t}\n\t\t\t\/* see gallery_shortcode() in wp-includes\/media.php *\/\n\t\t<\/style>\n\t\t<div id='gallery-1' class='gallery galleryid-86072 gallery-columns-3 gallery-size-thumbnail'><dl class='gallery-item'>\n\t\t\t<dt class='gallery-icon landscape'>\n\t\t\t\t<a href='https:\/\/www.visit-ulcinj.com\/blog\/2014\/11\/04\/foto-djecja-povorka-ukrasila-grad-ulcinja\/djecja-povorka-ukrasila-grad-ulcinja-2\/'><img width=\"150\" height=\"150\" src=\"https:\/\/www.visit-ulcinj.com\/blog\/wp-content\/uploads\/2014\/11\/DjeCja-povorka-ukrasila-grad-Ulcinja-2-150x150.jpg\" class=\"attachment-thumbnail size-thumbnail\" alt=\"\" loading=\"lazy\" \/><\/a>\n\t\t\t<\/dt><\/dl><dl class='gallery-item'>\n\t\t\t<dt class='gallery-icon landscape'>\n\t\t\t\t<a href='https:\/\/www.visit-ulcinj.com\/blog\/2014\/11\/04\/foto-djecja-povorka-ukrasila-grad-ulcinja\/djecja-povorka-ukrasila-grad-ulcinja-3\/'><img width=\"150\" height=\"150\" src=\"https:\/\/www.visit-ulcinj.com\/blog\/wp-content\/uploads\/2014\/11\/DjeCja-povorka-ukrasila-grad-Ulcinja-3-150x150.jpg\" class=\"attachment-thumbnail size-thumbnail\" alt=\"\" loading=\"lazy\" \/><\/a>\n\t\t\t<\/dt><\/dl><dl class='gallery-item'>\n\t\t\t<dt class='gallery-icon portrait'>\n\t\t\t\t<a href='https:\/\/www.visit-ulcinj.com\/blog\/2014\/11\/04\/foto-djecja-povorka-ukrasila-grad-ulcinja\/djecja-povorka-ukrasila-grad-ulcinja-4\/'><img width=\"150\" height=\"150\" src=\"https:\/\/www.visit-ulcinj.com\/blog\/wp-content\/uploads\/2014\/11\/DjeCja-povorka-ukrasila-grad-Ulcinja-4-150x150.jpg\" class=\"attachment-thumbnail size-thumbnail\" alt=\"\" loading=\"lazy\" \/><\/a>\n\t\t\t<\/dt><\/dl><br style=\"clear: both\" \/><dl class='gallery-item'>\n\t\t\t<dt class='gallery-icon landscape'>\n\t\t\t\t<a href='https:\/\/www.visit-ulcinj.com\/blog\/2014\/11\/04\/foto-djecja-povorka-ukrasila-grad-ulcinja\/djecja-povorka-ukrasila-grad-ulcinja-5\/'><img width=\"150\" height=\"150\" src=\"https:\/\/www.visit-ulcinj.com\/blog\/wp-content\/uploads\/2014\/11\/DjeCja-povorka-ukrasila-grad-Ulcinja-5-150x150.jpg\" class=\"attachment-thumbnail size-thumbnail\" alt=\"\" loading=\"lazy\" \/><\/a>\n\t\t\t<\/dt><\/dl><dl class='gallery-item'>\n\t\t\t<dt class='gallery-icon landscape'>\n\t\t\t\t<a href='https:\/\/www.visit-ulcinj.com\/blog\/2014\/11\/04\/foto-djecja-povorka-ukrasila-grad-ulcinja\/djecja-povorka-ukrasila-grad-ulcinja-6\/'><img width=\"150\" height=\"150\" src=\"https:\/\/www.visit-ulcinj.com\/blog\/wp-content\/uploads\/2014\/11\/DjeCja-povorka-ukrasila-grad-Ulcinja-6-150x150.jpg\" class=\"attachment-thumbnail size-thumbnail\" alt=\"\" loading=\"lazy\" \/><\/a>\n\t\t\t<\/dt><\/dl>\n\t\t\t<br style='clear: both' \/>\n\t\t<\/div>\n\n","protected":false},"excerpt":{"rendered":"<p>Jesenji maskenbal koji je organizovao kolektiv dje\u010djeg vrti\u0107a &#8220;Solidarnost &#8221; iz Ulcinja, i neumorna direktorica Lala Kosti\u0107 na Maloj pla\u017ei, bio je pravi performans dje\u010dje ma\u0161te i ljepote. Mali\u0161ani su uz pratnju svojih vaspita\u010dica i vaspita\u010da i veoma malo roditelja, po divnom skoro ljetnjem vremenu, prodefilovali glavnom gradskom ulicom, pro\u0161li pored Male pla\u017ee i umjesto [&hellip;]<\/p>\n","protected":false},"author":1,"featured_media":0,"comment_status":"closed","ping_status":"closed","sticky":false,"template":"","format":"standard","meta":{"spay_email":"","jetpack_publicize_message":"","jetpack_is_tweetstorm":false,"jetpack_publicize_feature_enabled":true},"categories":[6950],"tags":[],"jetpack_publicize_connections":[],"yoast_head":"<!-- This site is optimized with the Yoast SEO plugin v19.1 - https:\/\/yoast.com\/wordpress\/plugins\/seo\/ -->\n<title>Foto: Dje\u010dja povorka ukrasila grad Ulcinja - Lajme nga Ulqini<\/title>\n<meta name=\"description\" content=\"Jesenji maskenbal koji je organizovao kolektiv dje\u010djeg vrti\u0107a &quot;Solidarnost &quot; iz Ulcinja, i neumorna direktorica Lala Kosti\u0107 na Maloj pla\u017ei, bio je pravi\" \/>\n<meta name=\"robots\" content=\"index, follow, max-snippet:-1, max-image-preview:large, max-video-preview:-1\" \/>\n<link rel=\"canonical\" href=\"https:\/\/www.visit-ulcinj.com\/blog\/2014\/11\/04\/foto-djecja-povorka-ukrasila-grad-ulcinja\/\" \/>\n<meta property=\"og:locale\" content=\"en_US\" \/>\n<meta property=\"og:type\" content=\"article\" \/>\n<meta property=\"og:title\" content=\"Foto: Dje\u010dja povorka ukrasila grad Ulcinja - Lajme nga Ulqini\" \/>\n<meta property=\"og:description\" content=\"Jesenji maskenbal koji je organizovao kolektiv dje\u010djeg vrti\u0107a &quot;Solidarnost &quot; iz Ulcinja, i neumorna direktorica Lala Kosti\u0107 na Maloj pla\u017ei, bio je pravi\" \/>\n<meta property=\"og:url\" content=\"https:\/\/www.visit-ulcinj.com\/blog\/2014\/11\/04\/foto-djecja-povorka-ukrasila-grad-ulcinja\/\" \/>\n<meta property=\"og:site_name\" content=\"Lajme nga Ulqini\" \/>\n<meta property=\"article:published_time\" content=\"2014-11-04T09:02:38+00:00\" \/>\n<meta property=\"og:image\" content=\"https:\/\/www.visit-ulcinj.com\/blog\/wp-content\/uploads\/2014\/11\/DjeCja-povorka-ukrasila-grad-Ulcinja-2-150x150.jpg\" \/>\n<meta name=\"twitter:label1\" content=\"Written by\" \/>\n\t<meta name=\"twitter:data1\" content=\"ulqini\" \/>\n\t<meta name=\"twitter:label2\" content=\"Est. reading time\" \/>\n\t<meta name=\"twitter:data2\" content=\"1 minute\" \/>\n<script type=\"application\/ld+json\" class=\"yoast-schema-graph\">{\"@context\":\"https:\/\/schema.org\",\"@graph\":[{\"@type\":\"WebSite\",\"@id\":\"https:\/\/www.visit-ulcinj.com\/blog\/#website\",\"url\":\"https:\/\/www.visit-ulcinj.com\/blog\/\",\"name\":\"Lajme nga Ulqini\",\"description\":\"Lajme,Vijesti,Ulqini,Ulqin,Crna Gora,Mali i Zi\",\"potentialAction\":[{\"@type\":\"SearchAction\",\"target\":{\"@type\":\"EntryPoint\",\"urlTemplate\":\"https:\/\/www.visit-ulcinj.com\/blog\/?s={search_term_string}\"},\"query-input\":\"required name=search_term_string\"}],\"inLanguage\":\"en-US\"},{\"@type\":\"ImageObject\",\"inLanguage\":\"en-US\",\"@id\":\"https:\/\/www.visit-ulcinj.com\/blog\/2014\/11\/04\/foto-djecja-povorka-ukrasila-grad-ulcinja\/#primaryimage\",\"url\":\"https:\/\/www.visit-ulcinj.com\/blog\/wp-content\/uploads\/2014\/11\/DjeCja-povorka-ukrasila-grad-Ulcinja-1.jpg\",\"contentUrl\":\"https:\/\/www.visit-ulcinj.com\/blog\/wp-content\/uploads\/2014\/11\/DjeCja-povorka-ukrasila-grad-Ulcinja-1.jpg\",\"width\":960,\"height\":720},{\"@type\":\"WebPage\",\"@id\":\"https:\/\/www.visit-ulcinj.com\/blog\/2014\/11\/04\/foto-djecja-povorka-ukrasila-grad-ulcinja\/#webpage\",\"url\":\"https:\/\/www.visit-ulcinj.com\/blog\/2014\/11\/04\/foto-djecja-povorka-ukrasila-grad-ulcinja\/\",\"name\":\"Foto: Dje\u010dja povorka ukrasila grad Ulcinja - Lajme nga Ulqini\",\"isPartOf\":{\"@id\":\"https:\/\/www.visit-ulcinj.com\/blog\/#website\"},\"primaryImageOfPage\":{\"@id\":\"https:\/\/www.visit-ulcinj.com\/blog\/2014\/11\/04\/foto-djecja-povorka-ukrasila-grad-ulcinja\/#primaryimage\"},\"datePublished\":\"2014-11-04T09:02:38+00:00\",\"dateModified\":\"2014-11-04T09:02:38+00:00\",\"author\":{\"@id\":\"https:\/\/www.visit-ulcinj.com\/blog\/#\/schema\/person\/dcab619c614d3038751c63bc2aadc06d\"},\"description\":\"Jesenji maskenbal koji je organizovao kolektiv dje\u010djeg vrti\u0107a \\\"Solidarnost \\\" iz Ulcinja, i neumorna direktorica Lala Kosti\u0107 na Maloj pla\u017ei, bio je pravi\",\"breadcrumb\":{\"@id\":\"https:\/\/www.visit-ulcinj.com\/blog\/2014\/11\/04\/foto-djecja-povorka-ukrasila-grad-ulcinja\/#breadcrumb\"},\"inLanguage\":\"en-US\",\"potentialAction\":[{\"@type\":\"ReadAction\",\"target\":[\"https:\/\/www.visit-ulcinj.com\/blog\/2014\/11\/04\/foto-djecja-povorka-ukrasila-grad-ulcinja\/\"]}]},{\"@type\":\"BreadcrumbList\",\"@id\":\"https:\/\/www.visit-ulcinj.com\/blog\/2014\/11\/04\/foto-djecja-povorka-ukrasila-grad-ulcinja\/#breadcrumb\",\"itemListElement\":[{\"@type\":\"ListItem\",\"position\":1,\"name\":\"Foto: Dje\u010dja povorka ukrasila grad Ulcinja\"}]},{\"@type\":\"Person\",\"@id\":\"https:\/\/www.visit-ulcinj.com\/blog\/#\/schema\/person\/dcab619c614d3038751c63bc2aadc06d\",\"name\":\"ulqini\",\"sameAs\":[\"http:\/\/www.visit-ulcinj.com\"],\"url\":\"https:\/\/www.visit-ulcinj.com\/blog\/author\/admin\/\"}]}<\/script>\n<!-- \/ Yoast SEO plugin. -->","yoast_head_json":{"title":"Foto: Dje\u010dja povorka ukrasila grad Ulcinja - Lajme nga Ulqini","description":"Jesenji maskenbal koji je organizovao kolektiv dje\u010djeg vrti\u0107a \"Solidarnost \" iz Ulcinja, i neumorna direktorica Lala Kosti\u0107 na Maloj pla\u017ei, bio je pravi","robots":{"index":"index","follow":"follow","max-snippet":"max-snippet:-1","max-image-preview":"max-image-preview:large","max-video-preview":"max-video-preview:-1"},"canonical":"https:\/\/www.visit-ulcinj.com\/blog\/2014\/11\/04\/foto-djecja-povorka-ukrasila-grad-ulcinja\/","og_locale":"en_US","og_type":"article","og_title":"Foto: Dje\u010dja povorka ukrasila grad Ulcinja - Lajme nga Ulqini","og_description":"Jesenji maskenbal koji je organizovao kolektiv dje\u010djeg vrti\u0107a \"Solidarnost \" iz Ulcinja, i neumorna direktorica Lala Kosti\u0107 na Maloj pla\u017ei, bio je pravi","og_url":"https:\/\/www.visit-ulcinj.com\/blog\/2014\/11\/04\/foto-djecja-povorka-ukrasila-grad-ulcinja\/","og_site_name":"Lajme nga Ulqini","article_published_time":"2014-11-04T09:02:38+00:00","og_image":[{"url":"https:\/\/www.visit-ulcinj.com\/blog\/wp-content\/uploads\/2014\/11\/DjeCja-povorka-ukrasila-grad-Ulcinja-2-150x150.jpg"}],"twitter_misc":{"Written by":"ulqini","Est. reading time":"1 minute"},"schema":{"@context":"https:\/\/schema.org","@graph":[{"@type":"WebSite","@id":"https:\/\/www.visit-ulcinj.com\/blog\/#website","url":"https:\/\/www.visit-ulcinj.com\/blog\/","name":"Lajme nga Ulqini","description":"Lajme,Vijesti,Ulqini,Ulqin,Crna Gora,Mali i Zi","potentialAction":[{"@type":"SearchAction","target":{"@type":"EntryPoint","urlTemplate":"https:\/\/www.visit-ulcinj.com\/blog\/?s={search_term_string}"},"query-input":"required name=search_term_string"}],"inLanguage":"en-US"},{"@type":"ImageObject","inLanguage":"en-US","@id":"https:\/\/www.visit-ulcinj.com\/blog\/2014\/11\/04\/foto-djecja-povorka-ukrasila-grad-ulcinja\/#primaryimage","url":"https:\/\/www.visit-ulcinj.com\/blog\/wp-content\/uploads\/2014\/11\/DjeCja-povorka-ukrasila-grad-Ulcinja-1.jpg","contentUrl":"https:\/\/www.visit-ulcinj.com\/blog\/wp-content\/uploads\/2014\/11\/DjeCja-povorka-ukrasila-grad-Ulcinja-1.jpg","width":960,"height":720},{"@type":"WebPage","@id":"https:\/\/www.visit-ulcinj.com\/blog\/2014\/11\/04\/foto-djecja-povorka-ukrasila-grad-ulcinja\/#webpage","url":"https:\/\/www.visit-ulcinj.com\/blog\/2014\/11\/04\/foto-djecja-povorka-ukrasila-grad-ulcinja\/","name":"Foto: Dje\u010dja povorka ukrasila grad Ulcinja - Lajme nga Ulqini","isPartOf":{"@id":"https:\/\/www.visit-ulcinj.com\/blog\/#website"},"primaryImageOfPage":{"@id":"https:\/\/www.visit-ulcinj.com\/blog\/2014\/11\/04\/foto-djecja-povorka-ukrasila-grad-ulcinja\/#primaryimage"},"datePublished":"2014-11-04T09:02:38+00:00","dateModified":"2014-11-04T09:02:38+00:00","author":{"@id":"https:\/\/www.visit-ulcinj.com\/blog\/#\/schema\/person\/dcab619c614d3038751c63bc2aadc06d"},"description":"Jesenji maskenbal koji je organizovao kolektiv dje\u010djeg vrti\u0107a \"Solidarnost \" iz Ulcinja, i neumorna direktorica Lala Kosti\u0107 na Maloj pla\u017ei, bio je pravi","breadcrumb":{"@id":"https:\/\/www.visit-ulcinj.com\/blog\/2014\/11\/04\/foto-djecja-povorka-ukrasila-grad-ulcinja\/#breadcrumb"},"inLanguage":"en-US","potentialAction":[{"@type":"ReadAction","target":["https:\/\/www.visit-ulcinj.com\/blog\/2014\/11\/04\/foto-djecja-povorka-ukrasila-grad-ulcinja\/"]}]},{"@type":"BreadcrumbList","@id":"https:\/\/www.visit-ulcinj.com\/blog\/2014\/11\/04\/foto-djecja-povorka-ukrasila-grad-ulcinja\/#breadcrumb","itemListElement":[{"@type":"ListItem","position":1,"name":"Foto: Dje\u010dja povorka ukrasila grad Ulcinja"}]},{"@type":"Person","@id":"https:\/\/www.visit-ulcinj.com\/blog\/#\/schema\/person\/dcab619c614d3038751c63bc2aadc06d","name":"ulqini","sameAs":["http:\/\/www.visit-ulcinj.com"],"url":"https:\/\/www.visit-ulcinj.com\/blog\/author\/admin\/"}]}},"jetpack_featured_media_url":"","jetpack_sharing_enabled":true,"jetpack_shortlink":"https:\/\/wp.me\/pe6lTn-mog","_links":{"self":[{"href":"https:\/\/www.visit-ulcinj.com\/blog\/wp-json\/wp\/v2\/posts\/86072"}],"collection":[{"href":"https:\/\/www.visit-ulcinj.com\/blog\/wp-json\/wp\/v2\/posts"}],"about":[{"href":"https:\/\/www.visit-ulcinj.com\/blog\/wp-json\/wp\/v2\/types\/post"}],"author":[{"embeddable":true,"href":"https:\/\/www.visit-ulcinj.com\/blog\/wp-json\/wp\/v2\/users\/1"}],"replies":[{"embeddable":true,"href":"https:\/\/www.visit-ulcinj.com\/blog\/wp-json\/wp\/v2\/comments?post=86072"}],"version-history":[{"count":1,"href":"https:\/\/www.visit-ulcinj.com\/blog\/wp-json\/wp\/v2\/posts\/86072\/revisions"}],"predecessor-version":[{"id":86080,"href":"https:\/\/www.visit-ulcinj.com\/blog\/wp-json\/wp\/v2\/posts\/86072\/revisions\/86080"}],"wp:attachment":[{"href":"https:\/\/www.visit-ulcinj.com\/blog\/wp-json\/wp\/v2\/media?parent=86072"}],"wp:term":[{"taxonomy":"category","embeddable":true,"href":"https:\/\/www.visit-ulcinj.com\/blog\/wp-json\/wp\/v2\/categories?post=86072"},{"taxonomy":"post_tag","embeddable":true,"href":"https:\/\/www.visit-ulcinj.com\/blog\/wp-json\/wp\/v2\/tags?post=86072"}],"curies":[{"name":"wp","href":"https:\/\/api.w.org\/{rel}","templated":true}]}}