{"id":86081,"date":"2014-11-04T10:10:01","date_gmt":"2014-11-04T09:10:01","guid":{"rendered":"http:\/\/www.visit-ulcinj.com\/blog\/?p=86081"},"modified":"2014-11-04T10:10:01","modified_gmt":"2014-11-04T09:10:01","slug":"u-opstini-ulcinj-zatvorena-cetiri-gradilista","status":"publish","type":"post","link":"https:\/\/www.visit-ulcinj.com\/blog\/2014\/11\/04\/u-opstini-ulcinj-zatvorena-cetiri-gradilista\/","title":{"rendered":"U op\u0161tini Ulcinj zatvorena \u010detiri gradili\u0161ta"},"content":{"rendered":"<p><a href=\"http:\/\/www.visit-ulcinj.com\/blog\/wp-content\/uploads\/2014\/11\/rr\u00ebnimi-i-objekteve-pa-leje-n\u00eb-Ulqin.jpg\"><img loading=\"lazy\" class=\"alignleft wp-image-86064\" src=\"http:\/\/www.visit-ulcinj.com\/blog\/wp-content\/uploads\/2014\/11\/rr\u00ebnimi-i-objekteve-pa-leje-n\u00eb-Ulqin.jpg\" alt=\"rr\u00ebnimi i objekteve pa leje n\u00eb Ulqin\" width=\"508\" height=\"337\" srcset=\"https:\/\/www.visit-ulcinj.com\/blog\/wp-content\/uploads\/2014\/11\/rr\u00ebnimi-i-objekteve-pa-leje-n\u00eb-Ulqin.jpg 518w, https:\/\/www.visit-ulcinj.com\/blog\/wp-content\/uploads\/2014\/11\/rr\u00ebnimi-i-objekteve-pa-leje-n\u00eb-Ulqin-300x199.jpg 300w\" sizes=\"(max-width: 508px) 100vw, 508px\" \/><\/a>Inspekcija za\u0161tite prostora je pro\u0161le sedmice obavila poja\u010dan nadzor u pogledu bespravne izgradnje objekata na primorju, pa su izre\u010dene mjere prema svima koji su zate\u010deni u obavljanju radova bez gra\u0111evinske dozvole.<\/p>\n<p>U op\u0161tini Ulcinj kontrolisana su 32 objekta, zatvorena su \u010detiri gradili\u0161ta, donesena su dva rje\u0161enja o ru\u0161enju i podnesene dvije krivi\u010dne prijave \u2013 saop\u0161teno je iz Uprave za inspekcijske poslove.<\/p>\n<p>Inspekcija za\u0161tite prostora bila je u stalnoj komunikaciji sa predstavnicima lokalne samouprave sa kojima \u0107e se u narednom periodu organizovati zajedni\u010dke aktivnosti radi \u0161to efikasnije za\u0161tite prostora u primorskim op\u0161tinama \u2013 ka\u017eu iz Uprave za inspekcijske poslove.<\/p>\n<p><em><b>Z. S.<\/b><\/em><\/p>\n<p><strong>Izvor: POBJEDA<\/strong><\/p>\n","protected":false},"excerpt":{"rendered":"<p>Inspekcija za\u0161tite prostora je pro\u0161le sedmice obavila poja\u010dan nadzor u pogledu bespravne izgradnje objekata na primorju, pa su izre\u010dene mjere prema svima koji su zate\u010deni u obavljanju radova bez gra\u0111evinske dozvole. U op\u0161tini Ulcinj kontrolisana su 32 objekta, zatvorena su \u010detiri gradili\u0161ta, donesena su dva rje\u0161enja o ru\u0161enju i podnesene dvije krivi\u010dne prijave \u2013 saop\u0161teno [&hellip;]<\/p>\n","protected":false},"author":1,"featured_media":0,"comment_status":"closed","ping_status":"closed","sticky":false,"template":"","format":"standard","meta":{"spay_email":"","jetpack_publicize_message":"","jetpack_is_tweetstorm":false,"jetpack_publicize_feature_enabled":true},"categories":[6950],"tags":[],"jetpack_publicize_connections":[],"yoast_head":"<!-- This site is optimized with the Yoast SEO plugin v19.1 - https:\/\/yoast.com\/wordpress\/plugins\/seo\/ -->\n<title>U op\u0161tini Ulcinj zatvorena \u010detiri gradili\u0161ta - Lajme nga Ulqini<\/title>\n<meta name=\"description\" content=\"Inspekcija za\u0161tite prostora je pro\u0161le sedmice obavila poja\u010dan nadzor u pogledu bespravne izgradnje objekata na primorju, pa su izre\u010dene mjere prema svima\" \/>\n<meta name=\"robots\" content=\"index, follow, max-snippet:-1, max-image-preview:large, max-video-preview:-1\" \/>\n<link rel=\"canonical\" href=\"https:\/\/www.visit-ulcinj.com\/blog\/2014\/11\/04\/u-opstini-ulcinj-zatvorena-cetiri-gradilista\/\" \/>\n<meta property=\"og:locale\" content=\"en_US\" \/>\n<meta property=\"og:type\" content=\"article\" \/>\n<meta property=\"og:title\" content=\"U op\u0161tini Ulcinj zatvorena \u010detiri gradili\u0161ta - Lajme nga Ulqini\" \/>\n<meta property=\"og:description\" content=\"Inspekcija za\u0161tite prostora je pro\u0161le sedmice obavila poja\u010dan nadzor u pogledu bespravne izgradnje objekata na primorju, pa su izre\u010dene mjere prema svima\" \/>\n<meta property=\"og:url\" content=\"https:\/\/www.visit-ulcinj.com\/blog\/2014\/11\/04\/u-opstini-ulcinj-zatvorena-cetiri-gradilista\/\" \/>\n<meta property=\"og:site_name\" content=\"Lajme nga Ulqini\" \/>\n<meta property=\"article:published_time\" content=\"2014-11-04T09:10:01+00:00\" \/>\n<meta name=\"twitter:label1\" content=\"Written by\" \/>\n\t<meta name=\"twitter:data1\" content=\"ulqini\" \/>\n\t<meta name=\"twitter:label2\" content=\"Est. reading time\" \/>\n\t<meta name=\"twitter:data2\" content=\"1 minute\" \/>\n<script type=\"application\/ld+json\" class=\"yoast-schema-graph\">{\"@context\":\"https:\/\/schema.org\",\"@graph\":[{\"@type\":\"WebSite\",\"@id\":\"https:\/\/www.visit-ulcinj.com\/blog\/#website\",\"url\":\"https:\/\/www.visit-ulcinj.com\/blog\/\",\"name\":\"Lajme nga Ulqini\",\"description\":\"Lajme,Vijesti,Ulqini,Ulqin,Crna Gora,Mali i Zi\",\"potentialAction\":[{\"@type\":\"SearchAction\",\"target\":{\"@type\":\"EntryPoint\",\"urlTemplate\":\"https:\/\/www.visit-ulcinj.com\/blog\/?s={search_term_string}\"},\"query-input\":\"required name=search_term_string\"}],\"inLanguage\":\"en-US\"},{\"@type\":\"WebPage\",\"@id\":\"https:\/\/www.visit-ulcinj.com\/blog\/2014\/11\/04\/u-opstini-ulcinj-zatvorena-cetiri-gradilista\/#webpage\",\"url\":\"https:\/\/www.visit-ulcinj.com\/blog\/2014\/11\/04\/u-opstini-ulcinj-zatvorena-cetiri-gradilista\/\",\"name\":\"U op\u0161tini Ulcinj zatvorena \u010detiri gradili\u0161ta - Lajme nga Ulqini\",\"isPartOf\":{\"@id\":\"https:\/\/www.visit-ulcinj.com\/blog\/#website\"},\"datePublished\":\"2014-11-04T09:10:01+00:00\",\"dateModified\":\"2014-11-04T09:10:01+00:00\",\"author\":{\"@id\":\"https:\/\/www.visit-ulcinj.com\/blog\/#\/schema\/person\/dcab619c614d3038751c63bc2aadc06d\"},\"description\":\"Inspekcija za\u0161tite prostora je pro\u0161le sedmice obavila poja\u010dan nadzor u pogledu bespravne izgradnje objekata na primorju, pa su izre\u010dene mjere prema svima\",\"breadcrumb\":{\"@id\":\"https:\/\/www.visit-ulcinj.com\/blog\/2014\/11\/04\/u-opstini-ulcinj-zatvorena-cetiri-gradilista\/#breadcrumb\"},\"inLanguage\":\"en-US\",\"potentialAction\":[{\"@type\":\"ReadAction\",\"target\":[\"https:\/\/www.visit-ulcinj.com\/blog\/2014\/11\/04\/u-opstini-ulcinj-zatvorena-cetiri-gradilista\/\"]}]},{\"@type\":\"BreadcrumbList\",\"@id\":\"https:\/\/www.visit-ulcinj.com\/blog\/2014\/11\/04\/u-opstini-ulcinj-zatvorena-cetiri-gradilista\/#breadcrumb\",\"itemListElement\":[{\"@type\":\"ListItem\",\"position\":1,\"name\":\"U op\u0161tini Ulcinj zatvorena \u010detiri gradili\u0161ta\"}]},{\"@type\":\"Person\",\"@id\":\"https:\/\/www.visit-ulcinj.com\/blog\/#\/schema\/person\/dcab619c614d3038751c63bc2aadc06d\",\"name\":\"ulqini\",\"sameAs\":[\"http:\/\/www.visit-ulcinj.com\"],\"url\":\"https:\/\/www.visit-ulcinj.com\/blog\/author\/admin\/\"}]}<\/script>\n<!-- \/ Yoast SEO plugin. -->","yoast_head_json":{"title":"U op\u0161tini Ulcinj zatvorena \u010detiri gradili\u0161ta - Lajme nga Ulqini","description":"Inspekcija za\u0161tite prostora je pro\u0161le sedmice obavila poja\u010dan nadzor u pogledu bespravne izgradnje objekata na primorju, pa su izre\u010dene mjere prema svima","robots":{"index":"index","follow":"follow","max-snippet":"max-snippet:-1","max-image-preview":"max-image-preview:large","max-video-preview":"max-video-preview:-1"},"canonical":"https:\/\/www.visit-ulcinj.com\/blog\/2014\/11\/04\/u-opstini-ulcinj-zatvorena-cetiri-gradilista\/","og_locale":"en_US","og_type":"article","og_title":"U op\u0161tini Ulcinj zatvorena \u010detiri gradili\u0161ta - Lajme nga Ulqini","og_description":"Inspekcija za\u0161tite prostora je pro\u0161le sedmice obavila poja\u010dan nadzor u pogledu bespravne izgradnje objekata na primorju, pa su izre\u010dene mjere prema svima","og_url":"https:\/\/www.visit-ulcinj.com\/blog\/2014\/11\/04\/u-opstini-ulcinj-zatvorena-cetiri-gradilista\/","og_site_name":"Lajme nga Ulqini","article_published_time":"2014-11-04T09:10:01+00:00","twitter_misc":{"Written by":"ulqini","Est. reading time":"1 minute"},"schema":{"@context":"https:\/\/schema.org","@graph":[{"@type":"WebSite","@id":"https:\/\/www.visit-ulcinj.com\/blog\/#website","url":"https:\/\/www.visit-ulcinj.com\/blog\/","name":"Lajme nga Ulqini","description":"Lajme,Vijesti,Ulqini,Ulqin,Crna Gora,Mali i Zi","potentialAction":[{"@type":"SearchAction","target":{"@type":"EntryPoint","urlTemplate":"https:\/\/www.visit-ulcinj.com\/blog\/?s={search_term_string}"},"query-input":"required name=search_term_string"}],"inLanguage":"en-US"},{"@type":"WebPage","@id":"https:\/\/www.visit-ulcinj.com\/blog\/2014\/11\/04\/u-opstini-ulcinj-zatvorena-cetiri-gradilista\/#webpage","url":"https:\/\/www.visit-ulcinj.com\/blog\/2014\/11\/04\/u-opstini-ulcinj-zatvorena-cetiri-gradilista\/","name":"U op\u0161tini Ulcinj zatvorena \u010detiri gradili\u0161ta - Lajme nga Ulqini","isPartOf":{"@id":"https:\/\/www.visit-ulcinj.com\/blog\/#website"},"datePublished":"2014-11-04T09:10:01+00:00","dateModified":"2014-11-04T09:10:01+00:00","author":{"@id":"https:\/\/www.visit-ulcinj.com\/blog\/#\/schema\/person\/dcab619c614d3038751c63bc2aadc06d"},"description":"Inspekcija za\u0161tite prostora je pro\u0161le sedmice obavila poja\u010dan nadzor u pogledu bespravne izgradnje objekata na primorju, pa su izre\u010dene mjere prema svima","breadcrumb":{"@id":"https:\/\/www.visit-ulcinj.com\/blog\/2014\/11\/04\/u-opstini-ulcinj-zatvorena-cetiri-gradilista\/#breadcrumb"},"inLanguage":"en-US","potentialAction":[{"@type":"ReadAction","target":["https:\/\/www.visit-ulcinj.com\/blog\/2014\/11\/04\/u-opstini-ulcinj-zatvorena-cetiri-gradilista\/"]}]},{"@type":"BreadcrumbList","@id":"https:\/\/www.visit-ulcinj.com\/blog\/2014\/11\/04\/u-opstini-ulcinj-zatvorena-cetiri-gradilista\/#breadcrumb","itemListElement":[{"@type":"ListItem","position":1,"name":"U op\u0161tini Ulcinj zatvorena \u010detiri gradili\u0161ta"}]},{"@type":"Person","@id":"https:\/\/www.visit-ulcinj.com\/blog\/#\/schema\/person\/dcab619c614d3038751c63bc2aadc06d","name":"ulqini","sameAs":["http:\/\/www.visit-ulcinj.com"],"url":"https:\/\/www.visit-ulcinj.com\/blog\/author\/admin\/"}]}},"jetpack_featured_media_url":"","jetpack_sharing_enabled":true,"jetpack_shortlink":"https:\/\/wp.me\/pe6lTn-mop","_links":{"self":[{"href":"https:\/\/www.visit-ulcinj.com\/blog\/wp-json\/wp\/v2\/posts\/86081"}],"collection":[{"href":"https:\/\/www.visit-ulcinj.com\/blog\/wp-json\/wp\/v2\/posts"}],"about":[{"href":"https:\/\/www.visit-ulcinj.com\/blog\/wp-json\/wp\/v2\/types\/post"}],"author":[{"embeddable":true,"href":"https:\/\/www.visit-ulcinj.com\/blog\/wp-json\/wp\/v2\/users\/1"}],"replies":[{"embeddable":true,"href":"https:\/\/www.visit-ulcinj.com\/blog\/wp-json\/wp\/v2\/comments?post=86081"}],"version-history":[{"count":1,"href":"https:\/\/www.visit-ulcinj.com\/blog\/wp-json\/wp\/v2\/posts\/86081\/revisions"}],"predecessor-version":[{"id":86082,"href":"https:\/\/www.visit-ulcinj.com\/blog\/wp-json\/wp\/v2\/posts\/86081\/revisions\/86082"}],"wp:attachment":[{"href":"https:\/\/www.visit-ulcinj.com\/blog\/wp-json\/wp\/v2\/media?parent=86081"}],"wp:term":[{"taxonomy":"category","embeddable":true,"href":"https:\/\/www.visit-ulcinj.com\/blog\/wp-json\/wp\/v2\/categories?post=86081"},{"taxonomy":"post_tag","embeddable":true,"href":"https:\/\/www.visit-ulcinj.com\/blog\/wp-json\/wp\/v2\/tags?post=86081"}],"curies":[{"name":"wp","href":"https:\/\/api.w.org\/{rel}","templated":true}]}}