{"id":86083,"date":"2014-11-04T12:41:14","date_gmt":"2014-11-04T11:41:14","guid":{"rendered":"http:\/\/www.visit-ulcinj.com\/blog\/?p=86083"},"modified":"2014-11-04T12:41:14","modified_gmt":"2014-11-04T11:41:14","slug":"fotografije-sa-jucerasnjeg-maskenbala-u-ulcinj","status":"publish","type":"post","link":"https:\/\/www.visit-ulcinj.com\/blog\/2014\/11\/04\/fotografije-sa-jucerasnjeg-maskenbala-u-ulcinj\/","title":{"rendered":"Fotografije sa ju\u010dera\u0161njeg maskenbala u Ulcinj"},"content":{"rendered":"<div class=\"post\">\n<p><strong>Foto-pri\u010da iz Ulcinja: Dje\u010dja povorka ukrasila grad<\/strong><\/p>\n<p><a href=\"http:\/\/www.visit-ulcinj.com\/blog\/wp-content\/uploads\/2014\/11\/Fotografije-maskenbala-Ulcinj-.jpg\"><img loading=\"lazy\" class=\"alignleft wp-image-86084\" src=\"http:\/\/www.visit-ulcinj.com\/blog\/wp-content\/uploads\/2014\/11\/Fotografije-maskenbala-Ulcinj-.jpg\" alt=\"Fotografije-maskenbala-Ulcinj-\" width=\"508\" height=\"312\" srcset=\"https:\/\/www.visit-ulcinj.com\/blog\/wp-content\/uploads\/2014\/11\/Fotografije-maskenbala-Ulcinj-.jpg 811w, https:\/\/www.visit-ulcinj.com\/blog\/wp-content\/uploads\/2014\/11\/Fotografije-maskenbala-Ulcinj--300x184.jpg 300w\" sizes=\"(max-width: 508px) 100vw, 508px\" \/><\/a><\/p>\n<p><center><\/p>\n<div id=\"adoceanrsmlkofpnrme\"><\/div>\n<p><\/center><\/p>\n<div class=\"entry\">\n<p><strong>ULCINJ \u2013 Predivno je ju\u010de bilo na Pristanu. Djeca iz vrti\u0107a \u201eSolidarnost\u201c prodefilovali su ulicama i oveselila grad karnevalskom povorkom u znaku i bojama jeseni.<\/strong><\/p>\n<p>Prema rije\u010dima direktorke te ustanove Vjere Kosti\u0107, cilj karnevala bio je promocija drugarstva i zajedni\u0161tva, kao i da se djeci pribli\u017ee \u010dari prirode i jeseni.<\/p>\n<p><em><b>R.R.<\/b><\/em><\/p>\n<p><strong>Izvor: POBJEDA<\/strong><\/p>\n<p><strong>Foto: Ana Zivanovic<\/strong><\/p>\n\n\t\t<style type=\"text\/css\">\n\t\t\t#gallery-1 {\n\t\t\t\tmargin: auto;\n\t\t\t}\n\t\t\t#gallery-1 .gallery-item {\n\t\t\t\tfloat: left;\n\t\t\t\tmargin-top: 10px;\n\t\t\t\ttext-align: center;\n\t\t\t\twidth: 33%;\n\t\t\t}\n\t\t\t#gallery-1 img {\n\t\t\t\tborder: 2px solid #cfcfcf;\n\t\t\t}\n\t\t\t#gallery-1 .gallery-caption {\n\t\t\t\tmargin-left: 0;\n\t\t\t}\n\t\t\t\/* see gallery_shortcode() in wp-includes\/media.php *\/\n\t\t<\/style>\n\t\t<div id='gallery-1' class='gallery galleryid-86083 gallery-columns-3 gallery-size-thumbnail'><dl class='gallery-item'>\n\t\t\t<dt class='gallery-icon landscape'>\n\t\t\t\t<a href='https:\/\/www.visit-ulcinj.com\/blog\/2014\/11\/04\/fotografije-sa-jucerasnjeg-maskenbala-u-ulcinj\/fotografije-maskenbala-ulcinj-1\/'><img width=\"150\" height=\"150\" src=\"https:\/\/www.visit-ulcinj.com\/blog\/wp-content\/uploads\/2014\/11\/Fotografije-maskenbala-Ulcinj-1-150x150.jpg\" class=\"attachment-thumbnail size-thumbnail\" alt=\"\" loading=\"lazy\" \/><\/a>\n\t\t\t<\/dt><\/dl><dl class='gallery-item'>\n\t\t\t<dt class='gallery-icon landscape'>\n\t\t\t\t<a href='https:\/\/www.visit-ulcinj.com\/blog\/2014\/11\/04\/fotografije-sa-jucerasnjeg-maskenbala-u-ulcinj\/fotografije-maskenbala-ulcinj-2\/'><img width=\"150\" height=\"150\" src=\"https:\/\/www.visit-ulcinj.com\/blog\/wp-content\/uploads\/2014\/11\/Fotografije-maskenbala-Ulcinj-2-150x150.jpg\" class=\"attachment-thumbnail size-thumbnail\" alt=\"\" loading=\"lazy\" \/><\/a>\n\t\t\t<\/dt><\/dl><dl class='gallery-item'>\n\t\t\t<dt class='gallery-icon landscape'>\n\t\t\t\t<a href='https:\/\/www.visit-ulcinj.com\/blog\/2014\/11\/04\/fotografije-sa-jucerasnjeg-maskenbala-u-ulcinj\/fotografije-maskenbala-ulcinj-3\/'><img width=\"150\" height=\"150\" src=\"https:\/\/www.visit-ulcinj.com\/blog\/wp-content\/uploads\/2014\/11\/Fotografije-maskenbala-Ulcinj-3-150x150.jpg\" class=\"attachment-thumbnail size-thumbnail\" alt=\"\" loading=\"lazy\" \/><\/a>\n\t\t\t<\/dt><\/dl><br style=\"clear: both\" \/><dl class='gallery-item'>\n\t\t\t<dt class='gallery-icon portrait'>\n\t\t\t\t<a href='https:\/\/www.visit-ulcinj.com\/blog\/2014\/11\/04\/fotografije-sa-jucerasnjeg-maskenbala-u-ulcinj\/fotografije-maskenbala-ulcinj-4\/'><img width=\"150\" height=\"150\" src=\"https:\/\/www.visit-ulcinj.com\/blog\/wp-content\/uploads\/2014\/11\/Fotografije-maskenbala-Ulcinj-4-150x150.jpg\" class=\"attachment-thumbnail size-thumbnail\" alt=\"\" loading=\"lazy\" \/><\/a>\n\t\t\t<\/dt><\/dl><dl class='gallery-item'>\n\t\t\t<dt class='gallery-icon landscape'>\n\t\t\t\t<a href='https:\/\/www.visit-ulcinj.com\/blog\/2014\/11\/04\/fotografije-sa-jucerasnjeg-maskenbala-u-ulcinj\/fotografije-maskenbala-ulcinj-5\/'><img width=\"150\" height=\"150\" src=\"https:\/\/www.visit-ulcinj.com\/blog\/wp-content\/uploads\/2014\/11\/Fotografije-maskenbala-Ulcinj-5-150x150.jpg\" class=\"attachment-thumbnail size-thumbnail\" alt=\"\" loading=\"lazy\" \/><\/a>\n\t\t\t<\/dt><\/dl><dl class='gallery-item'>\n\t\t\t<dt class='gallery-icon landscape'>\n\t\t\t\t<a href='https:\/\/www.visit-ulcinj.com\/blog\/2014\/11\/04\/fotografije-sa-jucerasnjeg-maskenbala-u-ulcinj\/fotografije-maskenbala-ulcinj-6\/'><img width=\"150\" height=\"150\" src=\"https:\/\/www.visit-ulcinj.com\/blog\/wp-content\/uploads\/2014\/11\/Fotografije-maskenbala-Ulcinj-6-150x150.jpg\" class=\"attachment-thumbnail size-thumbnail\" alt=\"\" loading=\"lazy\" \/><\/a>\n\t\t\t<\/dt><\/dl><br style=\"clear: both\" \/>\n\t\t<\/div>\n\n","protected":false},"excerpt":{"rendered":"<p>Foto-pri\u010da iz Ulcinja: Dje\u010dja povorka ukrasila grad ULCINJ \u2013 Predivno je ju\u010de bilo na Pristanu. Djeca iz vrti\u0107a \u201eSolidarnost\u201c prodefilovali su ulicama i oveselila grad karnevalskom povorkom u znaku i bojama jeseni. Prema rije\u010dima direktorke te ustanove Vjere Kosti\u0107, cilj karnevala bio je promocija drugarstva i zajedni\u0161tva, kao i da se djeci pribli\u017ee \u010dari prirode [&hellip;]<\/p>\n","protected":false},"author":1,"featured_media":0,"comment_status":"closed","ping_status":"closed","sticky":false,"template":"","format":"standard","meta":{"spay_email":"","jetpack_publicize_message":"","jetpack_is_tweetstorm":false,"jetpack_publicize_feature_enabled":true},"categories":[8337],"tags":[],"jetpack_publicize_connections":[],"yoast_head":"<!-- This site is optimized with the Yoast SEO plugin v19.1 - https:\/\/yoast.com\/wordpress\/plugins\/seo\/ -->\n<title>Fotografije sa ju\u010dera\u0161njeg maskenbala u Ulcinj - Lajme nga Ulqini<\/title>\n<meta name=\"description\" content=\"Foto-pri\u010da iz Ulcinja: Dje\u010dja povorka ukrasila grad ULCINJ \u2013 Predivno je ju\u010de bilo na Pristanu. Djeca iz vrti\u0107a \u201eSolidarnost\u201c prodefilovali su ulicama i\" \/>\n<meta name=\"robots\" content=\"index, follow, max-snippet:-1, max-image-preview:large, max-video-preview:-1\" \/>\n<link rel=\"canonical\" href=\"https:\/\/www.visit-ulcinj.com\/blog\/2014\/11\/04\/fotografije-sa-jucerasnjeg-maskenbala-u-ulcinj\/\" \/>\n<meta property=\"og:locale\" content=\"en_US\" \/>\n<meta property=\"og:type\" content=\"article\" \/>\n<meta property=\"og:title\" content=\"Fotografije sa ju\u010dera\u0161njeg maskenbala u Ulcinj - Lajme nga Ulqini\" \/>\n<meta property=\"og:description\" content=\"Foto-pri\u010da iz Ulcinja: Dje\u010dja povorka ukrasila grad ULCINJ \u2013 Predivno je ju\u010de bilo na Pristanu. Djeca iz vrti\u0107a \u201eSolidarnost\u201c prodefilovali su ulicama i\" \/>\n<meta property=\"og:url\" content=\"https:\/\/www.visit-ulcinj.com\/blog\/2014\/11\/04\/fotografije-sa-jucerasnjeg-maskenbala-u-ulcinj\/\" \/>\n<meta property=\"og:site_name\" content=\"Lajme nga Ulqini\" \/>\n<meta property=\"article:published_time\" content=\"2014-11-04T11:41:14+00:00\" \/>\n<meta property=\"og:image\" content=\"https:\/\/www.visit-ulcinj.com\/blog\/wp-content\/uploads\/2014\/11\/Fotografije-maskenbala-Ulcinj-1-150x150.jpg\" \/>\n<meta name=\"twitter:label1\" content=\"Written by\" \/>\n\t<meta name=\"twitter:data1\" content=\"ulqini\" \/>\n<script type=\"application\/ld+json\" class=\"yoast-schema-graph\">{\"@context\":\"https:\/\/schema.org\",\"@graph\":[{\"@type\":\"WebSite\",\"@id\":\"https:\/\/www.visit-ulcinj.com\/blog\/#website\",\"url\":\"https:\/\/www.visit-ulcinj.com\/blog\/\",\"name\":\"Lajme nga Ulqini\",\"description\":\"Lajme,Vijesti,Ulqini,Ulqin,Crna Gora,Mali i Zi\",\"potentialAction\":[{\"@type\":\"SearchAction\",\"target\":{\"@type\":\"EntryPoint\",\"urlTemplate\":\"https:\/\/www.visit-ulcinj.com\/blog\/?s={search_term_string}\"},\"query-input\":\"required name=search_term_string\"}],\"inLanguage\":\"en-US\"},{\"@type\":\"ImageObject\",\"inLanguage\":\"en-US\",\"@id\":\"https:\/\/www.visit-ulcinj.com\/blog\/2014\/11\/04\/fotografije-sa-jucerasnjeg-maskenbala-u-ulcinj\/#primaryimage\",\"url\":\"https:\/\/www.visit-ulcinj.com\/blog\/wp-content\/uploads\/2014\/11\/Fotografije-maskenbala-Ulcinj-.jpg\",\"contentUrl\":\"https:\/\/www.visit-ulcinj.com\/blog\/wp-content\/uploads\/2014\/11\/Fotografije-maskenbala-Ulcinj-.jpg\",\"width\":811,\"height\":498},{\"@type\":\"WebPage\",\"@id\":\"https:\/\/www.visit-ulcinj.com\/blog\/2014\/11\/04\/fotografije-sa-jucerasnjeg-maskenbala-u-ulcinj\/#webpage\",\"url\":\"https:\/\/www.visit-ulcinj.com\/blog\/2014\/11\/04\/fotografije-sa-jucerasnjeg-maskenbala-u-ulcinj\/\",\"name\":\"Fotografije sa ju\u010dera\u0161njeg maskenbala u Ulcinj - Lajme nga Ulqini\",\"isPartOf\":{\"@id\":\"https:\/\/www.visit-ulcinj.com\/blog\/#website\"},\"primaryImageOfPage\":{\"@id\":\"https:\/\/www.visit-ulcinj.com\/blog\/2014\/11\/04\/fotografije-sa-jucerasnjeg-maskenbala-u-ulcinj\/#primaryimage\"},\"datePublished\":\"2014-11-04T11:41:14+00:00\",\"dateModified\":\"2014-11-04T11:41:14+00:00\",\"author\":{\"@id\":\"https:\/\/www.visit-ulcinj.com\/blog\/#\/schema\/person\/dcab619c614d3038751c63bc2aadc06d\"},\"description\":\"Foto-pri\u010da iz Ulcinja: Dje\u010dja povorka ukrasila grad ULCINJ \u2013 Predivno je ju\u010de bilo na Pristanu. Djeca iz vrti\u0107a \u201eSolidarnost\u201c prodefilovali su ulicama i\",\"breadcrumb\":{\"@id\":\"https:\/\/www.visit-ulcinj.com\/blog\/2014\/11\/04\/fotografije-sa-jucerasnjeg-maskenbala-u-ulcinj\/#breadcrumb\"},\"inLanguage\":\"en-US\",\"potentialAction\":[{\"@type\":\"ReadAction\",\"target\":[\"https:\/\/www.visit-ulcinj.com\/blog\/2014\/11\/04\/fotografije-sa-jucerasnjeg-maskenbala-u-ulcinj\/\"]}]},{\"@type\":\"BreadcrumbList\",\"@id\":\"https:\/\/www.visit-ulcinj.com\/blog\/2014\/11\/04\/fotografije-sa-jucerasnjeg-maskenbala-u-ulcinj\/#breadcrumb\",\"itemListElement\":[{\"@type\":\"ListItem\",\"position\":1,\"name\":\"Fotografije sa ju\u010dera\u0161njeg maskenbala u Ulcinj\"}]},{\"@type\":\"Person\",\"@id\":\"https:\/\/www.visit-ulcinj.com\/blog\/#\/schema\/person\/dcab619c614d3038751c63bc2aadc06d\",\"name\":\"ulqini\",\"sameAs\":[\"http:\/\/www.visit-ulcinj.com\"],\"url\":\"https:\/\/www.visit-ulcinj.com\/blog\/author\/admin\/\"}]}<\/script>\n<!-- \/ Yoast SEO plugin. -->","yoast_head_json":{"title":"Fotografije sa ju\u010dera\u0161njeg maskenbala u Ulcinj - Lajme nga Ulqini","description":"Foto-pri\u010da iz Ulcinja: Dje\u010dja povorka ukrasila grad ULCINJ \u2013 Predivno je ju\u010de bilo na Pristanu. Djeca iz vrti\u0107a \u201eSolidarnost\u201c prodefilovali su ulicama i","robots":{"index":"index","follow":"follow","max-snippet":"max-snippet:-1","max-image-preview":"max-image-preview:large","max-video-preview":"max-video-preview:-1"},"canonical":"https:\/\/www.visit-ulcinj.com\/blog\/2014\/11\/04\/fotografije-sa-jucerasnjeg-maskenbala-u-ulcinj\/","og_locale":"en_US","og_type":"article","og_title":"Fotografije sa ju\u010dera\u0161njeg maskenbala u Ulcinj - Lajme nga Ulqini","og_description":"Foto-pri\u010da iz Ulcinja: Dje\u010dja povorka ukrasila grad ULCINJ \u2013 Predivno je ju\u010de bilo na Pristanu. Djeca iz vrti\u0107a \u201eSolidarnost\u201c prodefilovali su ulicama i","og_url":"https:\/\/www.visit-ulcinj.com\/blog\/2014\/11\/04\/fotografije-sa-jucerasnjeg-maskenbala-u-ulcinj\/","og_site_name":"Lajme nga Ulqini","article_published_time":"2014-11-04T11:41:14+00:00","og_image":[{"url":"https:\/\/www.visit-ulcinj.com\/blog\/wp-content\/uploads\/2014\/11\/Fotografije-maskenbala-Ulcinj-1-150x150.jpg"}],"twitter_misc":{"Written by":"ulqini"},"schema":{"@context":"https:\/\/schema.org","@graph":[{"@type":"WebSite","@id":"https:\/\/www.visit-ulcinj.com\/blog\/#website","url":"https:\/\/www.visit-ulcinj.com\/blog\/","name":"Lajme nga Ulqini","description":"Lajme,Vijesti,Ulqini,Ulqin,Crna Gora,Mali i Zi","potentialAction":[{"@type":"SearchAction","target":{"@type":"EntryPoint","urlTemplate":"https:\/\/www.visit-ulcinj.com\/blog\/?s={search_term_string}"},"query-input":"required name=search_term_string"}],"inLanguage":"en-US"},{"@type":"ImageObject","inLanguage":"en-US","@id":"https:\/\/www.visit-ulcinj.com\/blog\/2014\/11\/04\/fotografije-sa-jucerasnjeg-maskenbala-u-ulcinj\/#primaryimage","url":"https:\/\/www.visit-ulcinj.com\/blog\/wp-content\/uploads\/2014\/11\/Fotografije-maskenbala-Ulcinj-.jpg","contentUrl":"https:\/\/www.visit-ulcinj.com\/blog\/wp-content\/uploads\/2014\/11\/Fotografije-maskenbala-Ulcinj-.jpg","width":811,"height":498},{"@type":"WebPage","@id":"https:\/\/www.visit-ulcinj.com\/blog\/2014\/11\/04\/fotografije-sa-jucerasnjeg-maskenbala-u-ulcinj\/#webpage","url":"https:\/\/www.visit-ulcinj.com\/blog\/2014\/11\/04\/fotografije-sa-jucerasnjeg-maskenbala-u-ulcinj\/","name":"Fotografije sa ju\u010dera\u0161njeg maskenbala u Ulcinj - Lajme nga Ulqini","isPartOf":{"@id":"https:\/\/www.visit-ulcinj.com\/blog\/#website"},"primaryImageOfPage":{"@id":"https:\/\/www.visit-ulcinj.com\/blog\/2014\/11\/04\/fotografije-sa-jucerasnjeg-maskenbala-u-ulcinj\/#primaryimage"},"datePublished":"2014-11-04T11:41:14+00:00","dateModified":"2014-11-04T11:41:14+00:00","author":{"@id":"https:\/\/www.visit-ulcinj.com\/blog\/#\/schema\/person\/dcab619c614d3038751c63bc2aadc06d"},"description":"Foto-pri\u010da iz Ulcinja: Dje\u010dja povorka ukrasila grad ULCINJ \u2013 Predivno je ju\u010de bilo na Pristanu. Djeca iz vrti\u0107a \u201eSolidarnost\u201c prodefilovali su ulicama i","breadcrumb":{"@id":"https:\/\/www.visit-ulcinj.com\/blog\/2014\/11\/04\/fotografije-sa-jucerasnjeg-maskenbala-u-ulcinj\/#breadcrumb"},"inLanguage":"en-US","potentialAction":[{"@type":"ReadAction","target":["https:\/\/www.visit-ulcinj.com\/blog\/2014\/11\/04\/fotografije-sa-jucerasnjeg-maskenbala-u-ulcinj\/"]}]},{"@type":"BreadcrumbList","@id":"https:\/\/www.visit-ulcinj.com\/blog\/2014\/11\/04\/fotografije-sa-jucerasnjeg-maskenbala-u-ulcinj\/#breadcrumb","itemListElement":[{"@type":"ListItem","position":1,"name":"Fotografije sa ju\u010dera\u0161njeg maskenbala u Ulcinj"}]},{"@type":"Person","@id":"https:\/\/www.visit-ulcinj.com\/blog\/#\/schema\/person\/dcab619c614d3038751c63bc2aadc06d","name":"ulqini","sameAs":["http:\/\/www.visit-ulcinj.com"],"url":"https:\/\/www.visit-ulcinj.com\/blog\/author\/admin\/"}]}},"jetpack_featured_media_url":"","jetpack_sharing_enabled":true,"jetpack_shortlink":"https:\/\/wp.me\/pe6lTn-mor","_links":{"self":[{"href":"https:\/\/www.visit-ulcinj.com\/blog\/wp-json\/wp\/v2\/posts\/86083"}],"collection":[{"href":"https:\/\/www.visit-ulcinj.com\/blog\/wp-json\/wp\/v2\/posts"}],"about":[{"href":"https:\/\/www.visit-ulcinj.com\/blog\/wp-json\/wp\/v2\/types\/post"}],"author":[{"embeddable":true,"href":"https:\/\/www.visit-ulcinj.com\/blog\/wp-json\/wp\/v2\/users\/1"}],"replies":[{"embeddable":true,"href":"https:\/\/www.visit-ulcinj.com\/blog\/wp-json\/wp\/v2\/comments?post=86083"}],"version-history":[{"count":1,"href":"https:\/\/www.visit-ulcinj.com\/blog\/wp-json\/wp\/v2\/posts\/86083\/revisions"}],"predecessor-version":[{"id":86091,"href":"https:\/\/www.visit-ulcinj.com\/blog\/wp-json\/wp\/v2\/posts\/86083\/revisions\/86091"}],"wp:attachment":[{"href":"https:\/\/www.visit-ulcinj.com\/blog\/wp-json\/wp\/v2\/media?parent=86083"}],"wp:term":[{"taxonomy":"category","embeddable":true,"href":"https:\/\/www.visit-ulcinj.com\/blog\/wp-json\/wp\/v2\/categories?post=86083"},{"taxonomy":"post_tag","embeddable":true,"href":"https:\/\/www.visit-ulcinj.com\/blog\/wp-json\/wp\/v2\/tags?post=86083"}],"curies":[{"name":"wp","href":"https:\/\/api.w.org\/{rel}","templated":true}]}}