{"id":86092,"date":"2014-11-04T14:14:42","date_gmt":"2014-11-04T13:14:42","guid":{"rendered":"http:\/\/www.visit-ulcinj.com\/blog\/?p=86092"},"modified":"2014-11-04T19:50:37","modified_gmt":"2014-11-04T18:50:37","slug":"fatmir-gjeka-ne-forumin-e-pare-nderkombetar-smart-city","status":"publish","type":"post","link":"https:\/\/www.visit-ulcinj.com\/blog\/2014\/11\/04\/fatmir-gjeka-ne-forumin-e-pare-nderkombetar-smart-city\/","title":{"rendered":"Fatmir Gjeka n\u00eb Forumin e Par\u00eb Nd\u00ebrkomb\u00ebtar \u201cSMART CITY&#8221;"},"content":{"rendered":"<p><a href=\"http:\/\/www.visit-ulcinj.com\/blog\/wp-content\/uploads\/2014\/11\/Fatmir-Gjeka-SMART-CITY-Durres.jpg\"><img loading=\"lazy\" class=\"alignleft wp-image-86093\" src=\"http:\/\/www.visit-ulcinj.com\/blog\/wp-content\/uploads\/2014\/11\/Fatmir-Gjeka-SMART-CITY-Durres.jpg\" alt=\"Fatmir-Gjeka-SMART CITY-Durres\" width=\"508\" height=\"600\" \/><\/a>Kryetari i komun\u00ebs s\u00eb Ulqinit Fatmir Gjeka morri pjes n\u00eb konferenc\u00ebn nd\u00ebrkomb\u00ebtare e cila dje u mbajt n\u00eb Durr\u00ebs.<\/p>\n<p>B\u00ebhet fjal\u00eb p\u00ebr aktivitetin e par\u00eb ku merr\u00eb pjes\u00eb kryetari i komun\u00ebs s\u00eb Ulqinit z.Fatmir Gjeka n\u00eb forumin \u201cSmart city\u201d, i cili t\u00eb h\u00ebn\u00ebn dhe t\u00eb mart\u00ebn n\u00eb k\u00ebt\u00eb qytet bregdetar t\u00eb Shqip\u00ebris\u00eb mbledhi nj\u00eb num\u00ebr t\u00eb madh t\u00eb ministrave dhe kryetar\u00ebve nga vendet e regjionit dhe ekspert\u00ebt n\u00eb kryerjen e pun\u00ebve komunale dhe politik\u00ebs urbane.<br \/>\nDurr\u00ebsi ka mir\u00ebpritur dit\u00ebn e sotme Forumin e Par\u00eb Nd\u00ebrkomb\u00ebtar \u201cSMART CITY\u2019 (Qyteti Inteligjent).<\/p>\n<p>Ky forum do t\u00eb zhvilloj\u00eb aktivitetin e tij sot e nes\u00ebr dhe ka mbledhur qeveritar\u00eb t\u00eb Qeveris\u00eb s\u00eb Shqip\u00ebris\u00eb, Kosov\u00ebs, Malit t\u00eb Zi, Maqedonis\u00eb dhe aktor\u00ebve t\u00eb r\u00ebnd\u00ebsish\u00ebm n\u00eb lidhje me \u201cSmart City\u201d nga Italia, Britania e Madhe, Austria, Hollanda dhe Gjermania.<\/p>\n<p>I pranish\u00ebm n\u00eb k\u00ebt\u00eb forum, kryeministri i Shqip\u00ebris\u00eb Edi Rama ka deklaruar se qyteti i Durr\u00ebsit , sikurse e gjith\u00eb Shqip\u00ebria ka patur k\u00ebto 20 vitet e fundit burim rritje ekonomie nd\u00ebrtimin, por se kostoja e shfryt\u00ebzimit t\u00eb k\u00ebtij burimi \u00ebsht\u00eb tashm\u00eb, sipas Kryeministrit, nj\u00eb panoram\u00eb trondit\u00ebse e ekosistemit. <em>\u201cN\u00eb 20 vite kemi patur zhvillim t\u00eb paq\u00ebndruesh\u00ebm, Pasoja ndihen n\u00eb mjedis, si dhe n\u00eb t\u00eb gjitha pasurit\u00eb natyrore. Kemi humbur pyje, toka, peisazhe n\u00eb ekosistemin e vendit. Jemi n\u00eb koh\u00eb per frenimin e k\u00ebtij rr\u00ebnimi\u201d<\/em>, shtoi m\u00eb tej Rama.<\/p>\n<p><a href=\"http:\/\/www.visit-ulcinj.com\/blog\/wp-content\/uploads\/2014\/11\/Rama-SMART-CITY-Durres.jpg\"><img loading=\"lazy\" class=\"alignleft wp-image-86094\" src=\"http:\/\/www.visit-ulcinj.com\/blog\/wp-content\/uploads\/2014\/11\/Rama-SMART-CITY-Durres.jpg\" alt=\"Rama-SMART CITY-Durres\" width=\"508\" height=\"286\" srcset=\"https:\/\/www.visit-ulcinj.com\/blog\/wp-content\/uploads\/2014\/11\/Rama-SMART-CITY-Durres.jpg 960w, https:\/\/www.visit-ulcinj.com\/blog\/wp-content\/uploads\/2014\/11\/Rama-SMART-CITY-Durres-300x169.jpg 300w\" sizes=\"(max-width: 508px) 100vw, 508px\" \/><\/a><\/p>\n<p>E pranishme n\u00eb Forumin e par\u00eb nd\u00ebrkomb\u00ebtar t\u00eb zhvilluar n\u00eb Shqip\u00ebri me tem\u00eb \u201cQyteti Inteligjent\u201d, ministrja Nikolla tha se po punohet p\u00ebr t\u00eb rritur eficenc\u00ebn e m\u00ebsimdh\u00ebnies.<\/p>\n<p>\u201cEdhe statistikat tona, sikurse ato t\u00eb vendeve m\u00eb t\u00eb zhvilluara, tregojn\u00eb se jo gjithmon\u00eb investimet n\u00eb infrastruktur\u00eb shkollore apo rritjet e pagave, kan\u00eb ndikuar domosdoshm\u00ebrish n\u00eb rritjen e cil\u00ebsis\u00eb t\u00eb m\u00ebsimdh\u00ebnies. Ndaj ka shum\u00eb r\u00ebnd\u00ebsi fakti se si \u00ebsht\u00eb cil\u00ebsia e atyre q\u00eb edukojn\u00eb brezat e ardhsh\u00ebm, si \u00ebsht\u00eb cil\u00ebsia e m\u00ebsuesve\u201d, tha Nikolla, duke shtuar se investimi n\u00eb drejtim t\u00eb rritjes s\u00eb cil\u00ebsis\u00eb s\u00eb burimeve njer\u00ebzore n\u00eb sistemin arsimor hap kapitullin e ri t\u00eb reform\u00ebs n\u00eb arsim. Gjat\u00eb k\u00ebtij forumit dy ditor do t\u00eb diskutohet rreth gjasht\u00eb temave t\u00eb m\u00ebposhtme q\u00eb i p\u00ebrkasin Smart City: Qeverisje inteligjente, Ekonomia e dijeve, Sh\u00ebndeti si mir\u00ebq\u00ebnie, Mjedisi miq\u00ebsor, P\u00ebrpunimi agro-ushqimor dhe L\u00ebvizshm\u00ebria.<\/p>\n<p>Forumi \u201cSmart City\u201d ka p\u00ebr q\u00ebllim t\u00eb ofroj\u00eb nj\u00eb platform\u00eb unike dhe interaktive p\u00ebr diskutime dhe debate sfiduese duke krijuar mund\u00ebsin\u00eb p\u00ebr t\u00eb mbledhur s\u00eb bashku nj\u00eb shum\u00ebllojshm\u00ebri t\u00eb institucioneve publike dhe t\u00eb pavarura, organizatave vendore dhe nd\u00ebrkomb\u00ebtare.<\/p>\n<p>Kjo iniciativ\u00eb do t\u00eb krijoj\u00eb bazat e nj\u00eb bashk\u00ebpunimi efektiv dhe gatishm\u00ebrin\u00eb p\u00ebr t\u00eb v\u00ebn\u00eb n\u00eb praktik\u00eb ide inovative nga teknologjit\u00eb e reja t\u00eb infrastruktur\u00ebs, dizajnit, dhe teknikave t\u00eb planifikimit p\u00ebr zhvillimin e rajonit n\u00eb t\u00eb ardhmen dhe integrimin e tij n\u00eb Bashkimin Europian.<\/p>\n<p>Monitor.al<\/p>\n","protected":false},"excerpt":{"rendered":"<p>Kryetari i komun\u00ebs s\u00eb Ulqinit Fatmir Gjeka morri pjes n\u00eb konferenc\u00ebn nd\u00ebrkomb\u00ebtare e cila dje u mbajt n\u00eb Durr\u00ebs. B\u00ebhet fjal\u00eb p\u00ebr aktivitetin e par\u00eb ku merr\u00eb pjes\u00eb kryetari i komun\u00ebs s\u00eb Ulqinit z.Fatmir Gjeka n\u00eb forumin \u201cSmart city\u201d, i cili t\u00eb h\u00ebn\u00ebn dhe t\u00eb mart\u00ebn n\u00eb k\u00ebt\u00eb qytet bregdetar t\u00eb Shqip\u00ebris\u00eb mbledhi nj\u00eb num\u00ebr [&hellip;]<\/p>\n","protected":false},"author":1,"featured_media":0,"comment_status":"closed","ping_status":"closed","sticky":false,"template":"","format":"standard","meta":{"spay_email":"","jetpack_publicize_message":"","jetpack_is_tweetstorm":false,"jetpack_publicize_feature_enabled":true},"categories":[10,1],"tags":[],"jetpack_publicize_connections":[],"yoast_head":"<!-- This site is optimized with the Yoast SEO plugin v19.1 - https:\/\/yoast.com\/wordpress\/plugins\/seo\/ -->\n<title>Fatmir Gjeka n\u00eb Forumin e Par\u00eb Nd\u00ebrkomb\u00ebtar \u201cSMART CITY&quot; - Lajme nga Ulqini<\/title>\n<meta name=\"description\" content=\"Kryetari i komun\u00ebs s\u00eb Ulqinit Fatmir Gjeka morri pjes n\u00eb konferenc\u00ebn nd\u00ebrkomb\u00ebtare e cila dje u mbajt n\u00eb Durr\u00ebs. B\u00ebhet fjal\u00eb p\u00ebr aktivitetin e par\u00eb ku\" \/>\n<meta name=\"robots\" content=\"index, follow, max-snippet:-1, max-image-preview:large, max-video-preview:-1\" \/>\n<link rel=\"canonical\" href=\"https:\/\/www.visit-ulcinj.com\/blog\/2014\/11\/04\/fatmir-gjeka-ne-forumin-e-pare-nderkombetar-smart-city\/\" \/>\n<meta property=\"og:locale\" content=\"en_US\" \/>\n<meta property=\"og:type\" content=\"article\" \/>\n<meta property=\"og:title\" content=\"Fatmir Gjeka n\u00eb Forumin e Par\u00eb Nd\u00ebrkomb\u00ebtar \u201cSMART CITY&quot; - Lajme nga Ulqini\" \/>\n<meta property=\"og:description\" content=\"Kryetari i komun\u00ebs s\u00eb Ulqinit Fatmir Gjeka morri pjes n\u00eb konferenc\u00ebn nd\u00ebrkomb\u00ebtare e cila dje u mbajt n\u00eb Durr\u00ebs. B\u00ebhet fjal\u00eb p\u00ebr aktivitetin e par\u00eb ku\" \/>\n<meta property=\"og:url\" content=\"https:\/\/www.visit-ulcinj.com\/blog\/2014\/11\/04\/fatmir-gjeka-ne-forumin-e-pare-nderkombetar-smart-city\/\" \/>\n<meta property=\"og:site_name\" content=\"Lajme nga Ulqini\" \/>\n<meta property=\"article:published_time\" content=\"2014-11-04T13:14:42+00:00\" \/>\n<meta property=\"article:modified_time\" content=\"2014-11-04T18:50:37+00:00\" \/>\n<meta property=\"og:image\" content=\"http:\/\/www.visit-ulcinj.com\/blog\/wp-content\/uploads\/2014\/11\/Fatmir-Gjeka-SMART-CITY-Durres.jpg\" \/>\n<meta name=\"twitter:label1\" content=\"Written by\" \/>\n\t<meta name=\"twitter:data1\" content=\"ulqini\" \/>\n\t<meta name=\"twitter:label2\" content=\"Est. reading time\" \/>\n\t<meta name=\"twitter:data2\" content=\"3 minutes\" \/>\n<script type=\"application\/ld+json\" class=\"yoast-schema-graph\">{\"@context\":\"https:\/\/schema.org\",\"@graph\":[{\"@type\":\"WebSite\",\"@id\":\"https:\/\/www.visit-ulcinj.com\/blog\/#website\",\"url\":\"https:\/\/www.visit-ulcinj.com\/blog\/\",\"name\":\"Lajme nga Ulqini\",\"description\":\"Lajme,Vijesti,Ulqini,Ulqin,Crna Gora,Mali i Zi\",\"potentialAction\":[{\"@type\":\"SearchAction\",\"target\":{\"@type\":\"EntryPoint\",\"urlTemplate\":\"https:\/\/www.visit-ulcinj.com\/blog\/?s={search_term_string}\"},\"query-input\":\"required name=search_term_string\"}],\"inLanguage\":\"en-US\"},{\"@type\":\"ImageObject\",\"inLanguage\":\"en-US\",\"@id\":\"https:\/\/www.visit-ulcinj.com\/blog\/2014\/11\/04\/fatmir-gjeka-ne-forumin-e-pare-nderkombetar-smart-city\/#primaryimage\",\"url\":\"https:\/\/www.visit-ulcinj.com\/blog\/wp-content\/uploads\/2014\/11\/Fatmir-Gjeka-SMART-CITY-Durres.jpg\",\"contentUrl\":\"https:\/\/www.visit-ulcinj.com\/blog\/wp-content\/uploads\/2014\/11\/Fatmir-Gjeka-SMART-CITY-Durres.jpg\",\"width\":720,\"height\":960},{\"@type\":\"WebPage\",\"@id\":\"https:\/\/www.visit-ulcinj.com\/blog\/2014\/11\/04\/fatmir-gjeka-ne-forumin-e-pare-nderkombetar-smart-city\/#webpage\",\"url\":\"https:\/\/www.visit-ulcinj.com\/blog\/2014\/11\/04\/fatmir-gjeka-ne-forumin-e-pare-nderkombetar-smart-city\/\",\"name\":\"Fatmir Gjeka n\u00eb Forumin e Par\u00eb Nd\u00ebrkomb\u00ebtar \u201cSMART CITY\\\" - Lajme nga Ulqini\",\"isPartOf\":{\"@id\":\"https:\/\/www.visit-ulcinj.com\/blog\/#website\"},\"primaryImageOfPage\":{\"@id\":\"https:\/\/www.visit-ulcinj.com\/blog\/2014\/11\/04\/fatmir-gjeka-ne-forumin-e-pare-nderkombetar-smart-city\/#primaryimage\"},\"datePublished\":\"2014-11-04T13:14:42+00:00\",\"dateModified\":\"2014-11-04T18:50:37+00:00\",\"author\":{\"@id\":\"https:\/\/www.visit-ulcinj.com\/blog\/#\/schema\/person\/dcab619c614d3038751c63bc2aadc06d\"},\"description\":\"Kryetari i komun\u00ebs s\u00eb Ulqinit Fatmir Gjeka morri pjes n\u00eb konferenc\u00ebn nd\u00ebrkomb\u00ebtare e cila dje u mbajt n\u00eb Durr\u00ebs. B\u00ebhet fjal\u00eb p\u00ebr aktivitetin e par\u00eb ku\",\"breadcrumb\":{\"@id\":\"https:\/\/www.visit-ulcinj.com\/blog\/2014\/11\/04\/fatmir-gjeka-ne-forumin-e-pare-nderkombetar-smart-city\/#breadcrumb\"},\"inLanguage\":\"en-US\",\"potentialAction\":[{\"@type\":\"ReadAction\",\"target\":[\"https:\/\/www.visit-ulcinj.com\/blog\/2014\/11\/04\/fatmir-gjeka-ne-forumin-e-pare-nderkombetar-smart-city\/\"]}]},{\"@type\":\"BreadcrumbList\",\"@id\":\"https:\/\/www.visit-ulcinj.com\/blog\/2014\/11\/04\/fatmir-gjeka-ne-forumin-e-pare-nderkombetar-smart-city\/#breadcrumb\",\"itemListElement\":[{\"@type\":\"ListItem\",\"position\":1,\"name\":\"Fatmir Gjeka n\u00eb Forumin e Par\u00eb Nd\u00ebrkomb\u00ebtar \u201cSMART CITY&#8221;\"}]},{\"@type\":\"Person\",\"@id\":\"https:\/\/www.visit-ulcinj.com\/blog\/#\/schema\/person\/dcab619c614d3038751c63bc2aadc06d\",\"name\":\"ulqini\",\"sameAs\":[\"http:\/\/www.visit-ulcinj.com\"],\"url\":\"https:\/\/www.visit-ulcinj.com\/blog\/author\/admin\/\"}]}<\/script>\n<!-- \/ Yoast SEO plugin. -->","yoast_head_json":{"title":"Fatmir Gjeka n\u00eb Forumin e Par\u00eb Nd\u00ebrkomb\u00ebtar \u201cSMART CITY\" - Lajme nga Ulqini","description":"Kryetari i komun\u00ebs s\u00eb Ulqinit Fatmir Gjeka morri pjes n\u00eb konferenc\u00ebn nd\u00ebrkomb\u00ebtare e cila dje u mbajt n\u00eb Durr\u00ebs. B\u00ebhet fjal\u00eb p\u00ebr aktivitetin e par\u00eb ku","robots":{"index":"index","follow":"follow","max-snippet":"max-snippet:-1","max-image-preview":"max-image-preview:large","max-video-preview":"max-video-preview:-1"},"canonical":"https:\/\/www.visit-ulcinj.com\/blog\/2014\/11\/04\/fatmir-gjeka-ne-forumin-e-pare-nderkombetar-smart-city\/","og_locale":"en_US","og_type":"article","og_title":"Fatmir Gjeka n\u00eb Forumin e Par\u00eb Nd\u00ebrkomb\u00ebtar \u201cSMART CITY\" - Lajme nga Ulqini","og_description":"Kryetari i komun\u00ebs s\u00eb Ulqinit Fatmir Gjeka morri pjes n\u00eb konferenc\u00ebn nd\u00ebrkomb\u00ebtare e cila dje u mbajt n\u00eb Durr\u00ebs. B\u00ebhet fjal\u00eb p\u00ebr aktivitetin e par\u00eb ku","og_url":"https:\/\/www.visit-ulcinj.com\/blog\/2014\/11\/04\/fatmir-gjeka-ne-forumin-e-pare-nderkombetar-smart-city\/","og_site_name":"Lajme nga Ulqini","article_published_time":"2014-11-04T13:14:42+00:00","article_modified_time":"2014-11-04T18:50:37+00:00","og_image":[{"url":"http:\/\/www.visit-ulcinj.com\/blog\/wp-content\/uploads\/2014\/11\/Fatmir-Gjeka-SMART-CITY-Durres.jpg"}],"twitter_misc":{"Written by":"ulqini","Est. reading time":"3 minutes"},"schema":{"@context":"https:\/\/schema.org","@graph":[{"@type":"WebSite","@id":"https:\/\/www.visit-ulcinj.com\/blog\/#website","url":"https:\/\/www.visit-ulcinj.com\/blog\/","name":"Lajme nga Ulqini","description":"Lajme,Vijesti,Ulqini,Ulqin,Crna Gora,Mali i Zi","potentialAction":[{"@type":"SearchAction","target":{"@type":"EntryPoint","urlTemplate":"https:\/\/www.visit-ulcinj.com\/blog\/?s={search_term_string}"},"query-input":"required name=search_term_string"}],"inLanguage":"en-US"},{"@type":"ImageObject","inLanguage":"en-US","@id":"https:\/\/www.visit-ulcinj.com\/blog\/2014\/11\/04\/fatmir-gjeka-ne-forumin-e-pare-nderkombetar-smart-city\/#primaryimage","url":"https:\/\/www.visit-ulcinj.com\/blog\/wp-content\/uploads\/2014\/11\/Fatmir-Gjeka-SMART-CITY-Durres.jpg","contentUrl":"https:\/\/www.visit-ulcinj.com\/blog\/wp-content\/uploads\/2014\/11\/Fatmir-Gjeka-SMART-CITY-Durres.jpg","width":720,"height":960},{"@type":"WebPage","@id":"https:\/\/www.visit-ulcinj.com\/blog\/2014\/11\/04\/fatmir-gjeka-ne-forumin-e-pare-nderkombetar-smart-city\/#webpage","url":"https:\/\/www.visit-ulcinj.com\/blog\/2014\/11\/04\/fatmir-gjeka-ne-forumin-e-pare-nderkombetar-smart-city\/","name":"Fatmir Gjeka n\u00eb Forumin e Par\u00eb Nd\u00ebrkomb\u00ebtar \u201cSMART CITY\" - Lajme nga Ulqini","isPartOf":{"@id":"https:\/\/www.visit-ulcinj.com\/blog\/#website"},"primaryImageOfPage":{"@id":"https:\/\/www.visit-ulcinj.com\/blog\/2014\/11\/04\/fatmir-gjeka-ne-forumin-e-pare-nderkombetar-smart-city\/#primaryimage"},"datePublished":"2014-11-04T13:14:42+00:00","dateModified":"2014-11-04T18:50:37+00:00","author":{"@id":"https:\/\/www.visit-ulcinj.com\/blog\/#\/schema\/person\/dcab619c614d3038751c63bc2aadc06d"},"description":"Kryetari i komun\u00ebs s\u00eb Ulqinit Fatmir Gjeka morri pjes n\u00eb konferenc\u00ebn nd\u00ebrkomb\u00ebtare e cila dje u mbajt n\u00eb Durr\u00ebs. B\u00ebhet fjal\u00eb p\u00ebr aktivitetin e par\u00eb ku","breadcrumb":{"@id":"https:\/\/www.visit-ulcinj.com\/blog\/2014\/11\/04\/fatmir-gjeka-ne-forumin-e-pare-nderkombetar-smart-city\/#breadcrumb"},"inLanguage":"en-US","potentialAction":[{"@type":"ReadAction","target":["https:\/\/www.visit-ulcinj.com\/blog\/2014\/11\/04\/fatmir-gjeka-ne-forumin-e-pare-nderkombetar-smart-city\/"]}]},{"@type":"BreadcrumbList","@id":"https:\/\/www.visit-ulcinj.com\/blog\/2014\/11\/04\/fatmir-gjeka-ne-forumin-e-pare-nderkombetar-smart-city\/#breadcrumb","itemListElement":[{"@type":"ListItem","position":1,"name":"Fatmir Gjeka n\u00eb Forumin e Par\u00eb Nd\u00ebrkomb\u00ebtar \u201cSMART CITY&#8221;"}]},{"@type":"Person","@id":"https:\/\/www.visit-ulcinj.com\/blog\/#\/schema\/person\/dcab619c614d3038751c63bc2aadc06d","name":"ulqini","sameAs":["http:\/\/www.visit-ulcinj.com"],"url":"https:\/\/www.visit-ulcinj.com\/blog\/author\/admin\/"}]}},"jetpack_featured_media_url":"","jetpack_sharing_enabled":true,"jetpack_shortlink":"https:\/\/wp.me\/pe6lTn-moA","_links":{"self":[{"href":"https:\/\/www.visit-ulcinj.com\/blog\/wp-json\/wp\/v2\/posts\/86092"}],"collection":[{"href":"https:\/\/www.visit-ulcinj.com\/blog\/wp-json\/wp\/v2\/posts"}],"about":[{"href":"https:\/\/www.visit-ulcinj.com\/blog\/wp-json\/wp\/v2\/types\/post"}],"author":[{"embeddable":true,"href":"https:\/\/www.visit-ulcinj.com\/blog\/wp-json\/wp\/v2\/users\/1"}],"replies":[{"embeddable":true,"href":"https:\/\/www.visit-ulcinj.com\/blog\/wp-json\/wp\/v2\/comments?post=86092"}],"version-history":[{"count":4,"href":"https:\/\/www.visit-ulcinj.com\/blog\/wp-json\/wp\/v2\/posts\/86092\/revisions"}],"predecessor-version":[{"id":86098,"href":"https:\/\/www.visit-ulcinj.com\/blog\/wp-json\/wp\/v2\/posts\/86092\/revisions\/86098"}],"wp:attachment":[{"href":"https:\/\/www.visit-ulcinj.com\/blog\/wp-json\/wp\/v2\/media?parent=86092"}],"wp:term":[{"taxonomy":"category","embeddable":true,"href":"https:\/\/www.visit-ulcinj.com\/blog\/wp-json\/wp\/v2\/categories?post=86092"},{"taxonomy":"post_tag","embeddable":true,"href":"https:\/\/www.visit-ulcinj.com\/blog\/wp-json\/wp\/v2\/tags?post=86092"}],"curies":[{"name":"wp","href":"https:\/\/api.w.org\/{rel}","templated":true}]}}