{"id":86105,"date":"2014-11-05T11:27:22","date_gmt":"2014-11-05T10:27:22","guid":{"rendered":"http:\/\/www.visit-ulcinj.com\/blog\/?p=86105"},"modified":"2014-11-05T11:27:22","modified_gmt":"2014-11-05T10:27:22","slug":"nje-malesore-qe-nderon-kombin-shqiptar-tringe-smajlja-ne-pullen-postare-te-kosoves","status":"publish","type":"post","link":"https:\/\/www.visit-ulcinj.com\/blog\/2014\/11\/05\/nje-malesore-qe-nderon-kombin-shqiptar-tringe-smajlja-ne-pullen-postare-te-kosoves\/","title":{"rendered":"Nj\u00eb mal\u00ebsore q\u00eb nderon kombin shqiptar, Tring\u00eb Smajlja n\u00eb pull\u00ebn postare t\u00eb Kosov\u00ebs"},"content":{"rendered":"<p><strong>\u00a0<a href=\"http:\/\/www.visit-ulcinj.com\/blog\/wp-content\/uploads\/2014\/11\/Tring\u00eb-Smajlja.jpg\"><img loading=\"lazy\" class=\"alignleft wp-image-86106 size-medium\" src=\"http:\/\/www.visit-ulcinj.com\/blog\/wp-content\/uploads\/2014\/11\/Tring\u00eb-Smajlja-217x300.jpg\" alt=\"Tring\u00eb Smajlja\" width=\"217\" height=\"300\" srcset=\"https:\/\/www.visit-ulcinj.com\/blog\/wp-content\/uploads\/2014\/11\/Tring\u00eb-Smajlja-217x300.jpg 217w, https:\/\/www.visit-ulcinj.com\/blog\/wp-content\/uploads\/2014\/11\/Tring\u00eb-Smajlja.jpg 465w\" sizes=\"(max-width: 217px) 100vw, 217px\" \/><\/a>Nga Frank Shkreli<\/strong><\/p>\n<p>T\u00eb h\u00ebn\u00ebn me 3\u00a0n\u00ebntor, Posta e Republik\u00ebs s\u00eb Kosov\u00ebs njoftoi publikun se l\u00ebshoi n\u00eb qarkullim nj\u00eb pull\u00eb postare, kushtuar &#8220;nj\u00ebr\u00ebs prej luft\u00ebtareve m\u00eb t\u00eb shquara shqiptare&#8221; Tring\u00eb Smajles ose Tring\u00ebs s\u00eb Maleve. N\u00eb njoftim thuhet se Tringa ishte vajza e bajraktarit fam\u00ebmadh\u00a0 Smajl Martini (Ivezaj) dhe jep nj\u00eb biografi t\u00eb shkurt\u00ebr t\u00eb Tring\u00ebs dhe familjes nga e cila ajo rrjedh\u00eb.\u00a0 Ajo u lind n\u00eb vitin 1870, n\u00eb Grud\u00eb, n\u00eb periudh\u00ebn\u00a0e r\u00ebnd\u00ebsishme t\u00eb p\u00ebrpjekjeve historike t\u00eb shqiptar\u00ebve p\u00ebr t\u00eb ruajtur trojet etnike n\u00eb luft\u00ebrat e tyre kund\u00ebr turkut e kund\u00ebr sllavit.\u00a0 Rrreziqe t\u00eb m\u00ebdha po\u00a0i k\u00ebrc\u00ebnoheshin Shqip\u00ebris\u00eb dhe shqiptar\u00ebve\u00a0prej synimeve t\u00eb t\u00eb huajve ndaj trojeve shqiptare, n\u00eb at\u00eb koh\u00eb.\u00a0\u00a0 Posta e Republik\u00ebs s\u00eb Kosov\u00ebs, n\u00eb njoftimin e saj duke shkruar p\u00ebr familjen dhe meritat e Heroin\u00ebs shqiptare t\u00eb Maleve, sh\u00ebnon se n\u00eb luft\u00ebn p\u00ebr mbrojtjen e trojeve shqiptare, n\u00eb vitin 1883, ran\u00eb heroikisht\u00a0dy djemt\u00eb kreshnik\u00eb t\u00eb Smajl\u00a0 Martinit, Zef e Gjon Smajli, duke e l\u00ebn\u00eb ket\u00eb\u00a0sht\u00ebpi fisnike pa asnj\u00eb djal.\u00a0 \u00cbsht\u00eb ky moment\u00a0i hidh\u00ebt\u00a0i sakrific\u00ebs n\u00eb familjen e Smajl Martinit q\u00eb e b\u00ebn Tring\u00ebn t\u00eb b\u00ebj\u00eb betimin dhe t\u00eb jepte fjal\u00ebn se do t\u00eb b\u00ebhej burrnesh\u00eb &#8212; trim e fisnik ashtu si\u00e7 ishte edhe\u00a0i ati i saj, i cili thuhet se qe rr\u00ebmbyer dhe fati i t\u00eb cilit nuk dihet as sot.\u00a0 N\u00eb p\u00ebrputhje me k\u00ebt\u00eb betim t\u00eb saj, n\u00eb vend t\u00eb stolive t\u00eb asaj kohe p\u00ebr vajzat, Tringa\u00a0vesh\u00eb &#8220;\u00e7ak\u00e7ir\u00eb\u00a0e xhamadan, ngjesh\u00eb alltin\u00eb dhe rripin e fishek\u00ebve dhe n\u00eb krah vendos\u00eb pushk\u00ebn&#8221;.<\/p>\n<p>N\u00eb lidhje me pjes\u00ebmarrjen\u00a0e grave mal\u00ebsore &#8211;si\u00e7 ishte Tringa &#8212; n\u00eb luft\u00ebn p\u00ebr liri e pavar\u00ebsi t\u00eb kombit shqiptar fillim shekullin e kaluar, gazeta shqipe, &#8220;E V\u00ebrteta&#8221; q\u00eb\u00a0dilte n\u00eb Stamboll, m\u00eb 27 Mars, 1911, boton artikullin me titull, &#8220;Trim\u00ebresha gra mal\u00ebsore&#8221;, marr\u00eb nga nj\u00eb gazet\u00eb turke e koh\u00ebs dhe e\u00a0cila v\u00ebrteton pjes\u00ebmarrjen e grave t\u00eb Mal\u00ebsis\u00eb s\u00eb Mdhe n\u00eb luft\u00ebrat p\u00ebr \u00e7lirimin\u00a0e trojeve shqiptare nga pushtuesit\u00a0e huaj. &#8220;Pas lajmeve t\u00eb ve\u00e7anta q\u00eb kemi, u v\u00ebrtetua se midis kryengritsve mal\u00ebsor\u00eb gj\u00ebnden edhe gra t\u00eb armatosura si burrat dhe luftojn\u00eb me trim\u00ebri dhe inat m\u00eb\u00a0tep\u00ebr se burrat, duke d\u00ebshiruar m\u00eb mir\u00eb vdekjen se t\u00eb k\u00ebthyerit prapa&#8221;, shkruante gazeta turke e cituar nga gazeta shqipe \u201cE V\u00ebrteta\u201d.\u00a0 Nj\u00eb prej k\u00ebtyre grave kryengrit\u00ebse\u00a0mal\u00ebsore t\u00eb cil\u00ebn\u00a0Posta e Republik\u00ebs s\u00eb Kosov\u00ebs e nderoi me nj\u00eb pull\u00eb postare\u00a0ishte edhe Tring\u00eb Smajlja e cila pas r\u00ebnjes s\u00eb\u00a0dy v\u00ebll\u00ebzrve\u00a0t\u00eb saj\u00a0Zefit dhe Gjonit dhe\u00a0zhdukjes s\u00eb\u00a0babait t\u00eb tyre Smajl Martinit\u00a0&#8212; varri i t\u00eb cilit nuk u gjet kurr\u00eb &#8212;\u00a0vendosi t\u00eb z\u00ebnte vendin e tyre jo vet\u00ebm n\u00eb frontin e luft\u00ebs por edhe n\u00eb log t\u00eb kuvendit.\u00a0 Thuhet se\u00a0n\u00eb vend t\u00eb babait Smajl Martinit, i cili kishte marr\u00eb pjes\u00eb\u00a0n\u00eb Lidhjen e Prizrenit,\u00a0thuhet se ajo i bashkohet grupit t\u00eb atdhetar\u00ebve mal\u00ebsor\u00eb n\u00eb p\u00ebrpilimin e Memorandumit t\u00eb G\u00ebr\u00e7\u00ebs, ose t\u00eb Librit t\u00eb Kuq, ku p\u00ebrcaktoheshin 12 pikat\u00a0kryesore t\u00eb k\u00ebrkesave t\u00eb shqiptar\u00ebve.\u00a0 Prania e Ismail Qemalit\u00a0dhe Luigj Gurakuqit n\u00eb at\u00eb koh\u00eb n\u00eb Mal\u00ebsi, i jepte kryengritjes se mal\u00ebsorve\u00a0nj\u00eb karakter\u00a0dhe mb\u00ebshtetjeje mbar\u00eb komb\u00ebtare.\u00a0\u00a0\u00a0Mal\u00ebsor\u00ebt dhe mal\u00ebsoret e fillim shekullit t\u00eb kaluar,\u00a0 p\u00ebrfshir\u00eb edhe Tring\u00eb Smajlen, me\u00a0q\u00ebndres\u00ebn dhe luft\u00ebn e tyre n\u00eb mbrojtje t\u00eb trojeve t\u00eb veta, ishin bart\u00ebs t\u00eb aspiratave t\u00eb mbar\u00eb kombit\u00a0shqiptar p\u00ebr liri dhe pavar\u00ebsi, nd\u00ebrkoh\u00eb q\u00eb shum\u00eb prej tyre vdiq\u00ebn duke vendosur flamurin e kombit shqiptar n\u00eb maje t\u00eb De\u00e7iqit m\u00eb 24 mars, 1911. K\u00ebt\u00eb gj\u00eb, si\u00e7 duket e kishin t\u00eb qart\u00eb edhe m\u00eb mendjendritur e kombit shqiptar t\u00eb asaj kohe, me pranin\u00eb e tyre atje.<\/p>\n<p>Tringa,\u00a0dallohej si e\u00a0urt\u00eb e trim\u00ebresh\u00eb sa q\u00eb me veprat e saja kishte frym\u00ebzuar edhe Poetin Komb\u00ebtar At Gjergj Fisht\u00ebn\u00a0i cili n\u00eb vepr\u00ebn e tij &#8220;Lahuta e Mal\u00ebcis\u00eb&#8221; ia dedikon asaj\u00a0\u201cKang\u00ebn e\u00a0Nj\u00ebzetedyt\u00eb&#8221;, t\u00eb titulluar thjesht\u00eb, &#8220;TRINGA&#8221;.\u00a0 Poeti komb\u00ebtar tregon p\u00ebr\u00a0&#8220;vash\u00ebn&#8221; e quajtur Tring\u00eb, e cila jet\u00ebn\u00a0dhe rinin\u00eb ie saj ia kushton v\u00ebllait t\u00eb saj t\u00eb plagosur n\u00eb luft\u00eb me &#8220;shkje&#8221;. \u00a0Kujdeset p\u00ebr t\u00eb, por m\u00eb n\u00eb fund i v\u00ebllai vdes nga plag\u00ebt. Tringa mbetet vet\u00ebm, nd\u00ebrsa armiku i afrohet tek dera, ajo megjith\u00ebse e tronditur\u00a0nga vdekja e v\u00ebllait,\u00a0\u00e7ohet e merr arm\u00ebn, nd\u00ebrkoh\u00eb q\u00eb &#8220;nj\u00eb \u00e7et\u00eb shkjesh\u00eb&#8221; p\u00ebrpiqet ta kapin n\u00eb dor\u00eb. Por ajo, sipas portretit q\u00eb i b\u00ebn poeti komb\u00ebtar, Tringa drejton pushk\u00ebn p\u00ebr t\u00eb sulmuar armikun\u00a0dhe i k\u00ebndon k\u00ebsaj heroine:<\/p>\n<p>&#8220;Hiqi gisht he, bujaresh\u00eb!<\/p>\n<p>Se nj\u00ebmend kenke nji bi prej fisit!<\/p>\n<p>Bjeri Shkjaut, bre sokolesh\u00eb,<\/p>\n<p>Mu n\u00eb parzme p\u00ebr mjedisit!<\/p>\n<p>E t&#8217;a ndjej\u00eb Knjazi n&#8217; Cetin\u00eb<\/p>\n<p>Se edhe n\u2019i qit\u00ebt Shqyptar\u00ebt ai fare,<\/p>\n<p>Pasha Zotin n\u00eb Shqypni s&#8217;hin\u00eb,<\/p>\n<p>Der t\u00eb jet\u00eb gjall\u00eb ndoi bi shqyptare,<\/p>\n<p>Q\u00eb p\u00ebr erz e Bes\u00eb\u00a0e Atdhe<\/p>\n<p>K\u00ebto edhe vdesin si me le.<\/p>\n<p>Edhe dielli dheut i ra,<\/p>\n<p>Gjall\u00eb por Tringa Shkjaut n&#8217;dor\u00eb s&#8217;ra!<\/p>\n<p>P\u00ebr veprimtarit\u00eb\u00a0dhe luft\u00ebrat patriotike t\u00eb mal\u00ebsorve p\u00ebr liri e pavar\u00ebsi t\u00eb popullit shqiptar, nd\u00ebr t\u00eb tjer\u00eb, ka shkruar edhe nglezja\u00a0Edith Durham e cila ka jetuar\u00a0me familjet e kryengritsve mal\u00ebsor\u00eb shpesh t\u00eb fshehur nep\u00ebr shpella. Edhe veprimtaria e Heroines s\u00eb Maleve, Tring\u00eb Smajles kishte marr\u00eb dhen\u00eb, fal\u00eb korrespondent\u00ebve t\u00eb disa gazetave t\u00eb huaja t\u00eb koh\u00ebs, p\u00ebrfshir\u00eb edhe gazet\u00ebn amerikane Nju Jork Tajms\u00a0q\u00eb e kishte cil\u00ebsuar Tring\u00ebn mal\u00ebsore si &#8220;Joan of\u00a0Arc e Shqip\u00ebris\u00eb&#8221;, duke e krahasuar at\u00eb me vajz\u00ebn fshatare franceze e cila sipas goj\u00ebdh\u00ebn\u00ebs ishte caktuar nga Per\u00ebndia p\u00ebr t\u00eb udh\u00ebhequr Franc\u00ebn drejt\u00eb fitores n\u00eb luft\u00ebn e gjat\u00eb t\u00eb atij vendis me Anglin\u00eb n\u00eb mes t\u00eb\u00a0viteve 1400, dhe e cila sot e k\u00ebsaj dite konsiderohet si simbol i q\u00ebndruesh\u00ebm i bashkimit dhe nacionalizmit francez.\u00a0 Gazeta Nju Jork Tajms, n\u00eb\u00a0korrespeondenc\u00ebn e saj t\u00eb \u00a09 majit, 1911 nga\u00a0Cetina, e p\u00ebrshkruan\u00a0Tring\u00eb Smajl Martini Ivezaj,\u00a0\u00a0si nj\u00ebr\u00ebn prej\u00a0legjendave t\u00eb Ballkanit dhe heroinave luft\u00ebtare m\u00eb t\u00eb guximshme n\u00eb historin\u00eb e rajonit,\u00a0 duke shkruar se &#8220;Ajo zuri menj\u00ebher\u00eb vendin e babait t\u00eb saj dhe udh\u00ebhoqi fisin e Martinajve n\u00eb fitoren kund\u00ebr Turqve.&#8221; Gazeta Nju Jork Tajms e p\u00ebrshkruan k\u00ebt\u00eb &#8220;Joan of Arc&#8221; t\u00eb re\u00a0e cila ende nuk i kishte 22 vjet\u00eb, si t\u00eb &#8220;gjat\u00eb, t\u00eb bukur, dhe si nj\u00eb vajz\u00eb t\u00eb re t\u00eb zhvilluar mir\u00eb&#8221;. T\u00eb gjitha fem\u00ebrat shqiptare jan\u00eb trim\u00ebresha, shkruante gazeta amerikane mbi Tring\u00ebn dhe se \u00e7&#8217;prej moshes s\u00eb re ato m\u00ebsohen t\u00eb p\u00ebrdorin arm\u00ebt.<\/p>\n<p>E v\u00ebrtet\u00eb se Tringa e Maleve ishte trim\u00ebresh\u00eb dhe e bukur, si\u00e7 e p\u00ebrshkruan Nju Jork Tajms, por ajo ishte m\u00eb shum\u00eb se aq.\u00a0 Ajo e dinte se trim\u00ebria \u00ebsht\u00eb e nevojshme e dinte se trim\u00ebria n\u00eb vetvete nuk mjafton p\u00ebr t&#8217;i sjellur kombit dobi dhe\u00a0nj\u00eb t\u00eb ardhme t\u00eb lumtur afatgjat\u00eb.\u00a0 Thuhet se kjo kjo atdhetare,\u00a0 p\u00ebrve\u00e7 flijimit personal dhe familjar n\u00eb altarin e Atdheut, Tring\u00eb\u00a0Smajlja q\u00eb ndryshe njihet edhe si Tringa e Grud\u00ebs\u00a0dhe Tringa e Maleve,\u00a0shkriu t\u00ebr\u00eb pasurin\u00eb familjare p\u00ebr t\u00eb hapur shkolla\u00a0 n\u00eb gjuh\u00ebn\u00a0shqipe n\u00eb Mal\u00ebsi.<\/p>\n<p>Mir\u00ebnjohje Post\u00ebs s\u00eb Republik\u00ebs s\u00eb Kosov\u00ebs p\u00ebr vendimin e saj p\u00ebr t\u00eb p\u00ebrjet\u00ebsuar\u00a0me pull\u00eb postare Heroin\u00ebn shqiptare Tring\u00eb Smajlja, sepse njeh me k\u00ebt\u00eb nism\u00eb vepr\u00ebn dhe sakrific\u00ebn q\u00eb \u00ebsht\u00eb p\u00ebrjet\u00ebsuar dhe vler\u00ebsuar at\u00ebher\u00eb dhe sot nga t\u00eb huajt dhe nga historia. N\u00eb shkrimin mbi Tring\u00ebn, para m\u00eb shum\u00eb se 100-vjet\u00ebsh, gazeta Nju Jork Tajms i p\u00ebrshkruan Shqiptar\u00ebt si &#8220;Rac\u00ebn m\u00eb t\u00eb mir\u00eb n\u00eb Europ\u00eb. Grat\u00eb e tyre jan\u00eb shum\u00eb t\u00eb bukura&#8230; t&#8217;i shikosh duke ecur \u00ebsht\u00eb nj\u00eb k\u00ebnaq\u00ebsi&#8230;u k\u00ebnaqa p\u00ebr s\u00eb tep\u00ebrmi kur i pash\u00eb\u00a0 p\u00ebr her\u00eb t\u00eb par\u00eb Shqiptar\u00ebt duke ecur. Ata jan\u00eb t\u00eb hijsh\u00ebm, elegant\u00eb dhe t\u00eb fuqish\u00ebm, \u201cshkruan korrespeondenti. \u00a0\u00a0Ata jan\u00eb nj\u00eb rac\u00eb e mir\u00eb dhe t\u00eb talentuar. Ata jan\u00eb raca m\u00eb e mir\u00eb si nga pik\u00ebpamja fizike ashtu dhe intelektuale\u00a0n\u00eb Ballkan\u201d.\u00a0 Artikulli vazhdon duke n\u00ebnvijuar se po t\u00eb shkosh n\u00eb Konstantinoj\u00eb, atje do t\u00eb zbuloni se nd\u00ebr burrat m\u00eb t\u00eb mir\u00eb &#8212; jo vet\u00ebm n\u00eb radh\u00eb t\u00eb ushtar\u00ebve por\u00a0edhe n\u00eb radh\u00ebt e burrave t\u00eb shtetit &#8212; jan\u00eb shqiptar\u00ebt. Nj\u00ebkohsisht, gazeta Nju Jork, para m\u00eb shum\u00eb se 100-vitesh, fatkeqsisht raporton edhe se \u201cE meta e shqiptar\u00ebve p\u00ebr arsye t\u00eb shkall\u00ebs s\u00eb qytet\u00ebrimit q\u00eb g\u00ebzojn\u00eb tani, \u00ebsht\u00eb se ata nuk e kan\u00eb iden\u00eb e nj\u00eb shteti. Klani \u00ebsht\u00eb organizimi i tyre m\u00eb i lart\u00eb dhe e kan\u00eb t\u00eb v\u00ebshtir\u00eb t\u00eb shohin r\u00ebnd\u00ebsin\u00eb e kombinimit t\u00eb interesave t\u00eb\u00a0klanit me interesat e krijimit t\u00eb shtetit. Por kjo t\u00eb ndodh\u00eb me koh\u00eb\u201d shpreh\u00eb shpres\u00ebn gazeta Nju Jork Tajms n\u00eb artikullin e shkruar m\u00eb 1911.<\/p>\n<p>Kam droj\u00eb se\u00a0i nj\u00ebjti korrespondent i huaj, po t\u00eb vizitonte trojet shqiptare sot, do t\u00eb\u00a0vinte re patjet\u00ebr\u00a0shum\u00eb p\u00ebrparime: do t\u00eb shikonte dy shtete shqiptare, p\u00ebrparime n\u00eb shum\u00eb fush\u00eb, por ama do t\u00eb vinte re &#8212; si\u00e7 ka ven\u00eb re m\u00eb se 100 vite m\u00eb par\u00eb \u2013se interesat e klas\u00ebs politike t\u00eb shqiptarve sot, ndon\u00ebse nuk jan\u00eb t\u00eb bazuara n\u00eb nivel klanesh fisnore si at\u00ebher\u00eb, por do t\u00eb arrinte n\u00eb p\u00ebrfundimin se interesat jan\u00eb n\u00eb baz\u00eb t\u00eb klaneve politike, pasi duke se\u00a0shqiptar\u00ebt edhe sot sikur\u00eb e kan\u00eb t\u00eb v\u00ebshtir\u00eb t\u00eb\u00a0vendosin interesat komb\u00ebtare mbi interesat e klaneve politike. Por, shpresojm\u00eb q\u00eb si\u00e7 ka th\u00ebn\u00eb e dhe Nju Jork Tajms 100- e ca vite m\u00eb\u00a0par\u00eb,\u00a0se kjo do t\u00eb ndodh\u00eb me koh\u00eb, por kur?<\/p>\n<p>Liria\u00a0q\u00eb g\u00ebzon sot\u00a0kombi shqiptar ka kushtuar gjak e sakrifica, mund e djer\u00ebs, vuajtje e mjerime t\u00eb shum\u00eb brezave. Shembulli i sakrific\u00ebs s\u00eb Tring\u00ebs s\u00eb Maleve dhe familjes s\u00eb saj &#8212; si dhe i mij\u00ebrave\u00a0familjeve t\u00eb tjera shqiptare\u00a0gjat\u00eb shekujsh, an\u00eb e mban\u00eb trojeve shqiptare &#8212; duhet t\u00eb sh\u00ebrbej\u00eb si simbol i p\u00ebrpjekjeve q\u00eb edhe sot me urt\u00ebsi dhe me atdhedashuri, kombi shqiptar t\u00eb siguroj\u00eb vendin dhe em\u00ebrin e ndersh\u00ebm n\u00eb radh\u00eb\u00a0t\u00eb kombeve t\u00eb tjera europiane, duke hequr dor\u00eb nga interesat e ngushta klanore t\u00eb partive dhe t\u2019i p\u00ebrveshen interesit t\u00eb kombit, duke nd\u00ebrtuar shtetin funksional dhe juridik. Ky do t\u00eb ishte justifikimi m\u00eb i mir\u00eb dhe m\u00eb\u00a0atdhetar p\u00ebr t\u00eb kujtuar meritat, sakrificat dhe trim\u00ebrin\u00eb e Tring\u00ebs s\u00eb Maleve dhe mal\u00ebsorve trima. N\u00eb k\u00ebt\u00eb m\u00ebnyr\u00eb, bota do t\u2019i konsideronte shqiptar\u00ebt, jo vet\u00ebm si &#8220;raca m\u00eb e mir\u00eb, m\u00eb e pashme dhe m\u00eb e talentuara n\u00eb Europ\u00eb&#8221;, por edhe si\u00a0nj\u00eb rac\u00eb me nd\u00ebrgjegje dhe vetdije komb\u00ebtare q\u00eb nderon e respekton lirin\u00eb e vet dhe t\u00eb fisit, p\u00ebr t\u00eb cil\u00ebn luftoi Tringa e Maleve.<\/p>\n<p>Frank Shkreli<\/p>\n","protected":false},"excerpt":{"rendered":"<p>\u00a0Nga Frank Shkreli T\u00eb h\u00ebn\u00ebn me 3\u00a0n\u00ebntor, Posta e Republik\u00ebs s\u00eb Kosov\u00ebs njoftoi publikun se l\u00ebshoi n\u00eb qarkullim nj\u00eb pull\u00eb postare, kushtuar &#8220;nj\u00ebr\u00ebs prej luft\u00ebtareve m\u00eb t\u00eb shquara shqiptare&#8221; Tring\u00eb Smajles ose Tring\u00ebs s\u00eb Maleve. N\u00eb njoftim thuhet se Tringa ishte vajza e bajraktarit fam\u00ebmadh\u00a0 Smajl Martini (Ivezaj) dhe jep nj\u00eb biografi t\u00eb shkurt\u00ebr t\u00eb [&hellip;]<\/p>\n","protected":false},"author":1,"featured_media":0,"comment_status":"closed","ping_status":"closed","sticky":false,"template":"","format":"standard","meta":{"spay_email":"","jetpack_publicize_message":"","jetpack_is_tweetstorm":false,"jetpack_publicize_feature_enabled":true},"categories":[14],"tags":[],"jetpack_publicize_connections":[],"yoast_head":"<!-- This site is optimized with the Yoast SEO plugin v19.1 - https:\/\/yoast.com\/wordpress\/plugins\/seo\/ -->\n<title>Nj\u00eb mal\u00ebsore q\u00eb nderon kombin shqiptar, Tring\u00eb Smajlja n\u00eb pull\u00ebn postare t\u00eb Kosov\u00ebs      - Lajme nga Ulqini<\/title>\n<meta name=\"description\" content=\"\u00a0Nga Frank Shkreli T\u00eb h\u00ebn\u00ebn me 3\u00a0n\u00ebntor, Posta e Republik\u00ebs s\u00eb Kosov\u00ebs njoftoi publikun se l\u00ebshoi n\u00eb qarkullim nj\u00eb pull\u00eb postare, kushtuar &quot;nj\u00ebr\u00ebs prej\" \/>\n<meta name=\"robots\" content=\"index, follow, max-snippet:-1, max-image-preview:large, max-video-preview:-1\" \/>\n<link rel=\"canonical\" href=\"https:\/\/www.visit-ulcinj.com\/blog\/2014\/11\/05\/nje-malesore-qe-nderon-kombin-shqiptar-tringe-smajlja-ne-pullen-postare-te-kosoves\/\" \/>\n<meta property=\"og:locale\" content=\"en_US\" \/>\n<meta property=\"og:type\" content=\"article\" \/>\n<meta property=\"og:title\" content=\"Nj\u00eb mal\u00ebsore q\u00eb nderon kombin shqiptar, Tring\u00eb Smajlja n\u00eb pull\u00ebn postare t\u00eb Kosov\u00ebs      - Lajme nga Ulqini\" \/>\n<meta property=\"og:description\" content=\"\u00a0Nga Frank Shkreli T\u00eb h\u00ebn\u00ebn me 3\u00a0n\u00ebntor, Posta e Republik\u00ebs s\u00eb Kosov\u00ebs njoftoi publikun se l\u00ebshoi n\u00eb qarkullim nj\u00eb pull\u00eb postare, kushtuar &quot;nj\u00ebr\u00ebs prej\" \/>\n<meta property=\"og:url\" content=\"https:\/\/www.visit-ulcinj.com\/blog\/2014\/11\/05\/nje-malesore-qe-nderon-kombin-shqiptar-tringe-smajlja-ne-pullen-postare-te-kosoves\/\" \/>\n<meta property=\"og:site_name\" content=\"Lajme nga Ulqini\" \/>\n<meta property=\"article:published_time\" content=\"2014-11-05T10:27:22+00:00\" \/>\n<meta name=\"twitter:label1\" content=\"Written by\" \/>\n\t<meta name=\"twitter:data1\" content=\"ulqini\" \/>\n\t<meta name=\"twitter:label2\" content=\"Est. reading time\" \/>\n\t<meta name=\"twitter:data2\" content=\"10 minutes\" \/>\n<script type=\"application\/ld+json\" class=\"yoast-schema-graph\">{\"@context\":\"https:\/\/schema.org\",\"@graph\":[{\"@type\":\"WebSite\",\"@id\":\"https:\/\/www.visit-ulcinj.com\/blog\/#website\",\"url\":\"https:\/\/www.visit-ulcinj.com\/blog\/\",\"name\":\"Lajme nga Ulqini\",\"description\":\"Lajme,Vijesti,Ulqini,Ulqin,Crna Gora,Mali i Zi\",\"potentialAction\":[{\"@type\":\"SearchAction\",\"target\":{\"@type\":\"EntryPoint\",\"urlTemplate\":\"https:\/\/www.visit-ulcinj.com\/blog\/?s={search_term_string}\"},\"query-input\":\"required name=search_term_string\"}],\"inLanguage\":\"en-US\"},{\"@type\":\"WebPage\",\"@id\":\"https:\/\/www.visit-ulcinj.com\/blog\/2014\/11\/05\/nje-malesore-qe-nderon-kombin-shqiptar-tringe-smajlja-ne-pullen-postare-te-kosoves\/#webpage\",\"url\":\"https:\/\/www.visit-ulcinj.com\/blog\/2014\/11\/05\/nje-malesore-qe-nderon-kombin-shqiptar-tringe-smajlja-ne-pullen-postare-te-kosoves\/\",\"name\":\"Nj\u00eb mal\u00ebsore q\u00eb nderon kombin shqiptar, Tring\u00eb Smajlja n\u00eb pull\u00ebn postare t\u00eb Kosov\u00ebs - Lajme nga Ulqini\",\"isPartOf\":{\"@id\":\"https:\/\/www.visit-ulcinj.com\/blog\/#website\"},\"datePublished\":\"2014-11-05T10:27:22+00:00\",\"dateModified\":\"2014-11-05T10:27:22+00:00\",\"author\":{\"@id\":\"https:\/\/www.visit-ulcinj.com\/blog\/#\/schema\/person\/dcab619c614d3038751c63bc2aadc06d\"},\"description\":\"\u00a0Nga Frank Shkreli T\u00eb h\u00ebn\u00ebn me 3\u00a0n\u00ebntor, Posta e Republik\u00ebs s\u00eb Kosov\u00ebs njoftoi publikun se l\u00ebshoi n\u00eb qarkullim nj\u00eb pull\u00eb postare, kushtuar \\\"nj\u00ebr\u00ebs prej\",\"breadcrumb\":{\"@id\":\"https:\/\/www.visit-ulcinj.com\/blog\/2014\/11\/05\/nje-malesore-qe-nderon-kombin-shqiptar-tringe-smajlja-ne-pullen-postare-te-kosoves\/#breadcrumb\"},\"inLanguage\":\"en-US\",\"potentialAction\":[{\"@type\":\"ReadAction\",\"target\":[\"https:\/\/www.visit-ulcinj.com\/blog\/2014\/11\/05\/nje-malesore-qe-nderon-kombin-shqiptar-tringe-smajlja-ne-pullen-postare-te-kosoves\/\"]}]},{\"@type\":\"BreadcrumbList\",\"@id\":\"https:\/\/www.visit-ulcinj.com\/blog\/2014\/11\/05\/nje-malesore-qe-nderon-kombin-shqiptar-tringe-smajlja-ne-pullen-postare-te-kosoves\/#breadcrumb\",\"itemListElement\":[{\"@type\":\"ListItem\",\"position\":1,\"name\":\"Nj\u00eb mal\u00ebsore q\u00eb nderon kombin shqiptar, Tring\u00eb Smajlja n\u00eb pull\u00ebn postare t\u00eb Kosov\u00ebs\"}]},{\"@type\":\"Person\",\"@id\":\"https:\/\/www.visit-ulcinj.com\/blog\/#\/schema\/person\/dcab619c614d3038751c63bc2aadc06d\",\"name\":\"ulqini\",\"sameAs\":[\"http:\/\/www.visit-ulcinj.com\"],\"url\":\"https:\/\/www.visit-ulcinj.com\/blog\/author\/admin\/\"}]}<\/script>\n<!-- \/ Yoast SEO plugin. -->","yoast_head_json":{"title":"Nj\u00eb mal\u00ebsore q\u00eb nderon kombin shqiptar, Tring\u00eb Smajlja n\u00eb pull\u00ebn postare t\u00eb Kosov\u00ebs      - Lajme nga Ulqini","description":"\u00a0Nga Frank Shkreli T\u00eb h\u00ebn\u00ebn me 3\u00a0n\u00ebntor, Posta e Republik\u00ebs s\u00eb Kosov\u00ebs njoftoi publikun se l\u00ebshoi n\u00eb qarkullim nj\u00eb pull\u00eb postare, kushtuar \"nj\u00ebr\u00ebs prej","robots":{"index":"index","follow":"follow","max-snippet":"max-snippet:-1","max-image-preview":"max-image-preview:large","max-video-preview":"max-video-preview:-1"},"canonical":"https:\/\/www.visit-ulcinj.com\/blog\/2014\/11\/05\/nje-malesore-qe-nderon-kombin-shqiptar-tringe-smajlja-ne-pullen-postare-te-kosoves\/","og_locale":"en_US","og_type":"article","og_title":"Nj\u00eb mal\u00ebsore q\u00eb nderon kombin shqiptar, Tring\u00eb Smajlja n\u00eb pull\u00ebn postare t\u00eb Kosov\u00ebs      - Lajme nga Ulqini","og_description":"\u00a0Nga Frank Shkreli T\u00eb h\u00ebn\u00ebn me 3\u00a0n\u00ebntor, Posta e Republik\u00ebs s\u00eb Kosov\u00ebs njoftoi publikun se l\u00ebshoi n\u00eb qarkullim nj\u00eb pull\u00eb postare, kushtuar \"nj\u00ebr\u00ebs prej","og_url":"https:\/\/www.visit-ulcinj.com\/blog\/2014\/11\/05\/nje-malesore-qe-nderon-kombin-shqiptar-tringe-smajlja-ne-pullen-postare-te-kosoves\/","og_site_name":"Lajme nga Ulqini","article_published_time":"2014-11-05T10:27:22+00:00","twitter_misc":{"Written by":"ulqini","Est. reading time":"10 minutes"},"schema":{"@context":"https:\/\/schema.org","@graph":[{"@type":"WebSite","@id":"https:\/\/www.visit-ulcinj.com\/blog\/#website","url":"https:\/\/www.visit-ulcinj.com\/blog\/","name":"Lajme nga Ulqini","description":"Lajme,Vijesti,Ulqini,Ulqin,Crna Gora,Mali i Zi","potentialAction":[{"@type":"SearchAction","target":{"@type":"EntryPoint","urlTemplate":"https:\/\/www.visit-ulcinj.com\/blog\/?s={search_term_string}"},"query-input":"required name=search_term_string"}],"inLanguage":"en-US"},{"@type":"WebPage","@id":"https:\/\/www.visit-ulcinj.com\/blog\/2014\/11\/05\/nje-malesore-qe-nderon-kombin-shqiptar-tringe-smajlja-ne-pullen-postare-te-kosoves\/#webpage","url":"https:\/\/www.visit-ulcinj.com\/blog\/2014\/11\/05\/nje-malesore-qe-nderon-kombin-shqiptar-tringe-smajlja-ne-pullen-postare-te-kosoves\/","name":"Nj\u00eb mal\u00ebsore q\u00eb nderon kombin shqiptar, Tring\u00eb Smajlja n\u00eb pull\u00ebn postare t\u00eb Kosov\u00ebs - Lajme nga Ulqini","isPartOf":{"@id":"https:\/\/www.visit-ulcinj.com\/blog\/#website"},"datePublished":"2014-11-05T10:27:22+00:00","dateModified":"2014-11-05T10:27:22+00:00","author":{"@id":"https:\/\/www.visit-ulcinj.com\/blog\/#\/schema\/person\/dcab619c614d3038751c63bc2aadc06d"},"description":"\u00a0Nga Frank Shkreli T\u00eb h\u00ebn\u00ebn me 3\u00a0n\u00ebntor, Posta e Republik\u00ebs s\u00eb Kosov\u00ebs njoftoi publikun se l\u00ebshoi n\u00eb qarkullim nj\u00eb pull\u00eb postare, kushtuar \"nj\u00ebr\u00ebs prej","breadcrumb":{"@id":"https:\/\/www.visit-ulcinj.com\/blog\/2014\/11\/05\/nje-malesore-qe-nderon-kombin-shqiptar-tringe-smajlja-ne-pullen-postare-te-kosoves\/#breadcrumb"},"inLanguage":"en-US","potentialAction":[{"@type":"ReadAction","target":["https:\/\/www.visit-ulcinj.com\/blog\/2014\/11\/05\/nje-malesore-qe-nderon-kombin-shqiptar-tringe-smajlja-ne-pullen-postare-te-kosoves\/"]}]},{"@type":"BreadcrumbList","@id":"https:\/\/www.visit-ulcinj.com\/blog\/2014\/11\/05\/nje-malesore-qe-nderon-kombin-shqiptar-tringe-smajlja-ne-pullen-postare-te-kosoves\/#breadcrumb","itemListElement":[{"@type":"ListItem","position":1,"name":"Nj\u00eb mal\u00ebsore q\u00eb nderon kombin shqiptar, Tring\u00eb Smajlja n\u00eb pull\u00ebn postare t\u00eb Kosov\u00ebs"}]},{"@type":"Person","@id":"https:\/\/www.visit-ulcinj.com\/blog\/#\/schema\/person\/dcab619c614d3038751c63bc2aadc06d","name":"ulqini","sameAs":["http:\/\/www.visit-ulcinj.com"],"url":"https:\/\/www.visit-ulcinj.com\/blog\/author\/admin\/"}]}},"jetpack_featured_media_url":"","jetpack_sharing_enabled":true,"jetpack_shortlink":"https:\/\/wp.me\/pe6lTn-moN","_links":{"self":[{"href":"https:\/\/www.visit-ulcinj.com\/blog\/wp-json\/wp\/v2\/posts\/86105"}],"collection":[{"href":"https:\/\/www.visit-ulcinj.com\/blog\/wp-json\/wp\/v2\/posts"}],"about":[{"href":"https:\/\/www.visit-ulcinj.com\/blog\/wp-json\/wp\/v2\/types\/post"}],"author":[{"embeddable":true,"href":"https:\/\/www.visit-ulcinj.com\/blog\/wp-json\/wp\/v2\/users\/1"}],"replies":[{"embeddable":true,"href":"https:\/\/www.visit-ulcinj.com\/blog\/wp-json\/wp\/v2\/comments?post=86105"}],"version-history":[{"count":1,"href":"https:\/\/www.visit-ulcinj.com\/blog\/wp-json\/wp\/v2\/posts\/86105\/revisions"}],"predecessor-version":[{"id":86107,"href":"https:\/\/www.visit-ulcinj.com\/blog\/wp-json\/wp\/v2\/posts\/86105\/revisions\/86107"}],"wp:attachment":[{"href":"https:\/\/www.visit-ulcinj.com\/blog\/wp-json\/wp\/v2\/media?parent=86105"}],"wp:term":[{"taxonomy":"category","embeddable":true,"href":"https:\/\/www.visit-ulcinj.com\/blog\/wp-json\/wp\/v2\/categories?post=86105"},{"taxonomy":"post_tag","embeddable":true,"href":"https:\/\/www.visit-ulcinj.com\/blog\/wp-json\/wp\/v2\/tags?post=86105"}],"curies":[{"name":"wp","href":"https:\/\/api.w.org\/{rel}","templated":true}]}}