{"id":86110,"date":"2014-11-05T11:53:16","date_gmt":"2014-11-05T10:53:16","guid":{"rendered":"http:\/\/www.visit-ulcinj.com\/blog\/?p=86110"},"modified":"2014-11-05T11:53:16","modified_gmt":"2014-11-05T10:53:16","slug":"vlada-danaju-ne-komentarisemo-retrogradne-nezvanicne-stavove","status":"publish","type":"post","link":"https:\/\/www.visit-ulcinj.com\/blog\/2014\/11\/05\/vlada-danaju-ne-komentarisemo-retrogradne-nezvanicne-stavove\/","title":{"rendered":"Vlada Danaju: Ne komentari\u0161emo retrogradne i nezvani\u010dne stavove"},"content":{"rendered":"<p><a href=\"http:\/\/www.visit-ulcinj.com\/blog\/wp-content\/uploads\/2014\/11\/crna_gora_albanija.jpg\"><img loading=\"lazy\" class=\"alignleft wp-image-86111\" src=\"http:\/\/www.visit-ulcinj.com\/blog\/wp-content\/uploads\/2014\/11\/crna_gora_albanija.jpg\" alt=\"crna_gora_albanija\" width=\"508\" height=\"224\" srcset=\"https:\/\/www.visit-ulcinj.com\/blog\/wp-content\/uploads\/2014\/11\/crna_gora_albanija.jpg 500w, https:\/\/www.visit-ulcinj.com\/blog\/wp-content\/uploads\/2014\/11\/crna_gora_albanija-300x132.jpg 300w\" sizes=\"(max-width: 508px) 100vw, 508px\" \/><\/a>Ministarstvo vanjskih poslova i evropskih integracija Crne Gore ne \u017eeli da komentari\u0161e stavove koji ne odra\u017eavaju zvani\u010dnu politiku Albanije, pogotovo retrogradne stavove i ideje o promjeni nacionalnih i etni\u010dkih granica na Balkanu, saop\u0161teno je iz Vlade Portalu RTCG.<\/p>\n<p>Predsjednik Liste za Prirodnu Albaniju Ko\u010do Danaj izjavio je da je poslao otvoreno pismo Vladi Crne Gore, u kome je izlo\u017eio platformu za ujedinjenje Albanaca u jednu dr\u017eavu, u kojoj se nalazi i dio na\u0161e zemlje, te naglasio da je to &#8220;ponuda mira&#8221;.<\/p>\n<p>Iz Vlade su kazali da MVPEI ne\u0107e da komentari\u0161e stavove koje ne odra\u017eavaju zvani\u010dnu politiku Albanije, pogotovo, kako su naveli, retrogradne stavove.<\/p>\n<p>&#8220;Crna Gora i Albanija imaju odli\u010dne bilateralne odnose utemeljene na me\u0111usobnom razumijevanju, partnerstvu i saradnji, a koji su dodatno oja\u010dani zajedni\u010dkim strate\u0161kim opredjeljenjem u pogledu EU I NATO&#8221;, naveli su iz Vlade.<\/p>\n<p>Danaj je poslao Danu tekst pisma koje je, navodno, poslao vladama Crne Gore, Srbije, Gr\u010dke i Makedonije, a u kome se navodi da ako Srbi u Bosni i Hercegovini mogu da insistiraju na otcjepljenju Republike Srpske i njenom pripajanju Srbiji, onda mogu i Albanci u Crnoj Gori da insistiraju na samoopredjeljenju i zajedni\u010dkoj budu\u0107nosti s maticom Albanijom.<\/p>\n<p>On je kazao da su Albanci jedinstven slu\u010daj u Evropi, jer je \u00a0\u201ezvani\u010dna Albanija jedina dr\u017eava Evrope koja du\u017e svojih granica ima samu sebe\u201d.<\/p>\n<p>Prema njegovim rije\u010dima neshvatljivo je da Vlada Crne Gore ne daje Tuzima status op\u0161tine, dok takav status daje Gusinju koje ima 1.700 stanovnika, i koje je puno manje od Tuzi.<\/p>\n<p>\u201eMoram izvr\u0161iti jednu ispravku rije\u010di koja se upotrebljava u \u017eargonu srpskih, gr\u010dkih, makedonskih i crnogorskih politi\u010dara. Kada oni govore o ujedinjenju Albanaca, upotrebljavaju rije\u010d \u201eVelika\u201d. Ja sam antifa\u0161ista pa zato priznajem \u201ePrirodnu Albaniju\u201d \u0161to zna\u010di Albaniju u svojim prirodnim granicama. To su te granice koje je objavila Valonska skup\u0161tina 28. novembra 1912. \u00a0\u0160to se ti\u010de me\u0111unarodne zajednice, ja znam da ona tra\u017ei mir u regionu, tra\u017ei stabilnost u regionu, te zato je po\u010dela podr\u017eavati ideju o ujedinjenju Albanaca. Va\u017eno je da nosioci \u201ePrirodne Albanije\u201d ne podr\u017eavaju nasilje, dakle njihova je deviza dijalog sa svakim, o sva\u010demu\u201c, naveo je Danaj.<\/p>\n<p>On smatra da ideja \u201ePrirodne Albanije\u201d smiruje region, stabilizuje situaciju i donosi priliku da se stabilizuju i druge dr\u017eave, kao \u0161to je BiH.<\/p>\n<p>\u201eSuprotno tome, bi\u0107e nastavljena destabilizacija regiona jer \u0107e radikalne snage dejstvovati. \u201ePrirodna Albanija\u201d zna\u010di zamjenu osovine Beograd Atina na trougao Beograd Tirana Atina, nakon ujedinjenja Kosova i drugih djelova albanskih teritorija sa mati\u010dnom Albanijom\u201c, zaklju\u010dio je Danaj.<\/p>\n<p><strong>Izvor: RTCG<\/strong><\/p>\n","protected":false},"excerpt":{"rendered":"<p>Ministarstvo vanjskih poslova i evropskih integracija Crne Gore ne \u017eeli da komentari\u0161e stavove koji ne odra\u017eavaju zvani\u010dnu politiku Albanije, pogotovo retrogradne stavove i ideje o promjeni nacionalnih i etni\u010dkih granica na Balkanu, saop\u0161teno je iz Vlade Portalu RTCG. Predsjednik Liste za Prirodnu Albaniju Ko\u010do Danaj izjavio je da je poslao otvoreno pismo Vladi Crne Gore, [&hellip;]<\/p>\n","protected":false},"author":1,"featured_media":0,"comment_status":"closed","ping_status":"closed","sticky":false,"template":"","format":"standard","meta":{"spay_email":"","jetpack_publicize_message":"","jetpack_is_tweetstorm":false,"jetpack_publicize_feature_enabled":true},"categories":[8337],"tags":[],"jetpack_publicize_connections":[],"yoast_head":"<!-- This site is optimized with the Yoast SEO plugin v19.1 - https:\/\/yoast.com\/wordpress\/plugins\/seo\/ -->\n<title>Vlada Danaju: Ne komentari\u0161emo retrogradne i nezvani\u010dne stavove - Lajme nga Ulqini<\/title>\n<meta name=\"description\" content=\"Ministarstvo vanjskih poslova i evropskih integracija Crne Gore ne \u017eeli da komentari\u0161e stavove koji ne odra\u017eavaju zvani\u010dnu politiku Albanije, pogotovo\" \/>\n<meta name=\"robots\" content=\"index, follow, max-snippet:-1, max-image-preview:large, max-video-preview:-1\" \/>\n<link rel=\"canonical\" href=\"https:\/\/www.visit-ulcinj.com\/blog\/2014\/11\/05\/vlada-danaju-ne-komentarisemo-retrogradne-nezvanicne-stavove\/\" \/>\n<meta property=\"og:locale\" content=\"en_US\" \/>\n<meta property=\"og:type\" content=\"article\" \/>\n<meta property=\"og:title\" content=\"Vlada Danaju: Ne komentari\u0161emo retrogradne i nezvani\u010dne stavove - Lajme nga Ulqini\" \/>\n<meta property=\"og:description\" content=\"Ministarstvo vanjskih poslova i evropskih integracija Crne Gore ne \u017eeli da komentari\u0161e stavove koji ne odra\u017eavaju zvani\u010dnu politiku Albanije, pogotovo\" \/>\n<meta property=\"og:url\" content=\"https:\/\/www.visit-ulcinj.com\/blog\/2014\/11\/05\/vlada-danaju-ne-komentarisemo-retrogradne-nezvanicne-stavove\/\" \/>\n<meta property=\"og:site_name\" content=\"Lajme nga Ulqini\" \/>\n<meta property=\"article:published_time\" content=\"2014-11-05T10:53:16+00:00\" \/>\n<meta property=\"og:image\" content=\"http:\/\/www.visit-ulcinj.com\/blog\/wp-content\/uploads\/2014\/11\/crna_gora_albanija.jpg\" \/>\n<meta name=\"twitter:label1\" content=\"Written by\" \/>\n\t<meta name=\"twitter:data1\" content=\"ulqini\" \/>\n\t<meta name=\"twitter:label2\" content=\"Est. reading time\" \/>\n\t<meta name=\"twitter:data2\" content=\"2 minutes\" \/>\n<script type=\"application\/ld+json\" class=\"yoast-schema-graph\">{\"@context\":\"https:\/\/schema.org\",\"@graph\":[{\"@type\":\"WebSite\",\"@id\":\"https:\/\/www.visit-ulcinj.com\/blog\/#website\",\"url\":\"https:\/\/www.visit-ulcinj.com\/blog\/\",\"name\":\"Lajme nga Ulqini\",\"description\":\"Lajme,Vijesti,Ulqini,Ulqin,Crna Gora,Mali i Zi\",\"potentialAction\":[{\"@type\":\"SearchAction\",\"target\":{\"@type\":\"EntryPoint\",\"urlTemplate\":\"https:\/\/www.visit-ulcinj.com\/blog\/?s={search_term_string}\"},\"query-input\":\"required name=search_term_string\"}],\"inLanguage\":\"en-US\"},{\"@type\":\"ImageObject\",\"inLanguage\":\"en-US\",\"@id\":\"https:\/\/www.visit-ulcinj.com\/blog\/2014\/11\/05\/vlada-danaju-ne-komentarisemo-retrogradne-nezvanicne-stavove\/#primaryimage\",\"url\":\"https:\/\/www.visit-ulcinj.com\/blog\/wp-content\/uploads\/2014\/11\/crna_gora_albanija.jpg\",\"contentUrl\":\"https:\/\/www.visit-ulcinj.com\/blog\/wp-content\/uploads\/2014\/11\/crna_gora_albanija.jpg\",\"width\":500,\"height\":220},{\"@type\":\"WebPage\",\"@id\":\"https:\/\/www.visit-ulcinj.com\/blog\/2014\/11\/05\/vlada-danaju-ne-komentarisemo-retrogradne-nezvanicne-stavove\/#webpage\",\"url\":\"https:\/\/www.visit-ulcinj.com\/blog\/2014\/11\/05\/vlada-danaju-ne-komentarisemo-retrogradne-nezvanicne-stavove\/\",\"name\":\"Vlada Danaju: Ne komentari\u0161emo retrogradne i nezvani\u010dne stavove - Lajme nga Ulqini\",\"isPartOf\":{\"@id\":\"https:\/\/www.visit-ulcinj.com\/blog\/#website\"},\"primaryImageOfPage\":{\"@id\":\"https:\/\/www.visit-ulcinj.com\/blog\/2014\/11\/05\/vlada-danaju-ne-komentarisemo-retrogradne-nezvanicne-stavove\/#primaryimage\"},\"datePublished\":\"2014-11-05T10:53:16+00:00\",\"dateModified\":\"2014-11-05T10:53:16+00:00\",\"author\":{\"@id\":\"https:\/\/www.visit-ulcinj.com\/blog\/#\/schema\/person\/dcab619c614d3038751c63bc2aadc06d\"},\"description\":\"Ministarstvo vanjskih poslova i evropskih integracija Crne Gore ne \u017eeli da komentari\u0161e stavove koji ne odra\u017eavaju zvani\u010dnu politiku Albanije, pogotovo\",\"breadcrumb\":{\"@id\":\"https:\/\/www.visit-ulcinj.com\/blog\/2014\/11\/05\/vlada-danaju-ne-komentarisemo-retrogradne-nezvanicne-stavove\/#breadcrumb\"},\"inLanguage\":\"en-US\",\"potentialAction\":[{\"@type\":\"ReadAction\",\"target\":[\"https:\/\/www.visit-ulcinj.com\/blog\/2014\/11\/05\/vlada-danaju-ne-komentarisemo-retrogradne-nezvanicne-stavove\/\"]}]},{\"@type\":\"BreadcrumbList\",\"@id\":\"https:\/\/www.visit-ulcinj.com\/blog\/2014\/11\/05\/vlada-danaju-ne-komentarisemo-retrogradne-nezvanicne-stavove\/#breadcrumb\",\"itemListElement\":[{\"@type\":\"ListItem\",\"position\":1,\"name\":\"Vlada Danaju: Ne komentari\u0161emo retrogradne i nezvani\u010dne stavove\"}]},{\"@type\":\"Person\",\"@id\":\"https:\/\/www.visit-ulcinj.com\/blog\/#\/schema\/person\/dcab619c614d3038751c63bc2aadc06d\",\"name\":\"ulqini\",\"sameAs\":[\"http:\/\/www.visit-ulcinj.com\"],\"url\":\"https:\/\/www.visit-ulcinj.com\/blog\/author\/admin\/\"}]}<\/script>\n<!-- \/ Yoast SEO plugin. -->","yoast_head_json":{"title":"Vlada Danaju: Ne komentari\u0161emo retrogradne i nezvani\u010dne stavove - Lajme nga Ulqini","description":"Ministarstvo vanjskih poslova i evropskih integracija Crne Gore ne \u017eeli da komentari\u0161e stavove koji ne odra\u017eavaju zvani\u010dnu politiku Albanije, pogotovo","robots":{"index":"index","follow":"follow","max-snippet":"max-snippet:-1","max-image-preview":"max-image-preview:large","max-video-preview":"max-video-preview:-1"},"canonical":"https:\/\/www.visit-ulcinj.com\/blog\/2014\/11\/05\/vlada-danaju-ne-komentarisemo-retrogradne-nezvanicne-stavove\/","og_locale":"en_US","og_type":"article","og_title":"Vlada Danaju: Ne komentari\u0161emo retrogradne i nezvani\u010dne stavove - Lajme nga Ulqini","og_description":"Ministarstvo vanjskih poslova i evropskih integracija Crne Gore ne \u017eeli da komentari\u0161e stavove koji ne odra\u017eavaju zvani\u010dnu politiku Albanije, pogotovo","og_url":"https:\/\/www.visit-ulcinj.com\/blog\/2014\/11\/05\/vlada-danaju-ne-komentarisemo-retrogradne-nezvanicne-stavove\/","og_site_name":"Lajme nga Ulqini","article_published_time":"2014-11-05T10:53:16+00:00","og_image":[{"url":"http:\/\/www.visit-ulcinj.com\/blog\/wp-content\/uploads\/2014\/11\/crna_gora_albanija.jpg"}],"twitter_misc":{"Written by":"ulqini","Est. reading time":"2 minutes"},"schema":{"@context":"https:\/\/schema.org","@graph":[{"@type":"WebSite","@id":"https:\/\/www.visit-ulcinj.com\/blog\/#website","url":"https:\/\/www.visit-ulcinj.com\/blog\/","name":"Lajme nga Ulqini","description":"Lajme,Vijesti,Ulqini,Ulqin,Crna Gora,Mali i Zi","potentialAction":[{"@type":"SearchAction","target":{"@type":"EntryPoint","urlTemplate":"https:\/\/www.visit-ulcinj.com\/blog\/?s={search_term_string}"},"query-input":"required name=search_term_string"}],"inLanguage":"en-US"},{"@type":"ImageObject","inLanguage":"en-US","@id":"https:\/\/www.visit-ulcinj.com\/blog\/2014\/11\/05\/vlada-danaju-ne-komentarisemo-retrogradne-nezvanicne-stavove\/#primaryimage","url":"https:\/\/www.visit-ulcinj.com\/blog\/wp-content\/uploads\/2014\/11\/crna_gora_albanija.jpg","contentUrl":"https:\/\/www.visit-ulcinj.com\/blog\/wp-content\/uploads\/2014\/11\/crna_gora_albanija.jpg","width":500,"height":220},{"@type":"WebPage","@id":"https:\/\/www.visit-ulcinj.com\/blog\/2014\/11\/05\/vlada-danaju-ne-komentarisemo-retrogradne-nezvanicne-stavove\/#webpage","url":"https:\/\/www.visit-ulcinj.com\/blog\/2014\/11\/05\/vlada-danaju-ne-komentarisemo-retrogradne-nezvanicne-stavove\/","name":"Vlada Danaju: Ne komentari\u0161emo retrogradne i nezvani\u010dne stavove - Lajme nga Ulqini","isPartOf":{"@id":"https:\/\/www.visit-ulcinj.com\/blog\/#website"},"primaryImageOfPage":{"@id":"https:\/\/www.visit-ulcinj.com\/blog\/2014\/11\/05\/vlada-danaju-ne-komentarisemo-retrogradne-nezvanicne-stavove\/#primaryimage"},"datePublished":"2014-11-05T10:53:16+00:00","dateModified":"2014-11-05T10:53:16+00:00","author":{"@id":"https:\/\/www.visit-ulcinj.com\/blog\/#\/schema\/person\/dcab619c614d3038751c63bc2aadc06d"},"description":"Ministarstvo vanjskih poslova i evropskih integracija Crne Gore ne \u017eeli da komentari\u0161e stavove koji ne odra\u017eavaju zvani\u010dnu politiku Albanije, pogotovo","breadcrumb":{"@id":"https:\/\/www.visit-ulcinj.com\/blog\/2014\/11\/05\/vlada-danaju-ne-komentarisemo-retrogradne-nezvanicne-stavove\/#breadcrumb"},"inLanguage":"en-US","potentialAction":[{"@type":"ReadAction","target":["https:\/\/www.visit-ulcinj.com\/blog\/2014\/11\/05\/vlada-danaju-ne-komentarisemo-retrogradne-nezvanicne-stavove\/"]}]},{"@type":"BreadcrumbList","@id":"https:\/\/www.visit-ulcinj.com\/blog\/2014\/11\/05\/vlada-danaju-ne-komentarisemo-retrogradne-nezvanicne-stavove\/#breadcrumb","itemListElement":[{"@type":"ListItem","position":1,"name":"Vlada Danaju: Ne komentari\u0161emo retrogradne i nezvani\u010dne stavove"}]},{"@type":"Person","@id":"https:\/\/www.visit-ulcinj.com\/blog\/#\/schema\/person\/dcab619c614d3038751c63bc2aadc06d","name":"ulqini","sameAs":["http:\/\/www.visit-ulcinj.com"],"url":"https:\/\/www.visit-ulcinj.com\/blog\/author\/admin\/"}]}},"jetpack_featured_media_url":"","jetpack_sharing_enabled":true,"jetpack_shortlink":"https:\/\/wp.me\/pe6lTn-moS","_links":{"self":[{"href":"https:\/\/www.visit-ulcinj.com\/blog\/wp-json\/wp\/v2\/posts\/86110"}],"collection":[{"href":"https:\/\/www.visit-ulcinj.com\/blog\/wp-json\/wp\/v2\/posts"}],"about":[{"href":"https:\/\/www.visit-ulcinj.com\/blog\/wp-json\/wp\/v2\/types\/post"}],"author":[{"embeddable":true,"href":"https:\/\/www.visit-ulcinj.com\/blog\/wp-json\/wp\/v2\/users\/1"}],"replies":[{"embeddable":true,"href":"https:\/\/www.visit-ulcinj.com\/blog\/wp-json\/wp\/v2\/comments?post=86110"}],"version-history":[{"count":1,"href":"https:\/\/www.visit-ulcinj.com\/blog\/wp-json\/wp\/v2\/posts\/86110\/revisions"}],"predecessor-version":[{"id":86112,"href":"https:\/\/www.visit-ulcinj.com\/blog\/wp-json\/wp\/v2\/posts\/86110\/revisions\/86112"}],"wp:attachment":[{"href":"https:\/\/www.visit-ulcinj.com\/blog\/wp-json\/wp\/v2\/media?parent=86110"}],"wp:term":[{"taxonomy":"category","embeddable":true,"href":"https:\/\/www.visit-ulcinj.com\/blog\/wp-json\/wp\/v2\/categories?post=86110"},{"taxonomy":"post_tag","embeddable":true,"href":"https:\/\/www.visit-ulcinj.com\/blog\/wp-json\/wp\/v2\/tags?post=86110"}],"curies":[{"name":"wp","href":"https:\/\/api.w.org\/{rel}","templated":true}]}}