{"id":86113,"date":"2014-11-05T12:01:29","date_gmt":"2014-11-05T11:01:29","guid":{"rendered":"http:\/\/www.visit-ulcinj.com\/blog\/?p=86113"},"modified":"2014-11-05T12:01:29","modified_gmt":"2014-11-05T11:01:29","slug":"nto-crne-gore-problem-manjak-hotelskih-kapaciteta","status":"publish","type":"post","link":"https:\/\/www.visit-ulcinj.com\/blog\/2014\/11\/05\/nto-crne-gore-problem-manjak-hotelskih-kapaciteta\/","title":{"rendered":"NTO Crne Gore: Problem manjak hotelskih kapaciteta"},"content":{"rendered":"<p><a href=\"http:\/\/www.visit-ulcinj.com\/blog\/wp-content\/uploads\/2014\/11\/Nacionalna-turisticka-organizacija-Crne-Gore.jpg\"><img loading=\"lazy\" class=\"alignleft wp-image-86114\" src=\"http:\/\/www.visit-ulcinj.com\/blog\/wp-content\/uploads\/2014\/11\/Nacionalna-turisticka-organizacija-Crne-Gore.jpg\" alt=\"Nacionalna turisticka organizacija Crne Gore\" width=\"508\" height=\"412\" srcset=\"https:\/\/www.visit-ulcinj.com\/blog\/wp-content\/uploads\/2014\/11\/Nacionalna-turisticka-organizacija-Crne-Gore.jpg 900w, https:\/\/www.visit-ulcinj.com\/blog\/wp-content\/uploads\/2014\/11\/Nacionalna-turisticka-organizacija-Crne-Gore-300x243.jpg 300w\" sizes=\"(max-width: 508px) 100vw, 508px\" \/><\/a>Nedostatak hotelskih kapaciteta visoke kategorije i jeftina avio dostupnost Crne Gore iz britanskih gradova ograni\u010davaju\u0107i su faktori za pove\u0107anje broja no\u0107enja sa tog tr\u017ei\u0161ta, saop\u0161tili su iz Nacionalne turisti\u010dke organizacije (NTOCG).<\/p>\n<p>Iz NTOCG su kazali da je u fokusu aktivnosti crnogorske delegacije, koja u Londonu u\u010destvuje na me\u0111unarodnoj turisti\u010dkoj berzi World Travel Market (WTM), pove\u0107anje broja no\u0107enja sa tog tr\u017ei\u0161ta, drugog po veli\u010dini u Evropi, koje je strate\u0161ki va\u017eno u pogledu produ\u017eenja sezone u Crnoj Gori.<\/p>\n<p>\u201eNa okupljanju partnera najve\u0107e avio kompanije u Evropi, Ryanair, koje je uprili\u010deno tokom sajma, potvr\u0111eno je njihovo zadovoljstvo popunjeno\u0161\u0107u letova prema Crnoj Gori, koje je preko 80 odsto i u tom smislu najavljeno je odr\u017eavanje ove linije i tokom zime, dva puta sedmi\u010dno\u201c, navodi se u saop\u0161tenju.<\/p>\n<p>Prema zvani\u010dnim statisti\u010dkim podacima, Crnu Goru je, do kraja septembra ove godine, posjetilo 22 hiljade turista iz Velike Britanije, koji su ostvarili preko 100 hiljada no\u0107enja.<\/p>\n<p>Me\u0111u britanskim turoperatorima i agencijama koji nude turisti\u010dku ponudu Crne Gore u svojim programima su Adriatic Adventures, Thomson, Balkan Holidays, Cosmos, Explore Worldwide, First Choice, Inghams, Saga Holidays.<\/p>\n<p>Delegaciju Crne Gore predvode dr\u017eavni sekretar u Ministarstvu odr\u017eivog razvoja i turizma Predrag Jelu\u0161i\u0107 i direktor NTOCG Sa\u0161a Radovi\u0107, koji su odr\u017eali brojne sastanake sa turoperatorima i predstavnicima medija.<\/p>\n<p>Iz NTOCG su kazali da je Jelu\u0161i\u0107 u\u010destvovao na Ministarskom samitu, koji se, u organizaciji Svjetske turisti\u010dke organizacije Ujedinjenih nacija (UNWTO), odr\u017eava u okviru berze u Londonu.<\/p>\n<p>\u201eMinistri turizma i visoki predstavnici dr\u017eava \u010dlanica UNWTO bili su u prilici razgovaraju o turisti\u010dkom razvoju i budu\u0107oj perspektivi u toj globalno zna\u010dajnoj oblasti\u201c, rekli su iz NTOCG.<\/p>\n<p>Ocijenjeno je da su turizam i organizovanje velikih manifestacija blisko povezani u dana\u0161njem globalizovanom dru\u0161tvu.<\/p>\n<p>Mnogi od u\u010desnika na manifestacijama su turisti, dok manifestacije, kako se dodaje, imaju ogroman uticaj na sve vrijednosne komponente turisti\u010dkog lanca zemlje organizatora.<\/p>\n<p>Ocijenjeno je da medijske aktivnosti predstavnika velikih projekata u Crnoj Gori, kao \u0161to su Lu\u0161tica Bay, Porto Montenegro, Dukljanski vrtovi, Aman rizort, u velikoj mjeri uti\u010du na rast interesovanja turista, kao i na ukupno pobolj\u0161anje imid\u017ea Crne Gore kao turisti\u010dke destinacije u Velikoj Britaniji.<\/p>\n<p>WTM, koji traje do \u010detvrtka, je jedan od vode\u0107ih globalnih doga\u0111aja za svjetsku turisti\u010dku industriju, koji je ove godine okupio oko pet hiljada izlaga\u010da iz preko 180 zemalja svijeta.<\/p>\n<p><strong>Izvor: Mina-business\/ RTCG<\/strong><\/p>\n","protected":false},"excerpt":{"rendered":"<p>Nedostatak hotelskih kapaciteta visoke kategorije i jeftina avio dostupnost Crne Gore iz britanskih gradova ograni\u010davaju\u0107i su faktori za pove\u0107anje broja no\u0107enja sa tog tr\u017ei\u0161ta, saop\u0161tili su iz Nacionalne turisti\u010dke organizacije (NTOCG). Iz NTOCG su kazali da je u fokusu aktivnosti crnogorske delegacije, koja u Londonu u\u010destvuje na me\u0111unarodnoj turisti\u010dkoj berzi World Travel Market (WTM), pove\u0107anje [&hellip;]<\/p>\n","protected":false},"author":1,"featured_media":0,"comment_status":"closed","ping_status":"closed","sticky":false,"template":"","format":"standard","meta":{"spay_email":"","jetpack_publicize_message":"","jetpack_is_tweetstorm":false,"jetpack_publicize_feature_enabled":true},"categories":[6950],"tags":[],"jetpack_publicize_connections":[],"yoast_head":"<!-- This site is optimized with the Yoast SEO plugin v19.1 - https:\/\/yoast.com\/wordpress\/plugins\/seo\/ -->\n<title>NTO Crne Gore: Problem manjak hotelskih kapaciteta - Lajme nga Ulqini<\/title>\n<meta name=\"description\" content=\"Nedostatak hotelskih kapaciteta visoke kategorije i jeftina avio dostupnost Crne Gore iz britanskih gradova ograni\u010davaju\u0107i su faktori za pove\u0107anje broja\" \/>\n<meta name=\"robots\" content=\"index, follow, max-snippet:-1, max-image-preview:large, max-video-preview:-1\" \/>\n<link rel=\"canonical\" href=\"https:\/\/www.visit-ulcinj.com\/blog\/2014\/11\/05\/nto-crne-gore-problem-manjak-hotelskih-kapaciteta\/\" \/>\n<meta property=\"og:locale\" content=\"en_US\" \/>\n<meta property=\"og:type\" content=\"article\" \/>\n<meta property=\"og:title\" content=\"NTO Crne Gore: Problem manjak hotelskih kapaciteta - Lajme nga Ulqini\" \/>\n<meta property=\"og:description\" content=\"Nedostatak hotelskih kapaciteta visoke kategorije i jeftina avio dostupnost Crne Gore iz britanskih gradova ograni\u010davaju\u0107i su faktori za pove\u0107anje broja\" \/>\n<meta property=\"og:url\" content=\"https:\/\/www.visit-ulcinj.com\/blog\/2014\/11\/05\/nto-crne-gore-problem-manjak-hotelskih-kapaciteta\/\" \/>\n<meta property=\"og:site_name\" content=\"Lajme nga Ulqini\" \/>\n<meta property=\"article:published_time\" content=\"2014-11-05T11:01:29+00:00\" \/>\n<meta property=\"og:image\" content=\"http:\/\/www.visit-ulcinj.com\/blog\/wp-content\/uploads\/2014\/11\/Nacionalna-turisticka-organizacija-Crne-Gore.jpg\" \/>\n<meta name=\"twitter:label1\" content=\"Written by\" \/>\n\t<meta name=\"twitter:data1\" content=\"ulqini\" \/>\n\t<meta name=\"twitter:label2\" content=\"Est. reading time\" \/>\n\t<meta name=\"twitter:data2\" content=\"2 minutes\" \/>\n<script type=\"application\/ld+json\" class=\"yoast-schema-graph\">{\"@context\":\"https:\/\/schema.org\",\"@graph\":[{\"@type\":\"WebSite\",\"@id\":\"https:\/\/www.visit-ulcinj.com\/blog\/#website\",\"url\":\"https:\/\/www.visit-ulcinj.com\/blog\/\",\"name\":\"Lajme nga Ulqini\",\"description\":\"Lajme,Vijesti,Ulqini,Ulqin,Crna Gora,Mali i Zi\",\"potentialAction\":[{\"@type\":\"SearchAction\",\"target\":{\"@type\":\"EntryPoint\",\"urlTemplate\":\"https:\/\/www.visit-ulcinj.com\/blog\/?s={search_term_string}\"},\"query-input\":\"required name=search_term_string\"}],\"inLanguage\":\"en-US\"},{\"@type\":\"ImageObject\",\"inLanguage\":\"en-US\",\"@id\":\"https:\/\/www.visit-ulcinj.com\/blog\/2014\/11\/05\/nto-crne-gore-problem-manjak-hotelskih-kapaciteta\/#primaryimage\",\"url\":\"https:\/\/www.visit-ulcinj.com\/blog\/wp-content\/uploads\/2014\/11\/Nacionalna-turisticka-organizacija-Crne-Gore.jpg\",\"contentUrl\":\"https:\/\/www.visit-ulcinj.com\/blog\/wp-content\/uploads\/2014\/11\/Nacionalna-turisticka-organizacija-Crne-Gore.jpg\",\"width\":900,\"height\":730},{\"@type\":\"WebPage\",\"@id\":\"https:\/\/www.visit-ulcinj.com\/blog\/2014\/11\/05\/nto-crne-gore-problem-manjak-hotelskih-kapaciteta\/#webpage\",\"url\":\"https:\/\/www.visit-ulcinj.com\/blog\/2014\/11\/05\/nto-crne-gore-problem-manjak-hotelskih-kapaciteta\/\",\"name\":\"NTO Crne Gore: Problem manjak hotelskih kapaciteta - Lajme nga Ulqini\",\"isPartOf\":{\"@id\":\"https:\/\/www.visit-ulcinj.com\/blog\/#website\"},\"primaryImageOfPage\":{\"@id\":\"https:\/\/www.visit-ulcinj.com\/blog\/2014\/11\/05\/nto-crne-gore-problem-manjak-hotelskih-kapaciteta\/#primaryimage\"},\"datePublished\":\"2014-11-05T11:01:29+00:00\",\"dateModified\":\"2014-11-05T11:01:29+00:00\",\"author\":{\"@id\":\"https:\/\/www.visit-ulcinj.com\/blog\/#\/schema\/person\/dcab619c614d3038751c63bc2aadc06d\"},\"description\":\"Nedostatak hotelskih kapaciteta visoke kategorije i jeftina avio dostupnost Crne Gore iz britanskih gradova ograni\u010davaju\u0107i su faktori za pove\u0107anje broja\",\"breadcrumb\":{\"@id\":\"https:\/\/www.visit-ulcinj.com\/blog\/2014\/11\/05\/nto-crne-gore-problem-manjak-hotelskih-kapaciteta\/#breadcrumb\"},\"inLanguage\":\"en-US\",\"potentialAction\":[{\"@type\":\"ReadAction\",\"target\":[\"https:\/\/www.visit-ulcinj.com\/blog\/2014\/11\/05\/nto-crne-gore-problem-manjak-hotelskih-kapaciteta\/\"]}]},{\"@type\":\"BreadcrumbList\",\"@id\":\"https:\/\/www.visit-ulcinj.com\/blog\/2014\/11\/05\/nto-crne-gore-problem-manjak-hotelskih-kapaciteta\/#breadcrumb\",\"itemListElement\":[{\"@type\":\"ListItem\",\"position\":1,\"name\":\"NTO Crne Gore: Problem manjak hotelskih kapaciteta\"}]},{\"@type\":\"Person\",\"@id\":\"https:\/\/www.visit-ulcinj.com\/blog\/#\/schema\/person\/dcab619c614d3038751c63bc2aadc06d\",\"name\":\"ulqini\",\"sameAs\":[\"http:\/\/www.visit-ulcinj.com\"],\"url\":\"https:\/\/www.visit-ulcinj.com\/blog\/author\/admin\/\"}]}<\/script>\n<!-- \/ Yoast SEO plugin. -->","yoast_head_json":{"title":"NTO Crne Gore: Problem manjak hotelskih kapaciteta - Lajme nga Ulqini","description":"Nedostatak hotelskih kapaciteta visoke kategorije i jeftina avio dostupnost Crne Gore iz britanskih gradova ograni\u010davaju\u0107i su faktori za pove\u0107anje broja","robots":{"index":"index","follow":"follow","max-snippet":"max-snippet:-1","max-image-preview":"max-image-preview:large","max-video-preview":"max-video-preview:-1"},"canonical":"https:\/\/www.visit-ulcinj.com\/blog\/2014\/11\/05\/nto-crne-gore-problem-manjak-hotelskih-kapaciteta\/","og_locale":"en_US","og_type":"article","og_title":"NTO Crne Gore: Problem manjak hotelskih kapaciteta - Lajme nga Ulqini","og_description":"Nedostatak hotelskih kapaciteta visoke kategorije i jeftina avio dostupnost Crne Gore iz britanskih gradova ograni\u010davaju\u0107i su faktori za pove\u0107anje broja","og_url":"https:\/\/www.visit-ulcinj.com\/blog\/2014\/11\/05\/nto-crne-gore-problem-manjak-hotelskih-kapaciteta\/","og_site_name":"Lajme nga Ulqini","article_published_time":"2014-11-05T11:01:29+00:00","og_image":[{"url":"http:\/\/www.visit-ulcinj.com\/blog\/wp-content\/uploads\/2014\/11\/Nacionalna-turisticka-organizacija-Crne-Gore.jpg"}],"twitter_misc":{"Written by":"ulqini","Est. reading time":"2 minutes"},"schema":{"@context":"https:\/\/schema.org","@graph":[{"@type":"WebSite","@id":"https:\/\/www.visit-ulcinj.com\/blog\/#website","url":"https:\/\/www.visit-ulcinj.com\/blog\/","name":"Lajme nga Ulqini","description":"Lajme,Vijesti,Ulqini,Ulqin,Crna Gora,Mali i Zi","potentialAction":[{"@type":"SearchAction","target":{"@type":"EntryPoint","urlTemplate":"https:\/\/www.visit-ulcinj.com\/blog\/?s={search_term_string}"},"query-input":"required name=search_term_string"}],"inLanguage":"en-US"},{"@type":"ImageObject","inLanguage":"en-US","@id":"https:\/\/www.visit-ulcinj.com\/blog\/2014\/11\/05\/nto-crne-gore-problem-manjak-hotelskih-kapaciteta\/#primaryimage","url":"https:\/\/www.visit-ulcinj.com\/blog\/wp-content\/uploads\/2014\/11\/Nacionalna-turisticka-organizacija-Crne-Gore.jpg","contentUrl":"https:\/\/www.visit-ulcinj.com\/blog\/wp-content\/uploads\/2014\/11\/Nacionalna-turisticka-organizacija-Crne-Gore.jpg","width":900,"height":730},{"@type":"WebPage","@id":"https:\/\/www.visit-ulcinj.com\/blog\/2014\/11\/05\/nto-crne-gore-problem-manjak-hotelskih-kapaciteta\/#webpage","url":"https:\/\/www.visit-ulcinj.com\/blog\/2014\/11\/05\/nto-crne-gore-problem-manjak-hotelskih-kapaciteta\/","name":"NTO Crne Gore: Problem manjak hotelskih kapaciteta - Lajme nga Ulqini","isPartOf":{"@id":"https:\/\/www.visit-ulcinj.com\/blog\/#website"},"primaryImageOfPage":{"@id":"https:\/\/www.visit-ulcinj.com\/blog\/2014\/11\/05\/nto-crne-gore-problem-manjak-hotelskih-kapaciteta\/#primaryimage"},"datePublished":"2014-11-05T11:01:29+00:00","dateModified":"2014-11-05T11:01:29+00:00","author":{"@id":"https:\/\/www.visit-ulcinj.com\/blog\/#\/schema\/person\/dcab619c614d3038751c63bc2aadc06d"},"description":"Nedostatak hotelskih kapaciteta visoke kategorije i jeftina avio dostupnost Crne Gore iz britanskih gradova ograni\u010davaju\u0107i su faktori za pove\u0107anje broja","breadcrumb":{"@id":"https:\/\/www.visit-ulcinj.com\/blog\/2014\/11\/05\/nto-crne-gore-problem-manjak-hotelskih-kapaciteta\/#breadcrumb"},"inLanguage":"en-US","potentialAction":[{"@type":"ReadAction","target":["https:\/\/www.visit-ulcinj.com\/blog\/2014\/11\/05\/nto-crne-gore-problem-manjak-hotelskih-kapaciteta\/"]}]},{"@type":"BreadcrumbList","@id":"https:\/\/www.visit-ulcinj.com\/blog\/2014\/11\/05\/nto-crne-gore-problem-manjak-hotelskih-kapaciteta\/#breadcrumb","itemListElement":[{"@type":"ListItem","position":1,"name":"NTO Crne Gore: Problem manjak hotelskih kapaciteta"}]},{"@type":"Person","@id":"https:\/\/www.visit-ulcinj.com\/blog\/#\/schema\/person\/dcab619c614d3038751c63bc2aadc06d","name":"ulqini","sameAs":["http:\/\/www.visit-ulcinj.com"],"url":"https:\/\/www.visit-ulcinj.com\/blog\/author\/admin\/"}]}},"jetpack_featured_media_url":"","jetpack_sharing_enabled":true,"jetpack_shortlink":"https:\/\/wp.me\/pe6lTn-moV","_links":{"self":[{"href":"https:\/\/www.visit-ulcinj.com\/blog\/wp-json\/wp\/v2\/posts\/86113"}],"collection":[{"href":"https:\/\/www.visit-ulcinj.com\/blog\/wp-json\/wp\/v2\/posts"}],"about":[{"href":"https:\/\/www.visit-ulcinj.com\/blog\/wp-json\/wp\/v2\/types\/post"}],"author":[{"embeddable":true,"href":"https:\/\/www.visit-ulcinj.com\/blog\/wp-json\/wp\/v2\/users\/1"}],"replies":[{"embeddable":true,"href":"https:\/\/www.visit-ulcinj.com\/blog\/wp-json\/wp\/v2\/comments?post=86113"}],"version-history":[{"count":1,"href":"https:\/\/www.visit-ulcinj.com\/blog\/wp-json\/wp\/v2\/posts\/86113\/revisions"}],"predecessor-version":[{"id":86115,"href":"https:\/\/www.visit-ulcinj.com\/blog\/wp-json\/wp\/v2\/posts\/86113\/revisions\/86115"}],"wp:attachment":[{"href":"https:\/\/www.visit-ulcinj.com\/blog\/wp-json\/wp\/v2\/media?parent=86113"}],"wp:term":[{"taxonomy":"category","embeddable":true,"href":"https:\/\/www.visit-ulcinj.com\/blog\/wp-json\/wp\/v2\/categories?post=86113"},{"taxonomy":"post_tag","embeddable":true,"href":"https:\/\/www.visit-ulcinj.com\/blog\/wp-json\/wp\/v2\/tags?post=86113"}],"curies":[{"name":"wp","href":"https:\/\/api.w.org\/{rel}","templated":true}]}}