{"id":86120,"date":"2014-11-05T13:09:57","date_gmt":"2014-11-05T12:09:57","guid":{"rendered":"http:\/\/www.visit-ulcinj.com\/blog\/?p=86120"},"modified":"2014-11-05T13:09:57","modified_gmt":"2014-11-05T12:09:57","slug":"porto-montenegro-nismo-na-prodaju","status":"publish","type":"post","link":"https:\/\/www.visit-ulcinj.com\/blog\/2014\/11\/05\/porto-montenegro-nismo-na-prodaju\/","title":{"rendered":"Porto Montenegro: Nismo na prodaju"},"content":{"rendered":"<div id=\"sc_content_okvirSREDINA_TOPTX4\"><a href=\"http:\/\/www.visit-ulcinj.com\/blog\/wp-content\/uploads\/2014\/06\/Porto-Montenegro.jpg\"><img loading=\"lazy\" class=\"alignleft wp-image-83364\" src=\"http:\/\/www.visit-ulcinj.com\/blog\/wp-content\/uploads\/2014\/06\/Porto-Montenegro.jpg\" alt=\"Porto-Montenegro\" width=\"508\" height=\"216\" srcset=\"https:\/\/www.visit-ulcinj.com\/blog\/wp-content\/uploads\/2014\/06\/Porto-Montenegro.jpg 1024w, https:\/\/www.visit-ulcinj.com\/blog\/wp-content\/uploads\/2014\/06\/Porto-Montenegro-300x127.jpg 300w\" sizes=\"(max-width: 508px) 100vw, 508px\" \/><\/a>PODGORICA &#8211; Povodom medijskih \u0161pekulacija da ve\u0107inski vlasnik projekta Porto Montenegro, Peter Munk prodaje projekat, iz kompanije su saop\u0161tili da se tivatska marina i nauti\u010dko naselje ne prodaju, ve\u0107 se dovode dodatni investitori.<\/div>\n<div id=\"sc_content_okvirSREDINA_TOPTXOS\">\n<div id=\"sc_content_okvirSREDINA_TOPTX5\">&#8220;Od osnivanja Porto Montenegra, u Crnu Goru smo privukli brojne investicione partnere i davaoce kapitala, kako bi zajedno finansirali projekat koji se danas smatra jednom od najuspje\u0161nijih kompanija u regionu. Na\u0161 konstantni uspjeh i rast iziskuju dodatne finansijske partnere, jer je na\u0161a \u017eelja da zajedno znatno vi\u0161e ula\u017eemo u Crnu Goru, a ovo je izuzetna prilika da na\u0161i sada\u0161nji i potencijalni budu\u0107i partneri unaprijede i u\u010destvuju u kreiranju na\u0161e zajedni\u010dke budu\u0107nosti&#8221;, saop\u0161teno je iz kompanije, prenosi Radio Tivat.<\/p>\n<p>Kako su istakli, u Porto Montenegro se dovode dodatni investitori.<\/p>\n<p>&#8220;Radujemo se najavljivanju daljih velikih <a id=\"xClaimOglasId-205603-1\" class=\"xClaimClass\" target=\"_blank\"><\/a>novih investicija u Crnu Goru, za koje vjerujemo da \u0107e poduprijeti na\u0161u viziju stvaranja vode\u0107e mati\u010dne luke za megajahte i destinaciju za <a id=\"xClaimOglasId-207294-2\" class=\"xClaimClass\" target=\"_blank\"><\/a>u\u017eivanje u Tivtu, koja vi\u0161e nije san, ve\u0107 vrlo jasna stvarnost&#8221;, saop\u0161tili su iz Porto Montenegra.<\/div>\n<div><\/div>\n<div><strong>Autor\/izvor: SEEbiz \/ CdM<\/strong><\/div>\n<\/div>\n","protected":false},"excerpt":{"rendered":"<p>PODGORICA &#8211; Povodom medijskih \u0161pekulacija da ve\u0107inski vlasnik projekta Porto Montenegro, Peter Munk prodaje projekat, iz kompanije su saop\u0161tili da se tivatska marina i nauti\u010dko naselje ne prodaju, ve\u0107 se dovode dodatni investitori. &#8220;Od osnivanja Porto Montenegra, u Crnu Goru smo privukli brojne investicione partnere i davaoce kapitala, kako bi zajedno finansirali projekat koji se [&hellip;]<\/p>\n","protected":false},"author":1,"featured_media":0,"comment_status":"closed","ping_status":"closed","sticky":false,"template":"","format":"standard","meta":{"spay_email":"","jetpack_publicize_message":"","jetpack_is_tweetstorm":false,"jetpack_publicize_feature_enabled":true},"categories":[6950],"tags":[],"jetpack_publicize_connections":[],"yoast_head":"<!-- This site is optimized with the Yoast SEO plugin v19.1 - https:\/\/yoast.com\/wordpress\/plugins\/seo\/ -->\n<title>Porto Montenegro: Nismo na prodaju - Lajme nga Ulqini<\/title>\n<meta name=\"description\" content=\"PODGORICA - Povodom medijskih \u0161pekulacija da ve\u0107inski vlasnik projekta Porto Montenegro, Peter Munk prodaje projekat, iz kompanije su saop\u0161tili da se\" \/>\n<meta name=\"robots\" content=\"index, follow, max-snippet:-1, max-image-preview:large, max-video-preview:-1\" \/>\n<link rel=\"canonical\" href=\"https:\/\/www.visit-ulcinj.com\/blog\/2014\/11\/05\/porto-montenegro-nismo-na-prodaju\/\" \/>\n<meta property=\"og:locale\" content=\"en_US\" \/>\n<meta property=\"og:type\" content=\"article\" \/>\n<meta property=\"og:title\" content=\"Porto Montenegro: Nismo na prodaju - Lajme nga Ulqini\" \/>\n<meta property=\"og:description\" content=\"PODGORICA - Povodom medijskih \u0161pekulacija da ve\u0107inski vlasnik projekta Porto Montenegro, Peter Munk prodaje projekat, iz kompanije su saop\u0161tili da se\" \/>\n<meta property=\"og:url\" content=\"https:\/\/www.visit-ulcinj.com\/blog\/2014\/11\/05\/porto-montenegro-nismo-na-prodaju\/\" \/>\n<meta property=\"og:site_name\" content=\"Lajme nga Ulqini\" \/>\n<meta property=\"article:published_time\" content=\"2014-11-05T12:09:57+00:00\" \/>\n<meta property=\"og:image\" content=\"http:\/\/www.visit-ulcinj.com\/blog\/wp-content\/uploads\/2014\/06\/Porto-Montenegro.jpg\" \/>\n<meta name=\"twitter:label1\" content=\"Written by\" \/>\n\t<meta name=\"twitter:data1\" content=\"ulqini\" \/>\n\t<meta name=\"twitter:label2\" content=\"Est. reading time\" \/>\n\t<meta name=\"twitter:data2\" content=\"1 minute\" \/>\n<script type=\"application\/ld+json\" class=\"yoast-schema-graph\">{\"@context\":\"https:\/\/schema.org\",\"@graph\":[{\"@type\":\"WebSite\",\"@id\":\"https:\/\/www.visit-ulcinj.com\/blog\/#website\",\"url\":\"https:\/\/www.visit-ulcinj.com\/blog\/\",\"name\":\"Lajme nga Ulqini\",\"description\":\"Lajme,Vijesti,Ulqini,Ulqin,Crna Gora,Mali i Zi\",\"potentialAction\":[{\"@type\":\"SearchAction\",\"target\":{\"@type\":\"EntryPoint\",\"urlTemplate\":\"https:\/\/www.visit-ulcinj.com\/blog\/?s={search_term_string}\"},\"query-input\":\"required name=search_term_string\"}],\"inLanguage\":\"en-US\"},{\"@type\":\"ImageObject\",\"inLanguage\":\"en-US\",\"@id\":\"https:\/\/www.visit-ulcinj.com\/blog\/2014\/11\/05\/porto-montenegro-nismo-na-prodaju\/#primaryimage\",\"url\":\"https:\/\/www.visit-ulcinj.com\/blog\/wp-content\/uploads\/2014\/06\/Porto-Montenegro.jpg\",\"contentUrl\":\"https:\/\/www.visit-ulcinj.com\/blog\/wp-content\/uploads\/2014\/06\/Porto-Montenegro.jpg\",\"width\":1024,\"height\":435},{\"@type\":\"WebPage\",\"@id\":\"https:\/\/www.visit-ulcinj.com\/blog\/2014\/11\/05\/porto-montenegro-nismo-na-prodaju\/#webpage\",\"url\":\"https:\/\/www.visit-ulcinj.com\/blog\/2014\/11\/05\/porto-montenegro-nismo-na-prodaju\/\",\"name\":\"Porto Montenegro: Nismo na prodaju - Lajme nga Ulqini\",\"isPartOf\":{\"@id\":\"https:\/\/www.visit-ulcinj.com\/blog\/#website\"},\"primaryImageOfPage\":{\"@id\":\"https:\/\/www.visit-ulcinj.com\/blog\/2014\/11\/05\/porto-montenegro-nismo-na-prodaju\/#primaryimage\"},\"datePublished\":\"2014-11-05T12:09:57+00:00\",\"dateModified\":\"2014-11-05T12:09:57+00:00\",\"author\":{\"@id\":\"https:\/\/www.visit-ulcinj.com\/blog\/#\/schema\/person\/dcab619c614d3038751c63bc2aadc06d\"},\"description\":\"PODGORICA - Povodom medijskih \u0161pekulacija da ve\u0107inski vlasnik projekta Porto Montenegro, Peter Munk prodaje projekat, iz kompanije su saop\u0161tili da se\",\"breadcrumb\":{\"@id\":\"https:\/\/www.visit-ulcinj.com\/blog\/2014\/11\/05\/porto-montenegro-nismo-na-prodaju\/#breadcrumb\"},\"inLanguage\":\"en-US\",\"potentialAction\":[{\"@type\":\"ReadAction\",\"target\":[\"https:\/\/www.visit-ulcinj.com\/blog\/2014\/11\/05\/porto-montenegro-nismo-na-prodaju\/\"]}]},{\"@type\":\"BreadcrumbList\",\"@id\":\"https:\/\/www.visit-ulcinj.com\/blog\/2014\/11\/05\/porto-montenegro-nismo-na-prodaju\/#breadcrumb\",\"itemListElement\":[{\"@type\":\"ListItem\",\"position\":1,\"name\":\"Porto Montenegro: Nismo na prodaju\"}]},{\"@type\":\"Person\",\"@id\":\"https:\/\/www.visit-ulcinj.com\/blog\/#\/schema\/person\/dcab619c614d3038751c63bc2aadc06d\",\"name\":\"ulqini\",\"sameAs\":[\"http:\/\/www.visit-ulcinj.com\"],\"url\":\"https:\/\/www.visit-ulcinj.com\/blog\/author\/admin\/\"}]}<\/script>\n<!-- \/ Yoast SEO plugin. -->","yoast_head_json":{"title":"Porto Montenegro: Nismo na prodaju - Lajme nga Ulqini","description":"PODGORICA - Povodom medijskih \u0161pekulacija da ve\u0107inski vlasnik projekta Porto Montenegro, Peter Munk prodaje projekat, iz kompanije su saop\u0161tili da se","robots":{"index":"index","follow":"follow","max-snippet":"max-snippet:-1","max-image-preview":"max-image-preview:large","max-video-preview":"max-video-preview:-1"},"canonical":"https:\/\/www.visit-ulcinj.com\/blog\/2014\/11\/05\/porto-montenegro-nismo-na-prodaju\/","og_locale":"en_US","og_type":"article","og_title":"Porto Montenegro: Nismo na prodaju - Lajme nga Ulqini","og_description":"PODGORICA - Povodom medijskih \u0161pekulacija da ve\u0107inski vlasnik projekta Porto Montenegro, Peter Munk prodaje projekat, iz kompanije su saop\u0161tili da se","og_url":"https:\/\/www.visit-ulcinj.com\/blog\/2014\/11\/05\/porto-montenegro-nismo-na-prodaju\/","og_site_name":"Lajme nga Ulqini","article_published_time":"2014-11-05T12:09:57+00:00","og_image":[{"url":"http:\/\/www.visit-ulcinj.com\/blog\/wp-content\/uploads\/2014\/06\/Porto-Montenegro.jpg"}],"twitter_misc":{"Written by":"ulqini","Est. reading time":"1 minute"},"schema":{"@context":"https:\/\/schema.org","@graph":[{"@type":"WebSite","@id":"https:\/\/www.visit-ulcinj.com\/blog\/#website","url":"https:\/\/www.visit-ulcinj.com\/blog\/","name":"Lajme nga Ulqini","description":"Lajme,Vijesti,Ulqini,Ulqin,Crna Gora,Mali i Zi","potentialAction":[{"@type":"SearchAction","target":{"@type":"EntryPoint","urlTemplate":"https:\/\/www.visit-ulcinj.com\/blog\/?s={search_term_string}"},"query-input":"required name=search_term_string"}],"inLanguage":"en-US"},{"@type":"ImageObject","inLanguage":"en-US","@id":"https:\/\/www.visit-ulcinj.com\/blog\/2014\/11\/05\/porto-montenegro-nismo-na-prodaju\/#primaryimage","url":"https:\/\/www.visit-ulcinj.com\/blog\/wp-content\/uploads\/2014\/06\/Porto-Montenegro.jpg","contentUrl":"https:\/\/www.visit-ulcinj.com\/blog\/wp-content\/uploads\/2014\/06\/Porto-Montenegro.jpg","width":1024,"height":435},{"@type":"WebPage","@id":"https:\/\/www.visit-ulcinj.com\/blog\/2014\/11\/05\/porto-montenegro-nismo-na-prodaju\/#webpage","url":"https:\/\/www.visit-ulcinj.com\/blog\/2014\/11\/05\/porto-montenegro-nismo-na-prodaju\/","name":"Porto Montenegro: Nismo na prodaju - Lajme nga Ulqini","isPartOf":{"@id":"https:\/\/www.visit-ulcinj.com\/blog\/#website"},"primaryImageOfPage":{"@id":"https:\/\/www.visit-ulcinj.com\/blog\/2014\/11\/05\/porto-montenegro-nismo-na-prodaju\/#primaryimage"},"datePublished":"2014-11-05T12:09:57+00:00","dateModified":"2014-11-05T12:09:57+00:00","author":{"@id":"https:\/\/www.visit-ulcinj.com\/blog\/#\/schema\/person\/dcab619c614d3038751c63bc2aadc06d"},"description":"PODGORICA - Povodom medijskih \u0161pekulacija da ve\u0107inski vlasnik projekta Porto Montenegro, Peter Munk prodaje projekat, iz kompanije su saop\u0161tili da se","breadcrumb":{"@id":"https:\/\/www.visit-ulcinj.com\/blog\/2014\/11\/05\/porto-montenegro-nismo-na-prodaju\/#breadcrumb"},"inLanguage":"en-US","potentialAction":[{"@type":"ReadAction","target":["https:\/\/www.visit-ulcinj.com\/blog\/2014\/11\/05\/porto-montenegro-nismo-na-prodaju\/"]}]},{"@type":"BreadcrumbList","@id":"https:\/\/www.visit-ulcinj.com\/blog\/2014\/11\/05\/porto-montenegro-nismo-na-prodaju\/#breadcrumb","itemListElement":[{"@type":"ListItem","position":1,"name":"Porto Montenegro: Nismo na prodaju"}]},{"@type":"Person","@id":"https:\/\/www.visit-ulcinj.com\/blog\/#\/schema\/person\/dcab619c614d3038751c63bc2aadc06d","name":"ulqini","sameAs":["http:\/\/www.visit-ulcinj.com"],"url":"https:\/\/www.visit-ulcinj.com\/blog\/author\/admin\/"}]}},"jetpack_featured_media_url":"","jetpack_sharing_enabled":true,"jetpack_shortlink":"https:\/\/wp.me\/pe6lTn-mp2","_links":{"self":[{"href":"https:\/\/www.visit-ulcinj.com\/blog\/wp-json\/wp\/v2\/posts\/86120"}],"collection":[{"href":"https:\/\/www.visit-ulcinj.com\/blog\/wp-json\/wp\/v2\/posts"}],"about":[{"href":"https:\/\/www.visit-ulcinj.com\/blog\/wp-json\/wp\/v2\/types\/post"}],"author":[{"embeddable":true,"href":"https:\/\/www.visit-ulcinj.com\/blog\/wp-json\/wp\/v2\/users\/1"}],"replies":[{"embeddable":true,"href":"https:\/\/www.visit-ulcinj.com\/blog\/wp-json\/wp\/v2\/comments?post=86120"}],"version-history":[{"count":1,"href":"https:\/\/www.visit-ulcinj.com\/blog\/wp-json\/wp\/v2\/posts\/86120\/revisions"}],"predecessor-version":[{"id":86121,"href":"https:\/\/www.visit-ulcinj.com\/blog\/wp-json\/wp\/v2\/posts\/86120\/revisions\/86121"}],"wp:attachment":[{"href":"https:\/\/www.visit-ulcinj.com\/blog\/wp-json\/wp\/v2\/media?parent=86120"}],"wp:term":[{"taxonomy":"category","embeddable":true,"href":"https:\/\/www.visit-ulcinj.com\/blog\/wp-json\/wp\/v2\/categories?post=86120"},{"taxonomy":"post_tag","embeddable":true,"href":"https:\/\/www.visit-ulcinj.com\/blog\/wp-json\/wp\/v2\/tags?post=86120"}],"curies":[{"name":"wp","href":"https:\/\/api.w.org\/{rel}","templated":true}]}}