{"id":86146,"date":"2014-11-05T19:27:27","date_gmt":"2014-11-05T18:27:27","guid":{"rendered":"http:\/\/www.visit-ulcinj.com\/blog\/?p=86146"},"modified":"2014-11-05T19:27:27","modified_gmt":"2014-11-05T18:27:27","slug":"gjeke-gjonlekaj-faqja-e-bardhe-e-trieshit-ne-amerike","status":"publish","type":"post","link":"https:\/\/www.visit-ulcinj.com\/blog\/2014\/11\/05\/gjeke-gjonlekaj-faqja-e-bardhe-e-trieshit-ne-amerike\/","title":{"rendered":"Gjek\u00eb Gjonlekaj, faqja e bardh\u00eb e Trieshit  n\u00eb Amerik\u00eb"},"content":{"rendered":"<p><strong><a href=\"http:\/\/www.visit-ulcinj.com\/blog\/wp-content\/uploads\/2013\/10\/Gjeke-Gjonaj-Ulqin.jpg\"><img loading=\"lazy\" class=\"alignleft wp-image-75393 size-medium\" src=\"http:\/\/www.visit-ulcinj.com\/blog\/wp-content\/uploads\/2013\/10\/Gjeke-Gjonaj-Ulqin-300x275.jpg\" alt=\"Gjeke-Gjonaj-Ulqin\" width=\"300\" height=\"275\" srcset=\"https:\/\/www.visit-ulcinj.com\/blog\/wp-content\/uploads\/2013\/10\/Gjeke-Gjonaj-Ulqin-300x275.jpg 300w, https:\/\/www.visit-ulcinj.com\/blog\/wp-content\/uploads\/2013\/10\/Gjeke-Gjonaj-Ulqin.jpg 606w\" sizes=\"(max-width: 300px) 100vw, 300px\" \/><\/a>Gjek\u00eb Gjonaj<\/strong><\/p>\n<p>Un\u00eb personalisht nuk e kam takuar asnj\u00ebher\u00eb protagonistin e k\u00ebtij shkrimi.Me k\u00ebt\u00eb bashk\u00ebvendas nuk kam zhvilluar asnj\u00eb bised\u00eb. Si em\u00ebr e mbaj mend qysh se ai punonte gazetar i Z\u00ebrit t\u00eb Amerik\u00ebs, n\u00eb vitet 80-t\u00eb t\u00eb shekullit t\u00eb kaluar. N\u00ebse nuk gabohem ishte shqiptari i par\u00eb nga trevat etnike shqiptare n\u00eb Mal t\u00eb Zi q\u00eb p\u00ebrmes val\u00ebve t\u00eb k\u00ebtij radiostacioni prestigjioz nd\u00ebrkomb\u00ebtar informonte opinionin p\u00ebr problemet e shqiptar\u00ebve n\u00eb Ballkan dhe diaspor\u00eb. Prej at\u00ebher\u00eb kam fituar bindjen se fjala \u00ebsht\u00eb p\u00ebr nj\u00eb intelektual t\u00eb mir\u00ebfillt\u00eb i p\u00ebrkushtuar vendlindjes dhe kombit shqiptar. Ky respekt\u00a0\u00a0 ndaj tij vazhdon edhe sot. E p\u00ebrbashk\u00ebta jon\u00eb \u00ebsht\u00eb se jemi nga e nj\u00ebjta trev\u00eb ku respektohet shum\u00eb tradita, trash\u00ebgimia\u00a0\u00a0 familjare dhe virtytet e mal\u00ebsor\u00ebve. T\u00eb rritur e t\u00eb edukuar n\u00eb nj\u00eb rreth shoq\u00ebror n\u00eb frym\u00ebn komb\u00ebtare, t\u00eb ushqyer me brumin shqiptar. Kemi t\u00eb nj\u00ebjtin em\u00ebr. T\u00eb nj\u00ebjtat iniciale GJ.Gj. Kemi studiuar n\u00eb Kosov\u00eb. Kemi qen\u00eb dhe jemi koleg ( gazetar) . Dhe \u00e7ka \u00ebsht\u00eb m\u00eb me r\u00ebnd\u00ebsi na bashkon p\u00ebrpjekja jon\u00eb modeste q\u00eb me fuqin\u00eb e pend\u00ebs t\u00eb afirmojm\u00eb vlerat tona komb\u00ebtare.<\/p>\n<p>&nbsp;<\/p>\n<p><strong>Personalitet me veprimtari t\u00eb gjithanshme <\/strong><\/p>\n<p>Veprimtaria e Gjonlekajt \u00a0\u00ebsht\u00eb e pasur, e gj\u00ebr\u00eb dhe shum\u00ebdimensionale, me nj\u00eb shtrirje n\u00eb disa fusha. Renditet n\u00eb mesin e gazetar\u00ebve m\u00eb t\u00eb r\u00ebnd\u00ebsish\u00ebm shqiptar t\u00eb diaspor\u00ebs n\u00eb fundshekullin e kaluar. Ai ka bashk\u00ebpunuar dhe bashk\u00ebpunon me shum\u00eb gazeta e portale shqiptare, por edhe me shtypin e huaj. Emri i tij tashm\u00eb \u00ebsht\u00eb nj\u00eb z\u00eb i njohur n\u00eb bot\u00ebn e gazetaris\u00eb shqiptare. Me veprimtarin\u00eb e tij n\u00eb fush\u00ebn e shtypit\u00a0\u00a0 Gjonlekaj ka propaganduar zgjidhjen e \u00e7\u00ebshtjes komb\u00ebtare shqiptare ashtu si\u00e7 b\u00ebnte bashk\u00ebvendasi i tij Nikoll\u00eb Ivanaj dhe shum\u00eb publicist\u00eb t\u00eb tjer\u00eb shqiptar\u00eb n\u00eb periudh\u00ebn e Rilindjes Komb\u00ebtare. P\u00ebrve\u00e7 gazetaris\u00eb, ai \u00ebsht\u00eb i njohur si intelektual, si humanist, si botues, si atdhetar i devotsh\u00ebm i angazhuar gjithnj\u00eb p\u00ebr zgjidhjen e \u00e7\u00ebshtjes s\u00eb shqiptar\u00ebve n\u00eb Ballkan,por edhe si orator,apo si\u00e7 themi ne trieshjan\u00ebt goj\u00ebtar,q\u00eb flet bukur para popullit. N\u00eb gjykimin tim Gjek\u00eb Gjonlekaj \u00ebsht\u00eb nj\u00eb intelektual i angazhuar, q\u00eb nuk pajtohet kurr\u00eb me at\u00eb q\u00eb mendonte se nuk duhet t\u00eb ishte ashtu. \u00cbsht\u00eb nj\u00eb mendje e pavarur q\u00eb vazhdimisht merr\u00eb pjes\u00eb n\u00eb shqet\u00ebsimet e popullit t\u00eb vet dhe jep mendimin e tij t\u00eb pavarur. Dhe kjo nuk \u00ebsht\u00eb pak.<\/p>\n<p><strong>Profili gazetaresk <\/strong><\/p>\n<p>&nbsp;<\/p>\n<p>Me an\u00eb t\u00eb shkrimeve, komenteve, ngjarjeve historike, reportazhe dhe profile historike, qytetare e intelektuale, Gjonlekaj solli n\u00ebp\u00ebrmjet\u00a0\u00a0 Z\u00ebrit t\u00eb Amerik\u00ebs , jet\u00ebn e komunitetit shqiptar n\u00eb Amerik\u00eb, e t\u00eb shqiptar\u00ebve jasht\u00eb trungut am\u00eb.Profili i publicistit , intelektualit dhe gazetarit t\u00eb njohur Gjek\u00eb Gjonlekaj n\u00eb vitet 1982-1992, kur punoi si gazetar n\u00eb Z\u00ebrin e Amerik\u00ebs i p\u00ebrket brezit t\u00eb art\u00eb t\u00eb gazetar\u00ebve n\u00eb m\u00ebgrim, t\u00eb cil\u00ebt me\u00a0\u00a0 fuqin\u00eb e mendjes s\u00eb mpreht\u00eb, n\u00eb saj\u00eb t\u00eb p\u00ebrkushtimit, pasionit e p\u00ebrgjegjshm\u00ebris\u00eb morale, qytetare e intelektuale na ka dh\u00ebn\u00eb gazetarin\u00eb bashk\u00ebkohore, profesionale . P\u00ebrmes profesionit t\u00eb gazetarit vler\u00ebsoj se na dha profilin\u00a0\u00a0 e tij shoq\u00ebror e qytetar t\u00eb njojhur jo vet\u00ebm nga kritika e koh\u00ebs ,por edhe nga opinion publik shqiptar.<\/p>\n<p>&nbsp;<\/p>\n<p><strong>Preokupimi komb\u00ebtar <\/strong><\/p>\n<p>Nga njohjet dhe informacionet e mia ky veprimtar e aktiviist i palodhur i komunitetit shqiptar n\u00eb Amerik\u00eb gjat\u00eb gjith\u00eb jet\u00ebs s\u00eb tij n\u00eb k\u00ebt\u00eb kontinent\u00eb t\u00eb mund\u00ebsive dhe lirive t\u00eb m\u00ebdha ka qen\u00eb i preokupuar p\u00ebr mbrojtjen e \u00e7\u00ebshtjes shqiptare. Sidomos u shqua p\u00ebr veprimtarin\u00eb e tij n\u00eb realizimin e aspiratave t\u00eb popullit shqiptar n\u00eb Ballkan, ve\u00e7mas n\u00eb dekad\u00ebn e fundit dhe t\u00eb parafundit t\u00eb shekullit t\u00eb kaluar, periudh\u00eb kjo tep\u00ebr e r\u00ebnd\u00ebsishme p\u00ebr \u00e7\u00ebshtjen shqiptare. Ka marr\u00eb pjes\u00eb aktive n\u00eb organizimin e veprimtarive t\u00eb shumta t\u00eb tilla atdhetare n\u00eb Nju-Jork, Uashington e qendra t\u00eb tjera , duke e njohtuar Qeverin\u00eb Amerikane me padrejt\u00ebsit\u00eb q\u00eb u b\u00ebhen shqiptar\u00ebve nga sistemet totalitare komuniste dhe p\u00ebr k\u00ebrkesat e tyre p\u00ebr liri e pavar\u00ebsi . N\u00eb formimin e tij komb\u00ebtar ndoshta kan\u00eb ndikuar sadopak edhe bashk\u00ebvendasit ton\u00eb: Prof.dr. Mirash Ivanaj, minist\u00ebr i Arsimit n\u00eb Shqip\u00ebri, nj\u00ebri nd\u00ebr intelektual\u00ebt m\u00eb t\u00eb njohur t\u00eb kombit shqiptar dhe Atanas Gega, autor i nj\u00eb vepre t\u00eb r\u00ebnd\u00ebsishme p\u00ebr Sk\u00ebnderbeun.<\/p>\n<p><strong>Takimi me nobelisten shqiptare <\/strong><\/p>\n<p>N\u00eb jet\u00ebn e p\u00ebrditshme si gazetar Gjonlekaj ka patur kontakte me personalitete t\u00eb kultur\u00ebs, intelektual\u00eb e qytetar\u00eb t\u00eb thjesht\u00eb, figura t\u00eb njohur t\u00eb politik\u00ebs shqiptare dhe asaj t\u00eb huaj. N\u00eb karrier\u00ebn e tij n\u00eb fush\u00ebn e gazetaris\u00eb,si \u00e7do gazetar, besoj se ka p\u00ebrjetuar momente t\u00eb ndryshme, t\u00eb k\u00ebndshme, kritike, d\u00ebshpruese e t\u00eb trishta. Por \u00a0jam i sigurt se momenti m\u00eb mbres\u00ebl\u00ebn\u00ebs nga eksperienca e tij \u00ebsht\u00eb intervista me N\u00ebn\u00eb Terez\u00ebn- simbolin e identitetit modern shqiptar. Takimi i tij i par\u00eb me humanisten shqiptare t\u00eb p\u00ebrmasave bot\u00ebrore ishte n\u00eb vitin 1988 n\u00eb Nju- Jork. Gjonlekaj, duke raportuar p\u00ebr Radion e Z\u00ebrit t\u00eb Amerik\u00ebs\u00a0\u00a0 p\u00ebr nobelisten shqiptare, arriti t\u00eb regjistroj\u00eb z\u00ebrin e N\u00ebn\u00eb Terez\u00ebs n\u00eb recitimin e urat\u00ebs tradicionale \u201c Puna e Pendimit\u201d, n\u00eb gjuh\u00ebn shqipe<\/p>\n<p>Nga ky fragment i in\u00e7izuar nga z. Gjonlekaj dhe i transmetuar , si\u00e7 theksova, nga Z\u00ebri i Amerik\u00ebs, t\u00eb gjith\u00eb shqiptar\u00ebt an\u00eb e mban\u00eb bot\u00ebs\u00a0\u00a0 m\u00ebsuan se N\u00ebn\u00eb Tereza nuk e kishte harruar gjuh\u00ebn e origjin\u00ebs \u2013 shqipen edhe pas\u00a0\u00a0 nj\u00eb largimi prej 60 vjet\u00ebsh nga qyteti i Shkupit dhe q\u00ebndrimit t\u00eb saj n\u00eb ambijente joqshqiptare, apo si\u00e7 thoshte Ali Podrimja <em>\u201c \u00c7\u00ebsht\u00eb e v\u00ebrteta, lutjet as uratat n\u00eb gjuh\u00ebn shqipe N\u00ebn\u00eb Tereza nuk i kishte harruar p\u00ebr t\u00eb gjall\u00eb , as nuk mund t\u2019i thoshte n\u00eb nj\u00eb gjuh\u00eb tjet\u00ebr\u201d<\/em>.\u00a0\u00a0 Gjonlekaj ka patur fatin e madh\u00a0\u00a0 t\u00eb takoj\u00eb disa her\u00eb N\u00ebn\u00eb Ter\u00ebz\u00ebn dhe ka pasur korrespondenc\u00eb me t\u00eb. I lumi ai q\u00eb e ka takuar dhe njohur personalisht k\u00ebt\u00eb simbol t\u00eb humanizmit shqiptar, k\u00ebt\u00eb ikon\u00eb t\u00eb mbar\u00eb njer\u00ebzimit.Nd\u00ebrkaq N\u00ebna Terez\u00eb n\u00eb vitin 1997 kur Kongresi Amerikan e shpalli qytetare nderi,iu kishte drejtuar v\u00ebllaznis\u00eb Gjonlekaj : \u201c <em>\u00c7do pun\u00eb e b\u00ebr\u00eb\/ me zem\u00ebr t\u00eb plot\u00eb\/ e ofron njeriun\/ pran\u00eb t\u00eb madhit Zot\u2026 ( E juaja fisnike, shtator 1997).<\/em><\/p>\n<p><strong>\u00a0<\/strong><\/p>\n<p><strong>Kontributet n\u00eb fusha t\u00eb tjera <\/strong><\/p>\n<p>P\u00ebrve\u00e7 veprimtaris\u00eb publicistike dhe atdhetare Gjek\u00eb Gjonlekaj\u00a0\u00a0 ka l\u00ebn\u00eb gjurm\u00eb t\u00eb pashlyera edhe n\u00eb fusha t\u00eb tjera. T\u00eb flas\u00ebsh p\u00ebr t\u00eb dhe t\u00eb mos p\u00ebrmendet kontributi i tij i madh n\u00eb fush\u00ebn e botimeve dhe n\u00eb rrafshin humanitar\u00a0\u00a0 \u00ebsht\u00eb e pamundur dhe e pashmangshme. Sht\u00ebpia botuese \u201c Gjonlekaj\u201d n\u00eb Nju-Jork ka botuar kryesisht n\u00eb gjuh\u00ebn angleze shum\u00eb vepra kapitale nga letrat shqipe, nd\u00ebr t\u00eb cilat ve\u00e7ojm\u00eb : veprat madhore t\u00eb Faik Konic\u00ebs dhe Kanunin e Lek\u00eb Dukagjinit t\u00eb At Shtjef\u00ebn Konstantin Gje\u00e7ovit. Me k\u00ebto dhe botime t\u00eb tjera n\u00eb gjuh\u00ebn angleze Gjonlekaj mund\u00ebsoi njohjen e kultur\u00ebs shqiptare n\u00eb vendet anglishtfol\u00ebse. Sponsoroi shum\u00eb aktivitete kulturore e shkencore n\u00eb Nju-Jork kushtuar figurave t\u00eb m\u00ebdha t\u00eb kombit shqiptar. Gjek\u00eb Gjonlekaj dhe v\u00ebllai i tij\u00a0\u00a0 Luca, p\u00ebrpos kontributit q\u00eb kan\u00eb dh\u00ebn\u00eb n\u00eb shum\u00eb drejtime t\u00eb tjera n\u00eb t\u00eb mir\u00eb t\u00eb popullit shqiptar, jan\u00eb angazhuar edhe n\u00eb fush\u00ebn e humanizmit njer\u00ebzor. N\u00eb k\u00ebt\u00eb aspekt nuk ka munguar as kontributi i tyre n\u00eb vendlindje. Trieshjan\u00ebt ndjehen krenar\u00eb p\u00ebr v\u00ebllez\u00ebrit Gjonlekaj. Ata thon\u00eb me bindje se Gjonlekajt jan\u00eb faqja e bardh\u00eb e Trieshit n\u00eb Amerik\u00eb.<\/p>\n<p>&nbsp;<\/p>\n","protected":false},"excerpt":{"rendered":"<p>Gjek\u00eb Gjonaj Un\u00eb personalisht nuk e kam takuar asnj\u00ebher\u00eb protagonistin e k\u00ebtij shkrimi.Me k\u00ebt\u00eb bashk\u00ebvendas nuk kam zhvilluar asnj\u00eb bised\u00eb. Si em\u00ebr e mbaj mend qysh se ai punonte gazetar i Z\u00ebrit t\u00eb Amerik\u00ebs, n\u00eb vitet 80-t\u00eb t\u00eb shekullit t\u00eb kaluar. N\u00ebse nuk gabohem ishte shqiptari i par\u00eb nga trevat etnike shqiptare n\u00eb Mal t\u00eb [&hellip;]<\/p>\n","protected":false},"author":1,"featured_media":0,"comment_status":"closed","ping_status":"closed","sticky":false,"template":"","format":"standard","meta":{"spay_email":"","jetpack_publicize_message":"","jetpack_is_tweetstorm":false,"jetpack_publicize_feature_enabled":true},"categories":[5],"tags":[],"jetpack_publicize_connections":[],"yoast_head":"<!-- This site is optimized with the Yoast SEO plugin v19.1 - https:\/\/yoast.com\/wordpress\/plugins\/seo\/ -->\n<title>Gjek\u00eb Gjonlekaj, faqja e bardh\u00eb e Trieshit n\u00eb Amerik\u00eb - Lajme nga Ulqini<\/title>\n<meta name=\"description\" content=\"Gjek\u00eb Gjonaj Un\u00eb personalisht nuk e kam takuar asnj\u00ebher\u00eb protagonistin e k\u00ebtij shkrimi.Me k\u00ebt\u00eb bashk\u00ebvendas nuk kam zhvilluar asnj\u00eb bised\u00eb. Si em\u00ebr e mbaj\" \/>\n<meta name=\"robots\" content=\"index, follow, max-snippet:-1, max-image-preview:large, max-video-preview:-1\" \/>\n<link rel=\"canonical\" href=\"https:\/\/www.visit-ulcinj.com\/blog\/2014\/11\/05\/gjeke-gjonlekaj-faqja-e-bardhe-e-trieshit-ne-amerike\/\" \/>\n<meta property=\"og:locale\" content=\"en_US\" \/>\n<meta property=\"og:type\" content=\"article\" \/>\n<meta property=\"og:title\" content=\"Gjek\u00eb Gjonlekaj, faqja e bardh\u00eb e Trieshit n\u00eb Amerik\u00eb - Lajme nga Ulqini\" \/>\n<meta property=\"og:description\" content=\"Gjek\u00eb Gjonaj Un\u00eb personalisht nuk e kam takuar asnj\u00ebher\u00eb protagonistin e k\u00ebtij shkrimi.Me k\u00ebt\u00eb bashk\u00ebvendas nuk kam zhvilluar asnj\u00eb bised\u00eb. Si em\u00ebr e mbaj\" \/>\n<meta property=\"og:url\" content=\"https:\/\/www.visit-ulcinj.com\/blog\/2014\/11\/05\/gjeke-gjonlekaj-faqja-e-bardhe-e-trieshit-ne-amerike\/\" \/>\n<meta property=\"og:site_name\" content=\"Lajme nga Ulqini\" \/>\n<meta property=\"article:published_time\" content=\"2014-11-05T18:27:27+00:00\" \/>\n<meta property=\"og:image\" content=\"http:\/\/www.visit-ulcinj.com\/blog\/wp-content\/uploads\/2013\/10\/Gjeke-Gjonaj-Ulqin-300x275.jpg\" \/>\n<meta name=\"twitter:label1\" content=\"Written by\" \/>\n\t<meta name=\"twitter:data1\" content=\"ulqini\" \/>\n\t<meta name=\"twitter:label2\" content=\"Est. reading time\" \/>\n\t<meta name=\"twitter:data2\" content=\"7 minutes\" \/>\n<script type=\"application\/ld+json\" class=\"yoast-schema-graph\">{\"@context\":\"https:\/\/schema.org\",\"@graph\":[{\"@type\":\"WebSite\",\"@id\":\"https:\/\/www.visit-ulcinj.com\/blog\/#website\",\"url\":\"https:\/\/www.visit-ulcinj.com\/blog\/\",\"name\":\"Lajme nga Ulqini\",\"description\":\"Lajme,Vijesti,Ulqini,Ulqin,Crna Gora,Mali i Zi\",\"potentialAction\":[{\"@type\":\"SearchAction\",\"target\":{\"@type\":\"EntryPoint\",\"urlTemplate\":\"https:\/\/www.visit-ulcinj.com\/blog\/?s={search_term_string}\"},\"query-input\":\"required name=search_term_string\"}],\"inLanguage\":\"en-US\"},{\"@type\":\"ImageObject\",\"inLanguage\":\"en-US\",\"@id\":\"https:\/\/www.visit-ulcinj.com\/blog\/2014\/11\/05\/gjeke-gjonlekaj-faqja-e-bardhe-e-trieshit-ne-amerike\/#primaryimage\",\"url\":\"https:\/\/www.visit-ulcinj.com\/blog\/wp-content\/uploads\/2013\/10\/Gjeke-Gjonaj-Ulqin.jpg\",\"contentUrl\":\"https:\/\/www.visit-ulcinj.com\/blog\/wp-content\/uploads\/2013\/10\/Gjeke-Gjonaj-Ulqin.jpg\",\"width\":606,\"height\":557},{\"@type\":\"WebPage\",\"@id\":\"https:\/\/www.visit-ulcinj.com\/blog\/2014\/11\/05\/gjeke-gjonlekaj-faqja-e-bardhe-e-trieshit-ne-amerike\/#webpage\",\"url\":\"https:\/\/www.visit-ulcinj.com\/blog\/2014\/11\/05\/gjeke-gjonlekaj-faqja-e-bardhe-e-trieshit-ne-amerike\/\",\"name\":\"Gjek\u00eb Gjonlekaj, faqja e bardh\u00eb e Trieshit n\u00eb Amerik\u00eb - Lajme nga Ulqini\",\"isPartOf\":{\"@id\":\"https:\/\/www.visit-ulcinj.com\/blog\/#website\"},\"primaryImageOfPage\":{\"@id\":\"https:\/\/www.visit-ulcinj.com\/blog\/2014\/11\/05\/gjeke-gjonlekaj-faqja-e-bardhe-e-trieshit-ne-amerike\/#primaryimage\"},\"datePublished\":\"2014-11-05T18:27:27+00:00\",\"dateModified\":\"2014-11-05T18:27:27+00:00\",\"author\":{\"@id\":\"https:\/\/www.visit-ulcinj.com\/blog\/#\/schema\/person\/dcab619c614d3038751c63bc2aadc06d\"},\"description\":\"Gjek\u00eb Gjonaj Un\u00eb personalisht nuk e kam takuar asnj\u00ebher\u00eb protagonistin e k\u00ebtij shkrimi.Me k\u00ebt\u00eb bashk\u00ebvendas nuk kam zhvilluar asnj\u00eb bised\u00eb. Si em\u00ebr e mbaj\",\"breadcrumb\":{\"@id\":\"https:\/\/www.visit-ulcinj.com\/blog\/2014\/11\/05\/gjeke-gjonlekaj-faqja-e-bardhe-e-trieshit-ne-amerike\/#breadcrumb\"},\"inLanguage\":\"en-US\",\"potentialAction\":[{\"@type\":\"ReadAction\",\"target\":[\"https:\/\/www.visit-ulcinj.com\/blog\/2014\/11\/05\/gjeke-gjonlekaj-faqja-e-bardhe-e-trieshit-ne-amerike\/\"]}]},{\"@type\":\"BreadcrumbList\",\"@id\":\"https:\/\/www.visit-ulcinj.com\/blog\/2014\/11\/05\/gjeke-gjonlekaj-faqja-e-bardhe-e-trieshit-ne-amerike\/#breadcrumb\",\"itemListElement\":[{\"@type\":\"ListItem\",\"position\":1,\"name\":\"Gjek\u00eb Gjonlekaj, faqja e bardh\u00eb e Trieshit n\u00eb Amerik\u00eb\"}]},{\"@type\":\"Person\",\"@id\":\"https:\/\/www.visit-ulcinj.com\/blog\/#\/schema\/person\/dcab619c614d3038751c63bc2aadc06d\",\"name\":\"ulqini\",\"sameAs\":[\"http:\/\/www.visit-ulcinj.com\"],\"url\":\"https:\/\/www.visit-ulcinj.com\/blog\/author\/admin\/\"}]}<\/script>\n<!-- \/ Yoast SEO plugin. -->","yoast_head_json":{"title":"Gjek\u00eb Gjonlekaj, faqja e bardh\u00eb e Trieshit n\u00eb Amerik\u00eb - Lajme nga Ulqini","description":"Gjek\u00eb Gjonaj Un\u00eb personalisht nuk e kam takuar asnj\u00ebher\u00eb protagonistin e k\u00ebtij shkrimi.Me k\u00ebt\u00eb bashk\u00ebvendas nuk kam zhvilluar asnj\u00eb bised\u00eb. Si em\u00ebr e mbaj","robots":{"index":"index","follow":"follow","max-snippet":"max-snippet:-1","max-image-preview":"max-image-preview:large","max-video-preview":"max-video-preview:-1"},"canonical":"https:\/\/www.visit-ulcinj.com\/blog\/2014\/11\/05\/gjeke-gjonlekaj-faqja-e-bardhe-e-trieshit-ne-amerike\/","og_locale":"en_US","og_type":"article","og_title":"Gjek\u00eb Gjonlekaj, faqja e bardh\u00eb e Trieshit n\u00eb Amerik\u00eb - Lajme nga Ulqini","og_description":"Gjek\u00eb Gjonaj Un\u00eb personalisht nuk e kam takuar asnj\u00ebher\u00eb protagonistin e k\u00ebtij shkrimi.Me k\u00ebt\u00eb bashk\u00ebvendas nuk kam zhvilluar asnj\u00eb bised\u00eb. Si em\u00ebr e mbaj","og_url":"https:\/\/www.visit-ulcinj.com\/blog\/2014\/11\/05\/gjeke-gjonlekaj-faqja-e-bardhe-e-trieshit-ne-amerike\/","og_site_name":"Lajme nga Ulqini","article_published_time":"2014-11-05T18:27:27+00:00","og_image":[{"url":"http:\/\/www.visit-ulcinj.com\/blog\/wp-content\/uploads\/2013\/10\/Gjeke-Gjonaj-Ulqin-300x275.jpg"}],"twitter_misc":{"Written by":"ulqini","Est. reading time":"7 minutes"},"schema":{"@context":"https:\/\/schema.org","@graph":[{"@type":"WebSite","@id":"https:\/\/www.visit-ulcinj.com\/blog\/#website","url":"https:\/\/www.visit-ulcinj.com\/blog\/","name":"Lajme nga Ulqini","description":"Lajme,Vijesti,Ulqini,Ulqin,Crna Gora,Mali i Zi","potentialAction":[{"@type":"SearchAction","target":{"@type":"EntryPoint","urlTemplate":"https:\/\/www.visit-ulcinj.com\/blog\/?s={search_term_string}"},"query-input":"required name=search_term_string"}],"inLanguage":"en-US"},{"@type":"ImageObject","inLanguage":"en-US","@id":"https:\/\/www.visit-ulcinj.com\/blog\/2014\/11\/05\/gjeke-gjonlekaj-faqja-e-bardhe-e-trieshit-ne-amerike\/#primaryimage","url":"https:\/\/www.visit-ulcinj.com\/blog\/wp-content\/uploads\/2013\/10\/Gjeke-Gjonaj-Ulqin.jpg","contentUrl":"https:\/\/www.visit-ulcinj.com\/blog\/wp-content\/uploads\/2013\/10\/Gjeke-Gjonaj-Ulqin.jpg","width":606,"height":557},{"@type":"WebPage","@id":"https:\/\/www.visit-ulcinj.com\/blog\/2014\/11\/05\/gjeke-gjonlekaj-faqja-e-bardhe-e-trieshit-ne-amerike\/#webpage","url":"https:\/\/www.visit-ulcinj.com\/blog\/2014\/11\/05\/gjeke-gjonlekaj-faqja-e-bardhe-e-trieshit-ne-amerike\/","name":"Gjek\u00eb Gjonlekaj, faqja e bardh\u00eb e Trieshit n\u00eb Amerik\u00eb - Lajme nga Ulqini","isPartOf":{"@id":"https:\/\/www.visit-ulcinj.com\/blog\/#website"},"primaryImageOfPage":{"@id":"https:\/\/www.visit-ulcinj.com\/blog\/2014\/11\/05\/gjeke-gjonlekaj-faqja-e-bardhe-e-trieshit-ne-amerike\/#primaryimage"},"datePublished":"2014-11-05T18:27:27+00:00","dateModified":"2014-11-05T18:27:27+00:00","author":{"@id":"https:\/\/www.visit-ulcinj.com\/blog\/#\/schema\/person\/dcab619c614d3038751c63bc2aadc06d"},"description":"Gjek\u00eb Gjonaj Un\u00eb personalisht nuk e kam takuar asnj\u00ebher\u00eb protagonistin e k\u00ebtij shkrimi.Me k\u00ebt\u00eb bashk\u00ebvendas nuk kam zhvilluar asnj\u00eb bised\u00eb. Si em\u00ebr e mbaj","breadcrumb":{"@id":"https:\/\/www.visit-ulcinj.com\/blog\/2014\/11\/05\/gjeke-gjonlekaj-faqja-e-bardhe-e-trieshit-ne-amerike\/#breadcrumb"},"inLanguage":"en-US","potentialAction":[{"@type":"ReadAction","target":["https:\/\/www.visit-ulcinj.com\/blog\/2014\/11\/05\/gjeke-gjonlekaj-faqja-e-bardhe-e-trieshit-ne-amerike\/"]}]},{"@type":"BreadcrumbList","@id":"https:\/\/www.visit-ulcinj.com\/blog\/2014\/11\/05\/gjeke-gjonlekaj-faqja-e-bardhe-e-trieshit-ne-amerike\/#breadcrumb","itemListElement":[{"@type":"ListItem","position":1,"name":"Gjek\u00eb Gjonlekaj, faqja e bardh\u00eb e Trieshit n\u00eb Amerik\u00eb"}]},{"@type":"Person","@id":"https:\/\/www.visit-ulcinj.com\/blog\/#\/schema\/person\/dcab619c614d3038751c63bc2aadc06d","name":"ulqini","sameAs":["http:\/\/www.visit-ulcinj.com"],"url":"https:\/\/www.visit-ulcinj.com\/blog\/author\/admin\/"}]}},"jetpack_featured_media_url":"","jetpack_sharing_enabled":true,"jetpack_shortlink":"https:\/\/wp.me\/pe6lTn-mps","_links":{"self":[{"href":"https:\/\/www.visit-ulcinj.com\/blog\/wp-json\/wp\/v2\/posts\/86146"}],"collection":[{"href":"https:\/\/www.visit-ulcinj.com\/blog\/wp-json\/wp\/v2\/posts"}],"about":[{"href":"https:\/\/www.visit-ulcinj.com\/blog\/wp-json\/wp\/v2\/types\/post"}],"author":[{"embeddable":true,"href":"https:\/\/www.visit-ulcinj.com\/blog\/wp-json\/wp\/v2\/users\/1"}],"replies":[{"embeddable":true,"href":"https:\/\/www.visit-ulcinj.com\/blog\/wp-json\/wp\/v2\/comments?post=86146"}],"version-history":[{"count":1,"href":"https:\/\/www.visit-ulcinj.com\/blog\/wp-json\/wp\/v2\/posts\/86146\/revisions"}],"predecessor-version":[{"id":86147,"href":"https:\/\/www.visit-ulcinj.com\/blog\/wp-json\/wp\/v2\/posts\/86146\/revisions\/86147"}],"wp:attachment":[{"href":"https:\/\/www.visit-ulcinj.com\/blog\/wp-json\/wp\/v2\/media?parent=86146"}],"wp:term":[{"taxonomy":"category","embeddable":true,"href":"https:\/\/www.visit-ulcinj.com\/blog\/wp-json\/wp\/v2\/categories?post=86146"},{"taxonomy":"post_tag","embeddable":true,"href":"https:\/\/www.visit-ulcinj.com\/blog\/wp-json\/wp\/v2\/tags?post=86146"}],"curies":[{"name":"wp","href":"https:\/\/api.w.org\/{rel}","templated":true}]}}