{"id":86159,"date":"2014-11-05T20:01:00","date_gmt":"2014-11-05T19:01:00","guid":{"rendered":"http:\/\/www.visit-ulcinj.com\/blog\/?p=86159"},"modified":"2014-11-09T18:45:51","modified_gmt":"2014-11-09T17:45:51","slug":"nimanbegu-gjeloshaj-padi-penale-kunder-informerit","status":"publish","type":"post","link":"https:\/\/www.visit-ulcinj.com\/blog\/2014\/11\/05\/nimanbegu-gjeloshaj-padi-penale-kunder-informerit\/","title":{"rendered":"Nimanbegu &#8211; Gjeloshaj: Padi penale kund\u00ebr \u201cInformerit\u201d &#8211; Video"},"content":{"rendered":"<p><a href=\"http:\/\/www.visit-ulcinj.com\/blog\/wp-content\/uploads\/2014\/11\/Nimanbegu-Gjeloshaj.jpg\"><img loading=\"lazy\" class=\"alignleft wp-image-86160\" src=\"http:\/\/www.visit-ulcinj.com\/blog\/wp-content\/uploads\/2014\/11\/Nimanbegu-Gjeloshaj.jpg\" alt=\"Nimanbegu - Gjeloshaj\" width=\"508\" height=\"600\" \/><\/a>Deputeti i Forc\u00ebs s\u00eb re demokratike dhe kryetari i K\u00ebshillit komb\u00ebtar t\u00eb Shqiptar\u00ebve n\u00eb Mal t\u00eb Zi Genci Nimanbegu dhe deputeti i Alternativ\u00ebs shqiptare Nik Gjekoshaj kan\u00eb dor\u00ebzuar padin\u00eb penale ndaj tabloidit Informer Crna Gora, njofton Ul.info.<i><br \/>\n<\/i><\/p>\n<p>Ato than\u00eb q\u00eb kan\u00eb dor\u00ebzuar padin\u00eb kund\u00ebr kryeredaktorit t\u00eb Informerit Novak Uskokoviq, si dhe ndaj dy autor\u00ebve t\u00eb tekstit, p\u00ebr shkak t\u00eb shkrimeve ofenduese t\u00eb cil\u00ebt kjo gazet\u00eb i ka botuar p\u00ebr Shqiptar\u00ebt.<\/p>\n<p>Disa koleg\u00eb t\u00eb tyre nga Kuvendi i Malit t\u00eb Zi kan\u00eb k\u00ebrkuar nga prokuroria q\u00eb ky tabloid t\u00eb ndalohet, p\u00ebr shkak t\u00eb shkeljes s\u00eb vazhdueshme t\u00eb etik\u00ebs gazetareske.<\/p>\n<!--YouTube Error: bad URL entered-->\n","protected":false},"excerpt":{"rendered":"<p>Deputeti i Forc\u00ebs s\u00eb re demokratike dhe kryetari i K\u00ebshillit komb\u00ebtar t\u00eb Shqiptar\u00ebve n\u00eb Mal t\u00eb Zi Genci Nimanbegu dhe deputeti i Alternativ\u00ebs shqiptare Nik Gjekoshaj kan\u00eb dor\u00ebzuar padin\u00eb penale ndaj tabloidit Informer Crna Gora, njofton Ul.info. Ato than\u00eb q\u00eb kan\u00eb dor\u00ebzuar padin\u00eb kund\u00ebr kryeredaktorit t\u00eb Informerit Novak Uskokoviq, si dhe ndaj dy autor\u00ebve t\u00eb [&hellip;]<\/p>\n","protected":false},"author":1,"featured_media":0,"comment_status":"closed","ping_status":"closed","sticky":false,"template":"","format":"standard","meta":{"spay_email":"","jetpack_publicize_message":"","jetpack_is_tweetstorm":false,"jetpack_publicize_feature_enabled":true},"categories":[6],"tags":[],"jetpack_publicize_connections":[],"yoast_head":"<!-- This site is optimized with the Yoast SEO plugin v19.1 - https:\/\/yoast.com\/wordpress\/plugins\/seo\/ -->\n<title>Nimanbegu - Gjeloshaj: Padi penale kund\u00ebr \u201cInformerit\u201d - Video - Lajme nga Ulqini<\/title>\n<meta name=\"description\" content=\"Deputeti i Forc\u00ebs s\u00eb re demokratike dhe kryetari i K\u00ebshillit komb\u00ebtar t\u00eb Shqiptar\u00ebve n\u00eb Mal t\u00eb Zi Genci Nimanbegu dhe deputeti i Alternativ\u00ebs shqiptare\" \/>\n<meta name=\"robots\" content=\"index, follow, max-snippet:-1, max-image-preview:large, max-video-preview:-1\" \/>\n<link rel=\"canonical\" href=\"https:\/\/www.visit-ulcinj.com\/blog\/2014\/11\/05\/nimanbegu-gjeloshaj-padi-penale-kunder-informerit\/\" \/>\n<meta property=\"og:locale\" content=\"en_US\" \/>\n<meta property=\"og:type\" content=\"article\" \/>\n<meta property=\"og:title\" content=\"Nimanbegu - Gjeloshaj: Padi penale kund\u00ebr \u201cInformerit\u201d - Video - Lajme nga Ulqini\" \/>\n<meta property=\"og:description\" content=\"Deputeti i Forc\u00ebs s\u00eb re demokratike dhe kryetari i K\u00ebshillit komb\u00ebtar t\u00eb Shqiptar\u00ebve n\u00eb Mal t\u00eb Zi Genci Nimanbegu dhe deputeti i Alternativ\u00ebs shqiptare\" \/>\n<meta property=\"og:url\" content=\"https:\/\/www.visit-ulcinj.com\/blog\/2014\/11\/05\/nimanbegu-gjeloshaj-padi-penale-kunder-informerit\/\" \/>\n<meta property=\"og:site_name\" content=\"Lajme nga Ulqini\" \/>\n<meta property=\"article:published_time\" content=\"2014-11-05T19:01:00+00:00\" \/>\n<meta property=\"article:modified_time\" content=\"2014-11-09T17:45:51+00:00\" \/>\n<meta property=\"og:image\" content=\"http:\/\/www.visit-ulcinj.com\/blog\/wp-content\/uploads\/2014\/11\/Nimanbegu-Gjeloshaj.jpg\" \/>\n<meta name=\"twitter:label1\" content=\"Written by\" \/>\n\t<meta name=\"twitter:data1\" content=\"ulqini\" \/>\n\t<meta name=\"twitter:label2\" content=\"Est. reading time\" \/>\n\t<meta name=\"twitter:data2\" content=\"1 minute\" \/>\n<script type=\"application\/ld+json\" class=\"yoast-schema-graph\">{\"@context\":\"https:\/\/schema.org\",\"@graph\":[{\"@type\":\"WebSite\",\"@id\":\"https:\/\/www.visit-ulcinj.com\/blog\/#website\",\"url\":\"https:\/\/www.visit-ulcinj.com\/blog\/\",\"name\":\"Lajme nga Ulqini\",\"description\":\"Lajme,Vijesti,Ulqini,Ulqin,Crna Gora,Mali i Zi\",\"potentialAction\":[{\"@type\":\"SearchAction\",\"target\":{\"@type\":\"EntryPoint\",\"urlTemplate\":\"https:\/\/www.visit-ulcinj.com\/blog\/?s={search_term_string}\"},\"query-input\":\"required name=search_term_string\"}],\"inLanguage\":\"en-US\"},{\"@type\":\"ImageObject\",\"inLanguage\":\"en-US\",\"@id\":\"https:\/\/www.visit-ulcinj.com\/blog\/2014\/11\/05\/nimanbegu-gjeloshaj-padi-penale-kunder-informerit\/#primaryimage\",\"url\":\"https:\/\/www.visit-ulcinj.com\/blog\/wp-content\/uploads\/2014\/11\/Nimanbegu-Gjeloshaj.jpg\",\"contentUrl\":\"https:\/\/www.visit-ulcinj.com\/blog\/wp-content\/uploads\/2014\/11\/Nimanbegu-Gjeloshaj.jpg\",\"width\":956,\"height\":1280},{\"@type\":\"WebPage\",\"@id\":\"https:\/\/www.visit-ulcinj.com\/blog\/2014\/11\/05\/nimanbegu-gjeloshaj-padi-penale-kunder-informerit\/#webpage\",\"url\":\"https:\/\/www.visit-ulcinj.com\/blog\/2014\/11\/05\/nimanbegu-gjeloshaj-padi-penale-kunder-informerit\/\",\"name\":\"Nimanbegu - Gjeloshaj: Padi penale kund\u00ebr \u201cInformerit\u201d - Video - Lajme nga Ulqini\",\"isPartOf\":{\"@id\":\"https:\/\/www.visit-ulcinj.com\/blog\/#website\"},\"primaryImageOfPage\":{\"@id\":\"https:\/\/www.visit-ulcinj.com\/blog\/2014\/11\/05\/nimanbegu-gjeloshaj-padi-penale-kunder-informerit\/#primaryimage\"},\"datePublished\":\"2014-11-05T19:01:00+00:00\",\"dateModified\":\"2014-11-09T17:45:51+00:00\",\"author\":{\"@id\":\"https:\/\/www.visit-ulcinj.com\/blog\/#\/schema\/person\/dcab619c614d3038751c63bc2aadc06d\"},\"description\":\"Deputeti i Forc\u00ebs s\u00eb re demokratike dhe kryetari i K\u00ebshillit komb\u00ebtar t\u00eb Shqiptar\u00ebve n\u00eb Mal t\u00eb Zi Genci Nimanbegu dhe deputeti i Alternativ\u00ebs shqiptare\",\"breadcrumb\":{\"@id\":\"https:\/\/www.visit-ulcinj.com\/blog\/2014\/11\/05\/nimanbegu-gjeloshaj-padi-penale-kunder-informerit\/#breadcrumb\"},\"inLanguage\":\"en-US\",\"potentialAction\":[{\"@type\":\"ReadAction\",\"target\":[\"https:\/\/www.visit-ulcinj.com\/blog\/2014\/11\/05\/nimanbegu-gjeloshaj-padi-penale-kunder-informerit\/\"]}]},{\"@type\":\"BreadcrumbList\",\"@id\":\"https:\/\/www.visit-ulcinj.com\/blog\/2014\/11\/05\/nimanbegu-gjeloshaj-padi-penale-kunder-informerit\/#breadcrumb\",\"itemListElement\":[{\"@type\":\"ListItem\",\"position\":1,\"name\":\"Nimanbegu &#8211; Gjeloshaj: Padi penale kund\u00ebr \u201cInformerit\u201d &#8211; Video\"}]},{\"@type\":\"Person\",\"@id\":\"https:\/\/www.visit-ulcinj.com\/blog\/#\/schema\/person\/dcab619c614d3038751c63bc2aadc06d\",\"name\":\"ulqini\",\"sameAs\":[\"http:\/\/www.visit-ulcinj.com\"],\"url\":\"https:\/\/www.visit-ulcinj.com\/blog\/author\/admin\/\"}]}<\/script>\n<!-- \/ Yoast SEO plugin. -->","yoast_head_json":{"title":"Nimanbegu - Gjeloshaj: Padi penale kund\u00ebr \u201cInformerit\u201d - Video - Lajme nga Ulqini","description":"Deputeti i Forc\u00ebs s\u00eb re demokratike dhe kryetari i K\u00ebshillit komb\u00ebtar t\u00eb Shqiptar\u00ebve n\u00eb Mal t\u00eb Zi Genci Nimanbegu dhe deputeti i Alternativ\u00ebs shqiptare","robots":{"index":"index","follow":"follow","max-snippet":"max-snippet:-1","max-image-preview":"max-image-preview:large","max-video-preview":"max-video-preview:-1"},"canonical":"https:\/\/www.visit-ulcinj.com\/blog\/2014\/11\/05\/nimanbegu-gjeloshaj-padi-penale-kunder-informerit\/","og_locale":"en_US","og_type":"article","og_title":"Nimanbegu - Gjeloshaj: Padi penale kund\u00ebr \u201cInformerit\u201d - Video - Lajme nga Ulqini","og_description":"Deputeti i Forc\u00ebs s\u00eb re demokratike dhe kryetari i K\u00ebshillit komb\u00ebtar t\u00eb Shqiptar\u00ebve n\u00eb Mal t\u00eb Zi Genci Nimanbegu dhe deputeti i Alternativ\u00ebs shqiptare","og_url":"https:\/\/www.visit-ulcinj.com\/blog\/2014\/11\/05\/nimanbegu-gjeloshaj-padi-penale-kunder-informerit\/","og_site_name":"Lajme nga Ulqini","article_published_time":"2014-11-05T19:01:00+00:00","article_modified_time":"2014-11-09T17:45:51+00:00","og_image":[{"url":"http:\/\/www.visit-ulcinj.com\/blog\/wp-content\/uploads\/2014\/11\/Nimanbegu-Gjeloshaj.jpg"}],"twitter_misc":{"Written by":"ulqini","Est. reading time":"1 minute"},"schema":{"@context":"https:\/\/schema.org","@graph":[{"@type":"WebSite","@id":"https:\/\/www.visit-ulcinj.com\/blog\/#website","url":"https:\/\/www.visit-ulcinj.com\/blog\/","name":"Lajme nga Ulqini","description":"Lajme,Vijesti,Ulqini,Ulqin,Crna Gora,Mali i Zi","potentialAction":[{"@type":"SearchAction","target":{"@type":"EntryPoint","urlTemplate":"https:\/\/www.visit-ulcinj.com\/blog\/?s={search_term_string}"},"query-input":"required name=search_term_string"}],"inLanguage":"en-US"},{"@type":"ImageObject","inLanguage":"en-US","@id":"https:\/\/www.visit-ulcinj.com\/blog\/2014\/11\/05\/nimanbegu-gjeloshaj-padi-penale-kunder-informerit\/#primaryimage","url":"https:\/\/www.visit-ulcinj.com\/blog\/wp-content\/uploads\/2014\/11\/Nimanbegu-Gjeloshaj.jpg","contentUrl":"https:\/\/www.visit-ulcinj.com\/blog\/wp-content\/uploads\/2014\/11\/Nimanbegu-Gjeloshaj.jpg","width":956,"height":1280},{"@type":"WebPage","@id":"https:\/\/www.visit-ulcinj.com\/blog\/2014\/11\/05\/nimanbegu-gjeloshaj-padi-penale-kunder-informerit\/#webpage","url":"https:\/\/www.visit-ulcinj.com\/blog\/2014\/11\/05\/nimanbegu-gjeloshaj-padi-penale-kunder-informerit\/","name":"Nimanbegu - Gjeloshaj: Padi penale kund\u00ebr \u201cInformerit\u201d - Video - Lajme nga Ulqini","isPartOf":{"@id":"https:\/\/www.visit-ulcinj.com\/blog\/#website"},"primaryImageOfPage":{"@id":"https:\/\/www.visit-ulcinj.com\/blog\/2014\/11\/05\/nimanbegu-gjeloshaj-padi-penale-kunder-informerit\/#primaryimage"},"datePublished":"2014-11-05T19:01:00+00:00","dateModified":"2014-11-09T17:45:51+00:00","author":{"@id":"https:\/\/www.visit-ulcinj.com\/blog\/#\/schema\/person\/dcab619c614d3038751c63bc2aadc06d"},"description":"Deputeti i Forc\u00ebs s\u00eb re demokratike dhe kryetari i K\u00ebshillit komb\u00ebtar t\u00eb Shqiptar\u00ebve n\u00eb Mal t\u00eb Zi Genci Nimanbegu dhe deputeti i Alternativ\u00ebs shqiptare","breadcrumb":{"@id":"https:\/\/www.visit-ulcinj.com\/blog\/2014\/11\/05\/nimanbegu-gjeloshaj-padi-penale-kunder-informerit\/#breadcrumb"},"inLanguage":"en-US","potentialAction":[{"@type":"ReadAction","target":["https:\/\/www.visit-ulcinj.com\/blog\/2014\/11\/05\/nimanbegu-gjeloshaj-padi-penale-kunder-informerit\/"]}]},{"@type":"BreadcrumbList","@id":"https:\/\/www.visit-ulcinj.com\/blog\/2014\/11\/05\/nimanbegu-gjeloshaj-padi-penale-kunder-informerit\/#breadcrumb","itemListElement":[{"@type":"ListItem","position":1,"name":"Nimanbegu &#8211; Gjeloshaj: Padi penale kund\u00ebr \u201cInformerit\u201d &#8211; Video"}]},{"@type":"Person","@id":"https:\/\/www.visit-ulcinj.com\/blog\/#\/schema\/person\/dcab619c614d3038751c63bc2aadc06d","name":"ulqini","sameAs":["http:\/\/www.visit-ulcinj.com"],"url":"https:\/\/www.visit-ulcinj.com\/blog\/author\/admin\/"}]}},"jetpack_featured_media_url":"","jetpack_sharing_enabled":true,"jetpack_shortlink":"https:\/\/wp.me\/pe6lTn-mpF","_links":{"self":[{"href":"https:\/\/www.visit-ulcinj.com\/blog\/wp-json\/wp\/v2\/posts\/86159"}],"collection":[{"href":"https:\/\/www.visit-ulcinj.com\/blog\/wp-json\/wp\/v2\/posts"}],"about":[{"href":"https:\/\/www.visit-ulcinj.com\/blog\/wp-json\/wp\/v2\/types\/post"}],"author":[{"embeddable":true,"href":"https:\/\/www.visit-ulcinj.com\/blog\/wp-json\/wp\/v2\/users\/1"}],"replies":[{"embeddable":true,"href":"https:\/\/www.visit-ulcinj.com\/blog\/wp-json\/wp\/v2\/comments?post=86159"}],"version-history":[{"count":2,"href":"https:\/\/www.visit-ulcinj.com\/blog\/wp-json\/wp\/v2\/posts\/86159\/revisions"}],"predecessor-version":[{"id":86262,"href":"https:\/\/www.visit-ulcinj.com\/blog\/wp-json\/wp\/v2\/posts\/86159\/revisions\/86262"}],"wp:attachment":[{"href":"https:\/\/www.visit-ulcinj.com\/blog\/wp-json\/wp\/v2\/media?parent=86159"}],"wp:term":[{"taxonomy":"category","embeddable":true,"href":"https:\/\/www.visit-ulcinj.com\/blog\/wp-json\/wp\/v2\/categories?post=86159"},{"taxonomy":"post_tag","embeddable":true,"href":"https:\/\/www.visit-ulcinj.com\/blog\/wp-json\/wp\/v2\/tags?post=86159"}],"curies":[{"name":"wp","href":"https:\/\/api.w.org\/{rel}","templated":true}]}}