{"id":86173,"date":"2014-11-06T18:19:54","date_gmt":"2014-11-06T17:19:54","guid":{"rendered":"http:\/\/www.visit-ulcinj.com\/blog\/?p=86173"},"modified":"2014-11-09T09:36:20","modified_gmt":"2014-11-09T08:36:20","slug":"stop-diskriminit-duam-te-arsimohemi-si-shqiptare","status":"publish","type":"post","link":"https:\/\/www.visit-ulcinj.com\/blog\/2014\/11\/06\/stop-diskriminit-duam-te-arsimohemi-si-shqiptare\/","title":{"rendered":"Stop diskriminit &#8211; Duam t\u00eb arsimohemi si Shqiptar\u00eb"},"content":{"rendered":"<p><a href=\"http:\/\/www.visit-ulcinj.com\/blog\/wp-content\/uploads\/2014\/11\/Protesta-Stop-diskriminit-Duam-t\u00eb-arsimohemi-si-Shqiptar\u00eb.jpg\"><img loading=\"lazy\" class=\"alignleft wp-image-86174\" src=\"http:\/\/www.visit-ulcinj.com\/blog\/wp-content\/uploads\/2014\/11\/Protesta-Stop-diskriminit-Duam-t\u00eb-arsimohemi-si-Shqiptar\u00eb.jpg\" alt=\"Protesta-Stop diskriminit - Duam t\u00eb arsimohemi si Shqiptar\u00eb\" width=\"508\" height=\"718\" srcset=\"https:\/\/www.visit-ulcinj.com\/blog\/wp-content\/uploads\/2014\/11\/Protesta-Stop-diskriminit-Duam-t\u00eb-arsimohemi-si-Shqiptar\u00eb.jpg 480w, https:\/\/www.visit-ulcinj.com\/blog\/wp-content\/uploads\/2014\/11\/Protesta-Stop-diskriminit-Duam-t\u00eb-arsimohemi-si-Shqiptar\u00eb-212x300.jpg 212w\" sizes=\"(max-width: 508px) 100vw, 508px\" \/><\/a>Edhe pak dit\u00eb kan\u00eb ngelur nga data kur do protestojm\u00eb p\u00ebr dinjitet, p\u00ebr f\u00ebmij\u00ebt tan\u00eb nx\u00ebn\u00ebs shqiptar, p\u00ebr arsimimin e tyre si shqiptar duke k\u00ebrkuar q\u00eb nx\u00ebn\u00ebsit shqiptar t\u00eb mos diskriminohen, t\u00eb mos shkelen dhe tu sigurohen t\u00eb drejtat e tyre themelore t\u00eb njohura me ligjet nd\u00ebrkomb\u00ebtare por edhe me Kushtetut\u00ebn e Malit t\u00eb Zi neni 79 mbrojtja e Identitetit komb\u00ebtar, dhe neni 80 q\u00eb ndalon asimilimin, ligje k\u00ebto t\u00eb sh\u00ebnuara por jo edhe t\u00eb v\u00ebna n\u00eb funksion.<br \/>\n\u00c7\u00ebshtja e <span class=\"text_exposed_show\">teksteve shkollore \u00ebsht\u00eb problem i t\u00eb gjith\u00ebve, dhe p\u00ebr fat t\u00eb mir\u00eb n\u00eb \u00e7do adres q\u00eb kemi trokitur intelektual, afarist, bujk apo amvise tashm\u00eb t\u00eb njohur me problemin i cili me vite \u00ebsht\u00eb prezent, jan\u00eb pajtuar me iden\u00eb q\u00eb duhet protestuar p\u00ebr t\u00eb drejtat tona dhe kan\u00eb premtuar p\u00ebrkrahjen e tyre m\u00eb 14 n\u00ebntor n\u00eb or\u00ebn 11:00 para Komun\u00ebs s\u00eb Ulqinit, si dhe n\u00ebnshkrimin e peticionit q\u00eb do i d\u00ebrgohet ministris\u00eb p\u00ebrkatse, peticioni do d\u00ebrgohet n\u00eb \u00e7do adres q\u00eb vler\u00ebsohet q\u00eb mund t\u00eb ndikoj\u00eb n\u00ebp\u00ebrmjet mediave, shkresave ambasador\u00ebve, faktorit nd\u00ebrkomb\u00ebtar etj..<br \/>\nPeticioni po ashtu do ti dor\u00ebzohet K\u00ebshillit Komb\u00ebtar Shqiptar dhe t\u00eb gjitha partive komb\u00ebtare duke k\u00ebrkuar q\u00eb t\u00eb zgjedhurit tan\u00eb t\u00eb punojn\u00eb m\u00eb shum\u00eb dhe t\u00eb jen\u00eb konkret p\u00ebr t\u00eb zgjidhur k\u00ebt\u00eb \u00e7\u00ebshtje shum\u00eb t\u00eb ndieshme dhe t\u00eb r\u00ebnd\u00ebsishme komb\u00ebtare.<br \/>\nN\u00eb dat\u00ebn kur u mblodh Kongresi i Manastirit, Kongresi i Abetares t\u00eb gjith\u00eb bashk\u00eb pa dallim feje, ngjyre apo krahine, m\u00eb 14 n\u00ebntor ora 11:00 para objektit t\u00eb Komun\u00ebs s\u00eb Ulqinit k\u00ebrkohet prezenca e t\u00eb gjith\u00eb atyre q\u00eb mendojn\u00eb q\u00eb nx\u00ebn\u00ebsit shqiptar nuk duhet t\u00eb diskriminohen , q\u00eb duhet t\u00eb m\u00ebsojn\u00eb p\u00ebr kombin e tyre, t\u00eb m\u00ebsojn\u00eb historin\u00eb e tyre dhe k\u00ebng\u00ebt e tyre, q\u00eb n\u00eb librat e tyre t\u00eb cilat aktualisht p\u00ebrdoren e q\u00eb jan\u00eb plot gabime dhe ofendime komb\u00ebtare duhet zav\u00ebndsuar, q\u00eb abetarja mbar\u00ebkomb\u00ebtare t\u00eb p\u00ebrdoret edhe n\u00eb shkollat ku m\u00ebsojn\u00eb nx\u00ebn\u00ebsit shqiptar, q\u00eb nx\u00ebn\u00ebsit shqiptar t\u00eb mos paguajn\u00eb m\u00eb shtrenjt tekstet m\u00ebsimore, q\u00eb shkollat ku m\u00ebsojn\u00eb ti plot\u00ebsojn\u00eb kushtet p\u00ebr m\u00ebsim, q\u00eb shqiptar\u00ebt t\u00eb jen\u00eb pjes\u00eb e t\u00ebr\u00eb procesit t\u00eb arsimit q\u00eb nga ministria.<br \/>\nN\u00ebse sot f\u00ebmij\u00ebt shqiptar autokton n\u00eb tok\u00ebn e tyre shkelen, diskriminohen dhe m\u00ebsojn\u00eb gabim \u00e7far\u00eb e ardhme na pret ?!!!<\/span><\/p>\n<p class=\"_5pbw\" data-ft=\"{&quot;tn&quot;:&quot;C&quot;}\"><strong><span class=\"fwb fcg\" data-ft=\"{&quot;tn&quot;:&quot;;&quot;}\"><a id=\"js_4\" href=\"https:\/\/www.facebook.com\/ibroci?fref=nf\" data-hovercard=\"\/ajax\/hovercard\/user.php?id=579132595&amp;extragetparams=%7B%22fref%22%3A%22nf%22%7D\">G\u00ebzim Ibro\u00e7i Facebook<\/a><\/span><\/strong><\/p>\n","protected":false},"excerpt":{"rendered":"<p>Edhe pak dit\u00eb kan\u00eb ngelur nga data kur do protestojm\u00eb p\u00ebr dinjitet, p\u00ebr f\u00ebmij\u00ebt tan\u00eb nx\u00ebn\u00ebs shqiptar, p\u00ebr arsimimin e tyre si shqiptar duke k\u00ebrkuar q\u00eb nx\u00ebn\u00ebsit shqiptar t\u00eb mos diskriminohen, t\u00eb mos shkelen dhe tu sigurohen t\u00eb drejtat e tyre themelore t\u00eb njohura me ligjet nd\u00ebrkomb\u00ebtare por edhe me Kushtetut\u00ebn e Malit t\u00eb Zi [&hellip;]<\/p>\n","protected":false},"author":1,"featured_media":0,"comment_status":"closed","ping_status":"closed","sticky":false,"template":"","format":"standard","meta":{"spay_email":"","jetpack_publicize_message":"","jetpack_is_tweetstorm":false,"jetpack_publicize_feature_enabled":true},"categories":[6950,2451],"tags":[],"jetpack_publicize_connections":[],"yoast_head":"<!-- This site is optimized with the Yoast SEO plugin v19.1 - https:\/\/yoast.com\/wordpress\/plugins\/seo\/ -->\n<title>Stop diskriminit - Duam t\u00eb arsimohemi si Shqiptar\u00eb - Lajme nga Ulqini<\/title>\n<meta name=\"description\" content=\"Edhe pak dit\u00eb kan\u00eb ngelur nga data kur do protestojm\u00eb p\u00ebr dinjitet, p\u00ebr f\u00ebmij\u00ebt tan\u00eb nx\u00ebn\u00ebs shqiptar, p\u00ebr arsimimin e tyre si shqiptar duke k\u00ebrkuar q\u00eb\" \/>\n<meta name=\"robots\" content=\"index, follow, max-snippet:-1, max-image-preview:large, max-video-preview:-1\" \/>\n<link rel=\"canonical\" href=\"https:\/\/www.visit-ulcinj.com\/blog\/2014\/11\/06\/stop-diskriminit-duam-te-arsimohemi-si-shqiptare\/\" \/>\n<meta property=\"og:locale\" content=\"en_US\" \/>\n<meta property=\"og:type\" content=\"article\" \/>\n<meta property=\"og:title\" content=\"Stop diskriminit - Duam t\u00eb arsimohemi si Shqiptar\u00eb - Lajme nga Ulqini\" \/>\n<meta property=\"og:description\" content=\"Edhe pak dit\u00eb kan\u00eb ngelur nga data kur do protestojm\u00eb p\u00ebr dinjitet, p\u00ebr f\u00ebmij\u00ebt tan\u00eb nx\u00ebn\u00ebs shqiptar, p\u00ebr arsimimin e tyre si shqiptar duke k\u00ebrkuar q\u00eb\" \/>\n<meta property=\"og:url\" content=\"https:\/\/www.visit-ulcinj.com\/blog\/2014\/11\/06\/stop-diskriminit-duam-te-arsimohemi-si-shqiptare\/\" \/>\n<meta property=\"og:site_name\" content=\"Lajme nga Ulqini\" \/>\n<meta property=\"article:published_time\" content=\"2014-11-06T17:19:54+00:00\" \/>\n<meta property=\"article:modified_time\" content=\"2014-11-09T08:36:20+00:00\" \/>\n<meta name=\"twitter:label1\" content=\"Written by\" \/>\n\t<meta name=\"twitter:data1\" content=\"ulqini\" \/>\n\t<meta name=\"twitter:label2\" content=\"Est. reading time\" \/>\n\t<meta name=\"twitter:data2\" content=\"2 minutes\" \/>\n<script type=\"application\/ld+json\" class=\"yoast-schema-graph\">{\"@context\":\"https:\/\/schema.org\",\"@graph\":[{\"@type\":\"WebSite\",\"@id\":\"https:\/\/www.visit-ulcinj.com\/blog\/#website\",\"url\":\"https:\/\/www.visit-ulcinj.com\/blog\/\",\"name\":\"Lajme nga Ulqini\",\"description\":\"Lajme,Vijesti,Ulqini,Ulqin,Crna Gora,Mali i Zi\",\"potentialAction\":[{\"@type\":\"SearchAction\",\"target\":{\"@type\":\"EntryPoint\",\"urlTemplate\":\"https:\/\/www.visit-ulcinj.com\/blog\/?s={search_term_string}\"},\"query-input\":\"required name=search_term_string\"}],\"inLanguage\":\"en-US\"},{\"@type\":\"WebPage\",\"@id\":\"https:\/\/www.visit-ulcinj.com\/blog\/2014\/11\/06\/stop-diskriminit-duam-te-arsimohemi-si-shqiptare\/#webpage\",\"url\":\"https:\/\/www.visit-ulcinj.com\/blog\/2014\/11\/06\/stop-diskriminit-duam-te-arsimohemi-si-shqiptare\/\",\"name\":\"Stop diskriminit - Duam t\u00eb arsimohemi si Shqiptar\u00eb - Lajme nga Ulqini\",\"isPartOf\":{\"@id\":\"https:\/\/www.visit-ulcinj.com\/blog\/#website\"},\"datePublished\":\"2014-11-06T17:19:54+00:00\",\"dateModified\":\"2014-11-09T08:36:20+00:00\",\"author\":{\"@id\":\"https:\/\/www.visit-ulcinj.com\/blog\/#\/schema\/person\/dcab619c614d3038751c63bc2aadc06d\"},\"description\":\"Edhe pak dit\u00eb kan\u00eb ngelur nga data kur do protestojm\u00eb p\u00ebr dinjitet, p\u00ebr f\u00ebmij\u00ebt tan\u00eb nx\u00ebn\u00ebs shqiptar, p\u00ebr arsimimin e tyre si shqiptar duke k\u00ebrkuar q\u00eb\",\"breadcrumb\":{\"@id\":\"https:\/\/www.visit-ulcinj.com\/blog\/2014\/11\/06\/stop-diskriminit-duam-te-arsimohemi-si-shqiptare\/#breadcrumb\"},\"inLanguage\":\"en-US\",\"potentialAction\":[{\"@type\":\"ReadAction\",\"target\":[\"https:\/\/www.visit-ulcinj.com\/blog\/2014\/11\/06\/stop-diskriminit-duam-te-arsimohemi-si-shqiptare\/\"]}]},{\"@type\":\"BreadcrumbList\",\"@id\":\"https:\/\/www.visit-ulcinj.com\/blog\/2014\/11\/06\/stop-diskriminit-duam-te-arsimohemi-si-shqiptare\/#breadcrumb\",\"itemListElement\":[{\"@type\":\"ListItem\",\"position\":1,\"name\":\"Stop diskriminit &#8211; Duam t\u00eb arsimohemi si Shqiptar\u00eb\"}]},{\"@type\":\"Person\",\"@id\":\"https:\/\/www.visit-ulcinj.com\/blog\/#\/schema\/person\/dcab619c614d3038751c63bc2aadc06d\",\"name\":\"ulqini\",\"sameAs\":[\"http:\/\/www.visit-ulcinj.com\"],\"url\":\"https:\/\/www.visit-ulcinj.com\/blog\/author\/admin\/\"}]}<\/script>\n<!-- \/ Yoast SEO plugin. -->","yoast_head_json":{"title":"Stop diskriminit - Duam t\u00eb arsimohemi si Shqiptar\u00eb - Lajme nga Ulqini","description":"Edhe pak dit\u00eb kan\u00eb ngelur nga data kur do protestojm\u00eb p\u00ebr dinjitet, p\u00ebr f\u00ebmij\u00ebt tan\u00eb nx\u00ebn\u00ebs shqiptar, p\u00ebr arsimimin e tyre si shqiptar duke k\u00ebrkuar q\u00eb","robots":{"index":"index","follow":"follow","max-snippet":"max-snippet:-1","max-image-preview":"max-image-preview:large","max-video-preview":"max-video-preview:-1"},"canonical":"https:\/\/www.visit-ulcinj.com\/blog\/2014\/11\/06\/stop-diskriminit-duam-te-arsimohemi-si-shqiptare\/","og_locale":"en_US","og_type":"article","og_title":"Stop diskriminit - Duam t\u00eb arsimohemi si Shqiptar\u00eb - Lajme nga Ulqini","og_description":"Edhe pak dit\u00eb kan\u00eb ngelur nga data kur do protestojm\u00eb p\u00ebr dinjitet, p\u00ebr f\u00ebmij\u00ebt tan\u00eb nx\u00ebn\u00ebs shqiptar, p\u00ebr arsimimin e tyre si shqiptar duke k\u00ebrkuar q\u00eb","og_url":"https:\/\/www.visit-ulcinj.com\/blog\/2014\/11\/06\/stop-diskriminit-duam-te-arsimohemi-si-shqiptare\/","og_site_name":"Lajme nga Ulqini","article_published_time":"2014-11-06T17:19:54+00:00","article_modified_time":"2014-11-09T08:36:20+00:00","twitter_misc":{"Written by":"ulqini","Est. reading time":"2 minutes"},"schema":{"@context":"https:\/\/schema.org","@graph":[{"@type":"WebSite","@id":"https:\/\/www.visit-ulcinj.com\/blog\/#website","url":"https:\/\/www.visit-ulcinj.com\/blog\/","name":"Lajme nga Ulqini","description":"Lajme,Vijesti,Ulqini,Ulqin,Crna Gora,Mali i Zi","potentialAction":[{"@type":"SearchAction","target":{"@type":"EntryPoint","urlTemplate":"https:\/\/www.visit-ulcinj.com\/blog\/?s={search_term_string}"},"query-input":"required name=search_term_string"}],"inLanguage":"en-US"},{"@type":"WebPage","@id":"https:\/\/www.visit-ulcinj.com\/blog\/2014\/11\/06\/stop-diskriminit-duam-te-arsimohemi-si-shqiptare\/#webpage","url":"https:\/\/www.visit-ulcinj.com\/blog\/2014\/11\/06\/stop-diskriminit-duam-te-arsimohemi-si-shqiptare\/","name":"Stop diskriminit - Duam t\u00eb arsimohemi si Shqiptar\u00eb - Lajme nga Ulqini","isPartOf":{"@id":"https:\/\/www.visit-ulcinj.com\/blog\/#website"},"datePublished":"2014-11-06T17:19:54+00:00","dateModified":"2014-11-09T08:36:20+00:00","author":{"@id":"https:\/\/www.visit-ulcinj.com\/blog\/#\/schema\/person\/dcab619c614d3038751c63bc2aadc06d"},"description":"Edhe pak dit\u00eb kan\u00eb ngelur nga data kur do protestojm\u00eb p\u00ebr dinjitet, p\u00ebr f\u00ebmij\u00ebt tan\u00eb nx\u00ebn\u00ebs shqiptar, p\u00ebr arsimimin e tyre si shqiptar duke k\u00ebrkuar q\u00eb","breadcrumb":{"@id":"https:\/\/www.visit-ulcinj.com\/blog\/2014\/11\/06\/stop-diskriminit-duam-te-arsimohemi-si-shqiptare\/#breadcrumb"},"inLanguage":"en-US","potentialAction":[{"@type":"ReadAction","target":["https:\/\/www.visit-ulcinj.com\/blog\/2014\/11\/06\/stop-diskriminit-duam-te-arsimohemi-si-shqiptare\/"]}]},{"@type":"BreadcrumbList","@id":"https:\/\/www.visit-ulcinj.com\/blog\/2014\/11\/06\/stop-diskriminit-duam-te-arsimohemi-si-shqiptare\/#breadcrumb","itemListElement":[{"@type":"ListItem","position":1,"name":"Stop diskriminit &#8211; Duam t\u00eb arsimohemi si Shqiptar\u00eb"}]},{"@type":"Person","@id":"https:\/\/www.visit-ulcinj.com\/blog\/#\/schema\/person\/dcab619c614d3038751c63bc2aadc06d","name":"ulqini","sameAs":["http:\/\/www.visit-ulcinj.com"],"url":"https:\/\/www.visit-ulcinj.com\/blog\/author\/admin\/"}]}},"jetpack_featured_media_url":"","jetpack_sharing_enabled":true,"jetpack_shortlink":"https:\/\/wp.me\/pe6lTn-mpT","_links":{"self":[{"href":"https:\/\/www.visit-ulcinj.com\/blog\/wp-json\/wp\/v2\/posts\/86173"}],"collection":[{"href":"https:\/\/www.visit-ulcinj.com\/blog\/wp-json\/wp\/v2\/posts"}],"about":[{"href":"https:\/\/www.visit-ulcinj.com\/blog\/wp-json\/wp\/v2\/types\/post"}],"author":[{"embeddable":true,"href":"https:\/\/www.visit-ulcinj.com\/blog\/wp-json\/wp\/v2\/users\/1"}],"replies":[{"embeddable":true,"href":"https:\/\/www.visit-ulcinj.com\/blog\/wp-json\/wp\/v2\/comments?post=86173"}],"version-history":[{"count":1,"href":"https:\/\/www.visit-ulcinj.com\/blog\/wp-json\/wp\/v2\/posts\/86173\/revisions"}],"predecessor-version":[{"id":86175,"href":"https:\/\/www.visit-ulcinj.com\/blog\/wp-json\/wp\/v2\/posts\/86173\/revisions\/86175"}],"wp:attachment":[{"href":"https:\/\/www.visit-ulcinj.com\/blog\/wp-json\/wp\/v2\/media?parent=86173"}],"wp:term":[{"taxonomy":"category","embeddable":true,"href":"https:\/\/www.visit-ulcinj.com\/blog\/wp-json\/wp\/v2\/categories?post=86173"},{"taxonomy":"post_tag","embeddable":true,"href":"https:\/\/www.visit-ulcinj.com\/blog\/wp-json\/wp\/v2\/tags?post=86173"}],"curies":[{"name":"wp","href":"https:\/\/api.w.org\/{rel}","templated":true}]}}