{"id":86176,"date":"2014-11-06T19:07:03","date_gmt":"2014-11-06T18:07:03","guid":{"rendered":"http:\/\/www.visit-ulcinj.com\/blog\/?p=86176"},"modified":"2014-11-06T19:07:03","modified_gmt":"2014-11-06T18:07:03","slug":"mehmet-bardhi-perseri-deputet","status":"publish","type":"post","link":"https:\/\/www.visit-ulcinj.com\/blog\/2014\/11\/06\/mehmet-bardhi-perseri-deputet\/","title":{"rendered":"Mehmet Bardhi p\u00ebrs\u00ebri deputet"},"content":{"rendered":"<div id=\"attachment_50503\" style=\"width: 518px\" class=\"wp-caption alignleft\"><a href=\"http:\/\/www.visit-ulcinj.com\/blog\/wp-content\/uploads\/2011\/08\/MEHMET-BARDHI.jpg\"><img aria-describedby=\"caption-attachment-50503\" loading=\"lazy\" class=\"wp-image-50503\" src=\"http:\/\/www.visit-ulcinj.com\/blog\/wp-content\/uploads\/2011\/08\/MEHMET-BARDHI.jpg\" alt=\"Foto: Vijesti\" width=\"508\" height=\"330\" srcset=\"https:\/\/www.visit-ulcinj.com\/blog\/wp-content\/uploads\/2011\/08\/MEHMET-BARDHI.jpg 1000w, https:\/\/www.visit-ulcinj.com\/blog\/wp-content\/uploads\/2011\/08\/MEHMET-BARDHI-300x195.jpg 300w\" sizes=\"(max-width: 508px) 100vw, 508px\" \/><\/a><p id=\"caption-attachment-50503\" class=\"wp-caption-text\">Foto: Vijesti<\/p><\/div>\n<p>Kryetari i Lidhjes Demokratike n\u00eb Mal t\u00eb Zi Mehmet Bardhi\u00a0 pritet q\u00eb s\u00eb shpejti t\u00eb kthehet n\u00eb parlamentin e Malit t\u00eb Zi pasi deputetit aktual Nik Gjeloshaj i p\u00ebrfundon mandati bazuar n\u00eb marr\u00ebveshjen nd\u00ebrpartiake. Bardhi i ka deklaruar se mbledhja konstitutive e parlamentit t\u00eb Malit t\u00eb Zi \u00ebsht\u00eb mbajtur me 6 n\u00ebntor n\u00eb vitin 2012 dhe se sot jan\u00eb b\u00ebr\u00eb dy vite nga ajo dat\u00eb. \u201cNe kemi qen\u00eb dakorduar dhe at\u00eb e kemi t\u00eb shkruar n\u00eb marr\u00ebveshjen e Koalicionit Shqiptar p\u00ebr mandatin e p\u00ebrbashk\u00ebt nga partner\u00ebt e koalicionit. Dy vitet e para funksionin e kryer nga nj\u00eb p\u00ebrfaq\u00ebsues t\u00eb partner\u00ebve tan\u00eb t\u00eb koalicionit, pra Partia Demokratike dhe Alternativa Shqiptare, dhe dy vitet e mbetura t\u00eb mandatit i p\u00ebrkasin LD-s\u00eb. K\u00ebtu\u00a0 nuk ka \u00e7ka p\u00ebr t\u00eb folur, situata \u00ebsht\u00eb e qart\u00eb&#8221;, ka th\u00ebn\u00eb\u00a0 Bardhi. Bardhi ka shtuar se pret q\u00eb jav\u00ebn e ardhshme t\u00eb marr\u00eb vendin e deputetit.<\/p>\n<p><strong>RTCG<\/strong><\/p>\n","protected":false},"excerpt":{"rendered":"<p>Kryetari i Lidhjes Demokratike n\u00eb Mal t\u00eb Zi Mehmet Bardhi\u00a0 pritet q\u00eb s\u00eb shpejti t\u00eb kthehet n\u00eb parlamentin e Malit t\u00eb Zi pasi deputetit aktual Nik Gjeloshaj i p\u00ebrfundon mandati bazuar n\u00eb marr\u00ebveshjen nd\u00ebrpartiake. Bardhi i ka deklaruar se mbledhja konstitutive e parlamentit t\u00eb Malit t\u00eb Zi \u00ebsht\u00eb mbajtur me 6 n\u00ebntor n\u00eb vitin 2012 [&hellip;]<\/p>\n","protected":false},"author":1,"featured_media":0,"comment_status":"closed","ping_status":"closed","sticky":false,"template":"","format":"standard","meta":{"spay_email":"","jetpack_publicize_message":"","jetpack_is_tweetstorm":false,"jetpack_publicize_feature_enabled":true},"categories":[2451],"tags":[],"jetpack_publicize_connections":[],"yoast_head":"<!-- This site is optimized with the Yoast SEO plugin v19.1 - https:\/\/yoast.com\/wordpress\/plugins\/seo\/ -->\n<title>Mehmet Bardhi p\u00ebrs\u00ebri deputet - Lajme nga Ulqini<\/title>\n<meta name=\"description\" content=\"Kryetari i Lidhjes Demokratike n\u00eb Mal t\u00eb Zi Mehmet Bardhi\u00a0 pritet q\u00eb s\u00eb shpejti t\u00eb kthehet n\u00eb parlamentin e Malit t\u00eb Zi pasi deputetit aktual Nik\" \/>\n<meta name=\"robots\" content=\"index, follow, max-snippet:-1, max-image-preview:large, max-video-preview:-1\" \/>\n<link rel=\"canonical\" href=\"https:\/\/www.visit-ulcinj.com\/blog\/2014\/11\/06\/mehmet-bardhi-perseri-deputet\/\" \/>\n<meta property=\"og:locale\" content=\"en_US\" \/>\n<meta property=\"og:type\" content=\"article\" \/>\n<meta property=\"og:title\" content=\"Mehmet Bardhi p\u00ebrs\u00ebri deputet - Lajme nga Ulqini\" \/>\n<meta property=\"og:description\" content=\"Kryetari i Lidhjes Demokratike n\u00eb Mal t\u00eb Zi Mehmet Bardhi\u00a0 pritet q\u00eb s\u00eb shpejti t\u00eb kthehet n\u00eb parlamentin e Malit t\u00eb Zi pasi deputetit aktual Nik\" \/>\n<meta property=\"og:url\" content=\"https:\/\/www.visit-ulcinj.com\/blog\/2014\/11\/06\/mehmet-bardhi-perseri-deputet\/\" \/>\n<meta property=\"og:site_name\" content=\"Lajme nga Ulqini\" \/>\n<meta property=\"article:published_time\" content=\"2014-11-06T18:07:03+00:00\" \/>\n<meta property=\"og:image\" content=\"http:\/\/www.visit-ulcinj.com\/blog\/wp-content\/uploads\/2011\/08\/MEHMET-BARDHI.jpg\" \/>\n<meta name=\"twitter:label1\" content=\"Written by\" \/>\n\t<meta name=\"twitter:data1\" content=\"ulqini\" \/>\n\t<meta name=\"twitter:label2\" content=\"Est. reading time\" \/>\n\t<meta name=\"twitter:data2\" content=\"1 minute\" \/>\n<script type=\"application\/ld+json\" class=\"yoast-schema-graph\">{\"@context\":\"https:\/\/schema.org\",\"@graph\":[{\"@type\":\"WebSite\",\"@id\":\"https:\/\/www.visit-ulcinj.com\/blog\/#website\",\"url\":\"https:\/\/www.visit-ulcinj.com\/blog\/\",\"name\":\"Lajme nga Ulqini\",\"description\":\"Lajme,Vijesti,Ulqini,Ulqin,Crna Gora,Mali i Zi\",\"potentialAction\":[{\"@type\":\"SearchAction\",\"target\":{\"@type\":\"EntryPoint\",\"urlTemplate\":\"https:\/\/www.visit-ulcinj.com\/blog\/?s={search_term_string}\"},\"query-input\":\"required name=search_term_string\"}],\"inLanguage\":\"en-US\"},{\"@type\":\"ImageObject\",\"inLanguage\":\"en-US\",\"@id\":\"https:\/\/www.visit-ulcinj.com\/blog\/2014\/11\/06\/mehmet-bardhi-perseri-deputet\/#primaryimage\",\"url\":\"https:\/\/www.visit-ulcinj.com\/blog\/wp-content\/uploads\/2011\/08\/MEHMET-BARDHI.jpg\",\"contentUrl\":\"https:\/\/www.visit-ulcinj.com\/blog\/wp-content\/uploads\/2011\/08\/MEHMET-BARDHI.jpg\",\"width\":\"1000\",\"height\":\"650\",\"caption\":\"Foto: Vijesti\"},{\"@type\":\"WebPage\",\"@id\":\"https:\/\/www.visit-ulcinj.com\/blog\/2014\/11\/06\/mehmet-bardhi-perseri-deputet\/#webpage\",\"url\":\"https:\/\/www.visit-ulcinj.com\/blog\/2014\/11\/06\/mehmet-bardhi-perseri-deputet\/\",\"name\":\"Mehmet Bardhi p\u00ebrs\u00ebri deputet - Lajme nga Ulqini\",\"isPartOf\":{\"@id\":\"https:\/\/www.visit-ulcinj.com\/blog\/#website\"},\"primaryImageOfPage\":{\"@id\":\"https:\/\/www.visit-ulcinj.com\/blog\/2014\/11\/06\/mehmet-bardhi-perseri-deputet\/#primaryimage\"},\"datePublished\":\"2014-11-06T18:07:03+00:00\",\"dateModified\":\"2014-11-06T18:07:03+00:00\",\"author\":{\"@id\":\"https:\/\/www.visit-ulcinj.com\/blog\/#\/schema\/person\/dcab619c614d3038751c63bc2aadc06d\"},\"description\":\"Kryetari i Lidhjes Demokratike n\u00eb Mal t\u00eb Zi Mehmet Bardhi\u00a0 pritet q\u00eb s\u00eb shpejti t\u00eb kthehet n\u00eb parlamentin e Malit t\u00eb Zi pasi deputetit aktual Nik\",\"breadcrumb\":{\"@id\":\"https:\/\/www.visit-ulcinj.com\/blog\/2014\/11\/06\/mehmet-bardhi-perseri-deputet\/#breadcrumb\"},\"inLanguage\":\"en-US\",\"potentialAction\":[{\"@type\":\"ReadAction\",\"target\":[\"https:\/\/www.visit-ulcinj.com\/blog\/2014\/11\/06\/mehmet-bardhi-perseri-deputet\/\"]}]},{\"@type\":\"BreadcrumbList\",\"@id\":\"https:\/\/www.visit-ulcinj.com\/blog\/2014\/11\/06\/mehmet-bardhi-perseri-deputet\/#breadcrumb\",\"itemListElement\":[{\"@type\":\"ListItem\",\"position\":1,\"name\":\"Mehmet Bardhi p\u00ebrs\u00ebri deputet\"}]},{\"@type\":\"Person\",\"@id\":\"https:\/\/www.visit-ulcinj.com\/blog\/#\/schema\/person\/dcab619c614d3038751c63bc2aadc06d\",\"name\":\"ulqini\",\"sameAs\":[\"http:\/\/www.visit-ulcinj.com\"],\"url\":\"https:\/\/www.visit-ulcinj.com\/blog\/author\/admin\/\"}]}<\/script>\n<!-- \/ Yoast SEO plugin. -->","yoast_head_json":{"title":"Mehmet Bardhi p\u00ebrs\u00ebri deputet - Lajme nga Ulqini","description":"Kryetari i Lidhjes Demokratike n\u00eb Mal t\u00eb Zi Mehmet Bardhi\u00a0 pritet q\u00eb s\u00eb shpejti t\u00eb kthehet n\u00eb parlamentin e Malit t\u00eb Zi pasi deputetit aktual Nik","robots":{"index":"index","follow":"follow","max-snippet":"max-snippet:-1","max-image-preview":"max-image-preview:large","max-video-preview":"max-video-preview:-1"},"canonical":"https:\/\/www.visit-ulcinj.com\/blog\/2014\/11\/06\/mehmet-bardhi-perseri-deputet\/","og_locale":"en_US","og_type":"article","og_title":"Mehmet Bardhi p\u00ebrs\u00ebri deputet - Lajme nga Ulqini","og_description":"Kryetari i Lidhjes Demokratike n\u00eb Mal t\u00eb Zi Mehmet Bardhi\u00a0 pritet q\u00eb s\u00eb shpejti t\u00eb kthehet n\u00eb parlamentin e Malit t\u00eb Zi pasi deputetit aktual Nik","og_url":"https:\/\/www.visit-ulcinj.com\/blog\/2014\/11\/06\/mehmet-bardhi-perseri-deputet\/","og_site_name":"Lajme nga Ulqini","article_published_time":"2014-11-06T18:07:03+00:00","og_image":[{"url":"http:\/\/www.visit-ulcinj.com\/blog\/wp-content\/uploads\/2011\/08\/MEHMET-BARDHI.jpg"}],"twitter_misc":{"Written by":"ulqini","Est. reading time":"1 minute"},"schema":{"@context":"https:\/\/schema.org","@graph":[{"@type":"WebSite","@id":"https:\/\/www.visit-ulcinj.com\/blog\/#website","url":"https:\/\/www.visit-ulcinj.com\/blog\/","name":"Lajme nga Ulqini","description":"Lajme,Vijesti,Ulqini,Ulqin,Crna Gora,Mali i Zi","potentialAction":[{"@type":"SearchAction","target":{"@type":"EntryPoint","urlTemplate":"https:\/\/www.visit-ulcinj.com\/blog\/?s={search_term_string}"},"query-input":"required name=search_term_string"}],"inLanguage":"en-US"},{"@type":"ImageObject","inLanguage":"en-US","@id":"https:\/\/www.visit-ulcinj.com\/blog\/2014\/11\/06\/mehmet-bardhi-perseri-deputet\/#primaryimage","url":"https:\/\/www.visit-ulcinj.com\/blog\/wp-content\/uploads\/2011\/08\/MEHMET-BARDHI.jpg","contentUrl":"https:\/\/www.visit-ulcinj.com\/blog\/wp-content\/uploads\/2011\/08\/MEHMET-BARDHI.jpg","width":"1000","height":"650","caption":"Foto: Vijesti"},{"@type":"WebPage","@id":"https:\/\/www.visit-ulcinj.com\/blog\/2014\/11\/06\/mehmet-bardhi-perseri-deputet\/#webpage","url":"https:\/\/www.visit-ulcinj.com\/blog\/2014\/11\/06\/mehmet-bardhi-perseri-deputet\/","name":"Mehmet Bardhi p\u00ebrs\u00ebri deputet - Lajme nga Ulqini","isPartOf":{"@id":"https:\/\/www.visit-ulcinj.com\/blog\/#website"},"primaryImageOfPage":{"@id":"https:\/\/www.visit-ulcinj.com\/blog\/2014\/11\/06\/mehmet-bardhi-perseri-deputet\/#primaryimage"},"datePublished":"2014-11-06T18:07:03+00:00","dateModified":"2014-11-06T18:07:03+00:00","author":{"@id":"https:\/\/www.visit-ulcinj.com\/blog\/#\/schema\/person\/dcab619c614d3038751c63bc2aadc06d"},"description":"Kryetari i Lidhjes Demokratike n\u00eb Mal t\u00eb Zi Mehmet Bardhi\u00a0 pritet q\u00eb s\u00eb shpejti t\u00eb kthehet n\u00eb parlamentin e Malit t\u00eb Zi pasi deputetit aktual Nik","breadcrumb":{"@id":"https:\/\/www.visit-ulcinj.com\/blog\/2014\/11\/06\/mehmet-bardhi-perseri-deputet\/#breadcrumb"},"inLanguage":"en-US","potentialAction":[{"@type":"ReadAction","target":["https:\/\/www.visit-ulcinj.com\/blog\/2014\/11\/06\/mehmet-bardhi-perseri-deputet\/"]}]},{"@type":"BreadcrumbList","@id":"https:\/\/www.visit-ulcinj.com\/blog\/2014\/11\/06\/mehmet-bardhi-perseri-deputet\/#breadcrumb","itemListElement":[{"@type":"ListItem","position":1,"name":"Mehmet Bardhi p\u00ebrs\u00ebri deputet"}]},{"@type":"Person","@id":"https:\/\/www.visit-ulcinj.com\/blog\/#\/schema\/person\/dcab619c614d3038751c63bc2aadc06d","name":"ulqini","sameAs":["http:\/\/www.visit-ulcinj.com"],"url":"https:\/\/www.visit-ulcinj.com\/blog\/author\/admin\/"}]}},"jetpack_featured_media_url":"","jetpack_sharing_enabled":true,"jetpack_shortlink":"https:\/\/wp.me\/pe6lTn-mpW","_links":{"self":[{"href":"https:\/\/www.visit-ulcinj.com\/blog\/wp-json\/wp\/v2\/posts\/86176"}],"collection":[{"href":"https:\/\/www.visit-ulcinj.com\/blog\/wp-json\/wp\/v2\/posts"}],"about":[{"href":"https:\/\/www.visit-ulcinj.com\/blog\/wp-json\/wp\/v2\/types\/post"}],"author":[{"embeddable":true,"href":"https:\/\/www.visit-ulcinj.com\/blog\/wp-json\/wp\/v2\/users\/1"}],"replies":[{"embeddable":true,"href":"https:\/\/www.visit-ulcinj.com\/blog\/wp-json\/wp\/v2\/comments?post=86176"}],"version-history":[{"count":1,"href":"https:\/\/www.visit-ulcinj.com\/blog\/wp-json\/wp\/v2\/posts\/86176\/revisions"}],"predecessor-version":[{"id":86177,"href":"https:\/\/www.visit-ulcinj.com\/blog\/wp-json\/wp\/v2\/posts\/86176\/revisions\/86177"}],"wp:attachment":[{"href":"https:\/\/www.visit-ulcinj.com\/blog\/wp-json\/wp\/v2\/media?parent=86176"}],"wp:term":[{"taxonomy":"category","embeddable":true,"href":"https:\/\/www.visit-ulcinj.com\/blog\/wp-json\/wp\/v2\/categories?post=86176"},{"taxonomy":"post_tag","embeddable":true,"href":"https:\/\/www.visit-ulcinj.com\/blog\/wp-json\/wp\/v2\/tags?post=86176"}],"curies":[{"name":"wp","href":"https:\/\/api.w.org\/{rel}","templated":true}]}}