{"id":86181,"date":"2014-11-06T19:16:46","date_gmt":"2014-11-06T18:16:46","guid":{"rendered":"http:\/\/www.visit-ulcinj.com\/blog\/?p=86181"},"modified":"2014-11-06T19:16:46","modified_gmt":"2014-11-06T18:16:46","slug":"deri-per-vit-te-ri-fillon-ndertimi-akva-parkut","status":"publish","type":"post","link":"https:\/\/www.visit-ulcinj.com\/blog\/2014\/11\/06\/deri-per-vit-te-ri-fillon-ndertimi-akva-parkut\/","title":{"rendered":"Deri p\u00ebr vit t\u00eb ri fillon nd\u00ebrtimi i Akva Parkut"},"content":{"rendered":"<p><a href=\"http:\/\/www.visit-ulcinj.com\/blog\/wp-content\/uploads\/2014\/11\/Gural_Premier_Antalya_Turkey-.jpg\"><img loading=\"lazy\" class=\"alignleft wp-image-86048\" src=\"http:\/\/www.visit-ulcinj.com\/blog\/wp-content\/uploads\/2014\/11\/Gural_Premier_Antalya_Turkey-.jpg\" alt=\"Gural_Premier_Antalya_Turkey-\" width=\"508\" height=\"381\" srcset=\"https:\/\/www.visit-ulcinj.com\/blog\/wp-content\/uploads\/2014\/11\/Gural_Premier_Antalya_Turkey-.jpg 666w, https:\/\/www.visit-ulcinj.com\/blog\/wp-content\/uploads\/2014\/11\/Gural_Premier_Antalya_Turkey--300x225.jpg 300w\" sizes=\"(max-width: 508px) 100vw, 508px\" \/><\/a>Mbas hapjes s\u00eb djeshme t\u00eb ofertave n\u00eb tenderin p\u00ebr qiradh\u00ebnie afatgjate t\u00eb tok\u00ebs n\u00eb Shtoj, \u00ebsht\u00eb e qart\u00eb q\u00eb kompania turke \u201cPolin\u201d do t\u00eb nd\u00ebrtoj\u00eb akva parkun n\u00eb Ulqin. Kompania turke \u201cPolin\u201d, e cila\u00a0\u00ebsht\u00eb e vetmja q\u00eb\u00a0\u00ebsht\u00eb paraqitur n\u00eb tenderin e hapur nga Komuna e Ulqinit p\u00ebr dh\u00ebnien me qira t\u00eb tok\u00ebs n\u00eb Shtoj p\u00ebr nd\u00ebrtimin e\u00a0akua parkut n\u00eb Ulqin, ka b\u00ebr\u00eb ofert\u00eb prej 1.10 euro p\u00ebr m\u00b2 p\u00ebr nj\u00eb vit. Toka n\u00eb fjal\u00eb ka nj\u00eb sip\u00ebrfaqe prej\u00a025,498 m\u00b2, q\u00eb\u00a0i bie 28,047.8 euro n\u00eb vit, ose 841,434 euro p\u00ebr 30 vjet. Kjo kompani e njohur \u00ebsht\u00eb e vetmja e cila ka dor\u00ebzuar ofert\u00ebn n\u00eb shpalljen publike t\u00eb cil\u00ebn me 1 tetor e ka hapur komuna e Ulqinit. Si\u00e7 njofton Portali UL-info, drejtuesit e \u201cPolinit\u201d kan\u00eb paralajm\u00ebruar q\u00eb deri n\u00eb fund t\u00eb k\u00ebtij viti do t\u00eb fillojn\u00eb punimet n\u00eb nd\u00ebrtimin e akva parkut m\u00eb t\u00eb madh n\u00eb rajon me sip\u00ebrfaqe prej rreth 26 hektar, n\u00eb pjes\u00ebn e pasme t\u00eb plazhit t\u00eb madh n\u00eb Ulqin.<\/p>\n","protected":false},"excerpt":{"rendered":"<p>Mbas hapjes s\u00eb djeshme t\u00eb ofertave n\u00eb tenderin p\u00ebr qiradh\u00ebnie afatgjate t\u00eb tok\u00ebs n\u00eb Shtoj, \u00ebsht\u00eb e qart\u00eb q\u00eb kompania turke \u201cPolin\u201d do t\u00eb nd\u00ebrtoj\u00eb akva parkun n\u00eb Ulqin. Kompania turke \u201cPolin\u201d, e cila\u00a0\u00ebsht\u00eb e vetmja q\u00eb\u00a0\u00ebsht\u00eb paraqitur n\u00eb tenderin e hapur nga Komuna e Ulqinit p\u00ebr dh\u00ebnien me qira t\u00eb tok\u00ebs n\u00eb Shtoj p\u00ebr [&hellip;]<\/p>\n","protected":false},"author":1,"featured_media":0,"comment_status":"closed","ping_status":"closed","sticky":false,"template":"","format":"standard","meta":{"spay_email":"","jetpack_publicize_message":"","jetpack_is_tweetstorm":false,"jetpack_publicize_feature_enabled":true},"categories":[2451],"tags":[],"jetpack_publicize_connections":[],"yoast_head":"<!-- This site is optimized with the Yoast SEO plugin v19.1 - https:\/\/yoast.com\/wordpress\/plugins\/seo\/ -->\n<title>Deri p\u00ebr vit t\u00eb ri fillon nd\u00ebrtimi i Akva Parkut - Lajme nga Ulqini<\/title>\n<meta name=\"description\" content=\"Mbas hapjes s\u00eb djeshme t\u00eb ofertave n\u00eb tenderin p\u00ebr qiradh\u00ebnie afatgjate t\u00eb tok\u00ebs n\u00eb Shtoj, \u00ebsht\u00eb e qart\u00eb q\u00eb kompania turke \u201cPolin\u201d do t\u00eb nd\u00ebrtoj\u00eb akva\" \/>\n<meta name=\"robots\" content=\"index, follow, max-snippet:-1, max-image-preview:large, max-video-preview:-1\" \/>\n<link rel=\"canonical\" href=\"https:\/\/www.visit-ulcinj.com\/blog\/2014\/11\/06\/deri-per-vit-te-ri-fillon-ndertimi-akva-parkut\/\" \/>\n<meta property=\"og:locale\" content=\"en_US\" \/>\n<meta property=\"og:type\" content=\"article\" \/>\n<meta property=\"og:title\" content=\"Deri p\u00ebr vit t\u00eb ri fillon nd\u00ebrtimi i Akva Parkut - Lajme nga Ulqini\" \/>\n<meta property=\"og:description\" content=\"Mbas hapjes s\u00eb djeshme t\u00eb ofertave n\u00eb tenderin p\u00ebr qiradh\u00ebnie afatgjate t\u00eb tok\u00ebs n\u00eb Shtoj, \u00ebsht\u00eb e qart\u00eb q\u00eb kompania turke \u201cPolin\u201d do t\u00eb nd\u00ebrtoj\u00eb akva\" \/>\n<meta property=\"og:url\" content=\"https:\/\/www.visit-ulcinj.com\/blog\/2014\/11\/06\/deri-per-vit-te-ri-fillon-ndertimi-akva-parkut\/\" \/>\n<meta property=\"og:site_name\" content=\"Lajme nga Ulqini\" \/>\n<meta property=\"article:published_time\" content=\"2014-11-06T18:16:46+00:00\" \/>\n<meta property=\"og:image\" content=\"http:\/\/www.visit-ulcinj.com\/blog\/wp-content\/uploads\/2014\/11\/Gural_Premier_Antalya_Turkey-.jpg\" \/>\n<meta name=\"twitter:label1\" content=\"Written by\" \/>\n\t<meta name=\"twitter:data1\" content=\"ulqini\" \/>\n\t<meta name=\"twitter:label2\" content=\"Est. reading time\" \/>\n\t<meta name=\"twitter:data2\" content=\"1 minute\" \/>\n<script type=\"application\/ld+json\" class=\"yoast-schema-graph\">{\"@context\":\"https:\/\/schema.org\",\"@graph\":[{\"@type\":\"WebSite\",\"@id\":\"https:\/\/www.visit-ulcinj.com\/blog\/#website\",\"url\":\"https:\/\/www.visit-ulcinj.com\/blog\/\",\"name\":\"Lajme nga Ulqini\",\"description\":\"Lajme,Vijesti,Ulqini,Ulqin,Crna Gora,Mali i Zi\",\"potentialAction\":[{\"@type\":\"SearchAction\",\"target\":{\"@type\":\"EntryPoint\",\"urlTemplate\":\"https:\/\/www.visit-ulcinj.com\/blog\/?s={search_term_string}\"},\"query-input\":\"required name=search_term_string\"}],\"inLanguage\":\"en-US\"},{\"@type\":\"ImageObject\",\"inLanguage\":\"en-US\",\"@id\":\"https:\/\/www.visit-ulcinj.com\/blog\/2014\/11\/06\/deri-per-vit-te-ri-fillon-ndertimi-akva-parkut\/#primaryimage\",\"url\":\"https:\/\/www.visit-ulcinj.com\/blog\/wp-content\/uploads\/2014\/11\/Gural_Premier_Antalya_Turkey-.jpg\",\"contentUrl\":\"https:\/\/www.visit-ulcinj.com\/blog\/wp-content\/uploads\/2014\/11\/Gural_Premier_Antalya_Turkey-.jpg\",\"width\":666,\"height\":500},{\"@type\":\"WebPage\",\"@id\":\"https:\/\/www.visit-ulcinj.com\/blog\/2014\/11\/06\/deri-per-vit-te-ri-fillon-ndertimi-akva-parkut\/#webpage\",\"url\":\"https:\/\/www.visit-ulcinj.com\/blog\/2014\/11\/06\/deri-per-vit-te-ri-fillon-ndertimi-akva-parkut\/\",\"name\":\"Deri p\u00ebr vit t\u00eb ri fillon nd\u00ebrtimi i Akva Parkut - Lajme nga Ulqini\",\"isPartOf\":{\"@id\":\"https:\/\/www.visit-ulcinj.com\/blog\/#website\"},\"primaryImageOfPage\":{\"@id\":\"https:\/\/www.visit-ulcinj.com\/blog\/2014\/11\/06\/deri-per-vit-te-ri-fillon-ndertimi-akva-parkut\/#primaryimage\"},\"datePublished\":\"2014-11-06T18:16:46+00:00\",\"dateModified\":\"2014-11-06T18:16:46+00:00\",\"author\":{\"@id\":\"https:\/\/www.visit-ulcinj.com\/blog\/#\/schema\/person\/dcab619c614d3038751c63bc2aadc06d\"},\"description\":\"Mbas hapjes s\u00eb djeshme t\u00eb ofertave n\u00eb tenderin p\u00ebr qiradh\u00ebnie afatgjate t\u00eb tok\u00ebs n\u00eb Shtoj, \u00ebsht\u00eb e qart\u00eb q\u00eb kompania turke \u201cPolin\u201d do t\u00eb nd\u00ebrtoj\u00eb akva\",\"breadcrumb\":{\"@id\":\"https:\/\/www.visit-ulcinj.com\/blog\/2014\/11\/06\/deri-per-vit-te-ri-fillon-ndertimi-akva-parkut\/#breadcrumb\"},\"inLanguage\":\"en-US\",\"potentialAction\":[{\"@type\":\"ReadAction\",\"target\":[\"https:\/\/www.visit-ulcinj.com\/blog\/2014\/11\/06\/deri-per-vit-te-ri-fillon-ndertimi-akva-parkut\/\"]}]},{\"@type\":\"BreadcrumbList\",\"@id\":\"https:\/\/www.visit-ulcinj.com\/blog\/2014\/11\/06\/deri-per-vit-te-ri-fillon-ndertimi-akva-parkut\/#breadcrumb\",\"itemListElement\":[{\"@type\":\"ListItem\",\"position\":1,\"name\":\"Deri p\u00ebr vit t\u00eb ri fillon nd\u00ebrtimi i Akva Parkut\"}]},{\"@type\":\"Person\",\"@id\":\"https:\/\/www.visit-ulcinj.com\/blog\/#\/schema\/person\/dcab619c614d3038751c63bc2aadc06d\",\"name\":\"ulqini\",\"sameAs\":[\"http:\/\/www.visit-ulcinj.com\"],\"url\":\"https:\/\/www.visit-ulcinj.com\/blog\/author\/admin\/\"}]}<\/script>\n<!-- \/ Yoast SEO plugin. -->","yoast_head_json":{"title":"Deri p\u00ebr vit t\u00eb ri fillon nd\u00ebrtimi i Akva Parkut - Lajme nga Ulqini","description":"Mbas hapjes s\u00eb djeshme t\u00eb ofertave n\u00eb tenderin p\u00ebr qiradh\u00ebnie afatgjate t\u00eb tok\u00ebs n\u00eb Shtoj, \u00ebsht\u00eb e qart\u00eb q\u00eb kompania turke \u201cPolin\u201d do t\u00eb nd\u00ebrtoj\u00eb akva","robots":{"index":"index","follow":"follow","max-snippet":"max-snippet:-1","max-image-preview":"max-image-preview:large","max-video-preview":"max-video-preview:-1"},"canonical":"https:\/\/www.visit-ulcinj.com\/blog\/2014\/11\/06\/deri-per-vit-te-ri-fillon-ndertimi-akva-parkut\/","og_locale":"en_US","og_type":"article","og_title":"Deri p\u00ebr vit t\u00eb ri fillon nd\u00ebrtimi i Akva Parkut - Lajme nga Ulqini","og_description":"Mbas hapjes s\u00eb djeshme t\u00eb ofertave n\u00eb tenderin p\u00ebr qiradh\u00ebnie afatgjate t\u00eb tok\u00ebs n\u00eb Shtoj, \u00ebsht\u00eb e qart\u00eb q\u00eb kompania turke \u201cPolin\u201d do t\u00eb nd\u00ebrtoj\u00eb akva","og_url":"https:\/\/www.visit-ulcinj.com\/blog\/2014\/11\/06\/deri-per-vit-te-ri-fillon-ndertimi-akva-parkut\/","og_site_name":"Lajme nga Ulqini","article_published_time":"2014-11-06T18:16:46+00:00","og_image":[{"url":"http:\/\/www.visit-ulcinj.com\/blog\/wp-content\/uploads\/2014\/11\/Gural_Premier_Antalya_Turkey-.jpg"}],"twitter_misc":{"Written by":"ulqini","Est. reading time":"1 minute"},"schema":{"@context":"https:\/\/schema.org","@graph":[{"@type":"WebSite","@id":"https:\/\/www.visit-ulcinj.com\/blog\/#website","url":"https:\/\/www.visit-ulcinj.com\/blog\/","name":"Lajme nga Ulqini","description":"Lajme,Vijesti,Ulqini,Ulqin,Crna Gora,Mali i Zi","potentialAction":[{"@type":"SearchAction","target":{"@type":"EntryPoint","urlTemplate":"https:\/\/www.visit-ulcinj.com\/blog\/?s={search_term_string}"},"query-input":"required name=search_term_string"}],"inLanguage":"en-US"},{"@type":"ImageObject","inLanguage":"en-US","@id":"https:\/\/www.visit-ulcinj.com\/blog\/2014\/11\/06\/deri-per-vit-te-ri-fillon-ndertimi-akva-parkut\/#primaryimage","url":"https:\/\/www.visit-ulcinj.com\/blog\/wp-content\/uploads\/2014\/11\/Gural_Premier_Antalya_Turkey-.jpg","contentUrl":"https:\/\/www.visit-ulcinj.com\/blog\/wp-content\/uploads\/2014\/11\/Gural_Premier_Antalya_Turkey-.jpg","width":666,"height":500},{"@type":"WebPage","@id":"https:\/\/www.visit-ulcinj.com\/blog\/2014\/11\/06\/deri-per-vit-te-ri-fillon-ndertimi-akva-parkut\/#webpage","url":"https:\/\/www.visit-ulcinj.com\/blog\/2014\/11\/06\/deri-per-vit-te-ri-fillon-ndertimi-akva-parkut\/","name":"Deri p\u00ebr vit t\u00eb ri fillon nd\u00ebrtimi i Akva Parkut - Lajme nga Ulqini","isPartOf":{"@id":"https:\/\/www.visit-ulcinj.com\/blog\/#website"},"primaryImageOfPage":{"@id":"https:\/\/www.visit-ulcinj.com\/blog\/2014\/11\/06\/deri-per-vit-te-ri-fillon-ndertimi-akva-parkut\/#primaryimage"},"datePublished":"2014-11-06T18:16:46+00:00","dateModified":"2014-11-06T18:16:46+00:00","author":{"@id":"https:\/\/www.visit-ulcinj.com\/blog\/#\/schema\/person\/dcab619c614d3038751c63bc2aadc06d"},"description":"Mbas hapjes s\u00eb djeshme t\u00eb ofertave n\u00eb tenderin p\u00ebr qiradh\u00ebnie afatgjate t\u00eb tok\u00ebs n\u00eb Shtoj, \u00ebsht\u00eb e qart\u00eb q\u00eb kompania turke \u201cPolin\u201d do t\u00eb nd\u00ebrtoj\u00eb akva","breadcrumb":{"@id":"https:\/\/www.visit-ulcinj.com\/blog\/2014\/11\/06\/deri-per-vit-te-ri-fillon-ndertimi-akva-parkut\/#breadcrumb"},"inLanguage":"en-US","potentialAction":[{"@type":"ReadAction","target":["https:\/\/www.visit-ulcinj.com\/blog\/2014\/11\/06\/deri-per-vit-te-ri-fillon-ndertimi-akva-parkut\/"]}]},{"@type":"BreadcrumbList","@id":"https:\/\/www.visit-ulcinj.com\/blog\/2014\/11\/06\/deri-per-vit-te-ri-fillon-ndertimi-akva-parkut\/#breadcrumb","itemListElement":[{"@type":"ListItem","position":1,"name":"Deri p\u00ebr vit t\u00eb ri fillon nd\u00ebrtimi i Akva Parkut"}]},{"@type":"Person","@id":"https:\/\/www.visit-ulcinj.com\/blog\/#\/schema\/person\/dcab619c614d3038751c63bc2aadc06d","name":"ulqini","sameAs":["http:\/\/www.visit-ulcinj.com"],"url":"https:\/\/www.visit-ulcinj.com\/blog\/author\/admin\/"}]}},"jetpack_featured_media_url":"","jetpack_sharing_enabled":true,"jetpack_shortlink":"https:\/\/wp.me\/pe6lTn-mq1","_links":{"self":[{"href":"https:\/\/www.visit-ulcinj.com\/blog\/wp-json\/wp\/v2\/posts\/86181"}],"collection":[{"href":"https:\/\/www.visit-ulcinj.com\/blog\/wp-json\/wp\/v2\/posts"}],"about":[{"href":"https:\/\/www.visit-ulcinj.com\/blog\/wp-json\/wp\/v2\/types\/post"}],"author":[{"embeddable":true,"href":"https:\/\/www.visit-ulcinj.com\/blog\/wp-json\/wp\/v2\/users\/1"}],"replies":[{"embeddable":true,"href":"https:\/\/www.visit-ulcinj.com\/blog\/wp-json\/wp\/v2\/comments?post=86181"}],"version-history":[{"count":1,"href":"https:\/\/www.visit-ulcinj.com\/blog\/wp-json\/wp\/v2\/posts\/86181\/revisions"}],"predecessor-version":[{"id":86182,"href":"https:\/\/www.visit-ulcinj.com\/blog\/wp-json\/wp\/v2\/posts\/86181\/revisions\/86182"}],"wp:attachment":[{"href":"https:\/\/www.visit-ulcinj.com\/blog\/wp-json\/wp\/v2\/media?parent=86181"}],"wp:term":[{"taxonomy":"category","embeddable":true,"href":"https:\/\/www.visit-ulcinj.com\/blog\/wp-json\/wp\/v2\/categories?post=86181"},{"taxonomy":"post_tag","embeddable":true,"href":"https:\/\/www.visit-ulcinj.com\/blog\/wp-json\/wp\/v2\/tags?post=86181"}],"curies":[{"name":"wp","href":"https:\/\/api.w.org\/{rel}","templated":true}]}}