{"id":86183,"date":"2014-11-06T19:21:48","date_gmt":"2014-11-06T18:21:48","guid":{"rendered":"http:\/\/www.visit-ulcinj.com\/blog\/?p=86183"},"modified":"2014-11-06T19:21:48","modified_gmt":"2014-11-06T18:21:48","slug":"neser-ne-komunen-e-ulqinit-mbahet-dita-info","status":"publish","type":"post","link":"https:\/\/www.visit-ulcinj.com\/blog\/2014\/11\/06\/neser-ne-komunen-e-ulqinit-mbahet-dita-info\/","title":{"rendered":"Nes\u00ebr n\u00eb komun\u00ebn e Ulqinit mbahet Dita Info"},"content":{"rendered":"<p><a href=\"http:\/\/www.visit-ulcinj.com\/blog\/wp-content\/uploads\/2013\/12\/opstina-ulcinj.jpg\"><img loading=\"lazy\" class=\"alignleft wp-image-77143\" src=\"http:\/\/www.visit-ulcinj.com\/blog\/wp-content\/uploads\/2013\/12\/opstina-ulcinj.jpg\" alt=\"opstina-ulcinj\" width=\"508\" height=\"381\" srcset=\"https:\/\/www.visit-ulcinj.com\/blog\/wp-content\/uploads\/2013\/12\/opstina-ulcinj.jpg 1000w, https:\/\/www.visit-ulcinj.com\/blog\/wp-content\/uploads\/2013\/12\/opstina-ulcinj-300x225.jpg 300w\" sizes=\"(max-width: 508px) 100vw, 508px\" \/><\/a>Me rastin e p\u00ebrfundimit t\u00eb projektit \u201cP\u00ebrfshirja e shoq\u00ebris\u00eb civile n\u00eb planifikimin e menaxhimit integral t\u00eb zon\u00ebs bregdetare\u201d, t\u00eb cilin e b\u00ebn\u00eb Instituti p\u00ebr afariz\u00ebm dhe zhvillimin ekonomik, n\u00eb Ulqin nes\u00ebr do t\u00eb mbahet \u201c Dita Info\u201d. \u00cbsht\u00eb planifikuar q\u00eb k\u00ebt\u00eb dit\u00eb t\u00eb mbahet konferenca p\u00ebrfundimtare n\u00eb nd\u00ebrtes\u00ebn e Komun\u00ebs s\u00eb Ulqinit, pun\u00ebtoria artistike n\u00eb foshnjoren \u201cSolidariteti\u201d, nj\u00eb kuic i dijes p\u00ebr nx\u00ebn\u00ebsit e shkollave fillore \u201cMarshall Tito\u201d dhe \u201cBoshko Strugar\u201d, si dhe vizita n\u00eb Kripore dhe liqe t\u00eb Shasit. Projektin e p\u00ebrkrahi Fondi partner p\u00ebr ekosistemet e rrezikuara, q\u00eb ka p\u00ebr q\u00ebllim baz\u00eb sigurimin e pjes\u00ebmarrjes t\u00eb sektorit civil n\u00eb mbrojtjen e biodiversitetit.<\/p>\n<p>RTCG<\/p>\n","protected":false},"excerpt":{"rendered":"<p>Me rastin e p\u00ebrfundimit t\u00eb projektit \u201cP\u00ebrfshirja e shoq\u00ebris\u00eb civile n\u00eb planifikimin e menaxhimit integral t\u00eb zon\u00ebs bregdetare\u201d, t\u00eb cilin e b\u00ebn\u00eb Instituti p\u00ebr afariz\u00ebm dhe zhvillimin ekonomik, n\u00eb Ulqin nes\u00ebr do t\u00eb mbahet \u201c Dita Info\u201d. \u00cbsht\u00eb planifikuar q\u00eb k\u00ebt\u00eb dit\u00eb t\u00eb mbahet konferenca p\u00ebrfundimtare n\u00eb nd\u00ebrtes\u00ebn e Komun\u00ebs s\u00eb Ulqinit, pun\u00ebtoria artistike n\u00eb [&hellip;]<\/p>\n","protected":false},"author":1,"featured_media":0,"comment_status":"closed","ping_status":"closed","sticky":false,"template":"","format":"standard","meta":{"spay_email":"","jetpack_publicize_message":"","jetpack_is_tweetstorm":false,"jetpack_publicize_feature_enabled":true},"categories":[6950],"tags":[],"jetpack_publicize_connections":[],"yoast_head":"<!-- This site is optimized with the Yoast SEO plugin v19.1 - https:\/\/yoast.com\/wordpress\/plugins\/seo\/ -->\n<title>Nes\u00ebr n\u00eb komun\u00ebn e Ulqinit mbahet Dita Info - Lajme nga Ulqini<\/title>\n<meta name=\"description\" content=\"Me rastin e p\u00ebrfundimit t\u00eb projektit \u201cP\u00ebrfshirja e shoq\u00ebris\u00eb civile n\u00eb planifikimin e menaxhimit integral t\u00eb zon\u00ebs bregdetare\u201d, t\u00eb cilin e b\u00ebn\u00eb Instituti\" \/>\n<meta name=\"robots\" content=\"index, follow, max-snippet:-1, max-image-preview:large, max-video-preview:-1\" \/>\n<link rel=\"canonical\" href=\"https:\/\/www.visit-ulcinj.com\/blog\/2014\/11\/06\/neser-ne-komunen-e-ulqinit-mbahet-dita-info\/\" \/>\n<meta property=\"og:locale\" content=\"en_US\" \/>\n<meta property=\"og:type\" content=\"article\" \/>\n<meta property=\"og:title\" content=\"Nes\u00ebr n\u00eb komun\u00ebn e Ulqinit mbahet Dita Info - Lajme nga Ulqini\" \/>\n<meta property=\"og:description\" content=\"Me rastin e p\u00ebrfundimit t\u00eb projektit \u201cP\u00ebrfshirja e shoq\u00ebris\u00eb civile n\u00eb planifikimin e menaxhimit integral t\u00eb zon\u00ebs bregdetare\u201d, t\u00eb cilin e b\u00ebn\u00eb Instituti\" \/>\n<meta property=\"og:url\" content=\"https:\/\/www.visit-ulcinj.com\/blog\/2014\/11\/06\/neser-ne-komunen-e-ulqinit-mbahet-dita-info\/\" \/>\n<meta property=\"og:site_name\" content=\"Lajme nga Ulqini\" \/>\n<meta property=\"article:published_time\" content=\"2014-11-06T18:21:48+00:00\" \/>\n<meta property=\"og:image\" content=\"http:\/\/www.visit-ulcinj.com\/blog\/wp-content\/uploads\/2013\/12\/opstina-ulcinj.jpg\" \/>\n<meta name=\"twitter:label1\" content=\"Written by\" \/>\n\t<meta name=\"twitter:data1\" content=\"ulqini\" \/>\n\t<meta name=\"twitter:label2\" content=\"Est. reading time\" \/>\n\t<meta name=\"twitter:data2\" content=\"1 minute\" \/>\n<script type=\"application\/ld+json\" class=\"yoast-schema-graph\">{\"@context\":\"https:\/\/schema.org\",\"@graph\":[{\"@type\":\"WebSite\",\"@id\":\"https:\/\/www.visit-ulcinj.com\/blog\/#website\",\"url\":\"https:\/\/www.visit-ulcinj.com\/blog\/\",\"name\":\"Lajme nga Ulqini\",\"description\":\"Lajme,Vijesti,Ulqini,Ulqin,Crna Gora,Mali i Zi\",\"potentialAction\":[{\"@type\":\"SearchAction\",\"target\":{\"@type\":\"EntryPoint\",\"urlTemplate\":\"https:\/\/www.visit-ulcinj.com\/blog\/?s={search_term_string}\"},\"query-input\":\"required name=search_term_string\"}],\"inLanguage\":\"en-US\"},{\"@type\":\"ImageObject\",\"inLanguage\":\"en-US\",\"@id\":\"https:\/\/www.visit-ulcinj.com\/blog\/2014\/11\/06\/neser-ne-komunen-e-ulqinit-mbahet-dita-info\/#primaryimage\",\"url\":\"https:\/\/www.visit-ulcinj.com\/blog\/wp-content\/uploads\/2013\/12\/opstina-ulcinj.jpg\",\"contentUrl\":\"https:\/\/www.visit-ulcinj.com\/blog\/wp-content\/uploads\/2013\/12\/opstina-ulcinj.jpg\",\"width\":1000,\"height\":750},{\"@type\":\"WebPage\",\"@id\":\"https:\/\/www.visit-ulcinj.com\/blog\/2014\/11\/06\/neser-ne-komunen-e-ulqinit-mbahet-dita-info\/#webpage\",\"url\":\"https:\/\/www.visit-ulcinj.com\/blog\/2014\/11\/06\/neser-ne-komunen-e-ulqinit-mbahet-dita-info\/\",\"name\":\"Nes\u00ebr n\u00eb komun\u00ebn e Ulqinit mbahet Dita Info - Lajme nga Ulqini\",\"isPartOf\":{\"@id\":\"https:\/\/www.visit-ulcinj.com\/blog\/#website\"},\"primaryImageOfPage\":{\"@id\":\"https:\/\/www.visit-ulcinj.com\/blog\/2014\/11\/06\/neser-ne-komunen-e-ulqinit-mbahet-dita-info\/#primaryimage\"},\"datePublished\":\"2014-11-06T18:21:48+00:00\",\"dateModified\":\"2014-11-06T18:21:48+00:00\",\"author\":{\"@id\":\"https:\/\/www.visit-ulcinj.com\/blog\/#\/schema\/person\/dcab619c614d3038751c63bc2aadc06d\"},\"description\":\"Me rastin e p\u00ebrfundimit t\u00eb projektit \u201cP\u00ebrfshirja e shoq\u00ebris\u00eb civile n\u00eb planifikimin e menaxhimit integral t\u00eb zon\u00ebs bregdetare\u201d, t\u00eb cilin e b\u00ebn\u00eb Instituti\",\"breadcrumb\":{\"@id\":\"https:\/\/www.visit-ulcinj.com\/blog\/2014\/11\/06\/neser-ne-komunen-e-ulqinit-mbahet-dita-info\/#breadcrumb\"},\"inLanguage\":\"en-US\",\"potentialAction\":[{\"@type\":\"ReadAction\",\"target\":[\"https:\/\/www.visit-ulcinj.com\/blog\/2014\/11\/06\/neser-ne-komunen-e-ulqinit-mbahet-dita-info\/\"]}]},{\"@type\":\"BreadcrumbList\",\"@id\":\"https:\/\/www.visit-ulcinj.com\/blog\/2014\/11\/06\/neser-ne-komunen-e-ulqinit-mbahet-dita-info\/#breadcrumb\",\"itemListElement\":[{\"@type\":\"ListItem\",\"position\":1,\"name\":\"Nes\u00ebr n\u00eb komun\u00ebn e Ulqinit mbahet Dita Info\"}]},{\"@type\":\"Person\",\"@id\":\"https:\/\/www.visit-ulcinj.com\/blog\/#\/schema\/person\/dcab619c614d3038751c63bc2aadc06d\",\"name\":\"ulqini\",\"sameAs\":[\"http:\/\/www.visit-ulcinj.com\"],\"url\":\"https:\/\/www.visit-ulcinj.com\/blog\/author\/admin\/\"}]}<\/script>\n<!-- \/ Yoast SEO plugin. -->","yoast_head_json":{"title":"Nes\u00ebr n\u00eb komun\u00ebn e Ulqinit mbahet Dita Info - Lajme nga Ulqini","description":"Me rastin e p\u00ebrfundimit t\u00eb projektit \u201cP\u00ebrfshirja e shoq\u00ebris\u00eb civile n\u00eb planifikimin e menaxhimit integral t\u00eb zon\u00ebs bregdetare\u201d, t\u00eb cilin e b\u00ebn\u00eb Instituti","robots":{"index":"index","follow":"follow","max-snippet":"max-snippet:-1","max-image-preview":"max-image-preview:large","max-video-preview":"max-video-preview:-1"},"canonical":"https:\/\/www.visit-ulcinj.com\/blog\/2014\/11\/06\/neser-ne-komunen-e-ulqinit-mbahet-dita-info\/","og_locale":"en_US","og_type":"article","og_title":"Nes\u00ebr n\u00eb komun\u00ebn e Ulqinit mbahet Dita Info - Lajme nga Ulqini","og_description":"Me rastin e p\u00ebrfundimit t\u00eb projektit \u201cP\u00ebrfshirja e shoq\u00ebris\u00eb civile n\u00eb planifikimin e menaxhimit integral t\u00eb zon\u00ebs bregdetare\u201d, t\u00eb cilin e b\u00ebn\u00eb Instituti","og_url":"https:\/\/www.visit-ulcinj.com\/blog\/2014\/11\/06\/neser-ne-komunen-e-ulqinit-mbahet-dita-info\/","og_site_name":"Lajme nga Ulqini","article_published_time":"2014-11-06T18:21:48+00:00","og_image":[{"url":"http:\/\/www.visit-ulcinj.com\/blog\/wp-content\/uploads\/2013\/12\/opstina-ulcinj.jpg"}],"twitter_misc":{"Written by":"ulqini","Est. reading time":"1 minute"},"schema":{"@context":"https:\/\/schema.org","@graph":[{"@type":"WebSite","@id":"https:\/\/www.visit-ulcinj.com\/blog\/#website","url":"https:\/\/www.visit-ulcinj.com\/blog\/","name":"Lajme nga Ulqini","description":"Lajme,Vijesti,Ulqini,Ulqin,Crna Gora,Mali i Zi","potentialAction":[{"@type":"SearchAction","target":{"@type":"EntryPoint","urlTemplate":"https:\/\/www.visit-ulcinj.com\/blog\/?s={search_term_string}"},"query-input":"required name=search_term_string"}],"inLanguage":"en-US"},{"@type":"ImageObject","inLanguage":"en-US","@id":"https:\/\/www.visit-ulcinj.com\/blog\/2014\/11\/06\/neser-ne-komunen-e-ulqinit-mbahet-dita-info\/#primaryimage","url":"https:\/\/www.visit-ulcinj.com\/blog\/wp-content\/uploads\/2013\/12\/opstina-ulcinj.jpg","contentUrl":"https:\/\/www.visit-ulcinj.com\/blog\/wp-content\/uploads\/2013\/12\/opstina-ulcinj.jpg","width":1000,"height":750},{"@type":"WebPage","@id":"https:\/\/www.visit-ulcinj.com\/blog\/2014\/11\/06\/neser-ne-komunen-e-ulqinit-mbahet-dita-info\/#webpage","url":"https:\/\/www.visit-ulcinj.com\/blog\/2014\/11\/06\/neser-ne-komunen-e-ulqinit-mbahet-dita-info\/","name":"Nes\u00ebr n\u00eb komun\u00ebn e Ulqinit mbahet Dita Info - Lajme nga Ulqini","isPartOf":{"@id":"https:\/\/www.visit-ulcinj.com\/blog\/#website"},"primaryImageOfPage":{"@id":"https:\/\/www.visit-ulcinj.com\/blog\/2014\/11\/06\/neser-ne-komunen-e-ulqinit-mbahet-dita-info\/#primaryimage"},"datePublished":"2014-11-06T18:21:48+00:00","dateModified":"2014-11-06T18:21:48+00:00","author":{"@id":"https:\/\/www.visit-ulcinj.com\/blog\/#\/schema\/person\/dcab619c614d3038751c63bc2aadc06d"},"description":"Me rastin e p\u00ebrfundimit t\u00eb projektit \u201cP\u00ebrfshirja e shoq\u00ebris\u00eb civile n\u00eb planifikimin e menaxhimit integral t\u00eb zon\u00ebs bregdetare\u201d, t\u00eb cilin e b\u00ebn\u00eb Instituti","breadcrumb":{"@id":"https:\/\/www.visit-ulcinj.com\/blog\/2014\/11\/06\/neser-ne-komunen-e-ulqinit-mbahet-dita-info\/#breadcrumb"},"inLanguage":"en-US","potentialAction":[{"@type":"ReadAction","target":["https:\/\/www.visit-ulcinj.com\/blog\/2014\/11\/06\/neser-ne-komunen-e-ulqinit-mbahet-dita-info\/"]}]},{"@type":"BreadcrumbList","@id":"https:\/\/www.visit-ulcinj.com\/blog\/2014\/11\/06\/neser-ne-komunen-e-ulqinit-mbahet-dita-info\/#breadcrumb","itemListElement":[{"@type":"ListItem","position":1,"name":"Nes\u00ebr n\u00eb komun\u00ebn e Ulqinit mbahet Dita Info"}]},{"@type":"Person","@id":"https:\/\/www.visit-ulcinj.com\/blog\/#\/schema\/person\/dcab619c614d3038751c63bc2aadc06d","name":"ulqini","sameAs":["http:\/\/www.visit-ulcinj.com"],"url":"https:\/\/www.visit-ulcinj.com\/blog\/author\/admin\/"}]}},"jetpack_featured_media_url":"","jetpack_sharing_enabled":true,"jetpack_shortlink":"https:\/\/wp.me\/pe6lTn-mq3","_links":{"self":[{"href":"https:\/\/www.visit-ulcinj.com\/blog\/wp-json\/wp\/v2\/posts\/86183"}],"collection":[{"href":"https:\/\/www.visit-ulcinj.com\/blog\/wp-json\/wp\/v2\/posts"}],"about":[{"href":"https:\/\/www.visit-ulcinj.com\/blog\/wp-json\/wp\/v2\/types\/post"}],"author":[{"embeddable":true,"href":"https:\/\/www.visit-ulcinj.com\/blog\/wp-json\/wp\/v2\/users\/1"}],"replies":[{"embeddable":true,"href":"https:\/\/www.visit-ulcinj.com\/blog\/wp-json\/wp\/v2\/comments?post=86183"}],"version-history":[{"count":1,"href":"https:\/\/www.visit-ulcinj.com\/blog\/wp-json\/wp\/v2\/posts\/86183\/revisions"}],"predecessor-version":[{"id":86184,"href":"https:\/\/www.visit-ulcinj.com\/blog\/wp-json\/wp\/v2\/posts\/86183\/revisions\/86184"}],"wp:attachment":[{"href":"https:\/\/www.visit-ulcinj.com\/blog\/wp-json\/wp\/v2\/media?parent=86183"}],"wp:term":[{"taxonomy":"category","embeddable":true,"href":"https:\/\/www.visit-ulcinj.com\/blog\/wp-json\/wp\/v2\/categories?post=86183"},{"taxonomy":"post_tag","embeddable":true,"href":"https:\/\/www.visit-ulcinj.com\/blog\/wp-json\/wp\/v2\/tags?post=86183"}],"curies":[{"name":"wp","href":"https:\/\/api.w.org\/{rel}","templated":true}]}}